{"id":96625,"date":"2023-09-18T14:34:30","date_gmt":"2023-09-18T13:34:30","guid":{"rendered":"https:\/\/www.altominho.tv\/site\/?p=96625"},"modified":"2023-09-18T14:34:34","modified_gmt":"2023-09-18T13:34:34","slug":"conselho-superior-da-magistratura-confirma-libertacao-de-408-jovens-devido-a-amnistia","status":"publish","type":"post","link":"https:\/\/www.altominho.tv\/site\/2023\/09\/18\/conselho-superior-da-magistratura-confirma-libertacao-de-408-jovens-devido-a-amnistia\/","title":{"rendered":"Conselho Superior da Magistratura confirma liberta\u00e7\u00e3o de 408 jovens devido \u00e0 amnistia"},"content":{"rendered":"<p>A aplica\u00e7\u00e3o da lei da amnistia e perd\u00e3o de penas aprovada no \u00e2mbito da Jornada Mundial da juventude (JMJ) j\u00e1 levou \u00e0 liberta\u00e7\u00e3o de 408 jovens desde 1 de setembro, avan\u00e7ou hoje o Conselho Superior da Magistratura (CSM).<\/p>\n<p>Numa informa\u00e7\u00e3o enviada \u00e0 Lusa, o CSM esclareceu que a comarca onde se registou o maior n\u00famero de liberta\u00e7\u00f5es foi a de Lisboa (65), seguindo-se Porto (64), Lisboa Oeste (35), A\u00e7ores (32), Aveiro (29), Braga e Leiria (23), Faro (21) e Santar\u00e9m (20) como as comarcas com mais pessoas libertadas.<\/p>\n<p>Registaram-se ainda 16 liberta\u00e7\u00f5es na comarca de Lisboa Norte, 13 em Set\u00fabal, 11 em Coimbra, 10 na Madeira e Porto Este, 9 em Viseu, 7 na Guarda, 6 em Vila Real, 4 em Viana do Castelo e Portalegre, e 3 em \u00c9vora e Beja.<\/p>\n<p>Em sentido inverso, as comarcas de Bragan\u00e7a e Castelo Branco foram as \u00fanicas sem pessoas beneficiadas at\u00e9 ao momento pela aplica\u00e7\u00e3o da lei da amnistia e do perd\u00e3o de penas.<\/p>\n<p>Segundo o CSM, existem algumas situa\u00e7\u00f5es, residuais, em que os condenados acabam por se manter presos, uma vez que tinham outros processos pendentes, com penas de pris\u00e3o para cumprir e que n\u00e3o est\u00e3o abrangidas pela amnistia.<\/p>\n<p>Sem ter ainda dados concretos sobre o n\u00famero de reclusos abrangidos pela amnistia ao n\u00edvel da redu\u00e7\u00e3o da pena ou de penas de multa perdoadas, o CSM referiu tamb\u00e9m que existem ainda processos em avalia\u00e7\u00e3o, devido \u00e0 poss\u00edvel necessidade de efetuar um novo c\u00famulo jur\u00eddico quando est\u00e3o em causa v\u00e1rios crimes.<\/p>\n<p>\u201cH\u00e1 processos que continuam a ser analisados, designadamente situa\u00e7\u00f5es mais complexas em que \u00e9 necess\u00e1rio coligir informa\u00e7\u00e3o junto de v\u00e1rios processos e Tribunais, para perceber se h\u00e1 cumprimento sucessivo de penas ou necessidade de reformular penas \u00fanicas, nas situa\u00e7\u00f5es em que alguma das penas foi amnistiada, com eventual pondera\u00e7\u00e3o de reformula\u00e7\u00e3o de c\u00famulo jur\u00eddico de penas\u201d, concluiu.<\/p>\n<p>Em causa na lei da amnistia, que entrou em vigor no dia 1 de setembro, est\u00e3o crimes e infra\u00e7\u00f5es praticados at\u00e9 19 de junho por jovens entre 16 e 30 anos, determinando-se um perd\u00e3o de um ano para todas as penas at\u00e9 oito anos de pris\u00e3o.<\/p>\n<p>Est\u00e1 ainda previsto um regime de amnistia para as contraordena\u00e7\u00f5es com coima m\u00e1xima aplic\u00e1vel at\u00e9 1000 euros e as infra\u00e7\u00f5es penais cuja pena n\u00e3o seja superior a um ano de pris\u00e3o ou 120 dias de pena de multa.<\/p>\n<p>A lei compreende exce\u00e7\u00f5es, n\u00e3o beneficiando, nomeadamente, quem tiver praticado crimes de homic\u00eddio, infantic\u00eddio, viol\u00eancia dom\u00e9stica, maus-tratos, ofensa \u00e0 integridade de f\u00edsica grave, mutila\u00e7\u00e3o genital feminina, ofensa \u00e0 integridade f\u00edsica qualificada, casamento for\u00e7ado, sequestro, contra a liberdade e autodetermina\u00e7\u00e3o sexual, extors\u00e3o, discrimina\u00e7\u00e3o e incitamento ao \u00f3dio e \u00e0 viol\u00eancia, tr\u00e1fico de influ\u00eancia, branqueamento ou corrup\u00e7\u00e3o.<\/p>\n","protected":false},"excerpt":{"rendered":"<p>A aplica\u00e7\u00e3o da lei da amnistia e perd\u00e3o de penas aprovada no \u00e2mbito da Jornada Mundial da juventude (JMJ) j\u00e1 levou \u00e0 liberta\u00e7\u00e3o de 408 jovens desde 1 de setembro, avan\u00e7ou hoje o Conselho Superior da Magistratura (CSM). Numa informa\u00e7\u00e3o enviada \u00e0 Lusa, o CSM esclareceu que a comarca onde se registou o maior n\u00famero [&hellip;]<\/p>\n","protected":false},"author":13,"featured_media":96626,"comment_status":"closed","ping_status":"closed","sticky":false,"template":"","format":"standard","meta":{"_exactmetrics_skip_tracking":false,"_exactmetrics_sitenote_active":false,"_exactmetrics_sitenote_note":"","_exactmetrics_sitenote_category":0,"footnotes":""},"categories":[56325],"tags":[27],"class_list":["post-96625","post","type-post","status-publish","format-standard","has-post-thumbnail","hentry","category-pais","tag-sociedade"],"yoast_head":"<!-- This site is optimized with the Yoast SEO Premium plugin v27.5 (Yoast SEO v27.5) - https:\/\/yoast.com\/product\/yoast-seo-premium-wordpress\/ -->\n<title>Conselho Superior da Magistratura confirma liberta\u00e7\u00e3o de 408 jovens devido \u00e0 amnistia<\/title>\n<meta name=\"description\" content=\"A aplica\u00e7\u00e3o da lei da amnistia e perd\u00e3o de penas aprovada no \u00e2mbito da Jornada Mundial da juventude (JMJ) j\u00e1 levou \u00e0 liberta\u00e7\u00e3o de 408 jovens desde 1 de setembro, avan\u00e7ou hoje o Conselho Superior da Magistratura (CSM).\" \/>\n<meta name=\"robots\" content=\"index, follow, max-snippet:-1, max-image-preview:large, max-video-preview:-1\" \/>\n<link rel=\"canonical\" href=\"https:\/\/www.altominho.tv\/site\/2023\/09\/18\/conselho-superior-da-magistratura-confirma-libertacao-de-408-jovens-devido-a-amnistia\/\" \/>\n<meta property=\"og:locale\" content=\"pt_PT\" \/>\n<meta property=\"og:type\" content=\"article\" \/>\n<meta property=\"og:title\" content=\"Conselho Superior da Magistratura confirma liberta\u00e7\u00e3o de 408 jovens devido \u00e0 amnistia\" \/>\n<meta property=\"og:description\" content=\"A aplica\u00e7\u00e3o da lei da amnistia e perd\u00e3o de penas aprovada no \u00e2mbito da Jornada Mundial da juventude (JMJ) j\u00e1 levou \u00e0 liberta\u00e7\u00e3o de 408 jovens desde 1 de setembro, avan\u00e7ou hoje o Conselho Superior da Magistratura (CSM).\" \/>\n<meta property=\"og:url\" content=\"https:\/\/www.altominho.tv\/site\/2023\/09\/18\/conselho-superior-da-magistratura-confirma-libertacao-de-408-jovens-devido-a-amnistia\/\" \/>\n<meta property=\"og:site_name\" content=\"Altominho.tv\" \/>\n<meta property=\"article:publisher\" content=\"https:\/\/www.facebook.com\/altominhotv\" \/>\n<meta property=\"article:published_time\" content=\"2023-09-18T13:34:30+00:00\" \/>\n<meta property=\"article:modified_time\" content=\"2023-09-18T13:34:34+00:00\" \/>\n<meta property=\"og:image\" content=\"https:\/\/www.altominho.tv\/site\/wp-content\/uploads\/2023\/09\/papa.jpg\" \/>\n\t<meta property=\"og:image:width\" content=\"2100\" \/>\n\t<meta property=\"og:image:height\" content=\"1344\" \/>\n\t<meta property=\"og:image:type\" content=\"image\/jpeg\" \/>\n<meta name=\"author\" content=\"Lusa\" \/>\n<meta name=\"twitter:card\" content=\"summary_large_image\" \/>\n<meta name=\"twitter:creator\" content=\"@altominhoTV\" \/>\n<meta name=\"twitter:site\" content=\"@altominhoTV\" \/>\n<meta name=\"twitter:label1\" content=\"Escrito por\" \/>\n\t<meta name=\"twitter:data1\" content=\"Lusa\" \/>\n\t<meta name=\"twitter:label2\" content=\"Tempo estimado de leitura\" \/>\n\t<meta name=\"twitter:data2\" content=\"3 minutos\" \/>\n<script type=\"application\/ld+json\" class=\"yoast-schema-graph\">{\"@context\":\"https:\\\/\\\/schema.org\",\"@graph\":[{\"@type\":\"Article\",\"@id\":\"https:\\\/\\\/www.altominho.tv\\\/site\\\/2023\\\/09\\\/18\\\/conselho-superior-da-magistratura-confirma-libertacao-de-408-jovens-devido-a-amnistia\\\/#article\",\"isPartOf\":{\"@id\":\"https:\\\/\\\/www.altominho.tv\\\/site\\\/2023\\\/09\\\/18\\\/conselho-superior-da-magistratura-confirma-libertacao-de-408-jovens-devido-a-amnistia\\\/\"},\"author\":{\"name\":\"Lusa\",\"@id\":\"https:\\\/\\\/www.altominho.tv\\\/site\\\/#\\\/schema\\\/person\\\/63f693da3e1899361cbe955c46f3232e\"},\"headline\":\"Conselho Superior da Magistratura confirma liberta\u00e7\u00e3o de 408 jovens devido \u00e0 amnistia\",\"datePublished\":\"2023-09-18T13:34:30+00:00\",\"dateModified\":\"2023-09-18T13:34:34+00:00\",\"mainEntityOfPage\":{\"@id\":\"https:\\\/\\\/www.altominho.tv\\\/site\\\/2023\\\/09\\\/18\\\/conselho-superior-da-magistratura-confirma-libertacao-de-408-jovens-devido-a-amnistia\\\/\"},\"wordCount\":488,\"image\":{\"@id\":\"https:\\\/\\\/www.altominho.tv\\\/site\\\/2023\\\/09\\\/18\\\/conselho-superior-da-magistratura-confirma-libertacao-de-408-jovens-devido-a-amnistia\\\/#primaryimage\"},\"thumbnailUrl\":\"https:\\\/\\\/www.altominho.tv\\\/site\\\/wp-content\\\/uploads\\\/2023\\\/09\\\/papa.jpg\",\"keywords\":[\"Sociedade\"],\"articleSection\":[\"Pa\u00eds\"],\"inLanguage\":\"pt-PT\",\"copyrightYear\":\"2023\",\"copyrightHolder\":{\"@id\":\"https:\\\/\\\/www.altominho.tv\\\/site\\\/#organization\"}},{\"@type\":\"WebPage\",\"@id\":\"https:\\\/\\\/www.altominho.tv\\\/site\\\/2023\\\/09\\\/18\\\/conselho-superior-da-magistratura-confirma-libertacao-de-408-jovens-devido-a-amnistia\\\/\",\"url\":\"https:\\\/\\\/www.altominho.tv\\\/site\\\/2023\\\/09\\\/18\\\/conselho-superior-da-magistratura-confirma-libertacao-de-408-jovens-devido-a-amnistia\\\/\",\"name\":\"Conselho Superior da Magistratura confirma liberta\u00e7\u00e3o de 408 jovens devido \u00e0 amnistia\",\"isPartOf\":{\"@id\":\"https:\\\/\\\/www.altominho.tv\\\/site\\\/#website\"},\"primaryImageOfPage\":{\"@id\":\"https:\\\/\\\/www.altominho.tv\\\/site\\\/2023\\\/09\\\/18\\\/conselho-superior-da-magistratura-confirma-libertacao-de-408-jovens-devido-a-amnistia\\\/#primaryimage\"},\"image\":{\"@id\":\"https:\\\/\\\/www.altominho.tv\\\/site\\\/2023\\\/09\\\/18\\\/conselho-superior-da-magistratura-confirma-libertacao-de-408-jovens-devido-a-amnistia\\\/#primaryimage\"},\"thumbnailUrl\":\"https:\\\/\\\/www.altominho.tv\\\/site\\\/wp-content\\\/uploads\\\/2023\\\/09\\\/papa.jpg\",\"datePublished\":\"2023-09-18T13:34:30+00:00\",\"dateModified\":\"2023-09-18T13:34:34+00:00\",\"author\":{\"@id\":\"https:\\\/\\\/www.altominho.tv\\\/site\\\/#\\\/schema\\\/person\\\/63f693da3e1899361cbe955c46f3232e\"},\"description\":\"A aplica\u00e7\u00e3o da lei da amnistia e perd\u00e3o de penas aprovada no \u00e2mbito da Jornada Mundial da juventude (JMJ) j\u00e1 levou \u00e0 liberta\u00e7\u00e3o de 408 jovens desde 1 de setembro, avan\u00e7ou hoje o Conselho Superior da Magistratura (CSM).\",\"breadcrumb\":{\"@id\":\"https:\\\/\\\/www.altominho.tv\\\/site\\\/2023\\\/09\\\/18\\\/conselho-superior-da-magistratura-confirma-libertacao-de-408-jovens-devido-a-amnistia\\\/#breadcrumb\"},\"inLanguage\":\"pt-PT\",\"potentialAction\":[{\"@type\":\"ReadAction\",\"target\":[\"https:\\\/\\\/www.altominho.tv\\\/site\\\/2023\\\/09\\\/18\\\/conselho-superior-da-magistratura-confirma-libertacao-de-408-jovens-devido-a-amnistia\\\/\"]}]},{\"@type\":\"ImageObject\",\"inLanguage\":\"pt-PT\",\"@id\":\"https:\\\/\\\/www.altominho.tv\\\/site\\\/2023\\\/09\\\/18\\\/conselho-superior-da-magistratura-confirma-libertacao-de-408-jovens-devido-a-amnistia\\\/#primaryimage\",\"url\":\"https:\\\/\\\/www.altominho.tv\\\/site\\\/wp-content\\\/uploads\\\/2023\\\/09\\\/papa.jpg\",\"contentUrl\":\"https:\\\/\\\/www.altominho.tv\\\/site\\\/wp-content\\\/uploads\\\/2023\\\/09\\\/papa.jpg\",\"width\":2100,\"height\":1344},{\"@type\":\"BreadcrumbList\",\"@id\":\"https:\\\/\\\/www.altominho.tv\\\/site\\\/2023\\\/09\\\/18\\\/conselho-superior-da-magistratura-confirma-libertacao-de-408-jovens-devido-a-amnistia\\\/#breadcrumb\",\"itemListElement\":[{\"@type\":\"ListItem\",\"position\":1,\"name\":\"In\u00edcio\",\"item\":\"https:\\\/\\\/www.altominho.tv\\\/site\\\/\"},{\"@type\":\"ListItem\",\"position\":2,\"name\":\"Conselho Superior da Magistratura confirma liberta\u00e7\u00e3o de 408 jovens devido \u00e0 amnistia\"}]},{\"@type\":\"WebSite\",\"@id\":\"https:\\\/\\\/www.altominho.tv\\\/site\\\/#website\",\"url\":\"https:\\\/\\\/www.altominho.tv\\\/site\\\/\",\"name\":\"Altominho.tv\",\"description\":\"A sua regi\u00e3o \u00e0 dist\u00e2ncia de um clique...\",\"potentialAction\":[{\"@type\":\"SearchAction\",\"target\":{\"@type\":\"EntryPoint\",\"urlTemplate\":\"https:\\\/\\\/www.altominho.tv\\\/site\\\/?s={search_term_string}\"},\"query-input\":{\"@type\":\"PropertyValueSpecification\",\"valueRequired\":true,\"valueName\":\"search_term_string\"}}],\"inLanguage\":\"pt-PT\"},{\"@type\":\"Person\",\"@id\":\"https:\\\/\\\/www.altominho.tv\\\/site\\\/#\\\/schema\\\/person\\\/63f693da3e1899361cbe955c46f3232e\",\"name\":\"Lusa\",\"image\":{\"@type\":\"ImageObject\",\"inLanguage\":\"pt-PT\",\"@id\":\"https:\\\/\\\/www.altominho.tv\\\/site\\\/wp-content\\\/uploads\\\/2019\\\/08\\\/LUSA_Logo.gif\",\"url\":\"https:\\\/\\\/www.altominho.tv\\\/site\\\/wp-content\\\/uploads\\\/2019\\\/08\\\/LUSA_Logo.gif\",\"contentUrl\":\"https:\\\/\\\/www.altominho.tv\\\/site\\\/wp-content\\\/uploads\\\/2019\\\/08\\\/LUSA_Logo.gif\",\"caption\":\"Lusa\"},\"sameAs\":[\"http:\\\/\\\/\\\/\\\/www.altominho.tv\\\/site\"],\"url\":\"https:\\\/\\\/www.altominho.tv\\\/site\\\/author\\\/lusa\\\/\"}]}<\/script>\n<!-- \/ Yoast SEO Premium plugin. -->","yoast_head_json":{"title":"Conselho Superior da Magistratura confirma liberta\u00e7\u00e3o de 408 jovens devido \u00e0 amnistia","description":"A aplica\u00e7\u00e3o da lei da amnistia e perd\u00e3o de penas aprovada no \u00e2mbito da Jornada Mundial da juventude (JMJ) j\u00e1 levou \u00e0 liberta\u00e7\u00e3o de 408 jovens desde 1 de setembro, avan\u00e7ou hoje o Conselho Superior da Magistratura (CSM).","robots":{"index":"index","follow":"follow","max-snippet":"max-snippet:-1","max-image-preview":"max-image-preview:large","max-video-preview":"max-video-preview:-1"},"canonical":"https:\/\/www.altominho.tv\/site\/2023\/09\/18\/conselho-superior-da-magistratura-confirma-libertacao-de-408-jovens-devido-a-amnistia\/","og_locale":"pt_PT","og_type":"article","og_title":"Conselho Superior da Magistratura confirma liberta\u00e7\u00e3o de 408 jovens devido \u00e0 amnistia","og_description":"A aplica\u00e7\u00e3o da lei da amnistia e perd\u00e3o de penas aprovada no \u00e2mbito da Jornada Mundial da juventude (JMJ) j\u00e1 levou \u00e0 liberta\u00e7\u00e3o de 408 jovens desde 1 de setembro, avan\u00e7ou hoje o Conselho Superior da Magistratura (CSM).","og_url":"https:\/\/www.altominho.tv\/site\/2023\/09\/18\/conselho-superior-da-magistratura-confirma-libertacao-de-408-jovens-devido-a-amnistia\/","og_site_name":"Altominho.tv","article_publisher":"https:\/\/www.facebook.com\/altominhotv","article_published_time":"2023-09-18T13:34:30+00:00","article_modified_time":"2023-09-18T13:34:34+00:00","og_image":[{"width":2100,"height":1344,"url":"https:\/\/www.altominho.tv\/site\/wp-content\/uploads\/2023\/09\/papa.jpg","type":"image\/jpeg"}],"author":"Lusa","twitter_card":"summary_large_image","twitter_creator":"@altominhoTV","twitter_site":"@altominhoTV","twitter_misc":{"Escrito por":"Lusa","Tempo estimado de leitura":"3 minutos"},"schema":{"@context":"https:\/\/schema.org","@graph":[{"@type":"Article","@id":"https:\/\/www.altominho.tv\/site\/2023\/09\/18\/conselho-superior-da-magistratura-confirma-libertacao-de-408-jovens-devido-a-amnistia\/#article","isPartOf":{"@id":"https:\/\/www.altominho.tv\/site\/2023\/09\/18\/conselho-superior-da-magistratura-confirma-libertacao-de-408-jovens-devido-a-amnistia\/"},"author":{"name":"Lusa","@id":"https:\/\/www.altominho.tv\/site\/#\/schema\/person\/63f693da3e1899361cbe955c46f3232e"},"headline":"Conselho Superior da Magistratura confirma liberta\u00e7\u00e3o de 408 jovens devido \u00e0 amnistia","datePublished":"2023-09-18T13:34:30+00:00","dateModified":"2023-09-18T13:34:34+00:00","mainEntityOfPage":{"@id":"https:\/\/www.altominho.tv\/site\/2023\/09\/18\/conselho-superior-da-magistratura-confirma-libertacao-de-408-jovens-devido-a-amnistia\/"},"wordCount":488,"image":{"@id":"https:\/\/www.altominho.tv\/site\/2023\/09\/18\/conselho-superior-da-magistratura-confirma-libertacao-de-408-jovens-devido-a-amnistia\/#primaryimage"},"thumbnailUrl":"https:\/\/www.altominho.tv\/site\/wp-content\/uploads\/2023\/09\/papa.jpg","keywords":["Sociedade"],"articleSection":["Pa\u00eds"],"inLanguage":"pt-PT","copyrightYear":"2023","copyrightHolder":{"@id":"https:\/\/www.altominho.tv\/site\/#organization"}},{"@type":"WebPage","@id":"https:\/\/www.altominho.tv\/site\/2023\/09\/18\/conselho-superior-da-magistratura-confirma-libertacao-de-408-jovens-devido-a-amnistia\/","url":"https:\/\/www.altominho.tv\/site\/2023\/09\/18\/conselho-superior-da-magistratura-confirma-libertacao-de-408-jovens-devido-a-amnistia\/","name":"Conselho Superior da Magistratura confirma liberta\u00e7\u00e3o de 408 jovens devido \u00e0 amnistia","isPartOf":{"@id":"https:\/\/www.altominho.tv\/site\/#website"},"primaryImageOfPage":{"@id":"https:\/\/www.altominho.tv\/site\/2023\/09\/18\/conselho-superior-da-magistratura-confirma-libertacao-de-408-jovens-devido-a-amnistia\/#primaryimage"},"image":{"@id":"https:\/\/www.altominho.tv\/site\/2023\/09\/18\/conselho-superior-da-magistratura-confirma-libertacao-de-408-jovens-devido-a-amnistia\/#primaryimage"},"thumbnailUrl":"https:\/\/www.altominho.tv\/site\/wp-content\/uploads\/2023\/09\/papa.jpg","datePublished":"2023-09-18T13:34:30+00:00","dateModified":"2023-09-18T13:34:34+00:00","author":{"@id":"https:\/\/www.altominho.tv\/site\/#\/schema\/person\/63f693da3e1899361cbe955c46f3232e"},"description":"A aplica\u00e7\u00e3o da lei da amnistia e perd\u00e3o de penas aprovada no \u00e2mbito da Jornada Mundial da juventude (JMJ) j\u00e1 levou \u00e0 liberta\u00e7\u00e3o de 408 jovens desde 1 de setembro, avan\u00e7ou hoje o Conselho Superior da Magistratura (CSM).","breadcrumb":{"@id":"https:\/\/www.altominho.tv\/site\/2023\/09\/18\/conselho-superior-da-magistratura-confirma-libertacao-de-408-jovens-devido-a-amnistia\/#breadcrumb"},"inLanguage":"pt-PT","potentialAction":[{"@type":"ReadAction","target":["https:\/\/www.altominho.tv\/site\/2023\/09\/18\/conselho-superior-da-magistratura-confirma-libertacao-de-408-jovens-devido-a-amnistia\/"]}]},{"@type":"ImageObject","inLanguage":"pt-PT","@id":"https:\/\/www.altominho.tv\/site\/2023\/09\/18\/conselho-superior-da-magistratura-confirma-libertacao-de-408-jovens-devido-a-amnistia\/#primaryimage","url":"https:\/\/www.altominho.tv\/site\/wp-content\/uploads\/2023\/09\/papa.jpg","contentUrl":"https:\/\/www.altominho.tv\/site\/wp-content\/uploads\/2023\/09\/papa.jpg","width":2100,"height":1344},{"@type":"BreadcrumbList","@id":"https:\/\/www.altominho.tv\/site\/2023\/09\/18\/conselho-superior-da-magistratura-confirma-libertacao-de-408-jovens-devido-a-amnistia\/#breadcrumb","itemListElement":[{"@type":"ListItem","position":1,"name":"In\u00edcio","item":"https:\/\/www.altominho.tv\/site\/"},{"@type":"ListItem","position":2,"name":"Conselho Superior da Magistratura confirma liberta\u00e7\u00e3o de 408 jovens devido \u00e0 amnistia"}]},{"@type":"WebSite","@id":"https:\/\/www.altominho.tv\/site\/#website","url":"https:\/\/www.altominho.tv\/site\/","name":"Altominho.tv","description":"A sua regi\u00e3o \u00e0 dist\u00e2ncia de um clique...","potentialAction":[{"@type":"SearchAction","target":{"@type":"EntryPoint","urlTemplate":"https:\/\/www.altominho.tv\/site\/?s={search_term_string}"},"query-input":{"@type":"PropertyValueSpecification","valueRequired":true,"valueName":"search_term_string"}}],"inLanguage":"pt-PT"},{"@type":"Person","@id":"https:\/\/www.altominho.tv\/site\/#\/schema\/person\/63f693da3e1899361cbe955c46f3232e","name":"Lusa","image":{"@type":"ImageObject","inLanguage":"pt-PT","@id":"https:\/\/www.altominho.tv\/site\/wp-content\/uploads\/2019\/08\/LUSA_Logo.gif","url":"https:\/\/www.altominho.tv\/site\/wp-content\/uploads\/2019\/08\/LUSA_Logo.gif","contentUrl":"https:\/\/www.altominho.tv\/site\/wp-content\/uploads\/2019\/08\/LUSA_Logo.gif","caption":"Lusa"},"sameAs":["http:\/\/\/\/www.altominho.tv\/site"],"url":"https:\/\/www.altominho.tv\/site\/author\/lusa\/"}]}},"_links":{"self":[{"href":"https:\/\/www.altominho.tv\/site\/wp-json\/wp\/v2\/posts\/96625","targetHints":{"allow":["GET"]}}],"collection":[{"href":"https:\/\/www.altominho.tv\/site\/wp-json\/wp\/v2\/posts"}],"about":[{"href":"https:\/\/www.altominho.tv\/site\/wp-json\/wp\/v2\/types\/post"}],"author":[{"embeddable":true,"href":"https:\/\/www.altominho.tv\/site\/wp-json\/wp\/v2\/users\/13"}],"replies":[{"embeddable":true,"href":"https:\/\/www.altominho.tv\/site\/wp-json\/wp\/v2\/comments?post=96625"}],"version-history":[{"count":1,"href":"https:\/\/www.altominho.tv\/site\/wp-json\/wp\/v2\/posts\/96625\/revisions"}],"predecessor-version":[{"id":96627,"href":"https:\/\/www.altominho.tv\/site\/wp-json\/wp\/v2\/posts\/96625\/revisions\/96627"}],"wp:featuredmedia":[{"embeddable":true,"href":"https:\/\/www.altominho.tv\/site\/wp-json\/wp\/v2\/media\/96626"}],"wp:attachment":[{"href":"https:\/\/www.altominho.tv\/site\/wp-json\/wp\/v2\/media?parent=96625"}],"wp:term":[{"taxonomy":"category","embeddable":true,"href":"https:\/\/www.altominho.tv\/site\/wp-json\/wp\/v2\/categories?post=96625"},{"taxonomy":"post_tag","embeddable":true,"href":"https:\/\/www.altominho.tv\/site\/wp-json\/wp\/v2\/tags?post=96625"}],"curies":[{"name":"wp","href":"https:\/\/api.w.org\/{rel}","templated":true}]}}