{"id":96547,"date":"2023-09-15T17:34:56","date_gmt":"2023-09-15T16:34:56","guid":{"rendered":"https:\/\/www.altominho.tv\/site\/?p=96547"},"modified":"2023-09-16T20:42:12","modified_gmt":"2023-09-16T19:42:12","slug":"varias-ruas-cortadas-ao-transito-no-domingo-devido-ao-moncao-e-melgaco-grafondo","status":"publish","type":"post","link":"https:\/\/www.altominho.tv\/site\/2023\/09\/15\/varias-ruas-cortadas-ao-transito-no-domingo-devido-ao-moncao-e-melgaco-grafondo\/","title":{"rendered":"V\u00e1rias ruas cortadas ao tr\u00e2nsito no domingo devido ao Mon\u00e7\u00e3o e Melga\u00e7o Granfondo"},"content":{"rendered":"<p>O munic\u00edpio de Mon\u00e7\u00e3o, tendo em considera\u00e7\u00e3o a realiza\u00e7\u00e3o do Mon\u00e7\u00e3o e Melga\u00e7o Granfondo 2023, uma prova de ciclismo que vai decorrer no domingo, dia 17 de setembro informou hoje, atrav\u00e9s de uma publica\u00e7\u00e3o na rede social Facebook, que estar\u00e3o v\u00e1rias ruas cortadas ao tr\u00e2nsito.<\/p>\n<p>De acordo com a publica\u00e7\u00e3o, as ruas cortadas ao tr\u00e2nsito e os respetivos hor\u00e1rios s\u00e3o os seguintes:<\/p>\n<ul>\n<li>Condicionamento do tr\u00e2nsito, com eventual interrup\u00e7\u00e3o, na Estrada Nacional 202, desde S\u00e1 at\u00e9 Mon\u00e7\u00e3o, entre as 09h00 e as 13h00.<\/li>\n<li>Condicionamento do tr\u00e2nsito, com eventual interrup\u00e7\u00e3o, na Avenida da Porta de S\u00e3o Bento, Largo do Emigrante, Rua 5 de Outubro, Pra\u00e7a Deu-La-Deu, Rua Pimenta de Castro, Rua 25 de Abril, Avenida Portas do Sol, em Mon\u00e7\u00e3o\/Troviscoso, Avenida da Boavista e Avenida da Galiza, em Mazedo\/Cortes, entre as 09h00 e as 11h00.<\/li>\n<li>Condicionamento do tr\u00e2nsito, com eventual interrup\u00e7\u00e3o, na Estrada Nacional 101, desde a Rotunda do Lidl at\u00e9 a Rotunda de Lapela), entre as 09h00 e as 11h00.<\/li>\n<li>Condicionamento do tr\u00e2nsito, com eventual interrup\u00e7\u00e3o, na Estrada Municipal 507, em Lapela, Lara, Pias e Barro\u00e7as e Taias, entre 09h00 e as 11h30.<\/li>\n<li>Condicionamento do tr\u00e2nsito, com eventual interrup\u00e7\u00e3o, na Estrada Nacional 101, desde a Ponte da Naia, em Barro\u00e7as e Taias, at\u00e9 a Igreja, em Moreira, entre as 09h30 e as 11h30.<\/li>\n<li>Condicionamento do tr\u00e2nsito, com eventual interrup\u00e7\u00e3o, na Rua da Cidade, em Moreira, entre as 09h30 e as 11h30.<\/li>\n<li>Condicionamento do tr\u00e2nsito, com eventual interrup\u00e7\u00e3o, na Rua de Santa Eul\u00e1lia, em Trute, entre as 09h30 e as 11h30.<\/li>\n<li>Condicionamento do tr\u00e2nsito, com eventual interrup\u00e7\u00e3o, na Estrada do Sr. do Bonfim, desde o cruzamento com a Rua de Santa Eul\u00e1lia, em Trute, at\u00e9 o cruzamento com a Estrada Municipal 505-1, em Longos Vales, entre as 09h30 e as 12h00.<\/li>\n<li>Condicionamento do tr\u00e2nsito, com eventual interrup\u00e7\u00e3o, na Rua do Crasto, em Cambeses, e na Rua de Samar\u00e3o, em Longos Vales, entre as 09h30 e as 12h00.<\/li>\n<li>Condicionamento do tr\u00e2nsito, com eventual interrup\u00e7\u00e3o, na Estrada Municipal 304, desde o lugar de Samar\u00e3o, em Longos Vales, at\u00e9 o lugar de Parada, em Merufe, entre as 10h00 e as 13h00.<\/li>\n<li>Condicionamento do tr\u00e2nsito, com eventual interrup\u00e7\u00e3o, na Rua de Santo Ant\u00f3nio, em Longos Vales, e na Rua da Igreja e Rua da Devesinha, na Bela, entre as 10h00 e as 13h00.<\/li>\n<li>Condicionamento do tr\u00e2nsito, com eventual interrup\u00e7\u00e3o, na Rua das Lages, em Merufe, entre as 10h00 e as 13h00.<\/li>\n<li>Condicionamento do tr\u00e2nsito, com eventual interrup\u00e7\u00e3o, na Estrada dos Abreus, Largo do Mosteiro e Estrada dos Carris, em Merufe, entre as 10h00 e as 13h00.<\/li>\n<li>Condicionamento do tr\u00e2nsito, com eventual interrup\u00e7\u00e3o, na Estrada do Senhor dos Rem\u00e9dios, Estrada da Granja de Baixo, Estrada da Granja de Cima, em Merufe, Estrada de Leiras e Estrada de Santa Marinha, em Tangil, entre as 10h00 e as 13h30.<\/li>\n<li>Condicionamento do tr\u00e2nsito, com eventual interrup\u00e7\u00e3o, na Rua da Costa, Rua de Santo Ant\u00f3nio e Rua de Lij\u00f3, em Riba de Mouro, entre as 10h30 e as 14h00.<\/li>\n<\/ul>\n<div class=\"x11i5rnm xat24cr x1mh8g0r x1vvkbs xtlvy1s x126k92a\">\n<p>A C\u00e2mara Municipal de Mon\u00e7\u00e3o solicita &#8220;a melhor compreens\u00e3o pelos inc\u00f3modos que esta situa\u00e7\u00e3o possa causar&#8221; e refere que &#8220;as altera\u00e7\u00f5es do tr\u00e2nsito vigorar\u00e3o nos per\u00edodos mencionados, ficando salvaguardada a circula\u00e7\u00e3o dos ve\u00edculos priorit\u00e1rios&#8221;.<\/p>\n<\/div>\n","protected":false},"excerpt":{"rendered":"<p>O munic\u00edpio de Mon\u00e7\u00e3o, tendo em considera\u00e7\u00e3o a realiza\u00e7\u00e3o do Mon\u00e7\u00e3o e Melga\u00e7o Granfondo 2023, uma prova de ciclismo que vai decorrer no domingo, dia 17 de setembro informou hoje, atrav\u00e9s de uma publica\u00e7\u00e3o na rede social Facebook, que estar\u00e3o v\u00e1rias ruas cortadas ao tr\u00e2nsito. De acordo com a publica\u00e7\u00e3o, as ruas cortadas ao tr\u00e2nsito [&hellip;]<\/p>\n","protected":false},"author":1,"featured_media":96553,"comment_status":"closed","ping_status":"closed","sticky":false,"template":"","format":"standard","meta":{"_exactmetrics_skip_tracking":false,"_exactmetrics_sitenote_active":false,"_exactmetrics_sitenote_note":"","_exactmetrics_sitenote_category":0,"footnotes":""},"categories":[9],"tags":[27],"class_list":["post-96547","post","type-post","status-publish","format-standard","has-post-thumbnail","hentry","category-moncao","tag-sociedade"],"yoast_head":"<!-- This site is optimized with the Yoast SEO Premium plugin v27.5 (Yoast SEO v27.5) - https:\/\/yoast.com\/product\/yoast-seo-premium-wordpress\/ -->\n<title>V\u00e1rias ruas cortadas ao tr\u00e2nsito no domingo devido ao Mon\u00e7\u00e3o e Melga\u00e7o Granfondo<\/title>\n<meta name=\"description\" content=\"O Mon\u00e7\u00e3o e Melga\u00e7o Granfondo 2023, que vai decorrer no dia 17 de setembro vai obrigar ao corte ao tr\u00e2nsito, de v\u00e1rias ruas dos dois concelhos\" \/>\n<meta name=\"robots\" content=\"index, follow, max-snippet:-1, max-image-preview:large, max-video-preview:-1\" \/>\n<link rel=\"canonical\" href=\"https:\/\/www.altominho.tv\/site\/2023\/09\/15\/varias-ruas-cortadas-ao-transito-no-domingo-devido-ao-moncao-e-melgaco-grafondo\/\" \/>\n<meta property=\"og:locale\" content=\"pt_PT\" \/>\n<meta property=\"og:type\" content=\"article\" \/>\n<meta property=\"og:title\" content=\"V\u00e1rias ruas cortadas ao tr\u00e2nsito no domingo devido ao Mon\u00e7\u00e3o e Melga\u00e7o Granfondo\" \/>\n<meta property=\"og:description\" content=\"O Mon\u00e7\u00e3o e Melga\u00e7o Granfondo 2023, que vai decorrer no dia 17 de setembro vai obrigar ao corte ao tr\u00e2nsito, de v\u00e1rias ruas dos dois concelhos\" \/>\n<meta property=\"og:url\" content=\"https:\/\/www.altominho.tv\/site\/2023\/09\/15\/varias-ruas-cortadas-ao-transito-no-domingo-devido-ao-moncao-e-melgaco-grafondo\/\" \/>\n<meta property=\"og:site_name\" content=\"Altominho.tv\" \/>\n<meta property=\"article:publisher\" content=\"https:\/\/www.facebook.com\/altominhotv\" \/>\n<meta property=\"article:published_time\" content=\"2023-09-15T16:34:56+00:00\" \/>\n<meta property=\"article:modified_time\" content=\"2023-09-16T19:42:12+00:00\" \/>\n<meta property=\"og:image\" content=\"https:\/\/www.altominho.tv\/site\/wp-content\/uploads\/2023\/09\/granfondo-transito-scaled.jpg\" \/>\n\t<meta property=\"og:image:width\" content=\"2560\" \/>\n\t<meta property=\"og:image:height\" content=\"1408\" \/>\n\t<meta property=\"og:image:type\" content=\"image\/jpeg\" \/>\n<meta name=\"author\" content=\"Altominho.tv\" \/>\n<meta name=\"twitter:card\" content=\"summary_large_image\" \/>\n<meta name=\"twitter:creator\" content=\"@altominhoTV\" \/>\n<meta name=\"twitter:site\" content=\"@altominhoTV\" \/>\n<meta name=\"twitter:label1\" content=\"Escrito por\" \/>\n\t<meta name=\"twitter:data1\" content=\"Altominho.tv\" \/>\n\t<meta name=\"twitter:label2\" content=\"Tempo estimado de leitura\" \/>\n\t<meta name=\"twitter:data2\" content=\"3 minutos\" \/>\n<script type=\"application\/ld+json\" class=\"yoast-schema-graph\">{\"@context\":\"https:\\\/\\\/schema.org\",\"@graph\":[{\"@type\":\"Article\",\"@id\":\"https:\\\/\\\/www.altominho.tv\\\/site\\\/2023\\\/09\\\/15\\\/varias-ruas-cortadas-ao-transito-no-domingo-devido-ao-moncao-e-melgaco-grafondo\\\/#article\",\"isPartOf\":{\"@id\":\"https:\\\/\\\/www.altominho.tv\\\/site\\\/2023\\\/09\\\/15\\\/varias-ruas-cortadas-ao-transito-no-domingo-devido-ao-moncao-e-melgaco-grafondo\\\/\"},\"author\":{\"name\":\"Altominho.tv\",\"@id\":\"https:\\\/\\\/www.altominho.tv\\\/site\\\/#\\\/schema\\\/person\\\/4e536851627d7914baf3dac752b6af22\"},\"headline\":\"V\u00e1rias ruas cortadas ao tr\u00e2nsito no domingo devido ao Mon\u00e7\u00e3o e Melga\u00e7o Granfondo\",\"datePublished\":\"2023-09-15T16:34:56+00:00\",\"dateModified\":\"2023-09-16T19:42:12+00:00\",\"mainEntityOfPage\":{\"@id\":\"https:\\\/\\\/www.altominho.tv\\\/site\\\/2023\\\/09\\\/15\\\/varias-ruas-cortadas-ao-transito-no-domingo-devido-ao-moncao-e-melgaco-grafondo\\\/\"},\"wordCount\":602,\"image\":{\"@id\":\"https:\\\/\\\/www.altominho.tv\\\/site\\\/2023\\\/09\\\/15\\\/varias-ruas-cortadas-ao-transito-no-domingo-devido-ao-moncao-e-melgaco-grafondo\\\/#primaryimage\"},\"thumbnailUrl\":\"https:\\\/\\\/www.altominho.tv\\\/site\\\/wp-content\\\/uploads\\\/2023\\\/09\\\/granfondo-transito-scaled.jpg\",\"keywords\":[\"Sociedade\"],\"articleSection\":[\"Mon\u00e7\u00e3o\"],\"inLanguage\":\"pt-PT\",\"copyrightYear\":\"2023\",\"copyrightHolder\":{\"@id\":\"https:\\\/\\\/www.altominho.tv\\\/site\\\/#organization\"}},{\"@type\":\"WebPage\",\"@id\":\"https:\\\/\\\/www.altominho.tv\\\/site\\\/2023\\\/09\\\/15\\\/varias-ruas-cortadas-ao-transito-no-domingo-devido-ao-moncao-e-melgaco-grafondo\\\/\",\"url\":\"https:\\\/\\\/www.altominho.tv\\\/site\\\/2023\\\/09\\\/15\\\/varias-ruas-cortadas-ao-transito-no-domingo-devido-ao-moncao-e-melgaco-grafondo\\\/\",\"name\":\"V\u00e1rias ruas cortadas ao tr\u00e2nsito no domingo devido ao Mon\u00e7\u00e3o e Melga\u00e7o Granfondo\",\"isPartOf\":{\"@id\":\"https:\\\/\\\/www.altominho.tv\\\/site\\\/#website\"},\"primaryImageOfPage\":{\"@id\":\"https:\\\/\\\/www.altominho.tv\\\/site\\\/2023\\\/09\\\/15\\\/varias-ruas-cortadas-ao-transito-no-domingo-devido-ao-moncao-e-melgaco-grafondo\\\/#primaryimage\"},\"image\":{\"@id\":\"https:\\\/\\\/www.altominho.tv\\\/site\\\/2023\\\/09\\\/15\\\/varias-ruas-cortadas-ao-transito-no-domingo-devido-ao-moncao-e-melgaco-grafondo\\\/#primaryimage\"},\"thumbnailUrl\":\"https:\\\/\\\/www.altominho.tv\\\/site\\\/wp-content\\\/uploads\\\/2023\\\/09\\\/granfondo-transito-scaled.jpg\",\"datePublished\":\"2023-09-15T16:34:56+00:00\",\"dateModified\":\"2023-09-16T19:42:12+00:00\",\"author\":{\"@id\":\"https:\\\/\\\/www.altominho.tv\\\/site\\\/#\\\/schema\\\/person\\\/4e536851627d7914baf3dac752b6af22\"},\"description\":\"O Mon\u00e7\u00e3o e Melga\u00e7o Granfondo 2023, que vai decorrer no dia 17 de setembro vai obrigar ao corte ao tr\u00e2nsito, de v\u00e1rias ruas dos dois concelhos\",\"breadcrumb\":{\"@id\":\"https:\\\/\\\/www.altominho.tv\\\/site\\\/2023\\\/09\\\/15\\\/varias-ruas-cortadas-ao-transito-no-domingo-devido-ao-moncao-e-melgaco-grafondo\\\/#breadcrumb\"},\"inLanguage\":\"pt-PT\",\"potentialAction\":[{\"@type\":\"ReadAction\",\"target\":[\"https:\\\/\\\/www.altominho.tv\\\/site\\\/2023\\\/09\\\/15\\\/varias-ruas-cortadas-ao-transito-no-domingo-devido-ao-moncao-e-melgaco-grafondo\\\/\"]}]},{\"@type\":\"ImageObject\",\"inLanguage\":\"pt-PT\",\"@id\":\"https:\\\/\\\/www.altominho.tv\\\/site\\\/2023\\\/09\\\/15\\\/varias-ruas-cortadas-ao-transito-no-domingo-devido-ao-moncao-e-melgaco-grafondo\\\/#primaryimage\",\"url\":\"https:\\\/\\\/www.altominho.tv\\\/site\\\/wp-content\\\/uploads\\\/2023\\\/09\\\/granfondo-transito-scaled.jpg\",\"contentUrl\":\"https:\\\/\\\/www.altominho.tv\\\/site\\\/wp-content\\\/uploads\\\/2023\\\/09\\\/granfondo-transito-scaled.jpg\",\"width\":2560,\"height\":1408},{\"@type\":\"BreadcrumbList\",\"@id\":\"https:\\\/\\\/www.altominho.tv\\\/site\\\/2023\\\/09\\\/15\\\/varias-ruas-cortadas-ao-transito-no-domingo-devido-ao-moncao-e-melgaco-grafondo\\\/#breadcrumb\",\"itemListElement\":[{\"@type\":\"ListItem\",\"position\":1,\"name\":\"In\u00edcio\",\"item\":\"https:\\\/\\\/www.altominho.tv\\\/site\\\/\"},{\"@type\":\"ListItem\",\"position\":2,\"name\":\"V\u00e1rias ruas cortadas ao tr\u00e2nsito no domingo devido ao Mon\u00e7\u00e3o e Melga\u00e7o Granfondo\"}]},{\"@type\":\"WebSite\",\"@id\":\"https:\\\/\\\/www.altominho.tv\\\/site\\\/#website\",\"url\":\"https:\\\/\\\/www.altominho.tv\\\/site\\\/\",\"name\":\"Altominho.tv\",\"description\":\"A sua regi\u00e3o \u00e0 dist\u00e2ncia de um clique...\",\"potentialAction\":[{\"@type\":\"SearchAction\",\"target\":{\"@type\":\"EntryPoint\",\"urlTemplate\":\"https:\\\/\\\/www.altominho.tv\\\/site\\\/?s={search_term_string}\"},\"query-input\":{\"@type\":\"PropertyValueSpecification\",\"valueRequired\":true,\"valueName\":\"search_term_string\"}}],\"inLanguage\":\"pt-PT\"},{\"@type\":\"Person\",\"@id\":\"https:\\\/\\\/www.altominho.tv\\\/site\\\/#\\\/schema\\\/person\\\/4e536851627d7914baf3dac752b6af22\",\"name\":\"Altominho.tv\",\"image\":{\"@type\":\"ImageObject\",\"inLanguage\":\"pt-PT\",\"@id\":\"https:\\\/\\\/www.altominho.tv\\\/site\\\/wp-content\\\/uploads\\\/2019\\\/11\\\/Logo_Avatar_2-150x150.jpg\",\"url\":\"https:\\\/\\\/www.altominho.tv\\\/site\\\/wp-content\\\/uploads\\\/2019\\\/11\\\/Logo_Avatar_2-150x150.jpg\",\"contentUrl\":\"https:\\\/\\\/www.altominho.tv\\\/site\\\/wp-content\\\/uploads\\\/2019\\\/11\\\/Logo_Avatar_2-150x150.jpg\",\"caption\":\"Altominho.tv\"},\"url\":\"https:\\\/\\\/www.altominho.tv\\\/site\\\/author\\\/altominhotv-tecnico\\\/\"}]}<\/script>\n<!-- \/ Yoast SEO Premium plugin. -->","yoast_head_json":{"title":"V\u00e1rias ruas cortadas ao tr\u00e2nsito no domingo devido ao Mon\u00e7\u00e3o e Melga\u00e7o Granfondo","description":"O Mon\u00e7\u00e3o e Melga\u00e7o Granfondo 2023, que vai decorrer no dia 17 de setembro vai obrigar ao corte ao tr\u00e2nsito, de v\u00e1rias ruas dos dois concelhos","robots":{"index":"index","follow":"follow","max-snippet":"max-snippet:-1","max-image-preview":"max-image-preview:large","max-video-preview":"max-video-preview:-1"},"canonical":"https:\/\/www.altominho.tv\/site\/2023\/09\/15\/varias-ruas-cortadas-ao-transito-no-domingo-devido-ao-moncao-e-melgaco-grafondo\/","og_locale":"pt_PT","og_type":"article","og_title":"V\u00e1rias ruas cortadas ao tr\u00e2nsito no domingo devido ao Mon\u00e7\u00e3o e Melga\u00e7o Granfondo","og_description":"O Mon\u00e7\u00e3o e Melga\u00e7o Granfondo 2023, que vai decorrer no dia 17 de setembro vai obrigar ao corte ao tr\u00e2nsito, de v\u00e1rias ruas dos dois concelhos","og_url":"https:\/\/www.altominho.tv\/site\/2023\/09\/15\/varias-ruas-cortadas-ao-transito-no-domingo-devido-ao-moncao-e-melgaco-grafondo\/","og_site_name":"Altominho.tv","article_publisher":"https:\/\/www.facebook.com\/altominhotv","article_published_time":"2023-09-15T16:34:56+00:00","article_modified_time":"2023-09-16T19:42:12+00:00","og_image":[{"width":2560,"height":1408,"url":"https:\/\/www.altominho.tv\/site\/wp-content\/uploads\/2023\/09\/granfondo-transito-scaled.jpg","type":"image\/jpeg"}],"author":"Altominho.tv","twitter_card":"summary_large_image","twitter_creator":"@altominhoTV","twitter_site":"@altominhoTV","twitter_misc":{"Escrito por":"Altominho.tv","Tempo estimado de leitura":"3 minutos"},"schema":{"@context":"https:\/\/schema.org","@graph":[{"@type":"Article","@id":"https:\/\/www.altominho.tv\/site\/2023\/09\/15\/varias-ruas-cortadas-ao-transito-no-domingo-devido-ao-moncao-e-melgaco-grafondo\/#article","isPartOf":{"@id":"https:\/\/www.altominho.tv\/site\/2023\/09\/15\/varias-ruas-cortadas-ao-transito-no-domingo-devido-ao-moncao-e-melgaco-grafondo\/"},"author":{"name":"Altominho.tv","@id":"https:\/\/www.altominho.tv\/site\/#\/schema\/person\/4e536851627d7914baf3dac752b6af22"},"headline":"V\u00e1rias ruas cortadas ao tr\u00e2nsito no domingo devido ao Mon\u00e7\u00e3o e Melga\u00e7o Granfondo","datePublished":"2023-09-15T16:34:56+00:00","dateModified":"2023-09-16T19:42:12+00:00","mainEntityOfPage":{"@id":"https:\/\/www.altominho.tv\/site\/2023\/09\/15\/varias-ruas-cortadas-ao-transito-no-domingo-devido-ao-moncao-e-melgaco-grafondo\/"},"wordCount":602,"image":{"@id":"https:\/\/www.altominho.tv\/site\/2023\/09\/15\/varias-ruas-cortadas-ao-transito-no-domingo-devido-ao-moncao-e-melgaco-grafondo\/#primaryimage"},"thumbnailUrl":"https:\/\/www.altominho.tv\/site\/wp-content\/uploads\/2023\/09\/granfondo-transito-scaled.jpg","keywords":["Sociedade"],"articleSection":["Mon\u00e7\u00e3o"],"inLanguage":"pt-PT","copyrightYear":"2023","copyrightHolder":{"@id":"https:\/\/www.altominho.tv\/site\/#organization"}},{"@type":"WebPage","@id":"https:\/\/www.altominho.tv\/site\/2023\/09\/15\/varias-ruas-cortadas-ao-transito-no-domingo-devido-ao-moncao-e-melgaco-grafondo\/","url":"https:\/\/www.altominho.tv\/site\/2023\/09\/15\/varias-ruas-cortadas-ao-transito-no-domingo-devido-ao-moncao-e-melgaco-grafondo\/","name":"V\u00e1rias ruas cortadas ao tr\u00e2nsito no domingo devido ao Mon\u00e7\u00e3o e Melga\u00e7o Granfondo","isPartOf":{"@id":"https:\/\/www.altominho.tv\/site\/#website"},"primaryImageOfPage":{"@id":"https:\/\/www.altominho.tv\/site\/2023\/09\/15\/varias-ruas-cortadas-ao-transito-no-domingo-devido-ao-moncao-e-melgaco-grafondo\/#primaryimage"},"image":{"@id":"https:\/\/www.altominho.tv\/site\/2023\/09\/15\/varias-ruas-cortadas-ao-transito-no-domingo-devido-ao-moncao-e-melgaco-grafondo\/#primaryimage"},"thumbnailUrl":"https:\/\/www.altominho.tv\/site\/wp-content\/uploads\/2023\/09\/granfondo-transito-scaled.jpg","datePublished":"2023-09-15T16:34:56+00:00","dateModified":"2023-09-16T19:42:12+00:00","author":{"@id":"https:\/\/www.altominho.tv\/site\/#\/schema\/person\/4e536851627d7914baf3dac752b6af22"},"description":"O Mon\u00e7\u00e3o e Melga\u00e7o Granfondo 2023, que vai decorrer no dia 17 de setembro vai obrigar ao corte ao tr\u00e2nsito, de v\u00e1rias ruas dos dois concelhos","breadcrumb":{"@id":"https:\/\/www.altominho.tv\/site\/2023\/09\/15\/varias-ruas-cortadas-ao-transito-no-domingo-devido-ao-moncao-e-melgaco-grafondo\/#breadcrumb"},"inLanguage":"pt-PT","potentialAction":[{"@type":"ReadAction","target":["https:\/\/www.altominho.tv\/site\/2023\/09\/15\/varias-ruas-cortadas-ao-transito-no-domingo-devido-ao-moncao-e-melgaco-grafondo\/"]}]},{"@type":"ImageObject","inLanguage":"pt-PT","@id":"https:\/\/www.altominho.tv\/site\/2023\/09\/15\/varias-ruas-cortadas-ao-transito-no-domingo-devido-ao-moncao-e-melgaco-grafondo\/#primaryimage","url":"https:\/\/www.altominho.tv\/site\/wp-content\/uploads\/2023\/09\/granfondo-transito-scaled.jpg","contentUrl":"https:\/\/www.altominho.tv\/site\/wp-content\/uploads\/2023\/09\/granfondo-transito-scaled.jpg","width":2560,"height":1408},{"@type":"BreadcrumbList","@id":"https:\/\/www.altominho.tv\/site\/2023\/09\/15\/varias-ruas-cortadas-ao-transito-no-domingo-devido-ao-moncao-e-melgaco-grafondo\/#breadcrumb","itemListElement":[{"@type":"ListItem","position":1,"name":"In\u00edcio","item":"https:\/\/www.altominho.tv\/site\/"},{"@type":"ListItem","position":2,"name":"V\u00e1rias ruas cortadas ao tr\u00e2nsito no domingo devido ao Mon\u00e7\u00e3o e Melga\u00e7o Granfondo"}]},{"@type":"WebSite","@id":"https:\/\/www.altominho.tv\/site\/#website","url":"https:\/\/www.altominho.tv\/site\/","name":"Altominho.tv","description":"A sua regi\u00e3o \u00e0 dist\u00e2ncia de um clique...","potentialAction":[{"@type":"SearchAction","target":{"@type":"EntryPoint","urlTemplate":"https:\/\/www.altominho.tv\/site\/?s={search_term_string}"},"query-input":{"@type":"PropertyValueSpecification","valueRequired":true,"valueName":"search_term_string"}}],"inLanguage":"pt-PT"},{"@type":"Person","@id":"https:\/\/www.altominho.tv\/site\/#\/schema\/person\/4e536851627d7914baf3dac752b6af22","name":"Altominho.tv","image":{"@type":"ImageObject","inLanguage":"pt-PT","@id":"https:\/\/www.altominho.tv\/site\/wp-content\/uploads\/2019\/11\/Logo_Avatar_2-150x150.jpg","url":"https:\/\/www.altominho.tv\/site\/wp-content\/uploads\/2019\/11\/Logo_Avatar_2-150x150.jpg","contentUrl":"https:\/\/www.altominho.tv\/site\/wp-content\/uploads\/2019\/11\/Logo_Avatar_2-150x150.jpg","caption":"Altominho.tv"},"url":"https:\/\/www.altominho.tv\/site\/author\/altominhotv-tecnico\/"}]}},"_links":{"self":[{"href":"https:\/\/www.altominho.tv\/site\/wp-json\/wp\/v2\/posts\/96547","targetHints":{"allow":["GET"]}}],"collection":[{"href":"https:\/\/www.altominho.tv\/site\/wp-json\/wp\/v2\/posts"}],"about":[{"href":"https:\/\/www.altominho.tv\/site\/wp-json\/wp\/v2\/types\/post"}],"author":[{"embeddable":true,"href":"https:\/\/www.altominho.tv\/site\/wp-json\/wp\/v2\/users\/1"}],"replies":[{"embeddable":true,"href":"https:\/\/www.altominho.tv\/site\/wp-json\/wp\/v2\/comments?post=96547"}],"version-history":[{"count":3,"href":"https:\/\/www.altominho.tv\/site\/wp-json\/wp\/v2\/posts\/96547\/revisions"}],"predecessor-version":[{"id":96582,"href":"https:\/\/www.altominho.tv\/site\/wp-json\/wp\/v2\/posts\/96547\/revisions\/96582"}],"wp:featuredmedia":[{"embeddable":true,"href":"https:\/\/www.altominho.tv\/site\/wp-json\/wp\/v2\/media\/96553"}],"wp:attachment":[{"href":"https:\/\/www.altominho.tv\/site\/wp-json\/wp\/v2\/media?parent=96547"}],"wp:term":[{"taxonomy":"category","embeddable":true,"href":"https:\/\/www.altominho.tv\/site\/wp-json\/wp\/v2\/categories?post=96547"},{"taxonomy":"post_tag","embeddable":true,"href":"https:\/\/www.altominho.tv\/site\/wp-json\/wp\/v2\/tags?post=96547"}],"curies":[{"name":"wp","href":"https:\/\/api.w.org\/{rel}","templated":true}]}}