{"id":96540,"date":"2023-09-15T14:38:44","date_gmt":"2023-09-15T13:38:44","guid":{"rendered":"https:\/\/www.altominho.tv\/site\/?p=96540"},"modified":"2023-09-15T14:38:47","modified_gmt":"2023-09-15T13:38:47","slug":"festival-gastronomico-dos-sabores-serranos-regressa-a-sao-juliao","status":"publish","type":"post","link":"https:\/\/www.altominho.tv\/site\/2023\/09\/15\/festival-gastronomico-dos-sabores-serranos-regressa-a-sao-juliao\/","title":{"rendered":"Festival Gastron\u00f3mico dos Sabores Serranos regressa a S\u00e3o Juli\u00e3o"},"content":{"rendered":"<p>O festival gastron\u00f3mico de Sabores Serranos regresse \u00e0 freguesia de Valen\u00e7a, S\u00e3o Juli\u00e3o, nos dias 16 e 17 de setembro. Este festival conta, assim, com 10 edi\u00e7\u00f5es de tasquinhas, vinhos e anima\u00e7\u00e3o.<\/p>\n<p>Ap\u00f3s quatro anos de pausa, o festival regressa ao recinto do santu\u00e1rio de s\u00e3o Sebasti\u00e3o, em S\u00e3o Juli\u00e3o, com &#8220;uma ampla variedade de petiscos tradicionais, \u00e0 base de porco, o famoso leit\u00e3o no caixote e os vinhos locais&#8221; divulga a autarquia.<\/p>\n<p align=\"justify\">O Leit\u00e3o no Caixote \u00e9 o destaque do fim de semana pela sua forma de confe\u00e7\u00e3o e sabor \u00fanico.<\/p>\n<p align=\"justify\">Para al\u00e9m disto, o festival oferece fumeiros, o bolo do tacho, a broa de milho e o caldo verde de Valen\u00e7a, uma das 7 Maravilhas Gastron\u00f3micas de Portugal.<\/p>\n<p align=\"justify\">O festival come\u00e7a no s\u00e1bado, dia 16, \u00e0s 11h00, com abertura oficial, sendo que \u00e0s 15h30 est\u00e1 programada anima\u00e7\u00e3o musical com concertinas e para as 21h30 a atu\u00e7\u00e3o do grupo Alamaviva.<\/p>\n<p align=\"justify\">No domingo, programa-se o Trilho Serrado, com sa\u00edda \u00e0s 9h00, da Capela de S\u00e3o Sebasti\u00e3o. Este \u00e9 um trilho aberto \u00e0 participa\u00e7\u00e3o de todos os interessados mas carece de inscri\u00e7\u00e3o pr\u00e9via.\u00a0 O Encontro de Folclore &#8220;Sabores Serranos&#8221; junta v\u00e1rios grupos de rancho e ocupa, tamb\u00e9m, o dia de domingo.<\/p>\n<p align=\"justify\">Este evento \u00e9 uma iniciativa da Junta da Uni\u00e3o de Freguesias de S\u00e3o Juli\u00e3o e Silva, em conjunto com o Rancho Folcl\u00f3rico da freguesia e coma C\u00e2mara Municipal de Valen\u00e7a.<\/p>\n","protected":false},"excerpt":{"rendered":"<p>O festival gastron\u00f3mico de Sabores Serranos regresse \u00e0 freguesia de Valen\u00e7a, S\u00e3o Juli\u00e3o, nos dias 16 e 17 de setembro. Este festival conta, assim, com 10 edi\u00e7\u00f5es de tasquinhas, vinhos e anima\u00e7\u00e3o. Ap\u00f3s quatro anos de pausa, o festival regressa ao recinto do santu\u00e1rio de s\u00e3o Sebasti\u00e3o, em S\u00e3o Juli\u00e3o, com &#8220;uma ampla variedade de [&hellip;]<\/p>\n","protected":false},"author":28,"featured_media":96541,"comment_status":"closed","ping_status":"closed","sticky":false,"template":"","format":"standard","meta":{"_exactmetrics_skip_tracking":false,"_exactmetrics_sitenote_active":false,"_exactmetrics_sitenote_note":"","_exactmetrics_sitenote_category":0,"footnotes":""},"categories":[13],"tags":[81,23,24,27],"class_list":["post-96540","post","type-post","status-publish","format-standard","has-post-thumbnail","hentry","category-valenca","tag-gastronomia","tag-gente","tag-lazer","tag-sociedade"],"yoast_head":"<!-- This site is optimized with the Yoast SEO Premium plugin v27.5 (Yoast SEO v27.5) - https:\/\/yoast.com\/product\/yoast-seo-premium-wordpress\/ -->\n<title>Festival Gastron\u00f3mico dos Sabores Serranos regressa a S\u00e3o Juli\u00e3o<\/title>\n<meta name=\"description\" content=\"O festival gastron\u00f3mico de Sabores Serranos regresse \u00e0 freguesia de Valen\u00e7a, S\u00e3o Juli\u00e3o, nos dias 16 e 17 de setembro. Este festival conta, assim, com 10 edi\u00e7\u00f5es de tasquinhas, vinhos e anima\u00e7\u00e3o\" \/>\n<meta name=\"robots\" content=\"index, follow, max-snippet:-1, max-image-preview:large, max-video-preview:-1\" \/>\n<link rel=\"canonical\" href=\"https:\/\/www.altominho.tv\/site\/2023\/09\/15\/festival-gastronomico-dos-sabores-serranos-regressa-a-sao-juliao\/\" \/>\n<meta property=\"og:locale\" content=\"pt_PT\" \/>\n<meta property=\"og:type\" content=\"article\" \/>\n<meta property=\"og:title\" content=\"Festival Gastron\u00f3mico dos Sabores Serranos regressa a S\u00e3o Juli\u00e3o\" \/>\n<meta property=\"og:description\" content=\"O festival gastron\u00f3mico de Sabores Serranos regresse \u00e0 freguesia de Valen\u00e7a, S\u00e3o Juli\u00e3o, nos dias 16 e 17 de setembro. Este festival conta, assim, com 10 edi\u00e7\u00f5es de tasquinhas, vinhos e anima\u00e7\u00e3o\" \/>\n<meta property=\"og:url\" content=\"https:\/\/www.altominho.tv\/site\/2023\/09\/15\/festival-gastronomico-dos-sabores-serranos-regressa-a-sao-juliao\/\" \/>\n<meta property=\"og:site_name\" content=\"Altominho.tv\" \/>\n<meta property=\"article:publisher\" content=\"https:\/\/www.facebook.com\/altominhotv\" \/>\n<meta property=\"article:published_time\" content=\"2023-09-15T13:38:44+00:00\" \/>\n<meta property=\"article:modified_time\" content=\"2023-09-15T13:38:47+00:00\" \/>\n<meta property=\"og:image\" content=\"https:\/\/www.altominho.tv\/site\/wp-content\/uploads\/2023\/09\/maxresdefault-2.jpg\" \/>\n\t<meta property=\"og:image:width\" content=\"1280\" \/>\n\t<meta property=\"og:image:height\" content=\"720\" \/>\n\t<meta property=\"og:image:type\" content=\"image\/jpeg\" \/>\n<meta name=\"author\" content=\"Beatriz Lira\" \/>\n<meta name=\"twitter:card\" content=\"summary_large_image\" \/>\n<meta name=\"twitter:creator\" content=\"@altominhoTV\" \/>\n<meta name=\"twitter:site\" content=\"@altominhoTV\" \/>\n<meta name=\"twitter:label1\" content=\"Escrito por\" \/>\n\t<meta name=\"twitter:data1\" content=\"Beatriz Lira\" \/>\n\t<meta name=\"twitter:label2\" content=\"Tempo estimado de leitura\" \/>\n\t<meta name=\"twitter:data2\" content=\"2 minutos\" \/>\n<script type=\"application\/ld+json\" class=\"yoast-schema-graph\">{\"@context\":\"https:\\\/\\\/schema.org\",\"@graph\":[{\"@type\":\"Article\",\"@id\":\"https:\\\/\\\/www.altominho.tv\\\/site\\\/2023\\\/09\\\/15\\\/festival-gastronomico-dos-sabores-serranos-regressa-a-sao-juliao\\\/#article\",\"isPartOf\":{\"@id\":\"https:\\\/\\\/www.altominho.tv\\\/site\\\/2023\\\/09\\\/15\\\/festival-gastronomico-dos-sabores-serranos-regressa-a-sao-juliao\\\/\"},\"author\":{\"name\":\"Beatriz Lira\",\"@id\":\"https:\\\/\\\/www.altominho.tv\\\/site\\\/#\\\/schema\\\/person\\\/f95a2097796cf4462fe1e476cddc40e4\"},\"headline\":\"Festival Gastron\u00f3mico dos Sabores Serranos regressa a S\u00e3o Juli\u00e3o\",\"datePublished\":\"2023-09-15T13:38:44+00:00\",\"dateModified\":\"2023-09-15T13:38:47+00:00\",\"mainEntityOfPage\":{\"@id\":\"https:\\\/\\\/www.altominho.tv\\\/site\\\/2023\\\/09\\\/15\\\/festival-gastronomico-dos-sabores-serranos-regressa-a-sao-juliao\\\/\"},\"wordCount\":267,\"image\":{\"@id\":\"https:\\\/\\\/www.altominho.tv\\\/site\\\/2023\\\/09\\\/15\\\/festival-gastronomico-dos-sabores-serranos-regressa-a-sao-juliao\\\/#primaryimage\"},\"thumbnailUrl\":\"https:\\\/\\\/www.altominho.tv\\\/site\\\/wp-content\\\/uploads\\\/2023\\\/09\\\/maxresdefault-2.jpg\",\"keywords\":[\"Gastronomia\",\"Gente\",\"Lazer\",\"Sociedade\"],\"articleSection\":[\"Valen\u00e7a\"],\"inLanguage\":\"pt-PT\",\"copyrightYear\":\"2023\",\"copyrightHolder\":{\"@id\":\"https:\\\/\\\/www.altominho.tv\\\/site\\\/#organization\"}},{\"@type\":\"WebPage\",\"@id\":\"https:\\\/\\\/www.altominho.tv\\\/site\\\/2023\\\/09\\\/15\\\/festival-gastronomico-dos-sabores-serranos-regressa-a-sao-juliao\\\/\",\"url\":\"https:\\\/\\\/www.altominho.tv\\\/site\\\/2023\\\/09\\\/15\\\/festival-gastronomico-dos-sabores-serranos-regressa-a-sao-juliao\\\/\",\"name\":\"Festival Gastron\u00f3mico dos Sabores Serranos regressa a S\u00e3o Juli\u00e3o\",\"isPartOf\":{\"@id\":\"https:\\\/\\\/www.altominho.tv\\\/site\\\/#website\"},\"primaryImageOfPage\":{\"@id\":\"https:\\\/\\\/www.altominho.tv\\\/site\\\/2023\\\/09\\\/15\\\/festival-gastronomico-dos-sabores-serranos-regressa-a-sao-juliao\\\/#primaryimage\"},\"image\":{\"@id\":\"https:\\\/\\\/www.altominho.tv\\\/site\\\/2023\\\/09\\\/15\\\/festival-gastronomico-dos-sabores-serranos-regressa-a-sao-juliao\\\/#primaryimage\"},\"thumbnailUrl\":\"https:\\\/\\\/www.altominho.tv\\\/site\\\/wp-content\\\/uploads\\\/2023\\\/09\\\/maxresdefault-2.jpg\",\"datePublished\":\"2023-09-15T13:38:44+00:00\",\"dateModified\":\"2023-09-15T13:38:47+00:00\",\"author\":{\"@id\":\"https:\\\/\\\/www.altominho.tv\\\/site\\\/#\\\/schema\\\/person\\\/f95a2097796cf4462fe1e476cddc40e4\"},\"description\":\"O festival gastron\u00f3mico de Sabores Serranos regresse \u00e0 freguesia de Valen\u00e7a, S\u00e3o Juli\u00e3o, nos dias 16 e 17 de setembro. Este festival conta, assim, com 10 edi\u00e7\u00f5es de tasquinhas, vinhos e anima\u00e7\u00e3o\",\"breadcrumb\":{\"@id\":\"https:\\\/\\\/www.altominho.tv\\\/site\\\/2023\\\/09\\\/15\\\/festival-gastronomico-dos-sabores-serranos-regressa-a-sao-juliao\\\/#breadcrumb\"},\"inLanguage\":\"pt-PT\",\"potentialAction\":[{\"@type\":\"ReadAction\",\"target\":[\"https:\\\/\\\/www.altominho.tv\\\/site\\\/2023\\\/09\\\/15\\\/festival-gastronomico-dos-sabores-serranos-regressa-a-sao-juliao\\\/\"]}]},{\"@type\":\"ImageObject\",\"inLanguage\":\"pt-PT\",\"@id\":\"https:\\\/\\\/www.altominho.tv\\\/site\\\/2023\\\/09\\\/15\\\/festival-gastronomico-dos-sabores-serranos-regressa-a-sao-juliao\\\/#primaryimage\",\"url\":\"https:\\\/\\\/www.altominho.tv\\\/site\\\/wp-content\\\/uploads\\\/2023\\\/09\\\/maxresdefault-2.jpg\",\"contentUrl\":\"https:\\\/\\\/www.altominho.tv\\\/site\\\/wp-content\\\/uploads\\\/2023\\\/09\\\/maxresdefault-2.jpg\",\"width\":1280,\"height\":720},{\"@type\":\"BreadcrumbList\",\"@id\":\"https:\\\/\\\/www.altominho.tv\\\/site\\\/2023\\\/09\\\/15\\\/festival-gastronomico-dos-sabores-serranos-regressa-a-sao-juliao\\\/#breadcrumb\",\"itemListElement\":[{\"@type\":\"ListItem\",\"position\":1,\"name\":\"In\u00edcio\",\"item\":\"https:\\\/\\\/www.altominho.tv\\\/site\\\/\"},{\"@type\":\"ListItem\",\"position\":2,\"name\":\"Festival Gastron\u00f3mico dos Sabores Serranos regressa a S\u00e3o Juli\u00e3o\"}]},{\"@type\":\"WebSite\",\"@id\":\"https:\\\/\\\/www.altominho.tv\\\/site\\\/#website\",\"url\":\"https:\\\/\\\/www.altominho.tv\\\/site\\\/\",\"name\":\"Altominho.tv\",\"description\":\"A sua regi\u00e3o \u00e0 dist\u00e2ncia de um clique...\",\"potentialAction\":[{\"@type\":\"SearchAction\",\"target\":{\"@type\":\"EntryPoint\",\"urlTemplate\":\"https:\\\/\\\/www.altominho.tv\\\/site\\\/?s={search_term_string}\"},\"query-input\":{\"@type\":\"PropertyValueSpecification\",\"valueRequired\":true,\"valueName\":\"search_term_string\"}}],\"inLanguage\":\"pt-PT\"},{\"@type\":\"Person\",\"@id\":\"https:\\\/\\\/www.altominho.tv\\\/site\\\/#\\\/schema\\\/person\\\/f95a2097796cf4462fe1e476cddc40e4\",\"name\":\"Beatriz Lira\",\"image\":{\"@type\":\"ImageObject\",\"inLanguage\":\"pt-PT\",\"@id\":\"https:\\\/\\\/www.altominho.tv\\\/site\\\/wp-content\\\/uploads\\\/2023\\\/03\\\/Screenshot_20230306-141220_Photos-150x150.jpg\",\"url\":\"https:\\\/\\\/www.altominho.tv\\\/site\\\/wp-content\\\/uploads\\\/2023\\\/03\\\/Screenshot_20230306-141220_Photos-150x150.jpg\",\"contentUrl\":\"https:\\\/\\\/www.altominho.tv\\\/site\\\/wp-content\\\/uploads\\\/2023\\\/03\\\/Screenshot_20230306-141220_Photos-150x150.jpg\",\"caption\":\"Beatriz Lira\"},\"url\":\"https:\\\/\\\/www.altominho.tv\\\/site\\\/author\\\/beatriz\\\/\"}]}<\/script>\n<!-- \/ Yoast SEO Premium plugin. -->","yoast_head_json":{"title":"Festival Gastron\u00f3mico dos Sabores Serranos regressa a S\u00e3o Juli\u00e3o","description":"O festival gastron\u00f3mico de Sabores Serranos regresse \u00e0 freguesia de Valen\u00e7a, S\u00e3o Juli\u00e3o, nos dias 16 e 17 de setembro. Este festival conta, assim, com 10 edi\u00e7\u00f5es de tasquinhas, vinhos e anima\u00e7\u00e3o","robots":{"index":"index","follow":"follow","max-snippet":"max-snippet:-1","max-image-preview":"max-image-preview:large","max-video-preview":"max-video-preview:-1"},"canonical":"https:\/\/www.altominho.tv\/site\/2023\/09\/15\/festival-gastronomico-dos-sabores-serranos-regressa-a-sao-juliao\/","og_locale":"pt_PT","og_type":"article","og_title":"Festival Gastron\u00f3mico dos Sabores Serranos regressa a S\u00e3o Juli\u00e3o","og_description":"O festival gastron\u00f3mico de Sabores Serranos regresse \u00e0 freguesia de Valen\u00e7a, S\u00e3o Juli\u00e3o, nos dias 16 e 17 de setembro. Este festival conta, assim, com 10 edi\u00e7\u00f5es de tasquinhas, vinhos e anima\u00e7\u00e3o","og_url":"https:\/\/www.altominho.tv\/site\/2023\/09\/15\/festival-gastronomico-dos-sabores-serranos-regressa-a-sao-juliao\/","og_site_name":"Altominho.tv","article_publisher":"https:\/\/www.facebook.com\/altominhotv","article_published_time":"2023-09-15T13:38:44+00:00","article_modified_time":"2023-09-15T13:38:47+00:00","og_image":[{"width":1280,"height":720,"url":"https:\/\/www.altominho.tv\/site\/wp-content\/uploads\/2023\/09\/maxresdefault-2.jpg","type":"image\/jpeg"}],"author":"Beatriz Lira","twitter_card":"summary_large_image","twitter_creator":"@altominhoTV","twitter_site":"@altominhoTV","twitter_misc":{"Escrito por":"Beatriz Lira","Tempo estimado de leitura":"2 minutos"},"schema":{"@context":"https:\/\/schema.org","@graph":[{"@type":"Article","@id":"https:\/\/www.altominho.tv\/site\/2023\/09\/15\/festival-gastronomico-dos-sabores-serranos-regressa-a-sao-juliao\/#article","isPartOf":{"@id":"https:\/\/www.altominho.tv\/site\/2023\/09\/15\/festival-gastronomico-dos-sabores-serranos-regressa-a-sao-juliao\/"},"author":{"name":"Beatriz Lira","@id":"https:\/\/www.altominho.tv\/site\/#\/schema\/person\/f95a2097796cf4462fe1e476cddc40e4"},"headline":"Festival Gastron\u00f3mico dos Sabores Serranos regressa a S\u00e3o Juli\u00e3o","datePublished":"2023-09-15T13:38:44+00:00","dateModified":"2023-09-15T13:38:47+00:00","mainEntityOfPage":{"@id":"https:\/\/www.altominho.tv\/site\/2023\/09\/15\/festival-gastronomico-dos-sabores-serranos-regressa-a-sao-juliao\/"},"wordCount":267,"image":{"@id":"https:\/\/www.altominho.tv\/site\/2023\/09\/15\/festival-gastronomico-dos-sabores-serranos-regressa-a-sao-juliao\/#primaryimage"},"thumbnailUrl":"https:\/\/www.altominho.tv\/site\/wp-content\/uploads\/2023\/09\/maxresdefault-2.jpg","keywords":["Gastronomia","Gente","Lazer","Sociedade"],"articleSection":["Valen\u00e7a"],"inLanguage":"pt-PT","copyrightYear":"2023","copyrightHolder":{"@id":"https:\/\/www.altominho.tv\/site\/#organization"}},{"@type":"WebPage","@id":"https:\/\/www.altominho.tv\/site\/2023\/09\/15\/festival-gastronomico-dos-sabores-serranos-regressa-a-sao-juliao\/","url":"https:\/\/www.altominho.tv\/site\/2023\/09\/15\/festival-gastronomico-dos-sabores-serranos-regressa-a-sao-juliao\/","name":"Festival Gastron\u00f3mico dos Sabores Serranos regressa a S\u00e3o Juli\u00e3o","isPartOf":{"@id":"https:\/\/www.altominho.tv\/site\/#website"},"primaryImageOfPage":{"@id":"https:\/\/www.altominho.tv\/site\/2023\/09\/15\/festival-gastronomico-dos-sabores-serranos-regressa-a-sao-juliao\/#primaryimage"},"image":{"@id":"https:\/\/www.altominho.tv\/site\/2023\/09\/15\/festival-gastronomico-dos-sabores-serranos-regressa-a-sao-juliao\/#primaryimage"},"thumbnailUrl":"https:\/\/www.altominho.tv\/site\/wp-content\/uploads\/2023\/09\/maxresdefault-2.jpg","datePublished":"2023-09-15T13:38:44+00:00","dateModified":"2023-09-15T13:38:47+00:00","author":{"@id":"https:\/\/www.altominho.tv\/site\/#\/schema\/person\/f95a2097796cf4462fe1e476cddc40e4"},"description":"O festival gastron\u00f3mico de Sabores Serranos regresse \u00e0 freguesia de Valen\u00e7a, S\u00e3o Juli\u00e3o, nos dias 16 e 17 de setembro. Este festival conta, assim, com 10 edi\u00e7\u00f5es de tasquinhas, vinhos e anima\u00e7\u00e3o","breadcrumb":{"@id":"https:\/\/www.altominho.tv\/site\/2023\/09\/15\/festival-gastronomico-dos-sabores-serranos-regressa-a-sao-juliao\/#breadcrumb"},"inLanguage":"pt-PT","potentialAction":[{"@type":"ReadAction","target":["https:\/\/www.altominho.tv\/site\/2023\/09\/15\/festival-gastronomico-dos-sabores-serranos-regressa-a-sao-juliao\/"]}]},{"@type":"ImageObject","inLanguage":"pt-PT","@id":"https:\/\/www.altominho.tv\/site\/2023\/09\/15\/festival-gastronomico-dos-sabores-serranos-regressa-a-sao-juliao\/#primaryimage","url":"https:\/\/www.altominho.tv\/site\/wp-content\/uploads\/2023\/09\/maxresdefault-2.jpg","contentUrl":"https:\/\/www.altominho.tv\/site\/wp-content\/uploads\/2023\/09\/maxresdefault-2.jpg","width":1280,"height":720},{"@type":"BreadcrumbList","@id":"https:\/\/www.altominho.tv\/site\/2023\/09\/15\/festival-gastronomico-dos-sabores-serranos-regressa-a-sao-juliao\/#breadcrumb","itemListElement":[{"@type":"ListItem","position":1,"name":"In\u00edcio","item":"https:\/\/www.altominho.tv\/site\/"},{"@type":"ListItem","position":2,"name":"Festival Gastron\u00f3mico dos Sabores Serranos regressa a S\u00e3o Juli\u00e3o"}]},{"@type":"WebSite","@id":"https:\/\/www.altominho.tv\/site\/#website","url":"https:\/\/www.altominho.tv\/site\/","name":"Altominho.tv","description":"A sua regi\u00e3o \u00e0 dist\u00e2ncia de um clique...","potentialAction":[{"@type":"SearchAction","target":{"@type":"EntryPoint","urlTemplate":"https:\/\/www.altominho.tv\/site\/?s={search_term_string}"},"query-input":{"@type":"PropertyValueSpecification","valueRequired":true,"valueName":"search_term_string"}}],"inLanguage":"pt-PT"},{"@type":"Person","@id":"https:\/\/www.altominho.tv\/site\/#\/schema\/person\/f95a2097796cf4462fe1e476cddc40e4","name":"Beatriz Lira","image":{"@type":"ImageObject","inLanguage":"pt-PT","@id":"https:\/\/www.altominho.tv\/site\/wp-content\/uploads\/2023\/03\/Screenshot_20230306-141220_Photos-150x150.jpg","url":"https:\/\/www.altominho.tv\/site\/wp-content\/uploads\/2023\/03\/Screenshot_20230306-141220_Photos-150x150.jpg","contentUrl":"https:\/\/www.altominho.tv\/site\/wp-content\/uploads\/2023\/03\/Screenshot_20230306-141220_Photos-150x150.jpg","caption":"Beatriz Lira"},"url":"https:\/\/www.altominho.tv\/site\/author\/beatriz\/"}]}},"_links":{"self":[{"href":"https:\/\/www.altominho.tv\/site\/wp-json\/wp\/v2\/posts\/96540","targetHints":{"allow":["GET"]}}],"collection":[{"href":"https:\/\/www.altominho.tv\/site\/wp-json\/wp\/v2\/posts"}],"about":[{"href":"https:\/\/www.altominho.tv\/site\/wp-json\/wp\/v2\/types\/post"}],"author":[{"embeddable":true,"href":"https:\/\/www.altominho.tv\/site\/wp-json\/wp\/v2\/users\/28"}],"replies":[{"embeddable":true,"href":"https:\/\/www.altominho.tv\/site\/wp-json\/wp\/v2\/comments?post=96540"}],"version-history":[{"count":1,"href":"https:\/\/www.altominho.tv\/site\/wp-json\/wp\/v2\/posts\/96540\/revisions"}],"predecessor-version":[{"id":96542,"href":"https:\/\/www.altominho.tv\/site\/wp-json\/wp\/v2\/posts\/96540\/revisions\/96542"}],"wp:featuredmedia":[{"embeddable":true,"href":"https:\/\/www.altominho.tv\/site\/wp-json\/wp\/v2\/media\/96541"}],"wp:attachment":[{"href":"https:\/\/www.altominho.tv\/site\/wp-json\/wp\/v2\/media?parent=96540"}],"wp:term":[{"taxonomy":"category","embeddable":true,"href":"https:\/\/www.altominho.tv\/site\/wp-json\/wp\/v2\/categories?post=96540"},{"taxonomy":"post_tag","embeddable":true,"href":"https:\/\/www.altominho.tv\/site\/wp-json\/wp\/v2\/tags?post=96540"}],"curies":[{"name":"wp","href":"https:\/\/api.w.org\/{rel}","templated":true}]}}