{"id":96447,"date":"2023-09-13T12:18:28","date_gmt":"2023-09-13T11:18:28","guid":{"rendered":"https:\/\/www.altominho.tv\/site\/?p=96447"},"modified":"2023-09-13T12:18:32","modified_gmt":"2023-09-13T11:18:32","slug":"atividades-assinalam-mes-do-cordeiro-a-moda-de-moncao","status":"publish","type":"post","link":"https:\/\/www.altominho.tv\/site\/2023\/09\/13\/atividades-assinalam-mes-do-cordeiro-a-moda-de-moncao\/","title":{"rendered":"Atividades assinalam m\u00eas do Cordeiro \u00e0 Moda de Mon\u00e7\u00e3o"},"content":{"rendered":"\n<p>O Cordeiro \u00e0 Moda de Mon\u00e7\u00e3o, conhecido como \u201cFoda \u00e0 Mon\u00e7\u00e3o\u201d, distinguido como uma das 7 maravilhas da gastronomia nacional, ser\u00e1 confecionado e servido em 23 restaurantes do concelho, durante os dias 7,8, 14 e 15 de outubro.<\/p>\n\n\n\n<p>Quem visitar um deles, recebe um voucher com a oferta de um pequeno alguidar de barro e degusta\u00e7\u00e3o do doce \u201cRoscas de Mon\u00e7\u00e3o\u201d.<\/p>\n\n\n\n<p>Durante os dias designados, esta inciativa engloba exposi\u00e7\u00f5es, confer\u00eancias, anima\u00e7\u00e3o popular, visitas guiadas, ateli\u00eas de culin\u00e1ria e atividades l\u00fadicas para todos os p\u00fablicos, tendo como objetivo &#8220;proporcionar um conjunto de atividades complementares que possibilitem a passagem de um dia feliz, com a fam\u00edlia ou entre amigos, no concelho de Mon\u00e7\u00e3o, um destino maravilhoso&#8221; divulga a autarquia.<\/p>\n\n\n\n<p>Entre os dias 7 e 31 de outubro, o Museu Mon\u00e7\u00e3o &amp; Mem\u00f3rias recebe a exposi\u00e7\u00e3o \u201cCiclo do Cordeiro\u201d. No domingo, dia 8, pelas 10h30, est\u00e1 prevista a iniciativa \u201cCaminho da Ronda\u201d, visita guiada pela fortaleza de Mon\u00e7\u00e3o. No domingo seguinte, dia 15, no Museu Alvarinho, realiza-se a mesa redonda \u201cHist\u00f3rias do Cordeiro\u201d.<\/p>\n\n\n\n<p>No dia 14, s\u00e1bado, pelas 11h30, celebra-se o V Cap\u00edtulo da Entroniza\u00e7\u00e3o da Confraria da Foda de Pias, no Cine Teatro Jo\u00e3o Verde. Decorre, tamb\u00e9m, o habitual desfile pelas ruas do centro hist\u00f3rico da vila. &#8220;Um momento colorido de boas vindas aos novos elementos que, pela primeira vez, vestem o traje da confraria&#8221; afirma o Munic\u00edpio.<\/p>\n\n\n\n<p>As noites ser\u00e3o preenchidas com concerto da Banda Musical de Mon\u00e7\u00e3o, no dia 7, s\u00e1bado, pelas 21h30, no Cine Teatro Jo\u00e3o Verde, e atua\u00e7\u00e3o do grupo \u201cSons do Minho\u201d, no dia 14, pelas 22h30, na Pra\u00e7a Deu-la-Deu Martins.\u00a0<\/p>\n\n\n\n<p>A edi\u00e7\u00e3o deste ano assinala, tamb\u00e9m, um interc\u00e2mbio culin\u00e1rio, onde se d\u00e1 a conhecer a confe\u00e7\u00e3o das \u201cRoscas de Mon\u00e7\u00e3o\u201d, bem como a do\u00e7aria tradicional da Venezuela, Brasil, Angola e Ucr\u00e2nia. Em cada dia, no Museu Alvarinho, pelas 15h30, ter\u00e1 lugar um workshop dedicado aos quatro pa\u00edses.<\/p>\n","protected":false},"excerpt":{"rendered":"<p>O Cordeiro \u00e0 Moda de Mon\u00e7\u00e3o, conhecido como \u201cFoda \u00e0 Mon\u00e7\u00e3o\u201d, distinguido como uma das 7 maravilhas da gastronomia nacional, ser\u00e1 confecionado e servido em 23 restaurantes do concelho, durante os dias 7,8, 14 e 15 de outubro. Quem visitar um deles, recebe um voucher com a oferta de um pequeno alguidar de barro e [&hellip;]<\/p>\n","protected":false},"author":28,"featured_media":96451,"comment_status":"closed","ping_status":"closed","sticky":false,"template":"","format":"standard","meta":{"_exactmetrics_skip_tracking":false,"_exactmetrics_sitenote_active":false,"_exactmetrics_sitenote_note":"","_exactmetrics_sitenote_category":0,"footnotes":""},"categories":[9],"tags":[81,23],"class_list":["post-96447","post","type-post","status-publish","format-standard","has-post-thumbnail","hentry","category-moncao","tag-gastronomia","tag-gente"],"yoast_head":"<!-- This site is optimized with the Yoast SEO Premium plugin v27.5 (Yoast SEO v27.5) - https:\/\/yoast.com\/product\/yoast-seo-premium-wordpress\/ -->\n<title>Atividades assinalam m\u00eas do Cordeiro \u00e0 Moda de Mon\u00e7\u00e3o<\/title>\n<meta name=\"description\" content=\"O Cordeiro \u00e0 Moda de Mon\u00e7\u00e3o, conhecido como \u201cFoda \u00e0 Mon\u00e7\u00e3o\u201d, distinguido como uma das 7 maravilhas da gastronomia nacional, ser\u00e1 confecionado e servido em 23 restaurantes do concelho, durante os dias 7,8, 14 e 15 de outubro\" \/>\n<meta name=\"robots\" content=\"index, follow, max-snippet:-1, max-image-preview:large, max-video-preview:-1\" \/>\n<link rel=\"canonical\" href=\"https:\/\/www.altominho.tv\/site\/2023\/09\/13\/atividades-assinalam-mes-do-cordeiro-a-moda-de-moncao\/\" \/>\n<meta property=\"og:locale\" content=\"pt_PT\" \/>\n<meta property=\"og:type\" content=\"article\" \/>\n<meta property=\"og:title\" content=\"Atividades assinalam m\u00eas do Cordeiro \u00e0 Moda de Mon\u00e7\u00e3o\" \/>\n<meta property=\"og:description\" content=\"O Cordeiro \u00e0 Moda de Mon\u00e7\u00e3o, conhecido como \u201cFoda \u00e0 Mon\u00e7\u00e3o\u201d, distinguido como uma das 7 maravilhas da gastronomia nacional, ser\u00e1 confecionado e servido em 23 restaurantes do concelho, durante os dias 7,8, 14 e 15 de outubro\" \/>\n<meta property=\"og:url\" content=\"https:\/\/www.altominho.tv\/site\/2023\/09\/13\/atividades-assinalam-mes-do-cordeiro-a-moda-de-moncao\/\" \/>\n<meta property=\"og:site_name\" content=\"Altominho.tv\" \/>\n<meta property=\"article:publisher\" content=\"https:\/\/www.facebook.com\/altominhotv\" \/>\n<meta property=\"article:published_time\" content=\"2023-09-13T11:18:28+00:00\" \/>\n<meta property=\"article:modified_time\" content=\"2023-09-13T11:18:32+00:00\" \/>\n<meta property=\"og:image\" content=\"https:\/\/www.altominho.tv\/site\/wp-content\/uploads\/2023\/09\/cordeiro_01.jpg\" \/>\n\t<meta property=\"og:image:width\" content=\"1466\" \/>\n\t<meta property=\"og:image:height\" content=\"825\" \/>\n\t<meta property=\"og:image:type\" content=\"image\/jpeg\" \/>\n<meta name=\"author\" content=\"Beatriz Lira\" \/>\n<meta name=\"twitter:card\" content=\"summary_large_image\" \/>\n<meta name=\"twitter:creator\" content=\"@altominhoTV\" \/>\n<meta name=\"twitter:site\" content=\"@altominhoTV\" \/>\n<meta name=\"twitter:label1\" content=\"Escrito por\" \/>\n\t<meta name=\"twitter:data1\" content=\"Beatriz Lira\" \/>\n\t<meta name=\"twitter:label2\" content=\"Tempo estimado de leitura\" \/>\n\t<meta name=\"twitter:data2\" content=\"2 minutos\" \/>\n<script type=\"application\/ld+json\" class=\"yoast-schema-graph\">{\"@context\":\"https:\\\/\\\/schema.org\",\"@graph\":[{\"@type\":\"Article\",\"@id\":\"https:\\\/\\\/www.altominho.tv\\\/site\\\/2023\\\/09\\\/13\\\/atividades-assinalam-mes-do-cordeiro-a-moda-de-moncao\\\/#article\",\"isPartOf\":{\"@id\":\"https:\\\/\\\/www.altominho.tv\\\/site\\\/2023\\\/09\\\/13\\\/atividades-assinalam-mes-do-cordeiro-a-moda-de-moncao\\\/\"},\"author\":{\"name\":\"Beatriz Lira\",\"@id\":\"https:\\\/\\\/www.altominho.tv\\\/site\\\/#\\\/schema\\\/person\\\/f95a2097796cf4462fe1e476cddc40e4\"},\"headline\":\"Atividades assinalam m\u00eas do Cordeiro \u00e0 Moda de Mon\u00e7\u00e3o\",\"datePublished\":\"2023-09-13T11:18:28+00:00\",\"dateModified\":\"2023-09-13T11:18:32+00:00\",\"mainEntityOfPage\":{\"@id\":\"https:\\\/\\\/www.altominho.tv\\\/site\\\/2023\\\/09\\\/13\\\/atividades-assinalam-mes-do-cordeiro-a-moda-de-moncao\\\/\"},\"wordCount\":347,\"image\":{\"@id\":\"https:\\\/\\\/www.altominho.tv\\\/site\\\/2023\\\/09\\\/13\\\/atividades-assinalam-mes-do-cordeiro-a-moda-de-moncao\\\/#primaryimage\"},\"thumbnailUrl\":\"https:\\\/\\\/www.altominho.tv\\\/site\\\/wp-content\\\/uploads\\\/2023\\\/09\\\/cordeiro_01.jpg\",\"keywords\":[\"Gastronomia\",\"Gente\"],\"articleSection\":[\"Mon\u00e7\u00e3o\"],\"inLanguage\":\"pt-PT\",\"copyrightYear\":\"2023\",\"copyrightHolder\":{\"@id\":\"https:\\\/\\\/www.altominho.tv\\\/site\\\/#organization\"}},{\"@type\":\"WebPage\",\"@id\":\"https:\\\/\\\/www.altominho.tv\\\/site\\\/2023\\\/09\\\/13\\\/atividades-assinalam-mes-do-cordeiro-a-moda-de-moncao\\\/\",\"url\":\"https:\\\/\\\/www.altominho.tv\\\/site\\\/2023\\\/09\\\/13\\\/atividades-assinalam-mes-do-cordeiro-a-moda-de-moncao\\\/\",\"name\":\"Atividades assinalam m\u00eas do Cordeiro \u00e0 Moda de Mon\u00e7\u00e3o\",\"isPartOf\":{\"@id\":\"https:\\\/\\\/www.altominho.tv\\\/site\\\/#website\"},\"primaryImageOfPage\":{\"@id\":\"https:\\\/\\\/www.altominho.tv\\\/site\\\/2023\\\/09\\\/13\\\/atividades-assinalam-mes-do-cordeiro-a-moda-de-moncao\\\/#primaryimage\"},\"image\":{\"@id\":\"https:\\\/\\\/www.altominho.tv\\\/site\\\/2023\\\/09\\\/13\\\/atividades-assinalam-mes-do-cordeiro-a-moda-de-moncao\\\/#primaryimage\"},\"thumbnailUrl\":\"https:\\\/\\\/www.altominho.tv\\\/site\\\/wp-content\\\/uploads\\\/2023\\\/09\\\/cordeiro_01.jpg\",\"datePublished\":\"2023-09-13T11:18:28+00:00\",\"dateModified\":\"2023-09-13T11:18:32+00:00\",\"author\":{\"@id\":\"https:\\\/\\\/www.altominho.tv\\\/site\\\/#\\\/schema\\\/person\\\/f95a2097796cf4462fe1e476cddc40e4\"},\"description\":\"O Cordeiro \u00e0 Moda de Mon\u00e7\u00e3o, conhecido como \u201cFoda \u00e0 Mon\u00e7\u00e3o\u201d, distinguido como uma das 7 maravilhas da gastronomia nacional, ser\u00e1 confecionado e servido em 23 restaurantes do concelho, durante os dias 7,8, 14 e 15 de outubro\",\"breadcrumb\":{\"@id\":\"https:\\\/\\\/www.altominho.tv\\\/site\\\/2023\\\/09\\\/13\\\/atividades-assinalam-mes-do-cordeiro-a-moda-de-moncao\\\/#breadcrumb\"},\"inLanguage\":\"pt-PT\",\"potentialAction\":[{\"@type\":\"ReadAction\",\"target\":[\"https:\\\/\\\/www.altominho.tv\\\/site\\\/2023\\\/09\\\/13\\\/atividades-assinalam-mes-do-cordeiro-a-moda-de-moncao\\\/\"]}]},{\"@type\":\"ImageObject\",\"inLanguage\":\"pt-PT\",\"@id\":\"https:\\\/\\\/www.altominho.tv\\\/site\\\/2023\\\/09\\\/13\\\/atividades-assinalam-mes-do-cordeiro-a-moda-de-moncao\\\/#primaryimage\",\"url\":\"https:\\\/\\\/www.altominho.tv\\\/site\\\/wp-content\\\/uploads\\\/2023\\\/09\\\/cordeiro_01.jpg\",\"contentUrl\":\"https:\\\/\\\/www.altominho.tv\\\/site\\\/wp-content\\\/uploads\\\/2023\\\/09\\\/cordeiro_01.jpg\",\"width\":1466,\"height\":825},{\"@type\":\"BreadcrumbList\",\"@id\":\"https:\\\/\\\/www.altominho.tv\\\/site\\\/2023\\\/09\\\/13\\\/atividades-assinalam-mes-do-cordeiro-a-moda-de-moncao\\\/#breadcrumb\",\"itemListElement\":[{\"@type\":\"ListItem\",\"position\":1,\"name\":\"In\u00edcio\",\"item\":\"https:\\\/\\\/www.altominho.tv\\\/site\\\/\"},{\"@type\":\"ListItem\",\"position\":2,\"name\":\"Atividades assinalam m\u00eas do Cordeiro \u00e0 Moda de Mon\u00e7\u00e3o\"}]},{\"@type\":\"WebSite\",\"@id\":\"https:\\\/\\\/www.altominho.tv\\\/site\\\/#website\",\"url\":\"https:\\\/\\\/www.altominho.tv\\\/site\\\/\",\"name\":\"Altominho.tv\",\"description\":\"A sua regi\u00e3o \u00e0 dist\u00e2ncia de um clique...\",\"potentialAction\":[{\"@type\":\"SearchAction\",\"target\":{\"@type\":\"EntryPoint\",\"urlTemplate\":\"https:\\\/\\\/www.altominho.tv\\\/site\\\/?s={search_term_string}\"},\"query-input\":{\"@type\":\"PropertyValueSpecification\",\"valueRequired\":true,\"valueName\":\"search_term_string\"}}],\"inLanguage\":\"pt-PT\"},{\"@type\":\"Person\",\"@id\":\"https:\\\/\\\/www.altominho.tv\\\/site\\\/#\\\/schema\\\/person\\\/f95a2097796cf4462fe1e476cddc40e4\",\"name\":\"Beatriz Lira\",\"image\":{\"@type\":\"ImageObject\",\"inLanguage\":\"pt-PT\",\"@id\":\"https:\\\/\\\/www.altominho.tv\\\/site\\\/wp-content\\\/uploads\\\/2023\\\/03\\\/Screenshot_20230306-141220_Photos-150x150.jpg\",\"url\":\"https:\\\/\\\/www.altominho.tv\\\/site\\\/wp-content\\\/uploads\\\/2023\\\/03\\\/Screenshot_20230306-141220_Photos-150x150.jpg\",\"contentUrl\":\"https:\\\/\\\/www.altominho.tv\\\/site\\\/wp-content\\\/uploads\\\/2023\\\/03\\\/Screenshot_20230306-141220_Photos-150x150.jpg\",\"caption\":\"Beatriz Lira\"},\"url\":\"https:\\\/\\\/www.altominho.tv\\\/site\\\/author\\\/beatriz\\\/\"}]}<\/script>\n<!-- \/ Yoast SEO Premium plugin. -->","yoast_head_json":{"title":"Atividades assinalam m\u00eas do Cordeiro \u00e0 Moda de Mon\u00e7\u00e3o","description":"O Cordeiro \u00e0 Moda de Mon\u00e7\u00e3o, conhecido como \u201cFoda \u00e0 Mon\u00e7\u00e3o\u201d, distinguido como uma das 7 maravilhas da gastronomia nacional, ser\u00e1 confecionado e servido em 23 restaurantes do concelho, durante os dias 7,8, 14 e 15 de outubro","robots":{"index":"index","follow":"follow","max-snippet":"max-snippet:-1","max-image-preview":"max-image-preview:large","max-video-preview":"max-video-preview:-1"},"canonical":"https:\/\/www.altominho.tv\/site\/2023\/09\/13\/atividades-assinalam-mes-do-cordeiro-a-moda-de-moncao\/","og_locale":"pt_PT","og_type":"article","og_title":"Atividades assinalam m\u00eas do Cordeiro \u00e0 Moda de Mon\u00e7\u00e3o","og_description":"O Cordeiro \u00e0 Moda de Mon\u00e7\u00e3o, conhecido como \u201cFoda \u00e0 Mon\u00e7\u00e3o\u201d, distinguido como uma das 7 maravilhas da gastronomia nacional, ser\u00e1 confecionado e servido em 23 restaurantes do concelho, durante os dias 7,8, 14 e 15 de outubro","og_url":"https:\/\/www.altominho.tv\/site\/2023\/09\/13\/atividades-assinalam-mes-do-cordeiro-a-moda-de-moncao\/","og_site_name":"Altominho.tv","article_publisher":"https:\/\/www.facebook.com\/altominhotv","article_published_time":"2023-09-13T11:18:28+00:00","article_modified_time":"2023-09-13T11:18:32+00:00","og_image":[{"width":1466,"height":825,"url":"https:\/\/www.altominho.tv\/site\/wp-content\/uploads\/2023\/09\/cordeiro_01.jpg","type":"image\/jpeg"}],"author":"Beatriz Lira","twitter_card":"summary_large_image","twitter_creator":"@altominhoTV","twitter_site":"@altominhoTV","twitter_misc":{"Escrito por":"Beatriz Lira","Tempo estimado de leitura":"2 minutos"},"schema":{"@context":"https:\/\/schema.org","@graph":[{"@type":"Article","@id":"https:\/\/www.altominho.tv\/site\/2023\/09\/13\/atividades-assinalam-mes-do-cordeiro-a-moda-de-moncao\/#article","isPartOf":{"@id":"https:\/\/www.altominho.tv\/site\/2023\/09\/13\/atividades-assinalam-mes-do-cordeiro-a-moda-de-moncao\/"},"author":{"name":"Beatriz Lira","@id":"https:\/\/www.altominho.tv\/site\/#\/schema\/person\/f95a2097796cf4462fe1e476cddc40e4"},"headline":"Atividades assinalam m\u00eas do Cordeiro \u00e0 Moda de Mon\u00e7\u00e3o","datePublished":"2023-09-13T11:18:28+00:00","dateModified":"2023-09-13T11:18:32+00:00","mainEntityOfPage":{"@id":"https:\/\/www.altominho.tv\/site\/2023\/09\/13\/atividades-assinalam-mes-do-cordeiro-a-moda-de-moncao\/"},"wordCount":347,"image":{"@id":"https:\/\/www.altominho.tv\/site\/2023\/09\/13\/atividades-assinalam-mes-do-cordeiro-a-moda-de-moncao\/#primaryimage"},"thumbnailUrl":"https:\/\/www.altominho.tv\/site\/wp-content\/uploads\/2023\/09\/cordeiro_01.jpg","keywords":["Gastronomia","Gente"],"articleSection":["Mon\u00e7\u00e3o"],"inLanguage":"pt-PT","copyrightYear":"2023","copyrightHolder":{"@id":"https:\/\/www.altominho.tv\/site\/#organization"}},{"@type":"WebPage","@id":"https:\/\/www.altominho.tv\/site\/2023\/09\/13\/atividades-assinalam-mes-do-cordeiro-a-moda-de-moncao\/","url":"https:\/\/www.altominho.tv\/site\/2023\/09\/13\/atividades-assinalam-mes-do-cordeiro-a-moda-de-moncao\/","name":"Atividades assinalam m\u00eas do Cordeiro \u00e0 Moda de Mon\u00e7\u00e3o","isPartOf":{"@id":"https:\/\/www.altominho.tv\/site\/#website"},"primaryImageOfPage":{"@id":"https:\/\/www.altominho.tv\/site\/2023\/09\/13\/atividades-assinalam-mes-do-cordeiro-a-moda-de-moncao\/#primaryimage"},"image":{"@id":"https:\/\/www.altominho.tv\/site\/2023\/09\/13\/atividades-assinalam-mes-do-cordeiro-a-moda-de-moncao\/#primaryimage"},"thumbnailUrl":"https:\/\/www.altominho.tv\/site\/wp-content\/uploads\/2023\/09\/cordeiro_01.jpg","datePublished":"2023-09-13T11:18:28+00:00","dateModified":"2023-09-13T11:18:32+00:00","author":{"@id":"https:\/\/www.altominho.tv\/site\/#\/schema\/person\/f95a2097796cf4462fe1e476cddc40e4"},"description":"O Cordeiro \u00e0 Moda de Mon\u00e7\u00e3o, conhecido como \u201cFoda \u00e0 Mon\u00e7\u00e3o\u201d, distinguido como uma das 7 maravilhas da gastronomia nacional, ser\u00e1 confecionado e servido em 23 restaurantes do concelho, durante os dias 7,8, 14 e 15 de outubro","breadcrumb":{"@id":"https:\/\/www.altominho.tv\/site\/2023\/09\/13\/atividades-assinalam-mes-do-cordeiro-a-moda-de-moncao\/#breadcrumb"},"inLanguage":"pt-PT","potentialAction":[{"@type":"ReadAction","target":["https:\/\/www.altominho.tv\/site\/2023\/09\/13\/atividades-assinalam-mes-do-cordeiro-a-moda-de-moncao\/"]}]},{"@type":"ImageObject","inLanguage":"pt-PT","@id":"https:\/\/www.altominho.tv\/site\/2023\/09\/13\/atividades-assinalam-mes-do-cordeiro-a-moda-de-moncao\/#primaryimage","url":"https:\/\/www.altominho.tv\/site\/wp-content\/uploads\/2023\/09\/cordeiro_01.jpg","contentUrl":"https:\/\/www.altominho.tv\/site\/wp-content\/uploads\/2023\/09\/cordeiro_01.jpg","width":1466,"height":825},{"@type":"BreadcrumbList","@id":"https:\/\/www.altominho.tv\/site\/2023\/09\/13\/atividades-assinalam-mes-do-cordeiro-a-moda-de-moncao\/#breadcrumb","itemListElement":[{"@type":"ListItem","position":1,"name":"In\u00edcio","item":"https:\/\/www.altominho.tv\/site\/"},{"@type":"ListItem","position":2,"name":"Atividades assinalam m\u00eas do Cordeiro \u00e0 Moda de Mon\u00e7\u00e3o"}]},{"@type":"WebSite","@id":"https:\/\/www.altominho.tv\/site\/#website","url":"https:\/\/www.altominho.tv\/site\/","name":"Altominho.tv","description":"A sua regi\u00e3o \u00e0 dist\u00e2ncia de um clique...","potentialAction":[{"@type":"SearchAction","target":{"@type":"EntryPoint","urlTemplate":"https:\/\/www.altominho.tv\/site\/?s={search_term_string}"},"query-input":{"@type":"PropertyValueSpecification","valueRequired":true,"valueName":"search_term_string"}}],"inLanguage":"pt-PT"},{"@type":"Person","@id":"https:\/\/www.altominho.tv\/site\/#\/schema\/person\/f95a2097796cf4462fe1e476cddc40e4","name":"Beatriz Lira","image":{"@type":"ImageObject","inLanguage":"pt-PT","@id":"https:\/\/www.altominho.tv\/site\/wp-content\/uploads\/2023\/03\/Screenshot_20230306-141220_Photos-150x150.jpg","url":"https:\/\/www.altominho.tv\/site\/wp-content\/uploads\/2023\/03\/Screenshot_20230306-141220_Photos-150x150.jpg","contentUrl":"https:\/\/www.altominho.tv\/site\/wp-content\/uploads\/2023\/03\/Screenshot_20230306-141220_Photos-150x150.jpg","caption":"Beatriz Lira"},"url":"https:\/\/www.altominho.tv\/site\/author\/beatriz\/"}]}},"_links":{"self":[{"href":"https:\/\/www.altominho.tv\/site\/wp-json\/wp\/v2\/posts\/96447","targetHints":{"allow":["GET"]}}],"collection":[{"href":"https:\/\/www.altominho.tv\/site\/wp-json\/wp\/v2\/posts"}],"about":[{"href":"https:\/\/www.altominho.tv\/site\/wp-json\/wp\/v2\/types\/post"}],"author":[{"embeddable":true,"href":"https:\/\/www.altominho.tv\/site\/wp-json\/wp\/v2\/users\/28"}],"replies":[{"embeddable":true,"href":"https:\/\/www.altominho.tv\/site\/wp-json\/wp\/v2\/comments?post=96447"}],"version-history":[{"count":2,"href":"https:\/\/www.altominho.tv\/site\/wp-json\/wp\/v2\/posts\/96447\/revisions"}],"predecessor-version":[{"id":96453,"href":"https:\/\/www.altominho.tv\/site\/wp-json\/wp\/v2\/posts\/96447\/revisions\/96453"}],"wp:featuredmedia":[{"embeddable":true,"href":"https:\/\/www.altominho.tv\/site\/wp-json\/wp\/v2\/media\/96451"}],"wp:attachment":[{"href":"https:\/\/www.altominho.tv\/site\/wp-json\/wp\/v2\/media?parent=96447"}],"wp:term":[{"taxonomy":"category","embeddable":true,"href":"https:\/\/www.altominho.tv\/site\/wp-json\/wp\/v2\/categories?post=96447"},{"taxonomy":"post_tag","embeddable":true,"href":"https:\/\/www.altominho.tv\/site\/wp-json\/wp\/v2\/tags?post=96447"}],"curies":[{"name":"wp","href":"https:\/\/api.w.org\/{rel}","templated":true}]}}