{"id":96386,"date":"2023-09-12T10:35:28","date_gmt":"2023-09-12T09:35:28","guid":{"rendered":"https:\/\/www.altominho.tv\/site\/?p=96386"},"modified":"2023-09-12T10:46:27","modified_gmt":"2023-09-12T09:46:27","slug":"investimento-de-340-mil-euros-para-requalificar-rede-viaria-de-tres-freguesias","status":"publish","type":"post","link":"https:\/\/www.altominho.tv\/site\/2023\/09\/12\/investimento-de-340-mil-euros-para-requalificar-rede-viaria-de-tres-freguesias\/","title":{"rendered":"Investimento de 340 mil euros para requalificar rede vi\u00e1ria de tr\u00eas freguesias"},"content":{"rendered":"<p>O Caminho Central, em Cambeses, a Estrada do Pinheiro, em Sago, e a Rua da Separra\/Valinha, em Moreira, com liga\u00e7\u00e3o a Pias, v\u00e3o ser objeto de requalifica\u00e7\u00e3o, representando um investimento de 336.275,07 euros (IVA inclu\u00eddo).<\/p>\n<p>As interven\u00e7\u00f5es, com uma extens\u00e3o global de 2100 metros,\u00a0 enquadram-se num plano global de requalifica\u00e7\u00e3o da rede vi\u00e1ria de Mon\u00e7\u00e3o, cujo montante total ascende a 1.8 milh\u00f5es de euros.<\/p>\n<p>Constantes no Plano Plurianual de Investimentos, estas empreitadas contemplam, al\u00e9m da reposi\u00e7\u00e3o de um novo pavimento, melhoramento nas redes de saneamento e abastecimento de \u00e1gua, sistema de drenagem das \u00e1guas pluviais e sinaliza\u00e7\u00e3o.<\/p>\n<p>Os trabalhos, entregues \u00e0 empresa \u201cHabimon\u00e7\u00e3o, Constru\u00e7\u00f5es Lda\u201d, iniciam-se brevemente.<\/p>\n<p>&#8220;Valorizando as liga\u00e7\u00f5es entre as freguesias, a beneficia\u00e7\u00e3o destes tra\u00e7ados rodovi\u00e1rios promove o bem-estar e a qualidade de vida das popula\u00e7\u00f5es locais, contribuindo para a fixa\u00e7\u00e3o das pessoas nos seus locais de origem e, potencialmente, para a atra\u00e7\u00e3o de novos moradores&#8221;, refere a autarquia.<\/p>\n","protected":false},"excerpt":{"rendered":"<p>O Caminho Central, em Cambeses, a Estrada do Pinheiro, em Sago, e a Rua da Separra\/Valinha, em Moreira, com liga\u00e7\u00e3o a Pias, v\u00e3o ser objeto de requalifica\u00e7\u00e3o, representando um investimento de 336.275,07 euros (IVA inclu\u00eddo). As interven\u00e7\u00f5es, com uma extens\u00e3o global de 2100 metros,\u00a0 enquadram-se num plano global de requalifica\u00e7\u00e3o da rede vi\u00e1ria de Mon\u00e7\u00e3o, [&hellip;]<\/p>\n","protected":false},"author":1,"featured_media":96387,"comment_status":"closed","ping_status":"closed","sticky":false,"template":"","format":"standard","meta":{"_exactmetrics_skip_tracking":false,"_exactmetrics_sitenote_active":false,"_exactmetrics_sitenote_note":"","_exactmetrics_sitenote_category":0,"footnotes":""},"categories":[9],"tags":[27],"class_list":["post-96386","post","type-post","status-publish","format-standard","has-post-thumbnail","hentry","category-moncao","tag-sociedade"],"yoast_head":"<!-- This site is optimized with the Yoast SEO Premium plugin v27.5 (Yoast SEO v27.5) - https:\/\/yoast.com\/product\/yoast-seo-premium-wordpress\/ -->\n<title>Investimento de 340 mil euros para requalificar rede vi\u00e1ria de tr\u00eas freguesias<\/title>\n<meta name=\"description\" content=\"O Caminho Central, em Cambeses, a Estrada do Pinheiro, em Sago, e a Rua da Separra\/Valinha, em Moreira, com liga\u00e7\u00e3o a Pias, v\u00e3o ser objeto de requalifica\u00e7\u00e3o, representando um investimento de 336.275,07 euros (IVA inclu\u00eddo).\" \/>\n<meta name=\"robots\" content=\"index, follow, max-snippet:-1, max-image-preview:large, max-video-preview:-1\" \/>\n<link rel=\"canonical\" href=\"https:\/\/www.altominho.tv\/site\/2023\/09\/12\/investimento-de-340-mil-euros-para-requalificar-rede-viaria-de-tres-freguesias\/\" \/>\n<meta property=\"og:locale\" content=\"pt_PT\" \/>\n<meta property=\"og:type\" content=\"article\" \/>\n<meta property=\"og:title\" content=\"Investimento de 340 mil euros para requalificar rede vi\u00e1ria de tr\u00eas freguesias\" \/>\n<meta property=\"og:description\" content=\"O Caminho Central, em Cambeses, a Estrada do Pinheiro, em Sago, e a Rua da Separra\/Valinha, em Moreira, com liga\u00e7\u00e3o a Pias, v\u00e3o ser objeto de requalifica\u00e7\u00e3o, representando um investimento de 336.275,07 euros (IVA inclu\u00eddo).\" \/>\n<meta property=\"og:url\" content=\"https:\/\/www.altominho.tv\/site\/2023\/09\/12\/investimento-de-340-mil-euros-para-requalificar-rede-viaria-de-tres-freguesias\/\" \/>\n<meta property=\"og:site_name\" content=\"Altominho.tv\" \/>\n<meta property=\"article:publisher\" content=\"https:\/\/www.facebook.com\/altominhotv\" \/>\n<meta property=\"article:published_time\" content=\"2023-09-12T09:35:28+00:00\" \/>\n<meta property=\"article:modified_time\" content=\"2023-09-12T09:46:27+00:00\" \/>\n<meta property=\"og:image\" content=\"https:\/\/www.altominho.tv\/site\/wp-content\/uploads\/2023\/09\/obras-estrada.jpeg\" \/>\n\t<meta property=\"og:image:width\" content=\"1024\" \/>\n\t<meta property=\"og:image:height\" content=\"619\" \/>\n\t<meta property=\"og:image:type\" content=\"image\/jpeg\" \/>\n<meta name=\"author\" content=\"Altominho.tv\" \/>\n<meta name=\"twitter:card\" content=\"summary_large_image\" \/>\n<meta name=\"twitter:creator\" content=\"@altominhoTV\" \/>\n<meta name=\"twitter:site\" content=\"@altominhoTV\" \/>\n<meta name=\"twitter:label1\" content=\"Escrito por\" \/>\n\t<meta name=\"twitter:data1\" content=\"Altominho.tv\" \/>\n\t<meta name=\"twitter:label2\" content=\"Tempo estimado de leitura\" \/>\n\t<meta name=\"twitter:data2\" content=\"1 minuto\" \/>\n<script type=\"application\/ld+json\" class=\"yoast-schema-graph\">{\"@context\":\"https:\\\/\\\/schema.org\",\"@graph\":[{\"@type\":\"Article\",\"@id\":\"https:\\\/\\\/www.altominho.tv\\\/site\\\/2023\\\/09\\\/12\\\/investimento-de-340-mil-euros-para-requalificar-rede-viaria-de-tres-freguesias\\\/#article\",\"isPartOf\":{\"@id\":\"https:\\\/\\\/www.altominho.tv\\\/site\\\/2023\\\/09\\\/12\\\/investimento-de-340-mil-euros-para-requalificar-rede-viaria-de-tres-freguesias\\\/\"},\"author\":{\"name\":\"Altominho.tv\",\"@id\":\"https:\\\/\\\/www.altominho.tv\\\/site\\\/#\\\/schema\\\/person\\\/4e536851627d7914baf3dac752b6af22\"},\"headline\":\"Investimento de 340 mil euros para requalificar rede vi\u00e1ria de tr\u00eas freguesias\",\"datePublished\":\"2023-09-12T09:35:28+00:00\",\"dateModified\":\"2023-09-12T09:46:27+00:00\",\"mainEntityOfPage\":{\"@id\":\"https:\\\/\\\/www.altominho.tv\\\/site\\\/2023\\\/09\\\/12\\\/investimento-de-340-mil-euros-para-requalificar-rede-viaria-de-tres-freguesias\\\/\"},\"wordCount\":183,\"image\":{\"@id\":\"https:\\\/\\\/www.altominho.tv\\\/site\\\/2023\\\/09\\\/12\\\/investimento-de-340-mil-euros-para-requalificar-rede-viaria-de-tres-freguesias\\\/#primaryimage\"},\"thumbnailUrl\":\"https:\\\/\\\/www.altominho.tv\\\/site\\\/wp-content\\\/uploads\\\/2023\\\/09\\\/obras-estrada.jpeg\",\"keywords\":[\"Sociedade\"],\"articleSection\":[\"Mon\u00e7\u00e3o\"],\"inLanguage\":\"pt-PT\",\"copyrightYear\":\"2023\",\"copyrightHolder\":{\"@id\":\"https:\\\/\\\/www.altominho.tv\\\/site\\\/#organization\"}},{\"@type\":\"WebPage\",\"@id\":\"https:\\\/\\\/www.altominho.tv\\\/site\\\/2023\\\/09\\\/12\\\/investimento-de-340-mil-euros-para-requalificar-rede-viaria-de-tres-freguesias\\\/\",\"url\":\"https:\\\/\\\/www.altominho.tv\\\/site\\\/2023\\\/09\\\/12\\\/investimento-de-340-mil-euros-para-requalificar-rede-viaria-de-tres-freguesias\\\/\",\"name\":\"Investimento de 340 mil euros para requalificar rede vi\u00e1ria de tr\u00eas freguesias\",\"isPartOf\":{\"@id\":\"https:\\\/\\\/www.altominho.tv\\\/site\\\/#website\"},\"primaryImageOfPage\":{\"@id\":\"https:\\\/\\\/www.altominho.tv\\\/site\\\/2023\\\/09\\\/12\\\/investimento-de-340-mil-euros-para-requalificar-rede-viaria-de-tres-freguesias\\\/#primaryimage\"},\"image\":{\"@id\":\"https:\\\/\\\/www.altominho.tv\\\/site\\\/2023\\\/09\\\/12\\\/investimento-de-340-mil-euros-para-requalificar-rede-viaria-de-tres-freguesias\\\/#primaryimage\"},\"thumbnailUrl\":\"https:\\\/\\\/www.altominho.tv\\\/site\\\/wp-content\\\/uploads\\\/2023\\\/09\\\/obras-estrada.jpeg\",\"datePublished\":\"2023-09-12T09:35:28+00:00\",\"dateModified\":\"2023-09-12T09:46:27+00:00\",\"author\":{\"@id\":\"https:\\\/\\\/www.altominho.tv\\\/site\\\/#\\\/schema\\\/person\\\/4e536851627d7914baf3dac752b6af22\"},\"description\":\"O Caminho Central, em Cambeses, a Estrada do Pinheiro, em Sago, e a Rua da Separra\\\/Valinha, em Moreira, com liga\u00e7\u00e3o a Pias, v\u00e3o ser objeto de requalifica\u00e7\u00e3o, representando um investimento de 336.275,07 euros (IVA inclu\u00eddo).\",\"breadcrumb\":{\"@id\":\"https:\\\/\\\/www.altominho.tv\\\/site\\\/2023\\\/09\\\/12\\\/investimento-de-340-mil-euros-para-requalificar-rede-viaria-de-tres-freguesias\\\/#breadcrumb\"},\"inLanguage\":\"pt-PT\",\"potentialAction\":[{\"@type\":\"ReadAction\",\"target\":[\"https:\\\/\\\/www.altominho.tv\\\/site\\\/2023\\\/09\\\/12\\\/investimento-de-340-mil-euros-para-requalificar-rede-viaria-de-tres-freguesias\\\/\"]}]},{\"@type\":\"ImageObject\",\"inLanguage\":\"pt-PT\",\"@id\":\"https:\\\/\\\/www.altominho.tv\\\/site\\\/2023\\\/09\\\/12\\\/investimento-de-340-mil-euros-para-requalificar-rede-viaria-de-tres-freguesias\\\/#primaryimage\",\"url\":\"https:\\\/\\\/www.altominho.tv\\\/site\\\/wp-content\\\/uploads\\\/2023\\\/09\\\/obras-estrada.jpeg\",\"contentUrl\":\"https:\\\/\\\/www.altominho.tv\\\/site\\\/wp-content\\\/uploads\\\/2023\\\/09\\\/obras-estrada.jpeg\",\"width\":1024,\"height\":619},{\"@type\":\"BreadcrumbList\",\"@id\":\"https:\\\/\\\/www.altominho.tv\\\/site\\\/2023\\\/09\\\/12\\\/investimento-de-340-mil-euros-para-requalificar-rede-viaria-de-tres-freguesias\\\/#breadcrumb\",\"itemListElement\":[{\"@type\":\"ListItem\",\"position\":1,\"name\":\"In\u00edcio\",\"item\":\"https:\\\/\\\/www.altominho.tv\\\/site\\\/\"},{\"@type\":\"ListItem\",\"position\":2,\"name\":\"Investimento de 340 mil euros para requalificar rede vi\u00e1ria de tr\u00eas freguesias\"}]},{\"@type\":\"WebSite\",\"@id\":\"https:\\\/\\\/www.altominho.tv\\\/site\\\/#website\",\"url\":\"https:\\\/\\\/www.altominho.tv\\\/site\\\/\",\"name\":\"Altominho.tv\",\"description\":\"A sua regi\u00e3o \u00e0 dist\u00e2ncia de um clique...\",\"potentialAction\":[{\"@type\":\"SearchAction\",\"target\":{\"@type\":\"EntryPoint\",\"urlTemplate\":\"https:\\\/\\\/www.altominho.tv\\\/site\\\/?s={search_term_string}\"},\"query-input\":{\"@type\":\"PropertyValueSpecification\",\"valueRequired\":true,\"valueName\":\"search_term_string\"}}],\"inLanguage\":\"pt-PT\"},{\"@type\":\"Person\",\"@id\":\"https:\\\/\\\/www.altominho.tv\\\/site\\\/#\\\/schema\\\/person\\\/4e536851627d7914baf3dac752b6af22\",\"name\":\"Altominho.tv\",\"image\":{\"@type\":\"ImageObject\",\"inLanguage\":\"pt-PT\",\"@id\":\"https:\\\/\\\/www.altominho.tv\\\/site\\\/wp-content\\\/uploads\\\/2019\\\/11\\\/Logo_Avatar_2-150x150.jpg\",\"url\":\"https:\\\/\\\/www.altominho.tv\\\/site\\\/wp-content\\\/uploads\\\/2019\\\/11\\\/Logo_Avatar_2-150x150.jpg\",\"contentUrl\":\"https:\\\/\\\/www.altominho.tv\\\/site\\\/wp-content\\\/uploads\\\/2019\\\/11\\\/Logo_Avatar_2-150x150.jpg\",\"caption\":\"Altominho.tv\"},\"url\":\"https:\\\/\\\/www.altominho.tv\\\/site\\\/author\\\/altominhotv-tecnico\\\/\"}]}<\/script>\n<!-- \/ Yoast SEO Premium plugin. -->","yoast_head_json":{"title":"Investimento de 340 mil euros para requalificar rede vi\u00e1ria de tr\u00eas freguesias","description":"O Caminho Central, em Cambeses, a Estrada do Pinheiro, em Sago, e a Rua da Separra\/Valinha, em Moreira, com liga\u00e7\u00e3o a Pias, v\u00e3o ser objeto de requalifica\u00e7\u00e3o, representando um investimento de 336.275,07 euros (IVA inclu\u00eddo).","robots":{"index":"index","follow":"follow","max-snippet":"max-snippet:-1","max-image-preview":"max-image-preview:large","max-video-preview":"max-video-preview:-1"},"canonical":"https:\/\/www.altominho.tv\/site\/2023\/09\/12\/investimento-de-340-mil-euros-para-requalificar-rede-viaria-de-tres-freguesias\/","og_locale":"pt_PT","og_type":"article","og_title":"Investimento de 340 mil euros para requalificar rede vi\u00e1ria de tr\u00eas freguesias","og_description":"O Caminho Central, em Cambeses, a Estrada do Pinheiro, em Sago, e a Rua da Separra\/Valinha, em Moreira, com liga\u00e7\u00e3o a Pias, v\u00e3o ser objeto de requalifica\u00e7\u00e3o, representando um investimento de 336.275,07 euros (IVA inclu\u00eddo).","og_url":"https:\/\/www.altominho.tv\/site\/2023\/09\/12\/investimento-de-340-mil-euros-para-requalificar-rede-viaria-de-tres-freguesias\/","og_site_name":"Altominho.tv","article_publisher":"https:\/\/www.facebook.com\/altominhotv","article_published_time":"2023-09-12T09:35:28+00:00","article_modified_time":"2023-09-12T09:46:27+00:00","og_image":[{"width":1024,"height":619,"url":"https:\/\/www.altominho.tv\/site\/wp-content\/uploads\/2023\/09\/obras-estrada.jpeg","type":"image\/jpeg"}],"author":"Altominho.tv","twitter_card":"summary_large_image","twitter_creator":"@altominhoTV","twitter_site":"@altominhoTV","twitter_misc":{"Escrito por":"Altominho.tv","Tempo estimado de leitura":"1 minuto"},"schema":{"@context":"https:\/\/schema.org","@graph":[{"@type":"Article","@id":"https:\/\/www.altominho.tv\/site\/2023\/09\/12\/investimento-de-340-mil-euros-para-requalificar-rede-viaria-de-tres-freguesias\/#article","isPartOf":{"@id":"https:\/\/www.altominho.tv\/site\/2023\/09\/12\/investimento-de-340-mil-euros-para-requalificar-rede-viaria-de-tres-freguesias\/"},"author":{"name":"Altominho.tv","@id":"https:\/\/www.altominho.tv\/site\/#\/schema\/person\/4e536851627d7914baf3dac752b6af22"},"headline":"Investimento de 340 mil euros para requalificar rede vi\u00e1ria de tr\u00eas freguesias","datePublished":"2023-09-12T09:35:28+00:00","dateModified":"2023-09-12T09:46:27+00:00","mainEntityOfPage":{"@id":"https:\/\/www.altominho.tv\/site\/2023\/09\/12\/investimento-de-340-mil-euros-para-requalificar-rede-viaria-de-tres-freguesias\/"},"wordCount":183,"image":{"@id":"https:\/\/www.altominho.tv\/site\/2023\/09\/12\/investimento-de-340-mil-euros-para-requalificar-rede-viaria-de-tres-freguesias\/#primaryimage"},"thumbnailUrl":"https:\/\/www.altominho.tv\/site\/wp-content\/uploads\/2023\/09\/obras-estrada.jpeg","keywords":["Sociedade"],"articleSection":["Mon\u00e7\u00e3o"],"inLanguage":"pt-PT","copyrightYear":"2023","copyrightHolder":{"@id":"https:\/\/www.altominho.tv\/site\/#organization"}},{"@type":"WebPage","@id":"https:\/\/www.altominho.tv\/site\/2023\/09\/12\/investimento-de-340-mil-euros-para-requalificar-rede-viaria-de-tres-freguesias\/","url":"https:\/\/www.altominho.tv\/site\/2023\/09\/12\/investimento-de-340-mil-euros-para-requalificar-rede-viaria-de-tres-freguesias\/","name":"Investimento de 340 mil euros para requalificar rede vi\u00e1ria de tr\u00eas freguesias","isPartOf":{"@id":"https:\/\/www.altominho.tv\/site\/#website"},"primaryImageOfPage":{"@id":"https:\/\/www.altominho.tv\/site\/2023\/09\/12\/investimento-de-340-mil-euros-para-requalificar-rede-viaria-de-tres-freguesias\/#primaryimage"},"image":{"@id":"https:\/\/www.altominho.tv\/site\/2023\/09\/12\/investimento-de-340-mil-euros-para-requalificar-rede-viaria-de-tres-freguesias\/#primaryimage"},"thumbnailUrl":"https:\/\/www.altominho.tv\/site\/wp-content\/uploads\/2023\/09\/obras-estrada.jpeg","datePublished":"2023-09-12T09:35:28+00:00","dateModified":"2023-09-12T09:46:27+00:00","author":{"@id":"https:\/\/www.altominho.tv\/site\/#\/schema\/person\/4e536851627d7914baf3dac752b6af22"},"description":"O Caminho Central, em Cambeses, a Estrada do Pinheiro, em Sago, e a Rua da Separra\/Valinha, em Moreira, com liga\u00e7\u00e3o a Pias, v\u00e3o ser objeto de requalifica\u00e7\u00e3o, representando um investimento de 336.275,07 euros (IVA inclu\u00eddo).","breadcrumb":{"@id":"https:\/\/www.altominho.tv\/site\/2023\/09\/12\/investimento-de-340-mil-euros-para-requalificar-rede-viaria-de-tres-freguesias\/#breadcrumb"},"inLanguage":"pt-PT","potentialAction":[{"@type":"ReadAction","target":["https:\/\/www.altominho.tv\/site\/2023\/09\/12\/investimento-de-340-mil-euros-para-requalificar-rede-viaria-de-tres-freguesias\/"]}]},{"@type":"ImageObject","inLanguage":"pt-PT","@id":"https:\/\/www.altominho.tv\/site\/2023\/09\/12\/investimento-de-340-mil-euros-para-requalificar-rede-viaria-de-tres-freguesias\/#primaryimage","url":"https:\/\/www.altominho.tv\/site\/wp-content\/uploads\/2023\/09\/obras-estrada.jpeg","contentUrl":"https:\/\/www.altominho.tv\/site\/wp-content\/uploads\/2023\/09\/obras-estrada.jpeg","width":1024,"height":619},{"@type":"BreadcrumbList","@id":"https:\/\/www.altominho.tv\/site\/2023\/09\/12\/investimento-de-340-mil-euros-para-requalificar-rede-viaria-de-tres-freguesias\/#breadcrumb","itemListElement":[{"@type":"ListItem","position":1,"name":"In\u00edcio","item":"https:\/\/www.altominho.tv\/site\/"},{"@type":"ListItem","position":2,"name":"Investimento de 340 mil euros para requalificar rede vi\u00e1ria de tr\u00eas freguesias"}]},{"@type":"WebSite","@id":"https:\/\/www.altominho.tv\/site\/#website","url":"https:\/\/www.altominho.tv\/site\/","name":"Altominho.tv","description":"A sua regi\u00e3o \u00e0 dist\u00e2ncia de um clique...","potentialAction":[{"@type":"SearchAction","target":{"@type":"EntryPoint","urlTemplate":"https:\/\/www.altominho.tv\/site\/?s={search_term_string}"},"query-input":{"@type":"PropertyValueSpecification","valueRequired":true,"valueName":"search_term_string"}}],"inLanguage":"pt-PT"},{"@type":"Person","@id":"https:\/\/www.altominho.tv\/site\/#\/schema\/person\/4e536851627d7914baf3dac752b6af22","name":"Altominho.tv","image":{"@type":"ImageObject","inLanguage":"pt-PT","@id":"https:\/\/www.altominho.tv\/site\/wp-content\/uploads\/2019\/11\/Logo_Avatar_2-150x150.jpg","url":"https:\/\/www.altominho.tv\/site\/wp-content\/uploads\/2019\/11\/Logo_Avatar_2-150x150.jpg","contentUrl":"https:\/\/www.altominho.tv\/site\/wp-content\/uploads\/2019\/11\/Logo_Avatar_2-150x150.jpg","caption":"Altominho.tv"},"url":"https:\/\/www.altominho.tv\/site\/author\/altominhotv-tecnico\/"}]}},"_links":{"self":[{"href":"https:\/\/www.altominho.tv\/site\/wp-json\/wp\/v2\/posts\/96386","targetHints":{"allow":["GET"]}}],"collection":[{"href":"https:\/\/www.altominho.tv\/site\/wp-json\/wp\/v2\/posts"}],"about":[{"href":"https:\/\/www.altominho.tv\/site\/wp-json\/wp\/v2\/types\/post"}],"author":[{"embeddable":true,"href":"https:\/\/www.altominho.tv\/site\/wp-json\/wp\/v2\/users\/1"}],"replies":[{"embeddable":true,"href":"https:\/\/www.altominho.tv\/site\/wp-json\/wp\/v2\/comments?post=96386"}],"version-history":[{"count":2,"href":"https:\/\/www.altominho.tv\/site\/wp-json\/wp\/v2\/posts\/96386\/revisions"}],"predecessor-version":[{"id":96389,"href":"https:\/\/www.altominho.tv\/site\/wp-json\/wp\/v2\/posts\/96386\/revisions\/96389"}],"wp:featuredmedia":[{"embeddable":true,"href":"https:\/\/www.altominho.tv\/site\/wp-json\/wp\/v2\/media\/96387"}],"wp:attachment":[{"href":"https:\/\/www.altominho.tv\/site\/wp-json\/wp\/v2\/media?parent=96386"}],"wp:term":[{"taxonomy":"category","embeddable":true,"href":"https:\/\/www.altominho.tv\/site\/wp-json\/wp\/v2\/categories?post=96386"},{"taxonomy":"post_tag","embeddable":true,"href":"https:\/\/www.altominho.tv\/site\/wp-json\/wp\/v2\/tags?post=96386"}],"curies":[{"name":"wp","href":"https:\/\/api.w.org\/{rel}","templated":true}]}}