{"id":96380,"date":"2023-09-12T10:05:06","date_gmt":"2023-09-12T09:05:06","guid":{"rendered":"https:\/\/www.altominho.tv\/site\/?p=96380"},"modified":"2023-09-12T10:05:10","modified_gmt":"2023-09-12T09:05:10","slug":"ultimo-dia-aberto-no-museu-bienal-de-cerveira-acontece-este-sabado","status":"publish","type":"post","link":"https:\/\/www.altominho.tv\/site\/2023\/09\/12\/ultimo-dia-aberto-no-museu-bienal-de-cerveira-acontece-este-sabado\/","title":{"rendered":"\u00daltimo &#8220;Dia Aberto no Museu Bienal de Cerveira&#8221; acontece este s\u00e1bado"},"content":{"rendered":"<p>A Funda\u00e7\u00e3o Bienal de Arte de Cerveira promove, no pr\u00f3ximo s\u00e1bado, dia 16 de setembro, o \u00faltimo \u201cDia Aberto no Museu Bienal de Cerveira\u201d do ciclo expositivo patente.<\/p>\n<p>Para al\u00e9m da entrada gratuita e das visitas orientadas, haver\u00e1 uma conversa com o escultor Pedro Figueiredo.<\/p>\n<p>No \u00e2mbito do 1\u00ba Ciclo de exposi\u00e7\u00f5es de 2023, a Funda\u00e7\u00e3o Bienal de Arte de Cerveira (FBAC) est\u00e1 a promover a iniciativa \u201cDias Abertos no Museu Bienal de Cerveira\u201d um s\u00e1bado por m\u00eas. Trata-se de um programa de ativa\u00e7\u00e3o de atividades paralelas \u00e0s exposi\u00e7\u00f5es patentes que pretendem &#8220;trabalhar o di\u00e1logo com a comunidade, atrav\u00e9s da literacia pelas Artes, da media\u00e7\u00e3o cultural e do contacto direto com os artistas&#8221; afirma o comunicado divulgado pela funda\u00e7\u00e3o.<\/p>\n<p>Pela manh\u00e3 ser\u00e3o realizadas, pelas curadoras Helena Mendes Pereira e Mafalda Santos, visitas orientadas \u00e0 exposi\u00e7\u00e3o \u201cEspectro\u201d patente na Galeria Bienal de Cerveira, pelas 10h00 e, ainda, \u00e0s exposi\u00e7\u00f5es \u201cUma terna (e pol\u00edtica) contempla\u00e7\u00e3o do que vive\u201d Cole\u00e7\u00e3o Norlinda e Jos\u00e9 Lima e \u201cLivre tr\u00e2nsito_ciclo permanente de resid\u00eancias e interven\u00e7\u00f5es art\u00edsticas\u201d, no F\u00f3rum Cultural de Cerveira, \u00e0s 11h00.<\/p>\n<p>J\u00e1 de tarde, pelas 15h00, o artista Pedro Figueiredo conversa com o p\u00fablico sobre os \u201cProcessos da escultura em gesso\u201d e a aplicar, simultaneamente, a patina a uma obra de arte.<\/p>\n<p>A participa\u00e7\u00e3o no programa \u00e9 gratuita, bem como o acesso aos espa\u00e7os expositivos. A FBAC integra a Rede Portuguesa de Arte Contempor\u00e2nea e \u00e9 uma estrutura financiada pela Rep\u00fablica Portuguesa \u2013 Cultura \/ Dire\u00e7\u00e3o-Geral das Artes<\/p>\n","protected":false},"excerpt":{"rendered":"<p>A Funda\u00e7\u00e3o Bienal de Arte de Cerveira promove, no pr\u00f3ximo s\u00e1bado, dia 16 de setembro, o \u00faltimo \u201cDia Aberto no Museu Bienal de Cerveira\u201d do ciclo expositivo patente. Para al\u00e9m da entrada gratuita e das visitas orientadas, haver\u00e1 uma conversa com o escultor Pedro Figueiredo. No \u00e2mbito do 1\u00ba Ciclo de exposi\u00e7\u00f5es de 2023, a [&hellip;]<\/p>\n","protected":false},"author":28,"featured_media":96381,"comment_status":"closed","ping_status":"closed","sticky":false,"template":"","format":"standard","meta":{"_exactmetrics_skip_tracking":false,"_exactmetrics_sitenote_active":false,"_exactmetrics_sitenote_note":"","_exactmetrics_sitenote_category":0,"footnotes":""},"categories":[15],"tags":[19],"class_list":["post-96380","post","type-post","status-publish","format-standard","has-post-thumbnail","hentry","category-vila-nova-de-cerveira","tag-cultura"],"yoast_head":"<!-- This site is optimized with the Yoast SEO Premium plugin v27.5 (Yoast SEO v27.5) - https:\/\/yoast.com\/product\/yoast-seo-premium-wordpress\/ -->\n<title>\u00daltimo &quot;Dia Aberto no Museu Bienal de Cerveira&quot; acontece este s\u00e1bado<\/title>\n<meta name=\"description\" content=\"A Funda\u00e7\u00e3o Bienal de Arte de Cerveira promove, no pr\u00f3ximo s\u00e1bado, dia 16 de setembro, o \u00faltimo \u201cDia Aberto no Museu Bienal de Cerveira\u201d do ciclo expositivo patente\" \/>\n<meta name=\"robots\" content=\"index, follow, max-snippet:-1, max-image-preview:large, max-video-preview:-1\" \/>\n<link rel=\"canonical\" href=\"https:\/\/www.altominho.tv\/site\/2023\/09\/12\/ultimo-dia-aberto-no-museu-bienal-de-cerveira-acontece-este-sabado\/\" \/>\n<meta property=\"og:locale\" content=\"pt_PT\" \/>\n<meta property=\"og:type\" content=\"article\" \/>\n<meta property=\"og:title\" content=\"\u00daltimo &quot;Dia Aberto no Museu Bienal de Cerveira&quot; acontece este s\u00e1bado\" \/>\n<meta property=\"og:description\" content=\"A Funda\u00e7\u00e3o Bienal de Arte de Cerveira promove, no pr\u00f3ximo s\u00e1bado, dia 16 de setembro, o \u00faltimo \u201cDia Aberto no Museu Bienal de Cerveira\u201d do ciclo expositivo patente\" \/>\n<meta property=\"og:url\" content=\"https:\/\/www.altominho.tv\/site\/2023\/09\/12\/ultimo-dia-aberto-no-museu-bienal-de-cerveira-acontece-este-sabado\/\" \/>\n<meta property=\"og:site_name\" content=\"Altominho.tv\" \/>\n<meta property=\"article:publisher\" content=\"https:\/\/www.facebook.com\/altominhotv\" \/>\n<meta property=\"article:published_time\" content=\"2023-09-12T09:05:06+00:00\" \/>\n<meta property=\"article:modified_time\" content=\"2023-09-12T09:05:10+00:00\" \/>\n<meta property=\"og:image\" content=\"https:\/\/www.altominho.tv\/site\/wp-content\/uploads\/2023\/09\/Museu-Bienal-de-Cerveira.jpg\" \/>\n\t<meta property=\"og:image:width\" content=\"2500\" \/>\n\t<meta property=\"og:image:height\" content=\"1667\" \/>\n\t<meta property=\"og:image:type\" content=\"image\/jpeg\" \/>\n<meta name=\"author\" content=\"Beatriz Lira\" \/>\n<meta name=\"twitter:card\" content=\"summary_large_image\" \/>\n<meta name=\"twitter:creator\" content=\"@altominhoTV\" \/>\n<meta name=\"twitter:site\" content=\"@altominhoTV\" \/>\n<meta name=\"twitter:label1\" content=\"Escrito por\" \/>\n\t<meta name=\"twitter:data1\" content=\"Beatriz Lira\" \/>\n\t<meta name=\"twitter:label2\" content=\"Tempo estimado de leitura\" \/>\n\t<meta name=\"twitter:data2\" content=\"2 minutos\" \/>\n<script type=\"application\/ld+json\" class=\"yoast-schema-graph\">{\"@context\":\"https:\\\/\\\/schema.org\",\"@graph\":[{\"@type\":\"Article\",\"@id\":\"https:\\\/\\\/www.altominho.tv\\\/site\\\/2023\\\/09\\\/12\\\/ultimo-dia-aberto-no-museu-bienal-de-cerveira-acontece-este-sabado\\\/#article\",\"isPartOf\":{\"@id\":\"https:\\\/\\\/www.altominho.tv\\\/site\\\/2023\\\/09\\\/12\\\/ultimo-dia-aberto-no-museu-bienal-de-cerveira-acontece-este-sabado\\\/\"},\"author\":{\"name\":\"Beatriz Lira\",\"@id\":\"https:\\\/\\\/www.altominho.tv\\\/site\\\/#\\\/schema\\\/person\\\/f95a2097796cf4462fe1e476cddc40e4\"},\"headline\":\"\u00daltimo &#8220;Dia Aberto no Museu Bienal de Cerveira&#8221; acontece este s\u00e1bado\",\"datePublished\":\"2023-09-12T09:05:06+00:00\",\"dateModified\":\"2023-09-12T09:05:10+00:00\",\"mainEntityOfPage\":{\"@id\":\"https:\\\/\\\/www.altominho.tv\\\/site\\\/2023\\\/09\\\/12\\\/ultimo-dia-aberto-no-museu-bienal-de-cerveira-acontece-este-sabado\\\/\"},\"wordCount\":280,\"image\":{\"@id\":\"https:\\\/\\\/www.altominho.tv\\\/site\\\/2023\\\/09\\\/12\\\/ultimo-dia-aberto-no-museu-bienal-de-cerveira-acontece-este-sabado\\\/#primaryimage\"},\"thumbnailUrl\":\"https:\\\/\\\/www.altominho.tv\\\/site\\\/wp-content\\\/uploads\\\/2023\\\/09\\\/Museu-Bienal-de-Cerveira.jpg\",\"keywords\":[\"Cultura\"],\"articleSection\":[\"Vila Nova de Cerveira\"],\"inLanguage\":\"pt-PT\",\"copyrightYear\":\"2023\",\"copyrightHolder\":{\"@id\":\"https:\\\/\\\/www.altominho.tv\\\/site\\\/#organization\"}},{\"@type\":\"WebPage\",\"@id\":\"https:\\\/\\\/www.altominho.tv\\\/site\\\/2023\\\/09\\\/12\\\/ultimo-dia-aberto-no-museu-bienal-de-cerveira-acontece-este-sabado\\\/\",\"url\":\"https:\\\/\\\/www.altominho.tv\\\/site\\\/2023\\\/09\\\/12\\\/ultimo-dia-aberto-no-museu-bienal-de-cerveira-acontece-este-sabado\\\/\",\"name\":\"\u00daltimo \\\"Dia Aberto no Museu Bienal de Cerveira\\\" acontece este s\u00e1bado\",\"isPartOf\":{\"@id\":\"https:\\\/\\\/www.altominho.tv\\\/site\\\/#website\"},\"primaryImageOfPage\":{\"@id\":\"https:\\\/\\\/www.altominho.tv\\\/site\\\/2023\\\/09\\\/12\\\/ultimo-dia-aberto-no-museu-bienal-de-cerveira-acontece-este-sabado\\\/#primaryimage\"},\"image\":{\"@id\":\"https:\\\/\\\/www.altominho.tv\\\/site\\\/2023\\\/09\\\/12\\\/ultimo-dia-aberto-no-museu-bienal-de-cerveira-acontece-este-sabado\\\/#primaryimage\"},\"thumbnailUrl\":\"https:\\\/\\\/www.altominho.tv\\\/site\\\/wp-content\\\/uploads\\\/2023\\\/09\\\/Museu-Bienal-de-Cerveira.jpg\",\"datePublished\":\"2023-09-12T09:05:06+00:00\",\"dateModified\":\"2023-09-12T09:05:10+00:00\",\"author\":{\"@id\":\"https:\\\/\\\/www.altominho.tv\\\/site\\\/#\\\/schema\\\/person\\\/f95a2097796cf4462fe1e476cddc40e4\"},\"description\":\"A Funda\u00e7\u00e3o Bienal de Arte de Cerveira promove, no pr\u00f3ximo s\u00e1bado, dia 16 de setembro, o \u00faltimo \u201cDia Aberto no Museu Bienal de Cerveira\u201d do ciclo expositivo patente\",\"breadcrumb\":{\"@id\":\"https:\\\/\\\/www.altominho.tv\\\/site\\\/2023\\\/09\\\/12\\\/ultimo-dia-aberto-no-museu-bienal-de-cerveira-acontece-este-sabado\\\/#breadcrumb\"},\"inLanguage\":\"pt-PT\",\"potentialAction\":[{\"@type\":\"ReadAction\",\"target\":[\"https:\\\/\\\/www.altominho.tv\\\/site\\\/2023\\\/09\\\/12\\\/ultimo-dia-aberto-no-museu-bienal-de-cerveira-acontece-este-sabado\\\/\"]}]},{\"@type\":\"ImageObject\",\"inLanguage\":\"pt-PT\",\"@id\":\"https:\\\/\\\/www.altominho.tv\\\/site\\\/2023\\\/09\\\/12\\\/ultimo-dia-aberto-no-museu-bienal-de-cerveira-acontece-este-sabado\\\/#primaryimage\",\"url\":\"https:\\\/\\\/www.altominho.tv\\\/site\\\/wp-content\\\/uploads\\\/2023\\\/09\\\/Museu-Bienal-de-Cerveira.jpg\",\"contentUrl\":\"https:\\\/\\\/www.altominho.tv\\\/site\\\/wp-content\\\/uploads\\\/2023\\\/09\\\/Museu-Bienal-de-Cerveira.jpg\",\"width\":2500,\"height\":1667},{\"@type\":\"BreadcrumbList\",\"@id\":\"https:\\\/\\\/www.altominho.tv\\\/site\\\/2023\\\/09\\\/12\\\/ultimo-dia-aberto-no-museu-bienal-de-cerveira-acontece-este-sabado\\\/#breadcrumb\",\"itemListElement\":[{\"@type\":\"ListItem\",\"position\":1,\"name\":\"In\u00edcio\",\"item\":\"https:\\\/\\\/www.altominho.tv\\\/site\\\/\"},{\"@type\":\"ListItem\",\"position\":2,\"name\":\"\u00daltimo &#8220;Dia Aberto no Museu Bienal de Cerveira&#8221; acontece este s\u00e1bado\"}]},{\"@type\":\"WebSite\",\"@id\":\"https:\\\/\\\/www.altominho.tv\\\/site\\\/#website\",\"url\":\"https:\\\/\\\/www.altominho.tv\\\/site\\\/\",\"name\":\"Altominho.tv\",\"description\":\"A sua regi\u00e3o \u00e0 dist\u00e2ncia de um clique...\",\"potentialAction\":[{\"@type\":\"SearchAction\",\"target\":{\"@type\":\"EntryPoint\",\"urlTemplate\":\"https:\\\/\\\/www.altominho.tv\\\/site\\\/?s={search_term_string}\"},\"query-input\":{\"@type\":\"PropertyValueSpecification\",\"valueRequired\":true,\"valueName\":\"search_term_string\"}}],\"inLanguage\":\"pt-PT\"},{\"@type\":\"Person\",\"@id\":\"https:\\\/\\\/www.altominho.tv\\\/site\\\/#\\\/schema\\\/person\\\/f95a2097796cf4462fe1e476cddc40e4\",\"name\":\"Beatriz Lira\",\"image\":{\"@type\":\"ImageObject\",\"inLanguage\":\"pt-PT\",\"@id\":\"https:\\\/\\\/www.altominho.tv\\\/site\\\/wp-content\\\/uploads\\\/2023\\\/03\\\/Screenshot_20230306-141220_Photos-150x150.jpg\",\"url\":\"https:\\\/\\\/www.altominho.tv\\\/site\\\/wp-content\\\/uploads\\\/2023\\\/03\\\/Screenshot_20230306-141220_Photos-150x150.jpg\",\"contentUrl\":\"https:\\\/\\\/www.altominho.tv\\\/site\\\/wp-content\\\/uploads\\\/2023\\\/03\\\/Screenshot_20230306-141220_Photos-150x150.jpg\",\"caption\":\"Beatriz Lira\"},\"url\":\"https:\\\/\\\/www.altominho.tv\\\/site\\\/author\\\/beatriz\\\/\"}]}<\/script>\n<!-- \/ Yoast SEO Premium plugin. -->","yoast_head_json":{"title":"\u00daltimo \"Dia Aberto no Museu Bienal de Cerveira\" acontece este s\u00e1bado","description":"A Funda\u00e7\u00e3o Bienal de Arte de Cerveira promove, no pr\u00f3ximo s\u00e1bado, dia 16 de setembro, o \u00faltimo \u201cDia Aberto no Museu Bienal de Cerveira\u201d do ciclo expositivo patente","robots":{"index":"index","follow":"follow","max-snippet":"max-snippet:-1","max-image-preview":"max-image-preview:large","max-video-preview":"max-video-preview:-1"},"canonical":"https:\/\/www.altominho.tv\/site\/2023\/09\/12\/ultimo-dia-aberto-no-museu-bienal-de-cerveira-acontece-este-sabado\/","og_locale":"pt_PT","og_type":"article","og_title":"\u00daltimo \"Dia Aberto no Museu Bienal de Cerveira\" acontece este s\u00e1bado","og_description":"A Funda\u00e7\u00e3o Bienal de Arte de Cerveira promove, no pr\u00f3ximo s\u00e1bado, dia 16 de setembro, o \u00faltimo \u201cDia Aberto no Museu Bienal de Cerveira\u201d do ciclo expositivo patente","og_url":"https:\/\/www.altominho.tv\/site\/2023\/09\/12\/ultimo-dia-aberto-no-museu-bienal-de-cerveira-acontece-este-sabado\/","og_site_name":"Altominho.tv","article_publisher":"https:\/\/www.facebook.com\/altominhotv","article_published_time":"2023-09-12T09:05:06+00:00","article_modified_time":"2023-09-12T09:05:10+00:00","og_image":[{"width":2500,"height":1667,"url":"https:\/\/www.altominho.tv\/site\/wp-content\/uploads\/2023\/09\/Museu-Bienal-de-Cerveira.jpg","type":"image\/jpeg"}],"author":"Beatriz Lira","twitter_card":"summary_large_image","twitter_creator":"@altominhoTV","twitter_site":"@altominhoTV","twitter_misc":{"Escrito por":"Beatriz Lira","Tempo estimado de leitura":"2 minutos"},"schema":{"@context":"https:\/\/schema.org","@graph":[{"@type":"Article","@id":"https:\/\/www.altominho.tv\/site\/2023\/09\/12\/ultimo-dia-aberto-no-museu-bienal-de-cerveira-acontece-este-sabado\/#article","isPartOf":{"@id":"https:\/\/www.altominho.tv\/site\/2023\/09\/12\/ultimo-dia-aberto-no-museu-bienal-de-cerveira-acontece-este-sabado\/"},"author":{"name":"Beatriz Lira","@id":"https:\/\/www.altominho.tv\/site\/#\/schema\/person\/f95a2097796cf4462fe1e476cddc40e4"},"headline":"\u00daltimo &#8220;Dia Aberto no Museu Bienal de Cerveira&#8221; acontece este s\u00e1bado","datePublished":"2023-09-12T09:05:06+00:00","dateModified":"2023-09-12T09:05:10+00:00","mainEntityOfPage":{"@id":"https:\/\/www.altominho.tv\/site\/2023\/09\/12\/ultimo-dia-aberto-no-museu-bienal-de-cerveira-acontece-este-sabado\/"},"wordCount":280,"image":{"@id":"https:\/\/www.altominho.tv\/site\/2023\/09\/12\/ultimo-dia-aberto-no-museu-bienal-de-cerveira-acontece-este-sabado\/#primaryimage"},"thumbnailUrl":"https:\/\/www.altominho.tv\/site\/wp-content\/uploads\/2023\/09\/Museu-Bienal-de-Cerveira.jpg","keywords":["Cultura"],"articleSection":["Vila Nova de Cerveira"],"inLanguage":"pt-PT","copyrightYear":"2023","copyrightHolder":{"@id":"https:\/\/www.altominho.tv\/site\/#organization"}},{"@type":"WebPage","@id":"https:\/\/www.altominho.tv\/site\/2023\/09\/12\/ultimo-dia-aberto-no-museu-bienal-de-cerveira-acontece-este-sabado\/","url":"https:\/\/www.altominho.tv\/site\/2023\/09\/12\/ultimo-dia-aberto-no-museu-bienal-de-cerveira-acontece-este-sabado\/","name":"\u00daltimo \"Dia Aberto no Museu Bienal de Cerveira\" acontece este s\u00e1bado","isPartOf":{"@id":"https:\/\/www.altominho.tv\/site\/#website"},"primaryImageOfPage":{"@id":"https:\/\/www.altominho.tv\/site\/2023\/09\/12\/ultimo-dia-aberto-no-museu-bienal-de-cerveira-acontece-este-sabado\/#primaryimage"},"image":{"@id":"https:\/\/www.altominho.tv\/site\/2023\/09\/12\/ultimo-dia-aberto-no-museu-bienal-de-cerveira-acontece-este-sabado\/#primaryimage"},"thumbnailUrl":"https:\/\/www.altominho.tv\/site\/wp-content\/uploads\/2023\/09\/Museu-Bienal-de-Cerveira.jpg","datePublished":"2023-09-12T09:05:06+00:00","dateModified":"2023-09-12T09:05:10+00:00","author":{"@id":"https:\/\/www.altominho.tv\/site\/#\/schema\/person\/f95a2097796cf4462fe1e476cddc40e4"},"description":"A Funda\u00e7\u00e3o Bienal de Arte de Cerveira promove, no pr\u00f3ximo s\u00e1bado, dia 16 de setembro, o \u00faltimo \u201cDia Aberto no Museu Bienal de Cerveira\u201d do ciclo expositivo patente","breadcrumb":{"@id":"https:\/\/www.altominho.tv\/site\/2023\/09\/12\/ultimo-dia-aberto-no-museu-bienal-de-cerveira-acontece-este-sabado\/#breadcrumb"},"inLanguage":"pt-PT","potentialAction":[{"@type":"ReadAction","target":["https:\/\/www.altominho.tv\/site\/2023\/09\/12\/ultimo-dia-aberto-no-museu-bienal-de-cerveira-acontece-este-sabado\/"]}]},{"@type":"ImageObject","inLanguage":"pt-PT","@id":"https:\/\/www.altominho.tv\/site\/2023\/09\/12\/ultimo-dia-aberto-no-museu-bienal-de-cerveira-acontece-este-sabado\/#primaryimage","url":"https:\/\/www.altominho.tv\/site\/wp-content\/uploads\/2023\/09\/Museu-Bienal-de-Cerveira.jpg","contentUrl":"https:\/\/www.altominho.tv\/site\/wp-content\/uploads\/2023\/09\/Museu-Bienal-de-Cerveira.jpg","width":2500,"height":1667},{"@type":"BreadcrumbList","@id":"https:\/\/www.altominho.tv\/site\/2023\/09\/12\/ultimo-dia-aberto-no-museu-bienal-de-cerveira-acontece-este-sabado\/#breadcrumb","itemListElement":[{"@type":"ListItem","position":1,"name":"In\u00edcio","item":"https:\/\/www.altominho.tv\/site\/"},{"@type":"ListItem","position":2,"name":"\u00daltimo &#8220;Dia Aberto no Museu Bienal de Cerveira&#8221; acontece este s\u00e1bado"}]},{"@type":"WebSite","@id":"https:\/\/www.altominho.tv\/site\/#website","url":"https:\/\/www.altominho.tv\/site\/","name":"Altominho.tv","description":"A sua regi\u00e3o \u00e0 dist\u00e2ncia de um clique...","potentialAction":[{"@type":"SearchAction","target":{"@type":"EntryPoint","urlTemplate":"https:\/\/www.altominho.tv\/site\/?s={search_term_string}"},"query-input":{"@type":"PropertyValueSpecification","valueRequired":true,"valueName":"search_term_string"}}],"inLanguage":"pt-PT"},{"@type":"Person","@id":"https:\/\/www.altominho.tv\/site\/#\/schema\/person\/f95a2097796cf4462fe1e476cddc40e4","name":"Beatriz Lira","image":{"@type":"ImageObject","inLanguage":"pt-PT","@id":"https:\/\/www.altominho.tv\/site\/wp-content\/uploads\/2023\/03\/Screenshot_20230306-141220_Photos-150x150.jpg","url":"https:\/\/www.altominho.tv\/site\/wp-content\/uploads\/2023\/03\/Screenshot_20230306-141220_Photos-150x150.jpg","contentUrl":"https:\/\/www.altominho.tv\/site\/wp-content\/uploads\/2023\/03\/Screenshot_20230306-141220_Photos-150x150.jpg","caption":"Beatriz Lira"},"url":"https:\/\/www.altominho.tv\/site\/author\/beatriz\/"}]}},"_links":{"self":[{"href":"https:\/\/www.altominho.tv\/site\/wp-json\/wp\/v2\/posts\/96380","targetHints":{"allow":["GET"]}}],"collection":[{"href":"https:\/\/www.altominho.tv\/site\/wp-json\/wp\/v2\/posts"}],"about":[{"href":"https:\/\/www.altominho.tv\/site\/wp-json\/wp\/v2\/types\/post"}],"author":[{"embeddable":true,"href":"https:\/\/www.altominho.tv\/site\/wp-json\/wp\/v2\/users\/28"}],"replies":[{"embeddable":true,"href":"https:\/\/www.altominho.tv\/site\/wp-json\/wp\/v2\/comments?post=96380"}],"version-history":[{"count":2,"href":"https:\/\/www.altominho.tv\/site\/wp-json\/wp\/v2\/posts\/96380\/revisions"}],"predecessor-version":[{"id":96383,"href":"https:\/\/www.altominho.tv\/site\/wp-json\/wp\/v2\/posts\/96380\/revisions\/96383"}],"wp:featuredmedia":[{"embeddable":true,"href":"https:\/\/www.altominho.tv\/site\/wp-json\/wp\/v2\/media\/96381"}],"wp:attachment":[{"href":"https:\/\/www.altominho.tv\/site\/wp-json\/wp\/v2\/media?parent=96380"}],"wp:term":[{"taxonomy":"category","embeddable":true,"href":"https:\/\/www.altominho.tv\/site\/wp-json\/wp\/v2\/categories?post=96380"},{"taxonomy":"post_tag","embeddable":true,"href":"https:\/\/www.altominho.tv\/site\/wp-json\/wp\/v2\/tags?post=96380"}],"curies":[{"name":"wp","href":"https:\/\/api.w.org\/{rel}","templated":true}]}}