{"id":96351,"date":"2023-09-11T12:29:00","date_gmt":"2023-09-11T11:29:00","guid":{"rendered":"https:\/\/www.altominho.tv\/site\/?p=96351"},"modified":"2023-09-11T12:29:04","modified_gmt":"2023-09-11T11:29:04","slug":"reconversao-de-cantina-em-lar-em-valenca-a-concurso-por-634-mil-euros","status":"publish","type":"post","link":"https:\/\/www.altominho.tv\/site\/2023\/09\/11\/reconversao-de-cantina-em-lar-em-valenca-a-concurso-por-634-mil-euros\/","title":{"rendered":"Reconvers\u00e3o de cantina em lar em Valen\u00e7a a concurso por 634 mil euros"},"content":{"rendered":"<p>A empreitada de reconvers\u00e3o de uma antiga cantina e refeit\u00f3rio escolar em lar residencial, em Valen\u00e7a, foi hoje lan\u00e7ada a concurso p\u00fablico, pelo pre\u00e7o base de 634,223 euros, de acordo com o aviso publicado em Di\u00e1rio da Rep\u00fablica (DR).<\/p>\n<p>De acordo com o aviso, a empreitada, da responsabilidade da Associa\u00e7\u00e3o Portuguesa de Pais e Amigos do Cidad\u00e3o Deficiente Mental (APPACDM), de adapta\u00e7\u00e3o\/reabilita\u00e7\u00e3o de edif\u00edcio lar residencial de Cristelo Covo e Ar\u00e3o, em Valen\u00e7a, no distrito de Valen\u00e7a, tem um prazo de execu\u00e7\u00e3o de 20 meses.<\/p>\n<p>Contactado pela Lusa a prop\u00f3sito da publica\u00e7\u00e3o, o presidente da APPACDM, Luiz Costa, referiu que a obra \u00e9 financiada pelo Programa de Alargamento da Rede de Equipamentos Sociais \u2013 3.\u00aa Gera\u00e7\u00e3o &#8211; PARES 3.0.<\/p>\n<p>O novo lar ter\u00e1 capacidade para acolher 20 utentes e pretende \u201csuprir situa\u00e7\u00f5es de neglig\u00eancia familiar resultantes da aus\u00eancia de retaguarda adequada\u201d.<\/p>\n<p>A nova resposta vai nascer da remodela\u00e7\u00e3o do antigo Bloco C da Escola EB 2\/3 e Secund\u00e1ria do Agrupamento de Escolas Muralhas do Minho.<\/p>\n<p>O investimento pretende ainda reconverter o atual lar de apoio da delega\u00e7\u00e3o de Valen\u00e7a em equipamento residencial \u201cde forma a ir de encontro da crescente necessidade das fam\u00edlias em termos de uma resposta que funcione 365 dias por ano\u201d.<\/p>\n<p>Ainda em Valen\u00e7a, Luiz Costa adiantou que ser\u00e1 conclu\u00edda, este m\u00eas, a remodela\u00e7\u00e3o do antigo Centro de Atividades Ocupacionais (CAO), que passou a designar-se Centro de Atividades e Capacita\u00e7\u00e3o para a Inclus\u00e3o (CACI), num investimento de 293.800 euros financiado pelo Norte 2020.<\/p>\n<p>Tamb\u00e9m financiado pelo programa PARES, a APPACDM tem em execu\u00e7\u00e3o a constru\u00e7\u00e3o do CACI de Vila Praia de \u00c2ncora, em Caminha, com capacidade para 30 utentes.<\/p>\n<p>A empreitada foi lan\u00e7ada a concurso p\u00fablico pelo pre\u00e7o base de 674.964.94 euros e com um prazo de execu\u00e7\u00e3o de 24 meses.<\/p>\n<p>O alargamento do lar de Melga\u00e7o, que passar\u00e1 a acolher 30 utentes, igualmente financiado pelo PARES, tamb\u00e9m est\u00e1 em curso. O lar pretende \u201cresponder a uma faixa da popula\u00e7\u00e3o com idade igual ou superior a 50 anos\u201d.<\/p>\n<p>O novo equipamento destina-se a utentes que \u201cnunca estiveram institucionalizados, que apresentam grande depend\u00eancia, n\u00e3o disp\u00f5em de qualquer retaguarda familiar ou rede de vizinhan\u00e7a\u201d.<\/p>\n<p>Em Ponte da Barca, come\u00e7a em outubro a constru\u00e7\u00e3o do segundo CACI, com capacidade para 28 utentes, financiado pelo Plano de Recupera\u00e7\u00e3o e Resili\u00eancia (PRR) ao abrigo do Programa de Requalifica\u00e7\u00e3o e Alargamento da rede de Equipamentos e Respostas Sociais e de um lar residencial.<\/p>\n<p>As duas empreitadas est\u00e3o or\u00e7adas em mais de 1,7 milh\u00f5es de euros.<\/p>\n<p>Apenas o investimento na constru\u00e7\u00e3o do lar residencial, com capacidade para 28 utentes, \u201cser\u00e1 suportado pela institui\u00e7\u00e3o at\u00e9 ser encontrada uma fonte de financiamento\u201d.<\/p>\n<p>Com 51 anos de exist\u00eancia, a institui\u00e7\u00e3o, com sede na capital do Alto Minho, tem mais de 900 utentes e emprega mais de 300 trabalhadores.<\/p>\n","protected":false},"excerpt":{"rendered":"<p>A empreitada de reconvers\u00e3o de uma antiga cantina e refeit\u00f3rio escolar em lar residencial, em Valen\u00e7a, foi hoje lan\u00e7ada a concurso p\u00fablico, pelo pre\u00e7o base de 634,223 euros, de acordo com o aviso publicado em Di\u00e1rio da Rep\u00fablica (DR). De acordo com o aviso, a empreitada, da responsabilidade da Associa\u00e7\u00e3o Portuguesa de Pais e Amigos [&hellip;]<\/p>\n","protected":false},"author":13,"featured_media":96352,"comment_status":"closed","ping_status":"closed","sticky":false,"template":"","format":"standard","meta":{"_exactmetrics_skip_tracking":false,"_exactmetrics_sitenote_active":false,"_exactmetrics_sitenote_note":"","_exactmetrics_sitenote_category":0,"footnotes":""},"categories":[13],"tags":[27],"class_list":["post-96351","post","type-post","status-publish","format-standard","has-post-thumbnail","hentry","category-valenca","tag-sociedade"],"yoast_head":"<!-- This site is optimized with the Yoast SEO Premium plugin v27.5 (Yoast SEO v27.5) - https:\/\/yoast.com\/product\/yoast-seo-premium-wordpress\/ -->\n<title>Reconvers\u00e3o de cantina em lar em Valen\u00e7a a concurso por 634 mil euros<\/title>\n<meta name=\"description\" content=\"A empreitada de reconvers\u00e3o de uma antiga cantina e refeit\u00f3rio escolar em lar residencial, em Valen\u00e7a, foi hoje lan\u00e7ada a concurso p\u00fablico, pelo pre\u00e7o base de 634,223 euros, de acordo com o aviso publicado em Di\u00e1rio da Rep\u00fablica (DR).\" \/>\n<meta name=\"robots\" content=\"index, follow, max-snippet:-1, max-image-preview:large, max-video-preview:-1\" \/>\n<link rel=\"canonical\" href=\"https:\/\/www.altominho.tv\/site\/2023\/09\/11\/reconversao-de-cantina-em-lar-em-valenca-a-concurso-por-634-mil-euros\/\" \/>\n<meta property=\"og:locale\" content=\"pt_PT\" \/>\n<meta property=\"og:type\" content=\"article\" \/>\n<meta property=\"og:title\" content=\"Reconvers\u00e3o de cantina em lar em Valen\u00e7a a concurso por 634 mil euros\" \/>\n<meta property=\"og:description\" content=\"A empreitada de reconvers\u00e3o de uma antiga cantina e refeit\u00f3rio escolar em lar residencial, em Valen\u00e7a, foi hoje lan\u00e7ada a concurso p\u00fablico, pelo pre\u00e7o base de 634,223 euros, de acordo com o aviso publicado em Di\u00e1rio da Rep\u00fablica (DR).\" \/>\n<meta property=\"og:url\" content=\"https:\/\/www.altominho.tv\/site\/2023\/09\/11\/reconversao-de-cantina-em-lar-em-valenca-a-concurso-por-634-mil-euros\/\" \/>\n<meta property=\"og:site_name\" content=\"Altominho.tv\" \/>\n<meta property=\"article:publisher\" content=\"https:\/\/www.facebook.com\/altominhotv\" \/>\n<meta property=\"article:published_time\" content=\"2023-09-11T11:29:00+00:00\" \/>\n<meta property=\"article:modified_time\" content=\"2023-09-11T11:29:04+00:00\" \/>\n<meta property=\"og:image\" content=\"https:\/\/www.altominho.tv\/site\/wp-content\/uploads\/2023\/09\/lar.png\" \/>\n\t<meta property=\"og:image:width\" content=\"789\" \/>\n\t<meta property=\"og:image:height\" content=\"455\" \/>\n\t<meta property=\"og:image:type\" content=\"image\/png\" \/>\n<meta name=\"author\" content=\"Lusa\" \/>\n<meta name=\"twitter:card\" content=\"summary_large_image\" \/>\n<meta name=\"twitter:creator\" content=\"@altominhoTV\" \/>\n<meta name=\"twitter:site\" content=\"@altominhoTV\" \/>\n<meta name=\"twitter:label1\" content=\"Escrito por\" \/>\n\t<meta name=\"twitter:data1\" content=\"Lusa\" \/>\n\t<meta name=\"twitter:label2\" content=\"Tempo estimado de leitura\" \/>\n\t<meta name=\"twitter:data2\" content=\"3 minutos\" \/>\n<script type=\"application\/ld+json\" class=\"yoast-schema-graph\">{\"@context\":\"https:\\\/\\\/schema.org\",\"@graph\":[{\"@type\":\"Article\",\"@id\":\"https:\\\/\\\/www.altominho.tv\\\/site\\\/2023\\\/09\\\/11\\\/reconversao-de-cantina-em-lar-em-valenca-a-concurso-por-634-mil-euros\\\/#article\",\"isPartOf\":{\"@id\":\"https:\\\/\\\/www.altominho.tv\\\/site\\\/2023\\\/09\\\/11\\\/reconversao-de-cantina-em-lar-em-valenca-a-concurso-por-634-mil-euros\\\/\"},\"author\":{\"name\":\"Lusa\",\"@id\":\"https:\\\/\\\/www.altominho.tv\\\/site\\\/#\\\/schema\\\/person\\\/63f693da3e1899361cbe955c46f3232e\"},\"headline\":\"Reconvers\u00e3o de cantina em lar em Valen\u00e7a a concurso por 634 mil euros\",\"datePublished\":\"2023-09-11T11:29:00+00:00\",\"dateModified\":\"2023-09-11T11:29:04+00:00\",\"mainEntityOfPage\":{\"@id\":\"https:\\\/\\\/www.altominho.tv\\\/site\\\/2023\\\/09\\\/11\\\/reconversao-de-cantina-em-lar-em-valenca-a-concurso-por-634-mil-euros\\\/\"},\"wordCount\":514,\"image\":{\"@id\":\"https:\\\/\\\/www.altominho.tv\\\/site\\\/2023\\\/09\\\/11\\\/reconversao-de-cantina-em-lar-em-valenca-a-concurso-por-634-mil-euros\\\/#primaryimage\"},\"thumbnailUrl\":\"https:\\\/\\\/www.altominho.tv\\\/site\\\/wp-content\\\/uploads\\\/2023\\\/09\\\/lar.png\",\"keywords\":[\"Sociedade\"],\"articleSection\":[\"Valen\u00e7a\"],\"inLanguage\":\"pt-PT\",\"copyrightYear\":\"2023\",\"copyrightHolder\":{\"@id\":\"https:\\\/\\\/www.altominho.tv\\\/site\\\/#organization\"}},{\"@type\":\"WebPage\",\"@id\":\"https:\\\/\\\/www.altominho.tv\\\/site\\\/2023\\\/09\\\/11\\\/reconversao-de-cantina-em-lar-em-valenca-a-concurso-por-634-mil-euros\\\/\",\"url\":\"https:\\\/\\\/www.altominho.tv\\\/site\\\/2023\\\/09\\\/11\\\/reconversao-de-cantina-em-lar-em-valenca-a-concurso-por-634-mil-euros\\\/\",\"name\":\"Reconvers\u00e3o de cantina em lar em Valen\u00e7a a concurso por 634 mil euros\",\"isPartOf\":{\"@id\":\"https:\\\/\\\/www.altominho.tv\\\/site\\\/#website\"},\"primaryImageOfPage\":{\"@id\":\"https:\\\/\\\/www.altominho.tv\\\/site\\\/2023\\\/09\\\/11\\\/reconversao-de-cantina-em-lar-em-valenca-a-concurso-por-634-mil-euros\\\/#primaryimage\"},\"image\":{\"@id\":\"https:\\\/\\\/www.altominho.tv\\\/site\\\/2023\\\/09\\\/11\\\/reconversao-de-cantina-em-lar-em-valenca-a-concurso-por-634-mil-euros\\\/#primaryimage\"},\"thumbnailUrl\":\"https:\\\/\\\/www.altominho.tv\\\/site\\\/wp-content\\\/uploads\\\/2023\\\/09\\\/lar.png\",\"datePublished\":\"2023-09-11T11:29:00+00:00\",\"dateModified\":\"2023-09-11T11:29:04+00:00\",\"author\":{\"@id\":\"https:\\\/\\\/www.altominho.tv\\\/site\\\/#\\\/schema\\\/person\\\/63f693da3e1899361cbe955c46f3232e\"},\"description\":\"A empreitada de reconvers\u00e3o de uma antiga cantina e refeit\u00f3rio escolar em lar residencial, em Valen\u00e7a, foi hoje lan\u00e7ada a concurso p\u00fablico, pelo pre\u00e7o base de 634,223 euros, de acordo com o aviso publicado em Di\u00e1rio da Rep\u00fablica (DR).\",\"breadcrumb\":{\"@id\":\"https:\\\/\\\/www.altominho.tv\\\/site\\\/2023\\\/09\\\/11\\\/reconversao-de-cantina-em-lar-em-valenca-a-concurso-por-634-mil-euros\\\/#breadcrumb\"},\"inLanguage\":\"pt-PT\",\"potentialAction\":[{\"@type\":\"ReadAction\",\"target\":[\"https:\\\/\\\/www.altominho.tv\\\/site\\\/2023\\\/09\\\/11\\\/reconversao-de-cantina-em-lar-em-valenca-a-concurso-por-634-mil-euros\\\/\"]}]},{\"@type\":\"ImageObject\",\"inLanguage\":\"pt-PT\",\"@id\":\"https:\\\/\\\/www.altominho.tv\\\/site\\\/2023\\\/09\\\/11\\\/reconversao-de-cantina-em-lar-em-valenca-a-concurso-por-634-mil-euros\\\/#primaryimage\",\"url\":\"https:\\\/\\\/www.altominho.tv\\\/site\\\/wp-content\\\/uploads\\\/2023\\\/09\\\/lar.png\",\"contentUrl\":\"https:\\\/\\\/www.altominho.tv\\\/site\\\/wp-content\\\/uploads\\\/2023\\\/09\\\/lar.png\",\"width\":789,\"height\":455},{\"@type\":\"BreadcrumbList\",\"@id\":\"https:\\\/\\\/www.altominho.tv\\\/site\\\/2023\\\/09\\\/11\\\/reconversao-de-cantina-em-lar-em-valenca-a-concurso-por-634-mil-euros\\\/#breadcrumb\",\"itemListElement\":[{\"@type\":\"ListItem\",\"position\":1,\"name\":\"In\u00edcio\",\"item\":\"https:\\\/\\\/www.altominho.tv\\\/site\\\/\"},{\"@type\":\"ListItem\",\"position\":2,\"name\":\"Reconvers\u00e3o de cantina em lar em Valen\u00e7a a concurso por 634 mil euros\"}]},{\"@type\":\"WebSite\",\"@id\":\"https:\\\/\\\/www.altominho.tv\\\/site\\\/#website\",\"url\":\"https:\\\/\\\/www.altominho.tv\\\/site\\\/\",\"name\":\"Altominho.tv\",\"description\":\"A sua regi\u00e3o \u00e0 dist\u00e2ncia de um clique...\",\"potentialAction\":[{\"@type\":\"SearchAction\",\"target\":{\"@type\":\"EntryPoint\",\"urlTemplate\":\"https:\\\/\\\/www.altominho.tv\\\/site\\\/?s={search_term_string}\"},\"query-input\":{\"@type\":\"PropertyValueSpecification\",\"valueRequired\":true,\"valueName\":\"search_term_string\"}}],\"inLanguage\":\"pt-PT\"},{\"@type\":\"Person\",\"@id\":\"https:\\\/\\\/www.altominho.tv\\\/site\\\/#\\\/schema\\\/person\\\/63f693da3e1899361cbe955c46f3232e\",\"name\":\"Lusa\",\"image\":{\"@type\":\"ImageObject\",\"inLanguage\":\"pt-PT\",\"@id\":\"https:\\\/\\\/www.altominho.tv\\\/site\\\/wp-content\\\/uploads\\\/2019\\\/08\\\/LUSA_Logo.gif\",\"url\":\"https:\\\/\\\/www.altominho.tv\\\/site\\\/wp-content\\\/uploads\\\/2019\\\/08\\\/LUSA_Logo.gif\",\"contentUrl\":\"https:\\\/\\\/www.altominho.tv\\\/site\\\/wp-content\\\/uploads\\\/2019\\\/08\\\/LUSA_Logo.gif\",\"caption\":\"Lusa\"},\"sameAs\":[\"http:\\\/\\\/\\\/\\\/www.altominho.tv\\\/site\"],\"url\":\"https:\\\/\\\/www.altominho.tv\\\/site\\\/author\\\/lusa\\\/\"}]}<\/script>\n<!-- \/ Yoast SEO Premium plugin. -->","yoast_head_json":{"title":"Reconvers\u00e3o de cantina em lar em Valen\u00e7a a concurso por 634 mil euros","description":"A empreitada de reconvers\u00e3o de uma antiga cantina e refeit\u00f3rio escolar em lar residencial, em Valen\u00e7a, foi hoje lan\u00e7ada a concurso p\u00fablico, pelo pre\u00e7o base de 634,223 euros, de acordo com o aviso publicado em Di\u00e1rio da Rep\u00fablica (DR).","robots":{"index":"index","follow":"follow","max-snippet":"max-snippet:-1","max-image-preview":"max-image-preview:large","max-video-preview":"max-video-preview:-1"},"canonical":"https:\/\/www.altominho.tv\/site\/2023\/09\/11\/reconversao-de-cantina-em-lar-em-valenca-a-concurso-por-634-mil-euros\/","og_locale":"pt_PT","og_type":"article","og_title":"Reconvers\u00e3o de cantina em lar em Valen\u00e7a a concurso por 634 mil euros","og_description":"A empreitada de reconvers\u00e3o de uma antiga cantina e refeit\u00f3rio escolar em lar residencial, em Valen\u00e7a, foi hoje lan\u00e7ada a concurso p\u00fablico, pelo pre\u00e7o base de 634,223 euros, de acordo com o aviso publicado em Di\u00e1rio da Rep\u00fablica (DR).","og_url":"https:\/\/www.altominho.tv\/site\/2023\/09\/11\/reconversao-de-cantina-em-lar-em-valenca-a-concurso-por-634-mil-euros\/","og_site_name":"Altominho.tv","article_publisher":"https:\/\/www.facebook.com\/altominhotv","article_published_time":"2023-09-11T11:29:00+00:00","article_modified_time":"2023-09-11T11:29:04+00:00","og_image":[{"width":789,"height":455,"url":"https:\/\/www.altominho.tv\/site\/wp-content\/uploads\/2023\/09\/lar.png","type":"image\/png"}],"author":"Lusa","twitter_card":"summary_large_image","twitter_creator":"@altominhoTV","twitter_site":"@altominhoTV","twitter_misc":{"Escrito por":"Lusa","Tempo estimado de leitura":"3 minutos"},"schema":{"@context":"https:\/\/schema.org","@graph":[{"@type":"Article","@id":"https:\/\/www.altominho.tv\/site\/2023\/09\/11\/reconversao-de-cantina-em-lar-em-valenca-a-concurso-por-634-mil-euros\/#article","isPartOf":{"@id":"https:\/\/www.altominho.tv\/site\/2023\/09\/11\/reconversao-de-cantina-em-lar-em-valenca-a-concurso-por-634-mil-euros\/"},"author":{"name":"Lusa","@id":"https:\/\/www.altominho.tv\/site\/#\/schema\/person\/63f693da3e1899361cbe955c46f3232e"},"headline":"Reconvers\u00e3o de cantina em lar em Valen\u00e7a a concurso por 634 mil euros","datePublished":"2023-09-11T11:29:00+00:00","dateModified":"2023-09-11T11:29:04+00:00","mainEntityOfPage":{"@id":"https:\/\/www.altominho.tv\/site\/2023\/09\/11\/reconversao-de-cantina-em-lar-em-valenca-a-concurso-por-634-mil-euros\/"},"wordCount":514,"image":{"@id":"https:\/\/www.altominho.tv\/site\/2023\/09\/11\/reconversao-de-cantina-em-lar-em-valenca-a-concurso-por-634-mil-euros\/#primaryimage"},"thumbnailUrl":"https:\/\/www.altominho.tv\/site\/wp-content\/uploads\/2023\/09\/lar.png","keywords":["Sociedade"],"articleSection":["Valen\u00e7a"],"inLanguage":"pt-PT","copyrightYear":"2023","copyrightHolder":{"@id":"https:\/\/www.altominho.tv\/site\/#organization"}},{"@type":"WebPage","@id":"https:\/\/www.altominho.tv\/site\/2023\/09\/11\/reconversao-de-cantina-em-lar-em-valenca-a-concurso-por-634-mil-euros\/","url":"https:\/\/www.altominho.tv\/site\/2023\/09\/11\/reconversao-de-cantina-em-lar-em-valenca-a-concurso-por-634-mil-euros\/","name":"Reconvers\u00e3o de cantina em lar em Valen\u00e7a a concurso por 634 mil euros","isPartOf":{"@id":"https:\/\/www.altominho.tv\/site\/#website"},"primaryImageOfPage":{"@id":"https:\/\/www.altominho.tv\/site\/2023\/09\/11\/reconversao-de-cantina-em-lar-em-valenca-a-concurso-por-634-mil-euros\/#primaryimage"},"image":{"@id":"https:\/\/www.altominho.tv\/site\/2023\/09\/11\/reconversao-de-cantina-em-lar-em-valenca-a-concurso-por-634-mil-euros\/#primaryimage"},"thumbnailUrl":"https:\/\/www.altominho.tv\/site\/wp-content\/uploads\/2023\/09\/lar.png","datePublished":"2023-09-11T11:29:00+00:00","dateModified":"2023-09-11T11:29:04+00:00","author":{"@id":"https:\/\/www.altominho.tv\/site\/#\/schema\/person\/63f693da3e1899361cbe955c46f3232e"},"description":"A empreitada de reconvers\u00e3o de uma antiga cantina e refeit\u00f3rio escolar em lar residencial, em Valen\u00e7a, foi hoje lan\u00e7ada a concurso p\u00fablico, pelo pre\u00e7o base de 634,223 euros, de acordo com o aviso publicado em Di\u00e1rio da Rep\u00fablica (DR).","breadcrumb":{"@id":"https:\/\/www.altominho.tv\/site\/2023\/09\/11\/reconversao-de-cantina-em-lar-em-valenca-a-concurso-por-634-mil-euros\/#breadcrumb"},"inLanguage":"pt-PT","potentialAction":[{"@type":"ReadAction","target":["https:\/\/www.altominho.tv\/site\/2023\/09\/11\/reconversao-de-cantina-em-lar-em-valenca-a-concurso-por-634-mil-euros\/"]}]},{"@type":"ImageObject","inLanguage":"pt-PT","@id":"https:\/\/www.altominho.tv\/site\/2023\/09\/11\/reconversao-de-cantina-em-lar-em-valenca-a-concurso-por-634-mil-euros\/#primaryimage","url":"https:\/\/www.altominho.tv\/site\/wp-content\/uploads\/2023\/09\/lar.png","contentUrl":"https:\/\/www.altominho.tv\/site\/wp-content\/uploads\/2023\/09\/lar.png","width":789,"height":455},{"@type":"BreadcrumbList","@id":"https:\/\/www.altominho.tv\/site\/2023\/09\/11\/reconversao-de-cantina-em-lar-em-valenca-a-concurso-por-634-mil-euros\/#breadcrumb","itemListElement":[{"@type":"ListItem","position":1,"name":"In\u00edcio","item":"https:\/\/www.altominho.tv\/site\/"},{"@type":"ListItem","position":2,"name":"Reconvers\u00e3o de cantina em lar em Valen\u00e7a a concurso por 634 mil euros"}]},{"@type":"WebSite","@id":"https:\/\/www.altominho.tv\/site\/#website","url":"https:\/\/www.altominho.tv\/site\/","name":"Altominho.tv","description":"A sua regi\u00e3o \u00e0 dist\u00e2ncia de um clique...","potentialAction":[{"@type":"SearchAction","target":{"@type":"EntryPoint","urlTemplate":"https:\/\/www.altominho.tv\/site\/?s={search_term_string}"},"query-input":{"@type":"PropertyValueSpecification","valueRequired":true,"valueName":"search_term_string"}}],"inLanguage":"pt-PT"},{"@type":"Person","@id":"https:\/\/www.altominho.tv\/site\/#\/schema\/person\/63f693da3e1899361cbe955c46f3232e","name":"Lusa","image":{"@type":"ImageObject","inLanguage":"pt-PT","@id":"https:\/\/www.altominho.tv\/site\/wp-content\/uploads\/2019\/08\/LUSA_Logo.gif","url":"https:\/\/www.altominho.tv\/site\/wp-content\/uploads\/2019\/08\/LUSA_Logo.gif","contentUrl":"https:\/\/www.altominho.tv\/site\/wp-content\/uploads\/2019\/08\/LUSA_Logo.gif","caption":"Lusa"},"sameAs":["http:\/\/\/\/www.altominho.tv\/site"],"url":"https:\/\/www.altominho.tv\/site\/author\/lusa\/"}]}},"_links":{"self":[{"href":"https:\/\/www.altominho.tv\/site\/wp-json\/wp\/v2\/posts\/96351","targetHints":{"allow":["GET"]}}],"collection":[{"href":"https:\/\/www.altominho.tv\/site\/wp-json\/wp\/v2\/posts"}],"about":[{"href":"https:\/\/www.altominho.tv\/site\/wp-json\/wp\/v2\/types\/post"}],"author":[{"embeddable":true,"href":"https:\/\/www.altominho.tv\/site\/wp-json\/wp\/v2\/users\/13"}],"replies":[{"embeddable":true,"href":"https:\/\/www.altominho.tv\/site\/wp-json\/wp\/v2\/comments?post=96351"}],"version-history":[{"count":1,"href":"https:\/\/www.altominho.tv\/site\/wp-json\/wp\/v2\/posts\/96351\/revisions"}],"predecessor-version":[{"id":96353,"href":"https:\/\/www.altominho.tv\/site\/wp-json\/wp\/v2\/posts\/96351\/revisions\/96353"}],"wp:featuredmedia":[{"embeddable":true,"href":"https:\/\/www.altominho.tv\/site\/wp-json\/wp\/v2\/media\/96352"}],"wp:attachment":[{"href":"https:\/\/www.altominho.tv\/site\/wp-json\/wp\/v2\/media?parent=96351"}],"wp:term":[{"taxonomy":"category","embeddable":true,"href":"https:\/\/www.altominho.tv\/site\/wp-json\/wp\/v2\/categories?post=96351"},{"taxonomy":"post_tag","embeddable":true,"href":"https:\/\/www.altominho.tv\/site\/wp-json\/wp\/v2\/tags?post=96351"}],"curies":[{"name":"wp","href":"https:\/\/api.w.org\/{rel}","templated":true}]}}