{"id":96169,"date":"2023-09-07T10:17:54","date_gmt":"2023-09-07T09:17:54","guid":{"rendered":"https:\/\/www.altominho.tv\/site\/?p=96169"},"modified":"2023-09-07T10:17:59","modified_gmt":"2023-09-07T09:17:59","slug":"moncao-incluido-na-rota-cultural-europeia-do-s-jorge-e-do-dragao","status":"publish","type":"post","link":"https:\/\/www.altominho.tv\/site\/2023\/09\/07\/moncao-incluido-na-rota-cultural-europeia-do-s-jorge-e-do-dragao\/","title":{"rendered":"Mon\u00e7\u00e3o inclu\u00eddo na Rota Cultural Europeia do S. Jorge e do Drag\u00e3o"},"content":{"rendered":"<p>Cinco munic\u00edpios europeus com a tem\u00e1tica do S. Jorge e do Drag\u00e3o presentes na cultura e tradi\u00e7\u00e3o locais, assinaram, recentemente, um memorando de entendimento para a certifica\u00e7\u00e3o da Rota Cultural Europeia do S. Jorge e do Drag\u00e3o.<\/p>\n<p>A cerim\u00f3nia teve lugar em Beesel, nos Pa\u00edses Baixos, com a participa\u00e7\u00e3o das localidades de Furth im Wald, na Alemanha, Grez-Doiceau, na B\u00e9lgica, Montblanc, na Espanha, e Mon\u00e7\u00e3o, em Portugal. O Munic\u00edpio esteve representado pelo Vice-Presidente da CMM, Jo\u00e3o Oliveira.<\/p>\n<p>O documento tem como finalidade promover o &#8220;interc\u00e2mbio e o conhecimento entre os munic\u00edpios signat\u00e1rios, atrav\u00e9s da materializa\u00e7\u00e3o de um processo colaborativo de partilha de experi\u00eancias, de forma a potenciar esta heran\u00e7a cultural no campo educacional e tur\u00edstico&#8221; divulga a autarquia.<\/p>\n<p>Al\u00e9m da assinatura do documento, o programa englobou a realiza\u00e7\u00e3o de v\u00e1rias confer\u00eancias, com a presen\u00e7a de oradores especializados na tem\u00e1tica, bem como a inaugura\u00e7\u00e3o dos bras\u00f5es dos munic\u00edpios, no BillyBird Park Drakenrijk, em Beesel, castelo para as crian\u00e7as brincarem.<\/p>\n<p>\u201cO memorando de entendimento resultar\u00e1 numa colabora\u00e7\u00e3o efetiva e frutuosa entre os munic\u00edpios, contribuindo para fortalecer o reconhecimento da Rota Cultural Europeia do S. Jorge e do Drag\u00e3o e, tamb\u00e9m, para despertar o interesse dos europeus nesta tradi\u00e7\u00e3o que une e apaixona os cinco munic\u00edpios\u201d, revela o vice-presidente.<\/p>\n","protected":false},"excerpt":{"rendered":"<p>Cinco munic\u00edpios europeus com a tem\u00e1tica do S. Jorge e do Drag\u00e3o presentes na cultura e tradi\u00e7\u00e3o locais, assinaram, recentemente, um memorando de entendimento para a certifica\u00e7\u00e3o da Rota Cultural Europeia do S. Jorge e do Drag\u00e3o. A cerim\u00f3nia teve lugar em Beesel, nos Pa\u00edses Baixos, com a participa\u00e7\u00e3o das localidades de Furth im Wald, [&hellip;]<\/p>\n","protected":false},"author":28,"featured_media":96172,"comment_status":"closed","ping_status":"closed","sticky":false,"template":"","format":"standard","meta":{"_exactmetrics_skip_tracking":false,"_exactmetrics_sitenote_active":false,"_exactmetrics_sitenote_note":"","_exactmetrics_sitenote_category":0,"footnotes":""},"categories":[9],"tags":[27],"class_list":["post-96169","post","type-post","status-publish","format-standard","has-post-thumbnail","hentry","category-moncao","tag-sociedade"],"yoast_head":"<!-- This site is optimized with the Yoast SEO Premium plugin v27.5 (Yoast SEO v27.5) - https:\/\/yoast.com\/product\/yoast-seo-premium-wordpress\/ -->\n<title>Mon\u00e7\u00e3o inclu\u00eddo na Rota Cultural Europeia do S. Jorge e do Drag\u00e3o<\/title>\n<meta name=\"description\" content=\"Cinco munic\u00edpios europeus com a tem\u00e1tica do S. Jorge e do Drag\u00e3o presentes na cultura e tradi\u00e7\u00e3o locais, assinaram, recentemente, um memorando de entendimento para a certifica\u00e7\u00e3o da Rota Cultural Europeia do S. Jorge e do Drag\u00e3o.\" \/>\n<meta name=\"robots\" content=\"index, follow, max-snippet:-1, max-image-preview:large, max-video-preview:-1\" \/>\n<link rel=\"canonical\" href=\"https:\/\/www.altominho.tv\/site\/2023\/09\/07\/moncao-incluido-na-rota-cultural-europeia-do-s-jorge-e-do-dragao\/\" \/>\n<meta property=\"og:locale\" content=\"pt_PT\" \/>\n<meta property=\"og:type\" content=\"article\" \/>\n<meta property=\"og:title\" content=\"Mon\u00e7\u00e3o inclu\u00eddo na Rota Cultural Europeia do S. Jorge e do Drag\u00e3o\" \/>\n<meta property=\"og:description\" content=\"Cinco munic\u00edpios europeus com a tem\u00e1tica do S. Jorge e do Drag\u00e3o presentes na cultura e tradi\u00e7\u00e3o locais, assinaram, recentemente, um memorando de entendimento para a certifica\u00e7\u00e3o da Rota Cultural Europeia do S. Jorge e do Drag\u00e3o.\" \/>\n<meta property=\"og:url\" content=\"https:\/\/www.altominho.tv\/site\/2023\/09\/07\/moncao-incluido-na-rota-cultural-europeia-do-s-jorge-e-do-dragao\/\" \/>\n<meta property=\"og:site_name\" content=\"Altominho.tv\" \/>\n<meta property=\"article:publisher\" content=\"https:\/\/www.facebook.com\/altominhotv\" \/>\n<meta property=\"article:published_time\" content=\"2023-09-07T09:17:54+00:00\" \/>\n<meta property=\"article:modified_time\" content=\"2023-09-07T09:17:59+00:00\" \/>\n<meta property=\"og:image\" content=\"https:\/\/www.altominho.tv\/site\/wp-content\/uploads\/2023\/09\/beesel_moncao05.jpg\" \/>\n\t<meta property=\"og:image:width\" content=\"1439\" \/>\n\t<meta property=\"og:image:height\" content=\"1066\" \/>\n\t<meta property=\"og:image:type\" content=\"image\/jpeg\" \/>\n<meta name=\"author\" content=\"Beatriz Lira\" \/>\n<meta name=\"twitter:card\" content=\"summary_large_image\" \/>\n<meta name=\"twitter:creator\" content=\"@altominhoTV\" \/>\n<meta name=\"twitter:site\" content=\"@altominhoTV\" \/>\n<meta name=\"twitter:label1\" content=\"Escrito por\" \/>\n\t<meta name=\"twitter:data1\" content=\"Beatriz Lira\" \/>\n\t<meta name=\"twitter:label2\" content=\"Tempo estimado de leitura\" \/>\n\t<meta name=\"twitter:data2\" content=\"2 minutos\" \/>\n<script type=\"application\/ld+json\" class=\"yoast-schema-graph\">{\"@context\":\"https:\\\/\\\/schema.org\",\"@graph\":[{\"@type\":\"Article\",\"@id\":\"https:\\\/\\\/www.altominho.tv\\\/site\\\/2023\\\/09\\\/07\\\/moncao-incluido-na-rota-cultural-europeia-do-s-jorge-e-do-dragao\\\/#article\",\"isPartOf\":{\"@id\":\"https:\\\/\\\/www.altominho.tv\\\/site\\\/2023\\\/09\\\/07\\\/moncao-incluido-na-rota-cultural-europeia-do-s-jorge-e-do-dragao\\\/\"},\"author\":{\"name\":\"Beatriz Lira\",\"@id\":\"https:\\\/\\\/www.altominho.tv\\\/site\\\/#\\\/schema\\\/person\\\/f95a2097796cf4462fe1e476cddc40e4\"},\"headline\":\"Mon\u00e7\u00e3o inclu\u00eddo na Rota Cultural Europeia do S. Jorge e do Drag\u00e3o\",\"datePublished\":\"2023-09-07T09:17:54+00:00\",\"dateModified\":\"2023-09-07T09:17:59+00:00\",\"mainEntityOfPage\":{\"@id\":\"https:\\\/\\\/www.altominho.tv\\\/site\\\/2023\\\/09\\\/07\\\/moncao-incluido-na-rota-cultural-europeia-do-s-jorge-e-do-dragao\\\/\"},\"wordCount\":258,\"image\":{\"@id\":\"https:\\\/\\\/www.altominho.tv\\\/site\\\/2023\\\/09\\\/07\\\/moncao-incluido-na-rota-cultural-europeia-do-s-jorge-e-do-dragao\\\/#primaryimage\"},\"thumbnailUrl\":\"https:\\\/\\\/www.altominho.tv\\\/site\\\/wp-content\\\/uploads\\\/2023\\\/09\\\/beesel_moncao05.jpg\",\"keywords\":[\"Sociedade\"],\"articleSection\":[\"Mon\u00e7\u00e3o\"],\"inLanguage\":\"pt-PT\",\"copyrightYear\":\"2023\",\"copyrightHolder\":{\"@id\":\"https:\\\/\\\/www.altominho.tv\\\/site\\\/#organization\"}},{\"@type\":\"WebPage\",\"@id\":\"https:\\\/\\\/www.altominho.tv\\\/site\\\/2023\\\/09\\\/07\\\/moncao-incluido-na-rota-cultural-europeia-do-s-jorge-e-do-dragao\\\/\",\"url\":\"https:\\\/\\\/www.altominho.tv\\\/site\\\/2023\\\/09\\\/07\\\/moncao-incluido-na-rota-cultural-europeia-do-s-jorge-e-do-dragao\\\/\",\"name\":\"Mon\u00e7\u00e3o inclu\u00eddo na Rota Cultural Europeia do S. Jorge e do Drag\u00e3o\",\"isPartOf\":{\"@id\":\"https:\\\/\\\/www.altominho.tv\\\/site\\\/#website\"},\"primaryImageOfPage\":{\"@id\":\"https:\\\/\\\/www.altominho.tv\\\/site\\\/2023\\\/09\\\/07\\\/moncao-incluido-na-rota-cultural-europeia-do-s-jorge-e-do-dragao\\\/#primaryimage\"},\"image\":{\"@id\":\"https:\\\/\\\/www.altominho.tv\\\/site\\\/2023\\\/09\\\/07\\\/moncao-incluido-na-rota-cultural-europeia-do-s-jorge-e-do-dragao\\\/#primaryimage\"},\"thumbnailUrl\":\"https:\\\/\\\/www.altominho.tv\\\/site\\\/wp-content\\\/uploads\\\/2023\\\/09\\\/beesel_moncao05.jpg\",\"datePublished\":\"2023-09-07T09:17:54+00:00\",\"dateModified\":\"2023-09-07T09:17:59+00:00\",\"author\":{\"@id\":\"https:\\\/\\\/www.altominho.tv\\\/site\\\/#\\\/schema\\\/person\\\/f95a2097796cf4462fe1e476cddc40e4\"},\"description\":\"Cinco munic\u00edpios europeus com a tem\u00e1tica do S. Jorge e do Drag\u00e3o presentes na cultura e tradi\u00e7\u00e3o locais, assinaram, recentemente, um memorando de entendimento para a certifica\u00e7\u00e3o da Rota Cultural Europeia do S. Jorge e do Drag\u00e3o.\",\"breadcrumb\":{\"@id\":\"https:\\\/\\\/www.altominho.tv\\\/site\\\/2023\\\/09\\\/07\\\/moncao-incluido-na-rota-cultural-europeia-do-s-jorge-e-do-dragao\\\/#breadcrumb\"},\"inLanguage\":\"pt-PT\",\"potentialAction\":[{\"@type\":\"ReadAction\",\"target\":[\"https:\\\/\\\/www.altominho.tv\\\/site\\\/2023\\\/09\\\/07\\\/moncao-incluido-na-rota-cultural-europeia-do-s-jorge-e-do-dragao\\\/\"]}]},{\"@type\":\"ImageObject\",\"inLanguage\":\"pt-PT\",\"@id\":\"https:\\\/\\\/www.altominho.tv\\\/site\\\/2023\\\/09\\\/07\\\/moncao-incluido-na-rota-cultural-europeia-do-s-jorge-e-do-dragao\\\/#primaryimage\",\"url\":\"https:\\\/\\\/www.altominho.tv\\\/site\\\/wp-content\\\/uploads\\\/2023\\\/09\\\/beesel_moncao05.jpg\",\"contentUrl\":\"https:\\\/\\\/www.altominho.tv\\\/site\\\/wp-content\\\/uploads\\\/2023\\\/09\\\/beesel_moncao05.jpg\",\"width\":1439,\"height\":1066},{\"@type\":\"BreadcrumbList\",\"@id\":\"https:\\\/\\\/www.altominho.tv\\\/site\\\/2023\\\/09\\\/07\\\/moncao-incluido-na-rota-cultural-europeia-do-s-jorge-e-do-dragao\\\/#breadcrumb\",\"itemListElement\":[{\"@type\":\"ListItem\",\"position\":1,\"name\":\"In\u00edcio\",\"item\":\"https:\\\/\\\/www.altominho.tv\\\/site\\\/\"},{\"@type\":\"ListItem\",\"position\":2,\"name\":\"Mon\u00e7\u00e3o inclu\u00eddo na Rota Cultural Europeia do S. Jorge e do Drag\u00e3o\"}]},{\"@type\":\"WebSite\",\"@id\":\"https:\\\/\\\/www.altominho.tv\\\/site\\\/#website\",\"url\":\"https:\\\/\\\/www.altominho.tv\\\/site\\\/\",\"name\":\"Altominho.tv\",\"description\":\"A sua regi\u00e3o \u00e0 dist\u00e2ncia de um clique...\",\"potentialAction\":[{\"@type\":\"SearchAction\",\"target\":{\"@type\":\"EntryPoint\",\"urlTemplate\":\"https:\\\/\\\/www.altominho.tv\\\/site\\\/?s={search_term_string}\"},\"query-input\":{\"@type\":\"PropertyValueSpecification\",\"valueRequired\":true,\"valueName\":\"search_term_string\"}}],\"inLanguage\":\"pt-PT\"},{\"@type\":\"Person\",\"@id\":\"https:\\\/\\\/www.altominho.tv\\\/site\\\/#\\\/schema\\\/person\\\/f95a2097796cf4462fe1e476cddc40e4\",\"name\":\"Beatriz Lira\",\"image\":{\"@type\":\"ImageObject\",\"inLanguage\":\"pt-PT\",\"@id\":\"https:\\\/\\\/www.altominho.tv\\\/site\\\/wp-content\\\/uploads\\\/2023\\\/03\\\/Screenshot_20230306-141220_Photos-150x150.jpg\",\"url\":\"https:\\\/\\\/www.altominho.tv\\\/site\\\/wp-content\\\/uploads\\\/2023\\\/03\\\/Screenshot_20230306-141220_Photos-150x150.jpg\",\"contentUrl\":\"https:\\\/\\\/www.altominho.tv\\\/site\\\/wp-content\\\/uploads\\\/2023\\\/03\\\/Screenshot_20230306-141220_Photos-150x150.jpg\",\"caption\":\"Beatriz Lira\"},\"url\":\"https:\\\/\\\/www.altominho.tv\\\/site\\\/author\\\/beatriz\\\/\"}]}<\/script>\n<!-- \/ Yoast SEO Premium plugin. -->","yoast_head_json":{"title":"Mon\u00e7\u00e3o inclu\u00eddo na Rota Cultural Europeia do S. Jorge e do Drag\u00e3o","description":"Cinco munic\u00edpios europeus com a tem\u00e1tica do S. Jorge e do Drag\u00e3o presentes na cultura e tradi\u00e7\u00e3o locais, assinaram, recentemente, um memorando de entendimento para a certifica\u00e7\u00e3o da Rota Cultural Europeia do S. Jorge e do Drag\u00e3o.","robots":{"index":"index","follow":"follow","max-snippet":"max-snippet:-1","max-image-preview":"max-image-preview:large","max-video-preview":"max-video-preview:-1"},"canonical":"https:\/\/www.altominho.tv\/site\/2023\/09\/07\/moncao-incluido-na-rota-cultural-europeia-do-s-jorge-e-do-dragao\/","og_locale":"pt_PT","og_type":"article","og_title":"Mon\u00e7\u00e3o inclu\u00eddo na Rota Cultural Europeia do S. Jorge e do Drag\u00e3o","og_description":"Cinco munic\u00edpios europeus com a tem\u00e1tica do S. Jorge e do Drag\u00e3o presentes na cultura e tradi\u00e7\u00e3o locais, assinaram, recentemente, um memorando de entendimento para a certifica\u00e7\u00e3o da Rota Cultural Europeia do S. Jorge e do Drag\u00e3o.","og_url":"https:\/\/www.altominho.tv\/site\/2023\/09\/07\/moncao-incluido-na-rota-cultural-europeia-do-s-jorge-e-do-dragao\/","og_site_name":"Altominho.tv","article_publisher":"https:\/\/www.facebook.com\/altominhotv","article_published_time":"2023-09-07T09:17:54+00:00","article_modified_time":"2023-09-07T09:17:59+00:00","og_image":[{"width":1439,"height":1066,"url":"https:\/\/www.altominho.tv\/site\/wp-content\/uploads\/2023\/09\/beesel_moncao05.jpg","type":"image\/jpeg"}],"author":"Beatriz Lira","twitter_card":"summary_large_image","twitter_creator":"@altominhoTV","twitter_site":"@altominhoTV","twitter_misc":{"Escrito por":"Beatriz Lira","Tempo estimado de leitura":"2 minutos"},"schema":{"@context":"https:\/\/schema.org","@graph":[{"@type":"Article","@id":"https:\/\/www.altominho.tv\/site\/2023\/09\/07\/moncao-incluido-na-rota-cultural-europeia-do-s-jorge-e-do-dragao\/#article","isPartOf":{"@id":"https:\/\/www.altominho.tv\/site\/2023\/09\/07\/moncao-incluido-na-rota-cultural-europeia-do-s-jorge-e-do-dragao\/"},"author":{"name":"Beatriz Lira","@id":"https:\/\/www.altominho.tv\/site\/#\/schema\/person\/f95a2097796cf4462fe1e476cddc40e4"},"headline":"Mon\u00e7\u00e3o inclu\u00eddo na Rota Cultural Europeia do S. Jorge e do Drag\u00e3o","datePublished":"2023-09-07T09:17:54+00:00","dateModified":"2023-09-07T09:17:59+00:00","mainEntityOfPage":{"@id":"https:\/\/www.altominho.tv\/site\/2023\/09\/07\/moncao-incluido-na-rota-cultural-europeia-do-s-jorge-e-do-dragao\/"},"wordCount":258,"image":{"@id":"https:\/\/www.altominho.tv\/site\/2023\/09\/07\/moncao-incluido-na-rota-cultural-europeia-do-s-jorge-e-do-dragao\/#primaryimage"},"thumbnailUrl":"https:\/\/www.altominho.tv\/site\/wp-content\/uploads\/2023\/09\/beesel_moncao05.jpg","keywords":["Sociedade"],"articleSection":["Mon\u00e7\u00e3o"],"inLanguage":"pt-PT","copyrightYear":"2023","copyrightHolder":{"@id":"https:\/\/www.altominho.tv\/site\/#organization"}},{"@type":"WebPage","@id":"https:\/\/www.altominho.tv\/site\/2023\/09\/07\/moncao-incluido-na-rota-cultural-europeia-do-s-jorge-e-do-dragao\/","url":"https:\/\/www.altominho.tv\/site\/2023\/09\/07\/moncao-incluido-na-rota-cultural-europeia-do-s-jorge-e-do-dragao\/","name":"Mon\u00e7\u00e3o inclu\u00eddo na Rota Cultural Europeia do S. Jorge e do Drag\u00e3o","isPartOf":{"@id":"https:\/\/www.altominho.tv\/site\/#website"},"primaryImageOfPage":{"@id":"https:\/\/www.altominho.tv\/site\/2023\/09\/07\/moncao-incluido-na-rota-cultural-europeia-do-s-jorge-e-do-dragao\/#primaryimage"},"image":{"@id":"https:\/\/www.altominho.tv\/site\/2023\/09\/07\/moncao-incluido-na-rota-cultural-europeia-do-s-jorge-e-do-dragao\/#primaryimage"},"thumbnailUrl":"https:\/\/www.altominho.tv\/site\/wp-content\/uploads\/2023\/09\/beesel_moncao05.jpg","datePublished":"2023-09-07T09:17:54+00:00","dateModified":"2023-09-07T09:17:59+00:00","author":{"@id":"https:\/\/www.altominho.tv\/site\/#\/schema\/person\/f95a2097796cf4462fe1e476cddc40e4"},"description":"Cinco munic\u00edpios europeus com a tem\u00e1tica do S. Jorge e do Drag\u00e3o presentes na cultura e tradi\u00e7\u00e3o locais, assinaram, recentemente, um memorando de entendimento para a certifica\u00e7\u00e3o da Rota Cultural Europeia do S. Jorge e do Drag\u00e3o.","breadcrumb":{"@id":"https:\/\/www.altominho.tv\/site\/2023\/09\/07\/moncao-incluido-na-rota-cultural-europeia-do-s-jorge-e-do-dragao\/#breadcrumb"},"inLanguage":"pt-PT","potentialAction":[{"@type":"ReadAction","target":["https:\/\/www.altominho.tv\/site\/2023\/09\/07\/moncao-incluido-na-rota-cultural-europeia-do-s-jorge-e-do-dragao\/"]}]},{"@type":"ImageObject","inLanguage":"pt-PT","@id":"https:\/\/www.altominho.tv\/site\/2023\/09\/07\/moncao-incluido-na-rota-cultural-europeia-do-s-jorge-e-do-dragao\/#primaryimage","url":"https:\/\/www.altominho.tv\/site\/wp-content\/uploads\/2023\/09\/beesel_moncao05.jpg","contentUrl":"https:\/\/www.altominho.tv\/site\/wp-content\/uploads\/2023\/09\/beesel_moncao05.jpg","width":1439,"height":1066},{"@type":"BreadcrumbList","@id":"https:\/\/www.altominho.tv\/site\/2023\/09\/07\/moncao-incluido-na-rota-cultural-europeia-do-s-jorge-e-do-dragao\/#breadcrumb","itemListElement":[{"@type":"ListItem","position":1,"name":"In\u00edcio","item":"https:\/\/www.altominho.tv\/site\/"},{"@type":"ListItem","position":2,"name":"Mon\u00e7\u00e3o inclu\u00eddo na Rota Cultural Europeia do S. Jorge e do Drag\u00e3o"}]},{"@type":"WebSite","@id":"https:\/\/www.altominho.tv\/site\/#website","url":"https:\/\/www.altominho.tv\/site\/","name":"Altominho.tv","description":"A sua regi\u00e3o \u00e0 dist\u00e2ncia de um clique...","potentialAction":[{"@type":"SearchAction","target":{"@type":"EntryPoint","urlTemplate":"https:\/\/www.altominho.tv\/site\/?s={search_term_string}"},"query-input":{"@type":"PropertyValueSpecification","valueRequired":true,"valueName":"search_term_string"}}],"inLanguage":"pt-PT"},{"@type":"Person","@id":"https:\/\/www.altominho.tv\/site\/#\/schema\/person\/f95a2097796cf4462fe1e476cddc40e4","name":"Beatriz Lira","image":{"@type":"ImageObject","inLanguage":"pt-PT","@id":"https:\/\/www.altominho.tv\/site\/wp-content\/uploads\/2023\/03\/Screenshot_20230306-141220_Photos-150x150.jpg","url":"https:\/\/www.altominho.tv\/site\/wp-content\/uploads\/2023\/03\/Screenshot_20230306-141220_Photos-150x150.jpg","contentUrl":"https:\/\/www.altominho.tv\/site\/wp-content\/uploads\/2023\/03\/Screenshot_20230306-141220_Photos-150x150.jpg","caption":"Beatriz Lira"},"url":"https:\/\/www.altominho.tv\/site\/author\/beatriz\/"}]}},"_links":{"self":[{"href":"https:\/\/www.altominho.tv\/site\/wp-json\/wp\/v2\/posts\/96169","targetHints":{"allow":["GET"]}}],"collection":[{"href":"https:\/\/www.altominho.tv\/site\/wp-json\/wp\/v2\/posts"}],"about":[{"href":"https:\/\/www.altominho.tv\/site\/wp-json\/wp\/v2\/types\/post"}],"author":[{"embeddable":true,"href":"https:\/\/www.altominho.tv\/site\/wp-json\/wp\/v2\/users\/28"}],"replies":[{"embeddable":true,"href":"https:\/\/www.altominho.tv\/site\/wp-json\/wp\/v2\/comments?post=96169"}],"version-history":[{"count":1,"href":"https:\/\/www.altominho.tv\/site\/wp-json\/wp\/v2\/posts\/96169\/revisions"}],"predecessor-version":[{"id":96173,"href":"https:\/\/www.altominho.tv\/site\/wp-json\/wp\/v2\/posts\/96169\/revisions\/96173"}],"wp:featuredmedia":[{"embeddable":true,"href":"https:\/\/www.altominho.tv\/site\/wp-json\/wp\/v2\/media\/96172"}],"wp:attachment":[{"href":"https:\/\/www.altominho.tv\/site\/wp-json\/wp\/v2\/media?parent=96169"}],"wp:term":[{"taxonomy":"category","embeddable":true,"href":"https:\/\/www.altominho.tv\/site\/wp-json\/wp\/v2\/categories?post=96169"},{"taxonomy":"post_tag","embeddable":true,"href":"https:\/\/www.altominho.tv\/site\/wp-json\/wp\/v2\/tags?post=96169"}],"curies":[{"name":"wp","href":"https:\/\/api.w.org\/{rel}","templated":true}]}}