{"id":96160,"date":"2023-09-06T16:07:39","date_gmt":"2023-09-06T15:07:39","guid":{"rendered":"https:\/\/www.altominho.tv\/site\/?p=96160"},"modified":"2023-09-06T17:21:29","modified_gmt":"2023-09-06T16:21:29","slug":"investimento-proximo-de-300-mil-euros-em-tres-freguesias-de-moncao","status":"publish","type":"post","link":"https:\/\/www.altominho.tv\/site\/2023\/09\/06\/investimento-proximo-de-300-mil-euros-em-tres-freguesias-de-moncao\/","title":{"rendered":"Investimento pr\u00f3ximo de 300 mil euros em tr\u00eas freguesias de Mon\u00e7\u00e3o"},"content":{"rendered":"<p>No \u00e2mbito do plano estrat\u00e9gico de requalifica\u00e7\u00e3o da rede vi\u00e1ria concelhia, o Munic\u00edpio de Mon\u00e7\u00e3o vai proceder \u00e0 beneficia\u00e7\u00e3o da Estrada Ch\u00e3o dos Coelhos\/Rua do Barral, em Portela, Rua de Sande, em Trute, e Rua de Barro\u00e7as\/Quelha de Verdiz\u00e3o, em Barro\u00e7as e Taias.<\/p>\n<p>Este \u00e9 um investimento de cerca de 300 mil euros.<\/p>\n<p>Em conjunto, as tr\u00eas empreitadas possuem uma extens\u00e3o de 2.6 quil\u00f3metros. Os trabalhos, que avan\u00e7am a breve prazo, ser\u00e3o efetuados pela empresa mon\u00e7anense \u201cHabimon\u00e7\u00e3o, Constru\u00e7\u00f5es, Lda\u201d.<\/p>\n<p>As interven\u00e7\u00f5es previstas incidir\u00e3o na melhoria do pavimento rodovi\u00e1rio, encaminhamento de \u00e1guas pluviais e acesso \u00e0s habita\u00e7\u00f5es e campos agr\u00edcolas. &#8220;Pretende-se uma circula\u00e7\u00e3o mais c\u00f3moda e segura, facilitando a rotina di\u00e1ria das popula\u00e7\u00f5es locais&#8221; afirma a autarquia.<\/p>\n<p>O presente investimento insere-se num conjunto de empreitadas em estradas e caminhos do concelho, divididas em sete lotes, cujo objetivo geral consiste na requalifica\u00e7\u00e3o da rede vi\u00e1ria em 18 freguesias do concelho, envolvendo um montante global de 1.8 milh\u00f5es de euros.<\/p>\n<p>Na procura das melhores condi\u00e7\u00f5es de vida \u00e0s popula\u00e7\u00f5es locais,<\/p>\n<p>&#8220;O processo de requalifica\u00e7\u00e3o da rede vi\u00e1ria municipal constitui, juntamente com a beneficia\u00e7\u00e3o do centro hist\u00f3rico e os trabalhos de saneamento b\u00e1sico e abastecimento de \u00e1gua, s\u00e3o um elemento central da governa\u00e7\u00e3o do executivo de Mon\u00e7\u00e3o&#8221; revela o comunicado enviado pelo munic\u00edpio.<\/p>\n","protected":false},"excerpt":{"rendered":"<p>No \u00e2mbito do plano estrat\u00e9gico de requalifica\u00e7\u00e3o da rede vi\u00e1ria concelhia, o Munic\u00edpio de Mon\u00e7\u00e3o vai proceder \u00e0 beneficia\u00e7\u00e3o da Estrada Ch\u00e3o dos Coelhos\/Rua do Barral, em Portela, Rua de Sande, em Trute, e Rua de Barro\u00e7as\/Quelha de Verdiz\u00e3o, em Barro\u00e7as e Taias. Este \u00e9 um investimento de cerca de 300 mil euros. Em conjunto, [&hellip;]<\/p>\n","protected":false},"author":28,"featured_media":96161,"comment_status":"closed","ping_status":"closed","sticky":false,"template":"","format":"standard","meta":{"_exactmetrics_skip_tracking":false,"_exactmetrics_sitenote_active":false,"_exactmetrics_sitenote_note":"","_exactmetrics_sitenote_category":0,"footnotes":""},"categories":[9],"tags":[21,27],"class_list":["post-96160","post","type-post","status-publish","format-standard","has-post-thumbnail","hentry","category-moncao","tag-economia","tag-sociedade"],"yoast_head":"<!-- This site is optimized with the Yoast SEO Premium plugin v27.5 (Yoast SEO v27.5) - https:\/\/yoast.com\/product\/yoast-seo-premium-wordpress\/ -->\n<title>Investimento pr\u00f3ximo de 300 mil euros em tr\u00eas freguesias de Mon\u00e7\u00e3o<\/title>\n<meta name=\"description\" content=\"No \u00e2mbito do plano estrat\u00e9gico de requalifica\u00e7\u00e3o da rede vi\u00e1ria concelhia, o Munic\u00edpio de Mon\u00e7\u00e3o vai proceder \u00e0 beneficia\u00e7\u00e3o da Estrada Ch\u00e3o dos Coelhos\/Rua do Barral, em Portela, Rua de Sande, em Trute, e Rua de Barro\u00e7as\/Quelha de Verdiz\u00e3o, em Barro\u00e7as e Taias.\" \/>\n<meta name=\"robots\" content=\"index, follow, max-snippet:-1, max-image-preview:large, max-video-preview:-1\" \/>\n<link rel=\"canonical\" href=\"https:\/\/www.altominho.tv\/site\/2023\/09\/06\/investimento-proximo-de-300-mil-euros-em-tres-freguesias-de-moncao\/\" \/>\n<meta property=\"og:locale\" content=\"pt_PT\" \/>\n<meta property=\"og:type\" content=\"article\" \/>\n<meta property=\"og:title\" content=\"Investimento pr\u00f3ximo de 300 mil euros em tr\u00eas freguesias de Mon\u00e7\u00e3o\" \/>\n<meta property=\"og:description\" content=\"No \u00e2mbito do plano estrat\u00e9gico de requalifica\u00e7\u00e3o da rede vi\u00e1ria concelhia, o Munic\u00edpio de Mon\u00e7\u00e3o vai proceder \u00e0 beneficia\u00e7\u00e3o da Estrada Ch\u00e3o dos Coelhos\/Rua do Barral, em Portela, Rua de Sande, em Trute, e Rua de Barro\u00e7as\/Quelha de Verdiz\u00e3o, em Barro\u00e7as e Taias.\" \/>\n<meta property=\"og:url\" content=\"https:\/\/www.altominho.tv\/site\/2023\/09\/06\/investimento-proximo-de-300-mil-euros-em-tres-freguesias-de-moncao\/\" \/>\n<meta property=\"og:site_name\" content=\"Altominho.tv\" \/>\n<meta property=\"article:publisher\" content=\"https:\/\/www.facebook.com\/altominhotv\" \/>\n<meta property=\"article:published_time\" content=\"2023-09-06T15:07:39+00:00\" \/>\n<meta property=\"article:modified_time\" content=\"2023-09-06T16:21:29+00:00\" \/>\n<meta property=\"og:image\" content=\"https:\/\/www.altominho.tv\/site\/wp-content\/uploads\/2023\/09\/taias_moncao01.jpg\" \/>\n\t<meta property=\"og:image:width\" content=\"2078\" \/>\n\t<meta property=\"og:image:height\" content=\"1263\" \/>\n\t<meta property=\"og:image:type\" content=\"image\/jpeg\" \/>\n<meta name=\"author\" content=\"Beatriz Lira\" \/>\n<meta name=\"twitter:card\" content=\"summary_large_image\" \/>\n<meta name=\"twitter:creator\" content=\"@altominhoTV\" \/>\n<meta name=\"twitter:site\" content=\"@altominhoTV\" \/>\n<meta name=\"twitter:label1\" content=\"Escrito por\" \/>\n\t<meta name=\"twitter:data1\" content=\"Beatriz Lira\" \/>\n\t<meta name=\"twitter:label2\" content=\"Tempo estimado de leitura\" \/>\n\t<meta name=\"twitter:data2\" content=\"2 minutos\" \/>\n<script type=\"application\/ld+json\" class=\"yoast-schema-graph\">{\"@context\":\"https:\\\/\\\/schema.org\",\"@graph\":[{\"@type\":\"Article\",\"@id\":\"https:\\\/\\\/www.altominho.tv\\\/site\\\/2023\\\/09\\\/06\\\/investimento-proximo-de-300-mil-euros-em-tres-freguesias-de-moncao\\\/#article\",\"isPartOf\":{\"@id\":\"https:\\\/\\\/www.altominho.tv\\\/site\\\/2023\\\/09\\\/06\\\/investimento-proximo-de-300-mil-euros-em-tres-freguesias-de-moncao\\\/\"},\"author\":{\"name\":\"Beatriz Lira\",\"@id\":\"https:\\\/\\\/www.altominho.tv\\\/site\\\/#\\\/schema\\\/person\\\/f95a2097796cf4462fe1e476cddc40e4\"},\"headline\":\"Investimento pr\u00f3ximo de 300 mil euros em tr\u00eas freguesias de Mon\u00e7\u00e3o\",\"datePublished\":\"2023-09-06T15:07:39+00:00\",\"dateModified\":\"2023-09-06T16:21:29+00:00\",\"mainEntityOfPage\":{\"@id\":\"https:\\\/\\\/www.altominho.tv\\\/site\\\/2023\\\/09\\\/06\\\/investimento-proximo-de-300-mil-euros-em-tres-freguesias-de-moncao\\\/\"},\"wordCount\":259,\"image\":{\"@id\":\"https:\\\/\\\/www.altominho.tv\\\/site\\\/2023\\\/09\\\/06\\\/investimento-proximo-de-300-mil-euros-em-tres-freguesias-de-moncao\\\/#primaryimage\"},\"thumbnailUrl\":\"https:\\\/\\\/www.altominho.tv\\\/site\\\/wp-content\\\/uploads\\\/2023\\\/09\\\/taias_moncao01.jpg\",\"keywords\":[\"Economia\",\"Sociedade\"],\"articleSection\":[\"Mon\u00e7\u00e3o\"],\"inLanguage\":\"pt-PT\",\"copyrightYear\":\"2023\",\"copyrightHolder\":{\"@id\":\"https:\\\/\\\/www.altominho.tv\\\/site\\\/#organization\"}},{\"@type\":\"WebPage\",\"@id\":\"https:\\\/\\\/www.altominho.tv\\\/site\\\/2023\\\/09\\\/06\\\/investimento-proximo-de-300-mil-euros-em-tres-freguesias-de-moncao\\\/\",\"url\":\"https:\\\/\\\/www.altominho.tv\\\/site\\\/2023\\\/09\\\/06\\\/investimento-proximo-de-300-mil-euros-em-tres-freguesias-de-moncao\\\/\",\"name\":\"Investimento pr\u00f3ximo de 300 mil euros em tr\u00eas freguesias de Mon\u00e7\u00e3o\",\"isPartOf\":{\"@id\":\"https:\\\/\\\/www.altominho.tv\\\/site\\\/#website\"},\"primaryImageOfPage\":{\"@id\":\"https:\\\/\\\/www.altominho.tv\\\/site\\\/2023\\\/09\\\/06\\\/investimento-proximo-de-300-mil-euros-em-tres-freguesias-de-moncao\\\/#primaryimage\"},\"image\":{\"@id\":\"https:\\\/\\\/www.altominho.tv\\\/site\\\/2023\\\/09\\\/06\\\/investimento-proximo-de-300-mil-euros-em-tres-freguesias-de-moncao\\\/#primaryimage\"},\"thumbnailUrl\":\"https:\\\/\\\/www.altominho.tv\\\/site\\\/wp-content\\\/uploads\\\/2023\\\/09\\\/taias_moncao01.jpg\",\"datePublished\":\"2023-09-06T15:07:39+00:00\",\"dateModified\":\"2023-09-06T16:21:29+00:00\",\"author\":{\"@id\":\"https:\\\/\\\/www.altominho.tv\\\/site\\\/#\\\/schema\\\/person\\\/f95a2097796cf4462fe1e476cddc40e4\"},\"description\":\"No \u00e2mbito do plano estrat\u00e9gico de requalifica\u00e7\u00e3o da rede vi\u00e1ria concelhia, o Munic\u00edpio de Mon\u00e7\u00e3o vai proceder \u00e0 beneficia\u00e7\u00e3o da Estrada Ch\u00e3o dos Coelhos\\\/Rua do Barral, em Portela, Rua de Sande, em Trute, e Rua de Barro\u00e7as\\\/Quelha de Verdiz\u00e3o, em Barro\u00e7as e Taias.\",\"breadcrumb\":{\"@id\":\"https:\\\/\\\/www.altominho.tv\\\/site\\\/2023\\\/09\\\/06\\\/investimento-proximo-de-300-mil-euros-em-tres-freguesias-de-moncao\\\/#breadcrumb\"},\"inLanguage\":\"pt-PT\",\"potentialAction\":[{\"@type\":\"ReadAction\",\"target\":[\"https:\\\/\\\/www.altominho.tv\\\/site\\\/2023\\\/09\\\/06\\\/investimento-proximo-de-300-mil-euros-em-tres-freguesias-de-moncao\\\/\"]}]},{\"@type\":\"ImageObject\",\"inLanguage\":\"pt-PT\",\"@id\":\"https:\\\/\\\/www.altominho.tv\\\/site\\\/2023\\\/09\\\/06\\\/investimento-proximo-de-300-mil-euros-em-tres-freguesias-de-moncao\\\/#primaryimage\",\"url\":\"https:\\\/\\\/www.altominho.tv\\\/site\\\/wp-content\\\/uploads\\\/2023\\\/09\\\/taias_moncao01.jpg\",\"contentUrl\":\"https:\\\/\\\/www.altominho.tv\\\/site\\\/wp-content\\\/uploads\\\/2023\\\/09\\\/taias_moncao01.jpg\",\"width\":2078,\"height\":1263},{\"@type\":\"BreadcrumbList\",\"@id\":\"https:\\\/\\\/www.altominho.tv\\\/site\\\/2023\\\/09\\\/06\\\/investimento-proximo-de-300-mil-euros-em-tres-freguesias-de-moncao\\\/#breadcrumb\",\"itemListElement\":[{\"@type\":\"ListItem\",\"position\":1,\"name\":\"In\u00edcio\",\"item\":\"https:\\\/\\\/www.altominho.tv\\\/site\\\/\"},{\"@type\":\"ListItem\",\"position\":2,\"name\":\"Investimento pr\u00f3ximo de 300 mil euros em tr\u00eas freguesias de Mon\u00e7\u00e3o\"}]},{\"@type\":\"WebSite\",\"@id\":\"https:\\\/\\\/www.altominho.tv\\\/site\\\/#website\",\"url\":\"https:\\\/\\\/www.altominho.tv\\\/site\\\/\",\"name\":\"Altominho.tv\",\"description\":\"A sua regi\u00e3o \u00e0 dist\u00e2ncia de um clique...\",\"potentialAction\":[{\"@type\":\"SearchAction\",\"target\":{\"@type\":\"EntryPoint\",\"urlTemplate\":\"https:\\\/\\\/www.altominho.tv\\\/site\\\/?s={search_term_string}\"},\"query-input\":{\"@type\":\"PropertyValueSpecification\",\"valueRequired\":true,\"valueName\":\"search_term_string\"}}],\"inLanguage\":\"pt-PT\"},{\"@type\":\"Person\",\"@id\":\"https:\\\/\\\/www.altominho.tv\\\/site\\\/#\\\/schema\\\/person\\\/f95a2097796cf4462fe1e476cddc40e4\",\"name\":\"Beatriz Lira\",\"image\":{\"@type\":\"ImageObject\",\"inLanguage\":\"pt-PT\",\"@id\":\"https:\\\/\\\/www.altominho.tv\\\/site\\\/wp-content\\\/uploads\\\/2023\\\/03\\\/Screenshot_20230306-141220_Photos-150x150.jpg\",\"url\":\"https:\\\/\\\/www.altominho.tv\\\/site\\\/wp-content\\\/uploads\\\/2023\\\/03\\\/Screenshot_20230306-141220_Photos-150x150.jpg\",\"contentUrl\":\"https:\\\/\\\/www.altominho.tv\\\/site\\\/wp-content\\\/uploads\\\/2023\\\/03\\\/Screenshot_20230306-141220_Photos-150x150.jpg\",\"caption\":\"Beatriz Lira\"},\"url\":\"https:\\\/\\\/www.altominho.tv\\\/site\\\/author\\\/beatriz\\\/\"}]}<\/script>\n<!-- \/ Yoast SEO Premium plugin. -->","yoast_head_json":{"title":"Investimento pr\u00f3ximo de 300 mil euros em tr\u00eas freguesias de Mon\u00e7\u00e3o","description":"No \u00e2mbito do plano estrat\u00e9gico de requalifica\u00e7\u00e3o da rede vi\u00e1ria concelhia, o Munic\u00edpio de Mon\u00e7\u00e3o vai proceder \u00e0 beneficia\u00e7\u00e3o da Estrada Ch\u00e3o dos Coelhos\/Rua do Barral, em Portela, Rua de Sande, em Trute, e Rua de Barro\u00e7as\/Quelha de Verdiz\u00e3o, em Barro\u00e7as e Taias.","robots":{"index":"index","follow":"follow","max-snippet":"max-snippet:-1","max-image-preview":"max-image-preview:large","max-video-preview":"max-video-preview:-1"},"canonical":"https:\/\/www.altominho.tv\/site\/2023\/09\/06\/investimento-proximo-de-300-mil-euros-em-tres-freguesias-de-moncao\/","og_locale":"pt_PT","og_type":"article","og_title":"Investimento pr\u00f3ximo de 300 mil euros em tr\u00eas freguesias de Mon\u00e7\u00e3o","og_description":"No \u00e2mbito do plano estrat\u00e9gico de requalifica\u00e7\u00e3o da rede vi\u00e1ria concelhia, o Munic\u00edpio de Mon\u00e7\u00e3o vai proceder \u00e0 beneficia\u00e7\u00e3o da Estrada Ch\u00e3o dos Coelhos\/Rua do Barral, em Portela, Rua de Sande, em Trute, e Rua de Barro\u00e7as\/Quelha de Verdiz\u00e3o, em Barro\u00e7as e Taias.","og_url":"https:\/\/www.altominho.tv\/site\/2023\/09\/06\/investimento-proximo-de-300-mil-euros-em-tres-freguesias-de-moncao\/","og_site_name":"Altominho.tv","article_publisher":"https:\/\/www.facebook.com\/altominhotv","article_published_time":"2023-09-06T15:07:39+00:00","article_modified_time":"2023-09-06T16:21:29+00:00","og_image":[{"width":2078,"height":1263,"url":"https:\/\/www.altominho.tv\/site\/wp-content\/uploads\/2023\/09\/taias_moncao01.jpg","type":"image\/jpeg"}],"author":"Beatriz Lira","twitter_card":"summary_large_image","twitter_creator":"@altominhoTV","twitter_site":"@altominhoTV","twitter_misc":{"Escrito por":"Beatriz Lira","Tempo estimado de leitura":"2 minutos"},"schema":{"@context":"https:\/\/schema.org","@graph":[{"@type":"Article","@id":"https:\/\/www.altominho.tv\/site\/2023\/09\/06\/investimento-proximo-de-300-mil-euros-em-tres-freguesias-de-moncao\/#article","isPartOf":{"@id":"https:\/\/www.altominho.tv\/site\/2023\/09\/06\/investimento-proximo-de-300-mil-euros-em-tres-freguesias-de-moncao\/"},"author":{"name":"Beatriz Lira","@id":"https:\/\/www.altominho.tv\/site\/#\/schema\/person\/f95a2097796cf4462fe1e476cddc40e4"},"headline":"Investimento pr\u00f3ximo de 300 mil euros em tr\u00eas freguesias de Mon\u00e7\u00e3o","datePublished":"2023-09-06T15:07:39+00:00","dateModified":"2023-09-06T16:21:29+00:00","mainEntityOfPage":{"@id":"https:\/\/www.altominho.tv\/site\/2023\/09\/06\/investimento-proximo-de-300-mil-euros-em-tres-freguesias-de-moncao\/"},"wordCount":259,"image":{"@id":"https:\/\/www.altominho.tv\/site\/2023\/09\/06\/investimento-proximo-de-300-mil-euros-em-tres-freguesias-de-moncao\/#primaryimage"},"thumbnailUrl":"https:\/\/www.altominho.tv\/site\/wp-content\/uploads\/2023\/09\/taias_moncao01.jpg","keywords":["Economia","Sociedade"],"articleSection":["Mon\u00e7\u00e3o"],"inLanguage":"pt-PT","copyrightYear":"2023","copyrightHolder":{"@id":"https:\/\/www.altominho.tv\/site\/#organization"}},{"@type":"WebPage","@id":"https:\/\/www.altominho.tv\/site\/2023\/09\/06\/investimento-proximo-de-300-mil-euros-em-tres-freguesias-de-moncao\/","url":"https:\/\/www.altominho.tv\/site\/2023\/09\/06\/investimento-proximo-de-300-mil-euros-em-tres-freguesias-de-moncao\/","name":"Investimento pr\u00f3ximo de 300 mil euros em tr\u00eas freguesias de Mon\u00e7\u00e3o","isPartOf":{"@id":"https:\/\/www.altominho.tv\/site\/#website"},"primaryImageOfPage":{"@id":"https:\/\/www.altominho.tv\/site\/2023\/09\/06\/investimento-proximo-de-300-mil-euros-em-tres-freguesias-de-moncao\/#primaryimage"},"image":{"@id":"https:\/\/www.altominho.tv\/site\/2023\/09\/06\/investimento-proximo-de-300-mil-euros-em-tres-freguesias-de-moncao\/#primaryimage"},"thumbnailUrl":"https:\/\/www.altominho.tv\/site\/wp-content\/uploads\/2023\/09\/taias_moncao01.jpg","datePublished":"2023-09-06T15:07:39+00:00","dateModified":"2023-09-06T16:21:29+00:00","author":{"@id":"https:\/\/www.altominho.tv\/site\/#\/schema\/person\/f95a2097796cf4462fe1e476cddc40e4"},"description":"No \u00e2mbito do plano estrat\u00e9gico de requalifica\u00e7\u00e3o da rede vi\u00e1ria concelhia, o Munic\u00edpio de Mon\u00e7\u00e3o vai proceder \u00e0 beneficia\u00e7\u00e3o da Estrada Ch\u00e3o dos Coelhos\/Rua do Barral, em Portela, Rua de Sande, em Trute, e Rua de Barro\u00e7as\/Quelha de Verdiz\u00e3o, em Barro\u00e7as e Taias.","breadcrumb":{"@id":"https:\/\/www.altominho.tv\/site\/2023\/09\/06\/investimento-proximo-de-300-mil-euros-em-tres-freguesias-de-moncao\/#breadcrumb"},"inLanguage":"pt-PT","potentialAction":[{"@type":"ReadAction","target":["https:\/\/www.altominho.tv\/site\/2023\/09\/06\/investimento-proximo-de-300-mil-euros-em-tres-freguesias-de-moncao\/"]}]},{"@type":"ImageObject","inLanguage":"pt-PT","@id":"https:\/\/www.altominho.tv\/site\/2023\/09\/06\/investimento-proximo-de-300-mil-euros-em-tres-freguesias-de-moncao\/#primaryimage","url":"https:\/\/www.altominho.tv\/site\/wp-content\/uploads\/2023\/09\/taias_moncao01.jpg","contentUrl":"https:\/\/www.altominho.tv\/site\/wp-content\/uploads\/2023\/09\/taias_moncao01.jpg","width":2078,"height":1263},{"@type":"BreadcrumbList","@id":"https:\/\/www.altominho.tv\/site\/2023\/09\/06\/investimento-proximo-de-300-mil-euros-em-tres-freguesias-de-moncao\/#breadcrumb","itemListElement":[{"@type":"ListItem","position":1,"name":"In\u00edcio","item":"https:\/\/www.altominho.tv\/site\/"},{"@type":"ListItem","position":2,"name":"Investimento pr\u00f3ximo de 300 mil euros em tr\u00eas freguesias de Mon\u00e7\u00e3o"}]},{"@type":"WebSite","@id":"https:\/\/www.altominho.tv\/site\/#website","url":"https:\/\/www.altominho.tv\/site\/","name":"Altominho.tv","description":"A sua regi\u00e3o \u00e0 dist\u00e2ncia de um clique...","potentialAction":[{"@type":"SearchAction","target":{"@type":"EntryPoint","urlTemplate":"https:\/\/www.altominho.tv\/site\/?s={search_term_string}"},"query-input":{"@type":"PropertyValueSpecification","valueRequired":true,"valueName":"search_term_string"}}],"inLanguage":"pt-PT"},{"@type":"Person","@id":"https:\/\/www.altominho.tv\/site\/#\/schema\/person\/f95a2097796cf4462fe1e476cddc40e4","name":"Beatriz Lira","image":{"@type":"ImageObject","inLanguage":"pt-PT","@id":"https:\/\/www.altominho.tv\/site\/wp-content\/uploads\/2023\/03\/Screenshot_20230306-141220_Photos-150x150.jpg","url":"https:\/\/www.altominho.tv\/site\/wp-content\/uploads\/2023\/03\/Screenshot_20230306-141220_Photos-150x150.jpg","contentUrl":"https:\/\/www.altominho.tv\/site\/wp-content\/uploads\/2023\/03\/Screenshot_20230306-141220_Photos-150x150.jpg","caption":"Beatriz Lira"},"url":"https:\/\/www.altominho.tv\/site\/author\/beatriz\/"}]}},"_links":{"self":[{"href":"https:\/\/www.altominho.tv\/site\/wp-json\/wp\/v2\/posts\/96160","targetHints":{"allow":["GET"]}}],"collection":[{"href":"https:\/\/www.altominho.tv\/site\/wp-json\/wp\/v2\/posts"}],"about":[{"href":"https:\/\/www.altominho.tv\/site\/wp-json\/wp\/v2\/types\/post"}],"author":[{"embeddable":true,"href":"https:\/\/www.altominho.tv\/site\/wp-json\/wp\/v2\/users\/28"}],"replies":[{"embeddable":true,"href":"https:\/\/www.altominho.tv\/site\/wp-json\/wp\/v2\/comments?post=96160"}],"version-history":[{"count":1,"href":"https:\/\/www.altominho.tv\/site\/wp-json\/wp\/v2\/posts\/96160\/revisions"}],"predecessor-version":[{"id":96162,"href":"https:\/\/www.altominho.tv\/site\/wp-json\/wp\/v2\/posts\/96160\/revisions\/96162"}],"wp:featuredmedia":[{"embeddable":true,"href":"https:\/\/www.altominho.tv\/site\/wp-json\/wp\/v2\/media\/96161"}],"wp:attachment":[{"href":"https:\/\/www.altominho.tv\/site\/wp-json\/wp\/v2\/media?parent=96160"}],"wp:term":[{"taxonomy":"category","embeddable":true,"href":"https:\/\/www.altominho.tv\/site\/wp-json\/wp\/v2\/categories?post=96160"},{"taxonomy":"post_tag","embeddable":true,"href":"https:\/\/www.altominho.tv\/site\/wp-json\/wp\/v2\/tags?post=96160"}],"curies":[{"name":"wp","href":"https:\/\/api.w.org\/{rel}","templated":true}]}}