{"id":96111,"date":"2023-09-05T17:00:00","date_gmt":"2023-09-05T16:00:00","guid":{"rendered":"https:\/\/www.altominho.tv\/site\/?p=96111"},"modified":"2023-09-05T16:25:43","modified_gmt":"2023-09-05T15:25:43","slug":"ministra-da-habitacao-visita-obras-de-requalificacao-do-bairro-social-de-passos-em-cerdal","status":"publish","type":"post","link":"https:\/\/www.altominho.tv\/site\/2023\/09\/05\/ministra-da-habitacao-visita-obras-de-requalificacao-do-bairro-social-de-passos-em-cerdal\/","title":{"rendered":"Ministra da Habita\u00e7\u00e3o visita obras de requalifica\u00e7\u00e3o do Bairro Social de Passos em Cerdal"},"content":{"rendered":"\n<p>O Bairro Social de Passos, na freguesia de Cerdal, em Valen\u00e7a, recebeu hoje a visita da Ministra da Habita\u00e7\u00e3o, com o objetivo de conhecer as obras de reabilita\u00e7\u00e3o deste bairro.<\/p>\n\n\n\n<p>Estas obras representam um investimento que pretende melhorar as condi\u00e7\u00f5es de habitabilidade e a qualidade de vida de muitas fam\u00edlias.<\/p>\n\n\n\n<p>A visita terminou com a assinatura do aditamento ao Acordo de Colabora\u00e7\u00e3o entre o IHRU e o Munic\u00edpio, que pretende programar a estrat\u00e9gia financeira para estes problemas habitacionais. Este investimento tem um valor estimado de 15 milh\u00f5es de euros.<\/p>\n\n\n\n<figure class=\"wp-block-embed is-type-video is-provider-youtube wp-block-embed-youtube wp-embed-aspect-16-9 wp-has-aspect-ratio\"><div class=\"wp-block-embed__wrapper\">\n<iframe loading=\"lazy\" title=\"Ministra da Habita\u00e7\u00e3o visita obras de requalifica\u00e7\u00e3o do Bairro Social de Passos | Altominho TV\" width=\"770\" height=\"433\" src=\"https:\/\/www.youtube.com\/embed\/xMyCxVqm-d8?feature=oembed\" frameborder=\"0\" allow=\"accelerometer; autoplay; clipboard-write; encrypted-media; gyroscope; picture-in-picture; web-share\" allowfullscreen><\/iframe>\n<\/div><\/figure>\n","protected":false},"excerpt":{"rendered":"<p>O Bairro Social de Passos, na freguesia de Cerdal, em Valen\u00e7a, recebeu hoje a visita da Ministra da Habita\u00e7\u00e3o, com o objetivo de conhecer as obras de reabilita\u00e7\u00e3o deste bairro. Estas obras representam um investimento que pretende melhorar as condi\u00e7\u00f5es de habitabilidade e a qualidade de vida de muitas fam\u00edlias. A visita terminou com a [&hellip;]<\/p>\n","protected":false},"author":9,"featured_media":96112,"comment_status":"closed","ping_status":"closed","sticky":false,"template":"","format":"video","meta":{"_exactmetrics_skip_tracking":false,"_exactmetrics_sitenote_active":false,"_exactmetrics_sitenote_note":"","_exactmetrics_sitenote_category":0,"footnotes":""},"categories":[13],"tags":[27],"class_list":["post-96111","post","type-post","status-publish","format-video","has-post-thumbnail","hentry","category-valenca","tag-sociedade","post_format-post-format-video"],"yoast_head":"<!-- This site is optimized with the Yoast SEO Premium plugin v27.5 (Yoast SEO v27.5) - https:\/\/yoast.com\/product\/yoast-seo-premium-wordpress\/ -->\n<title>Ministra da Habita\u00e7\u00e3o visita obras de requalifica\u00e7\u00e3o do Bairro Social de Passos em Cerdal<\/title>\n<meta name=\"robots\" content=\"index, follow, max-snippet:-1, max-image-preview:large, max-video-preview:-1\" \/>\n<link rel=\"canonical\" href=\"https:\/\/www.altominho.tv\/site\/2023\/09\/05\/ministra-da-habitacao-visita-obras-de-requalificacao-do-bairro-social-de-passos-em-cerdal\/\" \/>\n<meta property=\"og:locale\" content=\"pt_PT\" \/>\n<meta property=\"og:type\" content=\"article\" \/>\n<meta property=\"og:title\" content=\"Ministra da Habita\u00e7\u00e3o visita obras de requalifica\u00e7\u00e3o do Bairro Social de Passos em Cerdal\" \/>\n<meta property=\"og:description\" content=\"O Bairro Social de Passos, na freguesia de Cerdal, em Valen\u00e7a, recebeu hoje a visita da Ministra da Habita\u00e7\u00e3o, com o objetivo de conhecer as obras de reabilita\u00e7\u00e3o deste bairro. Estas obras representam um investimento que pretende melhorar as condi\u00e7\u00f5es de habitabilidade e a qualidade de vida de muitas fam\u00edlias. A visita terminou com a [&hellip;]\" \/>\n<meta property=\"og:url\" content=\"https:\/\/www.altominho.tv\/site\/2023\/09\/05\/ministra-da-habitacao-visita-obras-de-requalificacao-do-bairro-social-de-passos-em-cerdal\/\" \/>\n<meta property=\"og:site_name\" content=\"Altominho.tv\" \/>\n<meta property=\"article:publisher\" content=\"https:\/\/www.facebook.com\/altominhotv\" \/>\n<meta property=\"article:published_time\" content=\"2023-09-05T16:00:00+00:00\" \/>\n<meta property=\"og:image\" content=\"https:\/\/www.altominho.tv\/site\/wp-content\/uploads\/2023\/09\/Visita-ministra-habitacao-.jpg\" \/>\n\t<meta property=\"og:image:width\" content=\"1920\" \/>\n\t<meta property=\"og:image:height\" content=\"1080\" \/>\n\t<meta property=\"og:image:type\" content=\"image\/jpeg\" \/>\n<meta name=\"author\" content=\"Rafael Pereira\" \/>\n<meta name=\"twitter:card\" content=\"summary_large_image\" \/>\n<meta name=\"twitter:creator\" content=\"@altominhoTV\" \/>\n<meta name=\"twitter:site\" content=\"@altominhoTV\" \/>\n<meta name=\"twitter:label1\" content=\"Escrito por\" \/>\n\t<meta name=\"twitter:data1\" content=\"Rafael Pereira\" \/>\n\t<meta name=\"twitter:label2\" content=\"Tempo estimado de leitura\" \/>\n\t<meta name=\"twitter:data2\" content=\"1 minuto\" \/>\n<script type=\"application\/ld+json\" class=\"yoast-schema-graph\">{\"@context\":\"https:\\\/\\\/schema.org\",\"@graph\":[{\"@type\":\"Article\",\"@id\":\"https:\\\/\\\/www.altominho.tv\\\/site\\\/2023\\\/09\\\/05\\\/ministra-da-habitacao-visita-obras-de-requalificacao-do-bairro-social-de-passos-em-cerdal\\\/#article\",\"isPartOf\":{\"@id\":\"https:\\\/\\\/www.altominho.tv\\\/site\\\/2023\\\/09\\\/05\\\/ministra-da-habitacao-visita-obras-de-requalificacao-do-bairro-social-de-passos-em-cerdal\\\/\"},\"author\":{\"name\":\"Rafael Pereira\",\"@id\":\"https:\\\/\\\/www.altominho.tv\\\/site\\\/#\\\/schema\\\/person\\\/2690abd4f0b3984514ce0607afbfced7\"},\"headline\":\"Ministra da Habita\u00e7\u00e3o visita obras de requalifica\u00e7\u00e3o do Bairro Social de Passos em Cerdal\",\"datePublished\":\"2023-09-05T16:00:00+00:00\",\"mainEntityOfPage\":{\"@id\":\"https:\\\/\\\/www.altominho.tv\\\/site\\\/2023\\\/09\\\/05\\\/ministra-da-habitacao-visita-obras-de-requalificacao-do-bairro-social-de-passos-em-cerdal\\\/\"},\"wordCount\":117,\"image\":{\"@id\":\"https:\\\/\\\/www.altominho.tv\\\/site\\\/2023\\\/09\\\/05\\\/ministra-da-habitacao-visita-obras-de-requalificacao-do-bairro-social-de-passos-em-cerdal\\\/#primaryimage\"},\"thumbnailUrl\":\"https:\\\/\\\/www.altominho.tv\\\/site\\\/wp-content\\\/uploads\\\/2023\\\/09\\\/Visita-ministra-habitacao-.jpg\",\"keywords\":[\"Sociedade\"],\"articleSection\":[\"Valen\u00e7a\"],\"inLanguage\":\"pt-PT\",\"copyrightYear\":\"2023\",\"copyrightHolder\":{\"@id\":\"https:\\\/\\\/www.altominho.tv\\\/site\\\/#organization\"}},{\"@type\":\"WebPage\",\"@id\":\"https:\\\/\\\/www.altominho.tv\\\/site\\\/2023\\\/09\\\/05\\\/ministra-da-habitacao-visita-obras-de-requalificacao-do-bairro-social-de-passos-em-cerdal\\\/\",\"url\":\"https:\\\/\\\/www.altominho.tv\\\/site\\\/2023\\\/09\\\/05\\\/ministra-da-habitacao-visita-obras-de-requalificacao-do-bairro-social-de-passos-em-cerdal\\\/\",\"name\":\"Ministra da Habita\u00e7\u00e3o visita obras de requalifica\u00e7\u00e3o do Bairro Social de Passos em Cerdal\",\"isPartOf\":{\"@id\":\"https:\\\/\\\/www.altominho.tv\\\/site\\\/#website\"},\"primaryImageOfPage\":{\"@id\":\"https:\\\/\\\/www.altominho.tv\\\/site\\\/2023\\\/09\\\/05\\\/ministra-da-habitacao-visita-obras-de-requalificacao-do-bairro-social-de-passos-em-cerdal\\\/#primaryimage\"},\"image\":{\"@id\":\"https:\\\/\\\/www.altominho.tv\\\/site\\\/2023\\\/09\\\/05\\\/ministra-da-habitacao-visita-obras-de-requalificacao-do-bairro-social-de-passos-em-cerdal\\\/#primaryimage\"},\"thumbnailUrl\":\"https:\\\/\\\/www.altominho.tv\\\/site\\\/wp-content\\\/uploads\\\/2023\\\/09\\\/Visita-ministra-habitacao-.jpg\",\"datePublished\":\"2023-09-05T16:00:00+00:00\",\"author\":{\"@id\":\"https:\\\/\\\/www.altominho.tv\\\/site\\\/#\\\/schema\\\/person\\\/2690abd4f0b3984514ce0607afbfced7\"},\"breadcrumb\":{\"@id\":\"https:\\\/\\\/www.altominho.tv\\\/site\\\/2023\\\/09\\\/05\\\/ministra-da-habitacao-visita-obras-de-requalificacao-do-bairro-social-de-passos-em-cerdal\\\/#breadcrumb\"},\"inLanguage\":\"pt-PT\",\"potentialAction\":[{\"@type\":\"ReadAction\",\"target\":[\"https:\\\/\\\/www.altominho.tv\\\/site\\\/2023\\\/09\\\/05\\\/ministra-da-habitacao-visita-obras-de-requalificacao-do-bairro-social-de-passos-em-cerdal\\\/\"]}]},{\"@type\":\"ImageObject\",\"inLanguage\":\"pt-PT\",\"@id\":\"https:\\\/\\\/www.altominho.tv\\\/site\\\/2023\\\/09\\\/05\\\/ministra-da-habitacao-visita-obras-de-requalificacao-do-bairro-social-de-passos-em-cerdal\\\/#primaryimage\",\"url\":\"https:\\\/\\\/www.altominho.tv\\\/site\\\/wp-content\\\/uploads\\\/2023\\\/09\\\/Visita-ministra-habitacao-.jpg\",\"contentUrl\":\"https:\\\/\\\/www.altominho.tv\\\/site\\\/wp-content\\\/uploads\\\/2023\\\/09\\\/Visita-ministra-habitacao-.jpg\",\"width\":1920,\"height\":1080},{\"@type\":\"BreadcrumbList\",\"@id\":\"https:\\\/\\\/www.altominho.tv\\\/site\\\/2023\\\/09\\\/05\\\/ministra-da-habitacao-visita-obras-de-requalificacao-do-bairro-social-de-passos-em-cerdal\\\/#breadcrumb\",\"itemListElement\":[{\"@type\":\"ListItem\",\"position\":1,\"name\":\"In\u00edcio\",\"item\":\"https:\\\/\\\/www.altominho.tv\\\/site\\\/\"},{\"@type\":\"ListItem\",\"position\":2,\"name\":\"Ministra da Habita\u00e7\u00e3o visita obras de requalifica\u00e7\u00e3o do Bairro Social de Passos em Cerdal\"}]},{\"@type\":\"WebSite\",\"@id\":\"https:\\\/\\\/www.altominho.tv\\\/site\\\/#website\",\"url\":\"https:\\\/\\\/www.altominho.tv\\\/site\\\/\",\"name\":\"Altominho.tv\",\"description\":\"A sua regi\u00e3o \u00e0 dist\u00e2ncia de um clique...\",\"potentialAction\":[{\"@type\":\"SearchAction\",\"target\":{\"@type\":\"EntryPoint\",\"urlTemplate\":\"https:\\\/\\\/www.altominho.tv\\\/site\\\/?s={search_term_string}\"},\"query-input\":{\"@type\":\"PropertyValueSpecification\",\"valueRequired\":true,\"valueName\":\"search_term_string\"}}],\"inLanguage\":\"pt-PT\"},{\"@type\":\"Person\",\"@id\":\"https:\\\/\\\/www.altominho.tv\\\/site\\\/#\\\/schema\\\/person\\\/2690abd4f0b3984514ce0607afbfced7\",\"name\":\"Rafael Pereira\",\"image\":{\"@type\":\"ImageObject\",\"inLanguage\":\"pt-PT\",\"@id\":\"https:\\\/\\\/www.altominho.tv\\\/site\\\/wp-content\\\/uploads\\\/2021\\\/08\\\/42996867_1705603802900752_8292335788369117184_n-150x150.jpeg\",\"url\":\"https:\\\/\\\/www.altominho.tv\\\/site\\\/wp-content\\\/uploads\\\/2021\\\/08\\\/42996867_1705603802900752_8292335788369117184_n-150x150.jpeg\",\"contentUrl\":\"https:\\\/\\\/www.altominho.tv\\\/site\\\/wp-content\\\/uploads\\\/2021\\\/08\\\/42996867_1705603802900752_8292335788369117184_n-150x150.jpeg\",\"caption\":\"Rafael Pereira\"},\"url\":\"https:\\\/\\\/www.altominho.tv\\\/site\\\/author\\\/rafaelpereira\\\/\"}]}<\/script>\n<meta property=\"og:video\" content=\"https:\/\/www.youtube.com\/embed\/xMyCxVqm-d8\" \/>\n<meta property=\"og:video:type\" content=\"text\/html\" \/>\n<meta property=\"og:video:duration\" content=\"128\" \/>\n<meta property=\"og:video:width\" content=\"480\" \/>\n<meta property=\"og:video:height\" content=\"270\" \/>\n<meta property=\"ya:ovs:adult\" content=\"false\" \/>\n<meta property=\"ya:ovs:upload_date\" content=\"2023-09-05T16:00:00+00:00\" \/>\n<meta property=\"ya:ovs:allow_embed\" content=\"true\" \/>\n<!-- \/ Yoast SEO Premium plugin. -->","yoast_head_json":{"title":"Ministra da Habita\u00e7\u00e3o visita obras de requalifica\u00e7\u00e3o do Bairro Social de Passos em Cerdal","robots":{"index":"index","follow":"follow","max-snippet":"max-snippet:-1","max-image-preview":"max-image-preview:large","max-video-preview":"max-video-preview:-1"},"canonical":"https:\/\/www.altominho.tv\/site\/2023\/09\/05\/ministra-da-habitacao-visita-obras-de-requalificacao-do-bairro-social-de-passos-em-cerdal\/","og_locale":"pt_PT","og_type":"article","og_title":"Ministra da Habita\u00e7\u00e3o visita obras de requalifica\u00e7\u00e3o do Bairro Social de Passos em Cerdal","og_description":"O Bairro Social de Passos, na freguesia de Cerdal, em Valen\u00e7a, recebeu hoje a visita da Ministra da Habita\u00e7\u00e3o, com o objetivo de conhecer as obras de reabilita\u00e7\u00e3o deste bairro. Estas obras representam um investimento que pretende melhorar as condi\u00e7\u00f5es de habitabilidade e a qualidade de vida de muitas fam\u00edlias. A visita terminou com a [&hellip;]","og_url":"https:\/\/www.altominho.tv\/site\/2023\/09\/05\/ministra-da-habitacao-visita-obras-de-requalificacao-do-bairro-social-de-passos-em-cerdal\/","og_site_name":"Altominho.tv","article_publisher":"https:\/\/www.facebook.com\/altominhotv","article_published_time":"2023-09-05T16:00:00+00:00","og_image":[{"width":1920,"height":1080,"url":"https:\/\/www.altominho.tv\/site\/wp-content\/uploads\/2023\/09\/Visita-ministra-habitacao-.jpg","type":"image\/jpeg"}],"author":"Rafael Pereira","twitter_card":"summary_large_image","twitter_creator":"@altominhoTV","twitter_site":"@altominhoTV","twitter_misc":{"Escrito por":"Rafael Pereira","Tempo estimado de leitura":"1 minuto"},"schema":{"@context":"https:\/\/schema.org","@graph":[{"@type":"Article","@id":"https:\/\/www.altominho.tv\/site\/2023\/09\/05\/ministra-da-habitacao-visita-obras-de-requalificacao-do-bairro-social-de-passos-em-cerdal\/#article","isPartOf":{"@id":"https:\/\/www.altominho.tv\/site\/2023\/09\/05\/ministra-da-habitacao-visita-obras-de-requalificacao-do-bairro-social-de-passos-em-cerdal\/"},"author":{"name":"Rafael Pereira","@id":"https:\/\/www.altominho.tv\/site\/#\/schema\/person\/2690abd4f0b3984514ce0607afbfced7"},"headline":"Ministra da Habita\u00e7\u00e3o visita obras de requalifica\u00e7\u00e3o do Bairro Social de Passos em Cerdal","datePublished":"2023-09-05T16:00:00+00:00","mainEntityOfPage":{"@id":"https:\/\/www.altominho.tv\/site\/2023\/09\/05\/ministra-da-habitacao-visita-obras-de-requalificacao-do-bairro-social-de-passos-em-cerdal\/"},"wordCount":117,"image":{"@id":"https:\/\/www.altominho.tv\/site\/2023\/09\/05\/ministra-da-habitacao-visita-obras-de-requalificacao-do-bairro-social-de-passos-em-cerdal\/#primaryimage"},"thumbnailUrl":"https:\/\/www.altominho.tv\/site\/wp-content\/uploads\/2023\/09\/Visita-ministra-habitacao-.jpg","keywords":["Sociedade"],"articleSection":["Valen\u00e7a"],"inLanguage":"pt-PT","copyrightYear":"2023","copyrightHolder":{"@id":"https:\/\/www.altominho.tv\/site\/#organization"}},{"@type":"WebPage","@id":"https:\/\/www.altominho.tv\/site\/2023\/09\/05\/ministra-da-habitacao-visita-obras-de-requalificacao-do-bairro-social-de-passos-em-cerdal\/","url":"https:\/\/www.altominho.tv\/site\/2023\/09\/05\/ministra-da-habitacao-visita-obras-de-requalificacao-do-bairro-social-de-passos-em-cerdal\/","name":"Ministra da Habita\u00e7\u00e3o visita obras de requalifica\u00e7\u00e3o do Bairro Social de Passos em Cerdal","isPartOf":{"@id":"https:\/\/www.altominho.tv\/site\/#website"},"primaryImageOfPage":{"@id":"https:\/\/www.altominho.tv\/site\/2023\/09\/05\/ministra-da-habitacao-visita-obras-de-requalificacao-do-bairro-social-de-passos-em-cerdal\/#primaryimage"},"image":{"@id":"https:\/\/www.altominho.tv\/site\/2023\/09\/05\/ministra-da-habitacao-visita-obras-de-requalificacao-do-bairro-social-de-passos-em-cerdal\/#primaryimage"},"thumbnailUrl":"https:\/\/www.altominho.tv\/site\/wp-content\/uploads\/2023\/09\/Visita-ministra-habitacao-.jpg","datePublished":"2023-09-05T16:00:00+00:00","author":{"@id":"https:\/\/www.altominho.tv\/site\/#\/schema\/person\/2690abd4f0b3984514ce0607afbfced7"},"breadcrumb":{"@id":"https:\/\/www.altominho.tv\/site\/2023\/09\/05\/ministra-da-habitacao-visita-obras-de-requalificacao-do-bairro-social-de-passos-em-cerdal\/#breadcrumb"},"inLanguage":"pt-PT","potentialAction":[{"@type":"ReadAction","target":["https:\/\/www.altominho.tv\/site\/2023\/09\/05\/ministra-da-habitacao-visita-obras-de-requalificacao-do-bairro-social-de-passos-em-cerdal\/"]}]},{"@type":"ImageObject","inLanguage":"pt-PT","@id":"https:\/\/www.altominho.tv\/site\/2023\/09\/05\/ministra-da-habitacao-visita-obras-de-requalificacao-do-bairro-social-de-passos-em-cerdal\/#primaryimage","url":"https:\/\/www.altominho.tv\/site\/wp-content\/uploads\/2023\/09\/Visita-ministra-habitacao-.jpg","contentUrl":"https:\/\/www.altominho.tv\/site\/wp-content\/uploads\/2023\/09\/Visita-ministra-habitacao-.jpg","width":1920,"height":1080},{"@type":"BreadcrumbList","@id":"https:\/\/www.altominho.tv\/site\/2023\/09\/05\/ministra-da-habitacao-visita-obras-de-requalificacao-do-bairro-social-de-passos-em-cerdal\/#breadcrumb","itemListElement":[{"@type":"ListItem","position":1,"name":"In\u00edcio","item":"https:\/\/www.altominho.tv\/site\/"},{"@type":"ListItem","position":2,"name":"Ministra da Habita\u00e7\u00e3o visita obras de requalifica\u00e7\u00e3o do Bairro Social de Passos em Cerdal"}]},{"@type":"WebSite","@id":"https:\/\/www.altominho.tv\/site\/#website","url":"https:\/\/www.altominho.tv\/site\/","name":"Altominho.tv","description":"A sua regi\u00e3o \u00e0 dist\u00e2ncia de um clique...","potentialAction":[{"@type":"SearchAction","target":{"@type":"EntryPoint","urlTemplate":"https:\/\/www.altominho.tv\/site\/?s={search_term_string}"},"query-input":{"@type":"PropertyValueSpecification","valueRequired":true,"valueName":"search_term_string"}}],"inLanguage":"pt-PT"},{"@type":"Person","@id":"https:\/\/www.altominho.tv\/site\/#\/schema\/person\/2690abd4f0b3984514ce0607afbfced7","name":"Rafael Pereira","image":{"@type":"ImageObject","inLanguage":"pt-PT","@id":"https:\/\/www.altominho.tv\/site\/wp-content\/uploads\/2021\/08\/42996867_1705603802900752_8292335788369117184_n-150x150.jpeg","url":"https:\/\/www.altominho.tv\/site\/wp-content\/uploads\/2021\/08\/42996867_1705603802900752_8292335788369117184_n-150x150.jpeg","contentUrl":"https:\/\/www.altominho.tv\/site\/wp-content\/uploads\/2021\/08\/42996867_1705603802900752_8292335788369117184_n-150x150.jpeg","caption":"Rafael Pereira"},"url":"https:\/\/www.altominho.tv\/site\/author\/rafaelpereira\/"}]},"og_video":"https:\/\/www.youtube.com\/embed\/xMyCxVqm-d8","og_video_type":"text\/html","og_video_duration":"128","og_video_width":"480","og_video_height":"270","ya_ovs_adult":"false","ya_ovs_upload_date":"2023-09-05T16:00:00+00:00","ya_ovs_allow_embed":"true"},"_links":{"self":[{"href":"https:\/\/www.altominho.tv\/site\/wp-json\/wp\/v2\/posts\/96111","targetHints":{"allow":["GET"]}}],"collection":[{"href":"https:\/\/www.altominho.tv\/site\/wp-json\/wp\/v2\/posts"}],"about":[{"href":"https:\/\/www.altominho.tv\/site\/wp-json\/wp\/v2\/types\/post"}],"author":[{"embeddable":true,"href":"https:\/\/www.altominho.tv\/site\/wp-json\/wp\/v2\/users\/9"}],"replies":[{"embeddable":true,"href":"https:\/\/www.altominho.tv\/site\/wp-json\/wp\/v2\/comments?post=96111"}],"version-history":[{"count":1,"href":"https:\/\/www.altominho.tv\/site\/wp-json\/wp\/v2\/posts\/96111\/revisions"}],"predecessor-version":[{"id":96113,"href":"https:\/\/www.altominho.tv\/site\/wp-json\/wp\/v2\/posts\/96111\/revisions\/96113"}],"wp:featuredmedia":[{"embeddable":true,"href":"https:\/\/www.altominho.tv\/site\/wp-json\/wp\/v2\/media\/96112"}],"wp:attachment":[{"href":"https:\/\/www.altominho.tv\/site\/wp-json\/wp\/v2\/media?parent=96111"}],"wp:term":[{"taxonomy":"category","embeddable":true,"href":"https:\/\/www.altominho.tv\/site\/wp-json\/wp\/v2\/categories?post=96111"},{"taxonomy":"post_tag","embeddable":true,"href":"https:\/\/www.altominho.tv\/site\/wp-json\/wp\/v2\/tags?post=96111"}],"curies":[{"name":"wp","href":"https:\/\/api.w.org\/{rel}","templated":true}]}}