{"id":96012,"date":"2023-09-01T15:45:25","date_gmt":"2023-09-01T14:45:25","guid":{"rendered":"https:\/\/www.altominho.tv\/site\/?p=96012"},"modified":"2023-09-01T15:45:29","modified_gmt":"2023-09-01T14:45:29","slug":"selecao-minhota-levou-dois-atletas-de-moncao-ao-encontro-nacional-de-walking-football","status":"publish","type":"post","link":"https:\/\/www.altominho.tv\/site\/2023\/09\/01\/selecao-minhota-levou-dois-atletas-de-moncao-ao-encontro-nacional-de-walking-football\/","title":{"rendered":"Sele\u00e7\u00e3o minhota levou dois atletas de Mon\u00e7\u00e3o ao Encontro Nacional de Walking Football"},"content":{"rendered":"\n<p>O Walking Football \u00e9 uma modalidade adaptada de futebol, jogada a andar, pensada para pessoas, de ambos os sexos, com idade superior a 50 anos. Recentemente, na Cidade do Futebol, em Oeiras, realizou-se o primeiro encontro nacional.<\/p>\n\n\n\n<p>A sele\u00e7\u00e3o de Viana do Castelo, constitu\u00edda por dezena e meio de elementos entre t\u00e9cnicos e atletas, deixou uma imagem muito positiva, com duas vit\u00f3rias, sobre as sele\u00e7\u00f5es de Viseu e Bragan\u00e7a, e uma derrota, contra a sele\u00e7\u00e3o de Santar\u00e9m.<\/p>\n\n\n\n<p>Mon\u00e7\u00e3o esteve representado pelos atletas Jos\u00e9 Gomes e Nuno Marques. Ambos deixaram a sua marca com dois golos cada. Tal como os colegas de equipa e staff t\u00e9cnico, receberam medalhas de participa\u00e7\u00e3o neste encontro nacional de estreia da modalidade.<\/p>\n\n\n\n<p>O Munic\u00edpio de Mon\u00e7\u00e3o &#8220;parabeniza os atletas mon\u00e7anenses e sa\u00fada o surgimento deste projeto desportivo e deseja que tenha sucesso no futuro, contribuindo para o desenvolvimento da atividade f\u00edsica na popula\u00e7\u00e3o s\u00e9nior do concelho&#8221;.<\/p>\n\n\n\n<p>O projeto Walking Football &#8220;pretende incentivar a pr\u00e1tica desportiva, a integra\u00e7\u00e3o e o conv\u00edvio em prol de uma vida mais saud\u00e1vel e ativa. Procura, tamb\u00e9m, melhorar os \u00edndices de sa\u00fade e aumentar a intera\u00e7\u00e3o social dos praticantes&#8221; divulga o comunicado.<\/p>\n","protected":false},"excerpt":{"rendered":"<p>O Walking Football \u00e9 uma modalidade adaptada de futebol, jogada a andar, pensada para pessoas, de ambos os sexos, com idade superior a 50 anos. Recentemente, na Cidade do Futebol, em Oeiras, realizou-se o primeiro encontro nacional. A sele\u00e7\u00e3o de Viana do Castelo, constitu\u00edda por dezena e meio de elementos entre t\u00e9cnicos e atletas, deixou [&hellip;]<\/p>\n","protected":false},"author":28,"featured_media":96014,"comment_status":"closed","ping_status":"closed","sticky":false,"template":"","format":"standard","meta":{"_exactmetrics_skip_tracking":false,"_exactmetrics_sitenote_active":false,"_exactmetrics_sitenote_note":"","_exactmetrics_sitenote_category":0,"footnotes":""},"categories":[9],"tags":[20],"class_list":["post-96012","post","type-post","status-publish","format-standard","has-post-thumbnail","hentry","category-moncao","tag-desporto"],"yoast_head":"<!-- This site is optimized with the Yoast SEO Premium plugin v27.5 (Yoast SEO v27.5) - https:\/\/yoast.com\/product\/yoast-seo-premium-wordpress\/ -->\n<title>Sele\u00e7\u00e3o minhota levou dois atletas de Mon\u00e7\u00e3o ao Encontro Nacional de Walking Football<\/title>\n<meta name=\"description\" content=\"Mon\u00e7\u00e3o esteve representado pelos atletas Jos\u00e9 Gomes e Nuno Marques. Ambos deixaram a sua marca com dois golos cada. Tal como os colegas de equipa e staff t\u00e9cnico, receberam medalhas de participa\u00e7\u00e3o neste encontro nacional de estreia da modalidade.\" \/>\n<meta name=\"robots\" content=\"index, follow, max-snippet:-1, max-image-preview:large, max-video-preview:-1\" \/>\n<link rel=\"canonical\" href=\"https:\/\/www.altominho.tv\/site\/2023\/09\/01\/selecao-minhota-levou-dois-atletas-de-moncao-ao-encontro-nacional-de-walking-football\/\" \/>\n<meta property=\"og:locale\" content=\"pt_PT\" \/>\n<meta property=\"og:type\" content=\"article\" \/>\n<meta property=\"og:title\" content=\"Sele\u00e7\u00e3o minhota levou dois atletas de Mon\u00e7\u00e3o ao Encontro Nacional de Walking Football\" \/>\n<meta property=\"og:description\" content=\"Mon\u00e7\u00e3o esteve representado pelos atletas Jos\u00e9 Gomes e Nuno Marques. Ambos deixaram a sua marca com dois golos cada. Tal como os colegas de equipa e staff t\u00e9cnico, receberam medalhas de participa\u00e7\u00e3o neste encontro nacional de estreia da modalidade.\" \/>\n<meta property=\"og:url\" content=\"https:\/\/www.altominho.tv\/site\/2023\/09\/01\/selecao-minhota-levou-dois-atletas-de-moncao-ao-encontro-nacional-de-walking-football\/\" \/>\n<meta property=\"og:site_name\" content=\"Altominho.tv\" \/>\n<meta property=\"article:publisher\" content=\"https:\/\/www.facebook.com\/altominhotv\" \/>\n<meta property=\"article:published_time\" content=\"2023-09-01T14:45:25+00:00\" \/>\n<meta property=\"article:modified_time\" content=\"2023-09-01T14:45:29+00:00\" \/>\n<meta property=\"og:image\" content=\"https:\/\/www.altominho.tv\/site\/wp-content\/uploads\/2023\/09\/walking_04.jpg\" \/>\n\t<meta property=\"og:image:width\" content=\"854\" \/>\n\t<meta property=\"og:image:height\" content=\"633\" \/>\n\t<meta property=\"og:image:type\" content=\"image\/jpeg\" \/>\n<meta name=\"author\" content=\"Beatriz Lira\" \/>\n<meta name=\"twitter:card\" content=\"summary_large_image\" \/>\n<meta name=\"twitter:creator\" content=\"@altominhoTV\" \/>\n<meta name=\"twitter:site\" content=\"@altominhoTV\" \/>\n<meta name=\"twitter:label1\" content=\"Escrito por\" \/>\n\t<meta name=\"twitter:data1\" content=\"Beatriz Lira\" \/>\n\t<meta name=\"twitter:label2\" content=\"Tempo estimado de leitura\" \/>\n\t<meta name=\"twitter:data2\" content=\"2 minutos\" \/>\n<script type=\"application\/ld+json\" class=\"yoast-schema-graph\">{\"@context\":\"https:\\\/\\\/schema.org\",\"@graph\":[{\"@type\":\"Article\",\"@id\":\"https:\\\/\\\/www.altominho.tv\\\/site\\\/2023\\\/09\\\/01\\\/selecao-minhota-levou-dois-atletas-de-moncao-ao-encontro-nacional-de-walking-football\\\/#article\",\"isPartOf\":{\"@id\":\"https:\\\/\\\/www.altominho.tv\\\/site\\\/2023\\\/09\\\/01\\\/selecao-minhota-levou-dois-atletas-de-moncao-ao-encontro-nacional-de-walking-football\\\/\"},\"author\":{\"name\":\"Beatriz Lira\",\"@id\":\"https:\\\/\\\/www.altominho.tv\\\/site\\\/#\\\/schema\\\/person\\\/f95a2097796cf4462fe1e476cddc40e4\"},\"headline\":\"Sele\u00e7\u00e3o minhota levou dois atletas de Mon\u00e7\u00e3o ao Encontro Nacional de Walking Football\",\"datePublished\":\"2023-09-01T14:45:25+00:00\",\"dateModified\":\"2023-09-01T14:45:29+00:00\",\"mainEntityOfPage\":{\"@id\":\"https:\\\/\\\/www.altominho.tv\\\/site\\\/2023\\\/09\\\/01\\\/selecao-minhota-levou-dois-atletas-de-moncao-ao-encontro-nacional-de-walking-football\\\/\"},\"wordCount\":228,\"image\":{\"@id\":\"https:\\\/\\\/www.altominho.tv\\\/site\\\/2023\\\/09\\\/01\\\/selecao-minhota-levou-dois-atletas-de-moncao-ao-encontro-nacional-de-walking-football\\\/#primaryimage\"},\"thumbnailUrl\":\"https:\\\/\\\/www.altominho.tv\\\/site\\\/wp-content\\\/uploads\\\/2023\\\/09\\\/walking_04.jpg\",\"keywords\":[\"Desporto\"],\"articleSection\":[\"Mon\u00e7\u00e3o\"],\"inLanguage\":\"pt-PT\",\"copyrightYear\":\"2023\",\"copyrightHolder\":{\"@id\":\"https:\\\/\\\/www.altominho.tv\\\/site\\\/#organization\"}},{\"@type\":\"WebPage\",\"@id\":\"https:\\\/\\\/www.altominho.tv\\\/site\\\/2023\\\/09\\\/01\\\/selecao-minhota-levou-dois-atletas-de-moncao-ao-encontro-nacional-de-walking-football\\\/\",\"url\":\"https:\\\/\\\/www.altominho.tv\\\/site\\\/2023\\\/09\\\/01\\\/selecao-minhota-levou-dois-atletas-de-moncao-ao-encontro-nacional-de-walking-football\\\/\",\"name\":\"Sele\u00e7\u00e3o minhota levou dois atletas de Mon\u00e7\u00e3o ao Encontro Nacional de Walking Football\",\"isPartOf\":{\"@id\":\"https:\\\/\\\/www.altominho.tv\\\/site\\\/#website\"},\"primaryImageOfPage\":{\"@id\":\"https:\\\/\\\/www.altominho.tv\\\/site\\\/2023\\\/09\\\/01\\\/selecao-minhota-levou-dois-atletas-de-moncao-ao-encontro-nacional-de-walking-football\\\/#primaryimage\"},\"image\":{\"@id\":\"https:\\\/\\\/www.altominho.tv\\\/site\\\/2023\\\/09\\\/01\\\/selecao-minhota-levou-dois-atletas-de-moncao-ao-encontro-nacional-de-walking-football\\\/#primaryimage\"},\"thumbnailUrl\":\"https:\\\/\\\/www.altominho.tv\\\/site\\\/wp-content\\\/uploads\\\/2023\\\/09\\\/walking_04.jpg\",\"datePublished\":\"2023-09-01T14:45:25+00:00\",\"dateModified\":\"2023-09-01T14:45:29+00:00\",\"author\":{\"@id\":\"https:\\\/\\\/www.altominho.tv\\\/site\\\/#\\\/schema\\\/person\\\/f95a2097796cf4462fe1e476cddc40e4\"},\"description\":\"Mon\u00e7\u00e3o esteve representado pelos atletas Jos\u00e9 Gomes e Nuno Marques. Ambos deixaram a sua marca com dois golos cada. Tal como os colegas de equipa e staff t\u00e9cnico, receberam medalhas de participa\u00e7\u00e3o neste encontro nacional de estreia da modalidade.\",\"breadcrumb\":{\"@id\":\"https:\\\/\\\/www.altominho.tv\\\/site\\\/2023\\\/09\\\/01\\\/selecao-minhota-levou-dois-atletas-de-moncao-ao-encontro-nacional-de-walking-football\\\/#breadcrumb\"},\"inLanguage\":\"pt-PT\",\"potentialAction\":[{\"@type\":\"ReadAction\",\"target\":[\"https:\\\/\\\/www.altominho.tv\\\/site\\\/2023\\\/09\\\/01\\\/selecao-minhota-levou-dois-atletas-de-moncao-ao-encontro-nacional-de-walking-football\\\/\"]}]},{\"@type\":\"ImageObject\",\"inLanguage\":\"pt-PT\",\"@id\":\"https:\\\/\\\/www.altominho.tv\\\/site\\\/2023\\\/09\\\/01\\\/selecao-minhota-levou-dois-atletas-de-moncao-ao-encontro-nacional-de-walking-football\\\/#primaryimage\",\"url\":\"https:\\\/\\\/www.altominho.tv\\\/site\\\/wp-content\\\/uploads\\\/2023\\\/09\\\/walking_04.jpg\",\"contentUrl\":\"https:\\\/\\\/www.altominho.tv\\\/site\\\/wp-content\\\/uploads\\\/2023\\\/09\\\/walking_04.jpg\",\"width\":854,\"height\":633},{\"@type\":\"BreadcrumbList\",\"@id\":\"https:\\\/\\\/www.altominho.tv\\\/site\\\/2023\\\/09\\\/01\\\/selecao-minhota-levou-dois-atletas-de-moncao-ao-encontro-nacional-de-walking-football\\\/#breadcrumb\",\"itemListElement\":[{\"@type\":\"ListItem\",\"position\":1,\"name\":\"In\u00edcio\",\"item\":\"https:\\\/\\\/www.altominho.tv\\\/site\\\/\"},{\"@type\":\"ListItem\",\"position\":2,\"name\":\"Sele\u00e7\u00e3o minhota levou dois atletas de Mon\u00e7\u00e3o ao Encontro Nacional de Walking Football\"}]},{\"@type\":\"WebSite\",\"@id\":\"https:\\\/\\\/www.altominho.tv\\\/site\\\/#website\",\"url\":\"https:\\\/\\\/www.altominho.tv\\\/site\\\/\",\"name\":\"Altominho.tv\",\"description\":\"A sua regi\u00e3o \u00e0 dist\u00e2ncia de um clique...\",\"potentialAction\":[{\"@type\":\"SearchAction\",\"target\":{\"@type\":\"EntryPoint\",\"urlTemplate\":\"https:\\\/\\\/www.altominho.tv\\\/site\\\/?s={search_term_string}\"},\"query-input\":{\"@type\":\"PropertyValueSpecification\",\"valueRequired\":true,\"valueName\":\"search_term_string\"}}],\"inLanguage\":\"pt-PT\"},{\"@type\":\"Person\",\"@id\":\"https:\\\/\\\/www.altominho.tv\\\/site\\\/#\\\/schema\\\/person\\\/f95a2097796cf4462fe1e476cddc40e4\",\"name\":\"Beatriz Lira\",\"image\":{\"@type\":\"ImageObject\",\"inLanguage\":\"pt-PT\",\"@id\":\"https:\\\/\\\/www.altominho.tv\\\/site\\\/wp-content\\\/uploads\\\/2023\\\/03\\\/Screenshot_20230306-141220_Photos-150x150.jpg\",\"url\":\"https:\\\/\\\/www.altominho.tv\\\/site\\\/wp-content\\\/uploads\\\/2023\\\/03\\\/Screenshot_20230306-141220_Photos-150x150.jpg\",\"contentUrl\":\"https:\\\/\\\/www.altominho.tv\\\/site\\\/wp-content\\\/uploads\\\/2023\\\/03\\\/Screenshot_20230306-141220_Photos-150x150.jpg\",\"caption\":\"Beatriz Lira\"},\"url\":\"https:\\\/\\\/www.altominho.tv\\\/site\\\/author\\\/beatriz\\\/\"}]}<\/script>\n<!-- \/ Yoast SEO Premium plugin. -->","yoast_head_json":{"title":"Sele\u00e7\u00e3o minhota levou dois atletas de Mon\u00e7\u00e3o ao Encontro Nacional de Walking Football","description":"Mon\u00e7\u00e3o esteve representado pelos atletas Jos\u00e9 Gomes e Nuno Marques. Ambos deixaram a sua marca com dois golos cada. Tal como os colegas de equipa e staff t\u00e9cnico, receberam medalhas de participa\u00e7\u00e3o neste encontro nacional de estreia da modalidade.","robots":{"index":"index","follow":"follow","max-snippet":"max-snippet:-1","max-image-preview":"max-image-preview:large","max-video-preview":"max-video-preview:-1"},"canonical":"https:\/\/www.altominho.tv\/site\/2023\/09\/01\/selecao-minhota-levou-dois-atletas-de-moncao-ao-encontro-nacional-de-walking-football\/","og_locale":"pt_PT","og_type":"article","og_title":"Sele\u00e7\u00e3o minhota levou dois atletas de Mon\u00e7\u00e3o ao Encontro Nacional de Walking Football","og_description":"Mon\u00e7\u00e3o esteve representado pelos atletas Jos\u00e9 Gomes e Nuno Marques. Ambos deixaram a sua marca com dois golos cada. Tal como os colegas de equipa e staff t\u00e9cnico, receberam medalhas de participa\u00e7\u00e3o neste encontro nacional de estreia da modalidade.","og_url":"https:\/\/www.altominho.tv\/site\/2023\/09\/01\/selecao-minhota-levou-dois-atletas-de-moncao-ao-encontro-nacional-de-walking-football\/","og_site_name":"Altominho.tv","article_publisher":"https:\/\/www.facebook.com\/altominhotv","article_published_time":"2023-09-01T14:45:25+00:00","article_modified_time":"2023-09-01T14:45:29+00:00","og_image":[{"width":854,"height":633,"url":"https:\/\/www.altominho.tv\/site\/wp-content\/uploads\/2023\/09\/walking_04.jpg","type":"image\/jpeg"}],"author":"Beatriz Lira","twitter_card":"summary_large_image","twitter_creator":"@altominhoTV","twitter_site":"@altominhoTV","twitter_misc":{"Escrito por":"Beatriz Lira","Tempo estimado de leitura":"2 minutos"},"schema":{"@context":"https:\/\/schema.org","@graph":[{"@type":"Article","@id":"https:\/\/www.altominho.tv\/site\/2023\/09\/01\/selecao-minhota-levou-dois-atletas-de-moncao-ao-encontro-nacional-de-walking-football\/#article","isPartOf":{"@id":"https:\/\/www.altominho.tv\/site\/2023\/09\/01\/selecao-minhota-levou-dois-atletas-de-moncao-ao-encontro-nacional-de-walking-football\/"},"author":{"name":"Beatriz Lira","@id":"https:\/\/www.altominho.tv\/site\/#\/schema\/person\/f95a2097796cf4462fe1e476cddc40e4"},"headline":"Sele\u00e7\u00e3o minhota levou dois atletas de Mon\u00e7\u00e3o ao Encontro Nacional de Walking Football","datePublished":"2023-09-01T14:45:25+00:00","dateModified":"2023-09-01T14:45:29+00:00","mainEntityOfPage":{"@id":"https:\/\/www.altominho.tv\/site\/2023\/09\/01\/selecao-minhota-levou-dois-atletas-de-moncao-ao-encontro-nacional-de-walking-football\/"},"wordCount":228,"image":{"@id":"https:\/\/www.altominho.tv\/site\/2023\/09\/01\/selecao-minhota-levou-dois-atletas-de-moncao-ao-encontro-nacional-de-walking-football\/#primaryimage"},"thumbnailUrl":"https:\/\/www.altominho.tv\/site\/wp-content\/uploads\/2023\/09\/walking_04.jpg","keywords":["Desporto"],"articleSection":["Mon\u00e7\u00e3o"],"inLanguage":"pt-PT","copyrightYear":"2023","copyrightHolder":{"@id":"https:\/\/www.altominho.tv\/site\/#organization"}},{"@type":"WebPage","@id":"https:\/\/www.altominho.tv\/site\/2023\/09\/01\/selecao-minhota-levou-dois-atletas-de-moncao-ao-encontro-nacional-de-walking-football\/","url":"https:\/\/www.altominho.tv\/site\/2023\/09\/01\/selecao-minhota-levou-dois-atletas-de-moncao-ao-encontro-nacional-de-walking-football\/","name":"Sele\u00e7\u00e3o minhota levou dois atletas de Mon\u00e7\u00e3o ao Encontro Nacional de Walking Football","isPartOf":{"@id":"https:\/\/www.altominho.tv\/site\/#website"},"primaryImageOfPage":{"@id":"https:\/\/www.altominho.tv\/site\/2023\/09\/01\/selecao-minhota-levou-dois-atletas-de-moncao-ao-encontro-nacional-de-walking-football\/#primaryimage"},"image":{"@id":"https:\/\/www.altominho.tv\/site\/2023\/09\/01\/selecao-minhota-levou-dois-atletas-de-moncao-ao-encontro-nacional-de-walking-football\/#primaryimage"},"thumbnailUrl":"https:\/\/www.altominho.tv\/site\/wp-content\/uploads\/2023\/09\/walking_04.jpg","datePublished":"2023-09-01T14:45:25+00:00","dateModified":"2023-09-01T14:45:29+00:00","author":{"@id":"https:\/\/www.altominho.tv\/site\/#\/schema\/person\/f95a2097796cf4462fe1e476cddc40e4"},"description":"Mon\u00e7\u00e3o esteve representado pelos atletas Jos\u00e9 Gomes e Nuno Marques. Ambos deixaram a sua marca com dois golos cada. Tal como os colegas de equipa e staff t\u00e9cnico, receberam medalhas de participa\u00e7\u00e3o neste encontro nacional de estreia da modalidade.","breadcrumb":{"@id":"https:\/\/www.altominho.tv\/site\/2023\/09\/01\/selecao-minhota-levou-dois-atletas-de-moncao-ao-encontro-nacional-de-walking-football\/#breadcrumb"},"inLanguage":"pt-PT","potentialAction":[{"@type":"ReadAction","target":["https:\/\/www.altominho.tv\/site\/2023\/09\/01\/selecao-minhota-levou-dois-atletas-de-moncao-ao-encontro-nacional-de-walking-football\/"]}]},{"@type":"ImageObject","inLanguage":"pt-PT","@id":"https:\/\/www.altominho.tv\/site\/2023\/09\/01\/selecao-minhota-levou-dois-atletas-de-moncao-ao-encontro-nacional-de-walking-football\/#primaryimage","url":"https:\/\/www.altominho.tv\/site\/wp-content\/uploads\/2023\/09\/walking_04.jpg","contentUrl":"https:\/\/www.altominho.tv\/site\/wp-content\/uploads\/2023\/09\/walking_04.jpg","width":854,"height":633},{"@type":"BreadcrumbList","@id":"https:\/\/www.altominho.tv\/site\/2023\/09\/01\/selecao-minhota-levou-dois-atletas-de-moncao-ao-encontro-nacional-de-walking-football\/#breadcrumb","itemListElement":[{"@type":"ListItem","position":1,"name":"In\u00edcio","item":"https:\/\/www.altominho.tv\/site\/"},{"@type":"ListItem","position":2,"name":"Sele\u00e7\u00e3o minhota levou dois atletas de Mon\u00e7\u00e3o ao Encontro Nacional de Walking Football"}]},{"@type":"WebSite","@id":"https:\/\/www.altominho.tv\/site\/#website","url":"https:\/\/www.altominho.tv\/site\/","name":"Altominho.tv","description":"A sua regi\u00e3o \u00e0 dist\u00e2ncia de um clique...","potentialAction":[{"@type":"SearchAction","target":{"@type":"EntryPoint","urlTemplate":"https:\/\/www.altominho.tv\/site\/?s={search_term_string}"},"query-input":{"@type":"PropertyValueSpecification","valueRequired":true,"valueName":"search_term_string"}}],"inLanguage":"pt-PT"},{"@type":"Person","@id":"https:\/\/www.altominho.tv\/site\/#\/schema\/person\/f95a2097796cf4462fe1e476cddc40e4","name":"Beatriz Lira","image":{"@type":"ImageObject","inLanguage":"pt-PT","@id":"https:\/\/www.altominho.tv\/site\/wp-content\/uploads\/2023\/03\/Screenshot_20230306-141220_Photos-150x150.jpg","url":"https:\/\/www.altominho.tv\/site\/wp-content\/uploads\/2023\/03\/Screenshot_20230306-141220_Photos-150x150.jpg","contentUrl":"https:\/\/www.altominho.tv\/site\/wp-content\/uploads\/2023\/03\/Screenshot_20230306-141220_Photos-150x150.jpg","caption":"Beatriz Lira"},"url":"https:\/\/www.altominho.tv\/site\/author\/beatriz\/"}]}},"_links":{"self":[{"href":"https:\/\/www.altominho.tv\/site\/wp-json\/wp\/v2\/posts\/96012","targetHints":{"allow":["GET"]}}],"collection":[{"href":"https:\/\/www.altominho.tv\/site\/wp-json\/wp\/v2\/posts"}],"about":[{"href":"https:\/\/www.altominho.tv\/site\/wp-json\/wp\/v2\/types\/post"}],"author":[{"embeddable":true,"href":"https:\/\/www.altominho.tv\/site\/wp-json\/wp\/v2\/users\/28"}],"replies":[{"embeddable":true,"href":"https:\/\/www.altominho.tv\/site\/wp-json\/wp\/v2\/comments?post=96012"}],"version-history":[{"count":2,"href":"https:\/\/www.altominho.tv\/site\/wp-json\/wp\/v2\/posts\/96012\/revisions"}],"predecessor-version":[{"id":96015,"href":"https:\/\/www.altominho.tv\/site\/wp-json\/wp\/v2\/posts\/96012\/revisions\/96015"}],"wp:featuredmedia":[{"embeddable":true,"href":"https:\/\/www.altominho.tv\/site\/wp-json\/wp\/v2\/media\/96014"}],"wp:attachment":[{"href":"https:\/\/www.altominho.tv\/site\/wp-json\/wp\/v2\/media?parent=96012"}],"wp:term":[{"taxonomy":"category","embeddable":true,"href":"https:\/\/www.altominho.tv\/site\/wp-json\/wp\/v2\/categories?post=96012"},{"taxonomy":"post_tag","embeddable":true,"href":"https:\/\/www.altominho.tv\/site\/wp-json\/wp\/v2\/tags?post=96012"}],"curies":[{"name":"wp","href":"https:\/\/api.w.org\/{rel}","templated":true}]}}