{"id":95971,"date":"2023-09-01T09:50:58","date_gmt":"2023-09-01T08:50:58","guid":{"rendered":"https:\/\/www.altominho.tv\/site\/?p=95971"},"modified":"2023-09-01T09:51:01","modified_gmt":"2023-09-01T08:51:01","slug":"moncao-requalificacao-rede-viaria","status":"publish","type":"post","link":"https:\/\/www.altominho.tv\/site\/2023\/09\/01\/moncao-requalificacao-rede-viaria\/","title":{"rendered":"Mon\u00e7\u00e3o investe 1,8 milh\u00f5es na requalifica\u00e7\u00e3o de estradas"},"content":{"rendered":"<p>O munic\u00edpio de Mon\u00e7\u00e3o vai investir um total de 1,8 milh\u00f5es de euros na requalifica\u00e7\u00e3o da rede vi\u00e1ria do concelho.<\/p>\n<p>Desta forma, ser\u00e3o executadas v\u00e1rias empreitadas, divididas em sete lotes, em 18 freguesias do concelho.<\/p>\n<p>\u201cA requalifica\u00e7\u00e3o destes tra\u00e7ados rodovi\u00e1rios reflete um passo importante para quem reside naquelas \u00e1reas geogr\u00e1ficas do nosso concelho, assegurando-lhes uma circula\u00e7\u00e3o mais segura e flu\u00edda,\u00a0bem como melhores condi\u00e7\u00f5es de acesso \u00e0s habita\u00e7\u00f5es e aos campos agr\u00edcolas\u201d, frisa Ant\u00f3nio Barbosa.<\/p>\n<p>\u201cAssumindo-se como uma das prioridades do executivo local, a requalifica\u00e7\u00e3o da rede vi\u00e1ria concelhia garante uma circula\u00e7\u00e3o mais c\u00f3moda e segura, refor\u00e7a a qualidade de vida das popula\u00e7\u00f5es locais e projeta as viv\u00eancias e pr\u00e1ticas do mundo rural\u201d, acrescenta o presidente da C\u00e2mara de Mon\u00e7\u00e3o.<\/p>\n<p><strong>Locais das empreitadas:<\/strong><\/p>\n<p><strong>LOTE 1<\/strong><\/p>\n<p>Estrada Ch\u00e3o de Coelhos (Portela) Rua de Barro\u00e7as\/Quelha de Verdiz\u00e3o (Barro\u00e7as e Taias) e Rua de Sande (Trute)<\/p>\n<p><strong>LOTE 2<\/strong><\/p>\n<p>Caminho Central (Cambeses) Rua da Separra\/Valinha (Moreira\/Pias), Estrada do Pinheiro M 1101 (Sago)<\/p>\n<p><strong>LOTE 3<\/strong><\/p>\n<p>EM 1131 Senhor dos Passos \u2013 Granja (Merufe) e EM 503-1 Merufe \u2013 Armada<\/p>\n<p><strong>LOTE 4<\/strong><\/p>\n<p>Estrada da Igreja (Tangil) e Estrada da Curiscada (Riba de Mouro)<\/p>\n<p><strong>LOTE 5<\/strong><\/p>\n<p>EM 1120 (Barbeita\/Segude) Estrada das Poldras e Estrada de Vila Martins (Segude) Rua de Santo Ant\u00f3nio (Bela\/Longos Vales)<\/p>\n<p><strong>LOTE 6<\/strong><\/p>\n<p>Estrada Louro Pinhal (Mazedo) Rua da Veiga (Cortes) Estrada de Ruivos e Rio Minho (Troviscoso)<\/p>\n<p><strong>LOTE 7<\/strong><\/p>\n<p>EM 508-1 (Lara)<\/p>\n","protected":false},"excerpt":{"rendered":"<p>O munic\u00edpio de Mon\u00e7\u00e3o vai investir um total de 1,8 milh\u00f5es de euros na requalifica\u00e7\u00e3o da rede vi\u00e1ria do concelho. Desta forma, ser\u00e3o executadas v\u00e1rias empreitadas, divididas em sete lotes, em 18 freguesias do concelho. \u201cA requalifica\u00e7\u00e3o destes tra\u00e7ados rodovi\u00e1rios reflete um passo importante para quem reside naquelas \u00e1reas geogr\u00e1ficas do nosso concelho, assegurando-lhes uma [&hellip;]<\/p>\n","protected":false},"author":1,"featured_media":95972,"comment_status":"closed","ping_status":"closed","sticky":false,"template":"","format":"standard","meta":{"_exactmetrics_skip_tracking":false,"_exactmetrics_sitenote_active":false,"_exactmetrics_sitenote_note":"","_exactmetrics_sitenote_category":0,"footnotes":""},"categories":[9],"tags":[27],"class_list":["post-95971","post","type-post","status-publish","format-standard","has-post-thumbnail","hentry","category-moncao","tag-sociedade"],"yoast_head":"<!-- This site is optimized with the Yoast SEO Premium plugin v27.5 (Yoast SEO v27.5) - https:\/\/yoast.com\/product\/yoast-seo-premium-wordpress\/ -->\n<title>Mon\u00e7\u00e3o investe 1,8 milh\u00f5es na requalifica\u00e7\u00e3o de estradas<\/title>\n<meta name=\"description\" content=\"O munic\u00edpio de Mon\u00e7\u00e3o vai investir um total de 1,8 milh\u00f5es de euros na requalifica\u00e7\u00e3o da rede vi\u00e1ria do concelho.\" \/>\n<meta name=\"robots\" content=\"index, follow, max-snippet:-1, max-image-preview:large, max-video-preview:-1\" \/>\n<link rel=\"canonical\" href=\"https:\/\/www.altominho.tv\/site\/2023\/09\/01\/moncao-requalificacao-rede-viaria\/\" \/>\n<meta property=\"og:locale\" content=\"pt_PT\" \/>\n<meta property=\"og:type\" content=\"article\" \/>\n<meta property=\"og:title\" content=\"Mon\u00e7\u00e3o investe 1,8 milh\u00f5es na requalifica\u00e7\u00e3o de estradas\" \/>\n<meta property=\"og:description\" content=\"O munic\u00edpio de Mon\u00e7\u00e3o vai investir um total de 1,8 milh\u00f5es de euros na requalifica\u00e7\u00e3o da rede vi\u00e1ria do concelho.\" \/>\n<meta property=\"og:url\" content=\"https:\/\/www.altominho.tv\/site\/2023\/09\/01\/moncao-requalificacao-rede-viaria\/\" \/>\n<meta property=\"og:site_name\" content=\"Altominho.tv\" \/>\n<meta property=\"article:publisher\" content=\"https:\/\/www.facebook.com\/altominhotv\" \/>\n<meta property=\"article:published_time\" content=\"2023-09-01T08:50:58+00:00\" \/>\n<meta property=\"article:modified_time\" content=\"2023-09-01T08:51:01+00:00\" \/>\n<meta property=\"og:image\" content=\"https:\/\/www.altominho.tv\/site\/wp-content\/uploads\/2023\/09\/Obra-estrada.png\" \/>\n\t<meta property=\"og:image:width\" content=\"761\" \/>\n\t<meta property=\"og:image:height\" content=\"404\" \/>\n\t<meta property=\"og:image:type\" content=\"image\/png\" \/>\n<meta name=\"author\" content=\"Altominho.tv\" \/>\n<meta name=\"twitter:card\" content=\"summary_large_image\" \/>\n<meta name=\"twitter:creator\" content=\"@altominhoTV\" \/>\n<meta name=\"twitter:site\" content=\"@altominhoTV\" \/>\n<meta name=\"twitter:label1\" content=\"Escrito por\" \/>\n\t<meta name=\"twitter:data1\" content=\"Altominho.tv\" \/>\n\t<meta name=\"twitter:label2\" content=\"Tempo estimado de leitura\" \/>\n\t<meta name=\"twitter:data2\" content=\"2 minutos\" \/>\n<script type=\"application\/ld+json\" class=\"yoast-schema-graph\">{\"@context\":\"https:\\\/\\\/schema.org\",\"@graph\":[{\"@type\":\"Article\",\"@id\":\"https:\\\/\\\/www.altominho.tv\\\/site\\\/2023\\\/09\\\/01\\\/moncao-requalificacao-rede-viaria\\\/#article\",\"isPartOf\":{\"@id\":\"https:\\\/\\\/www.altominho.tv\\\/site\\\/2023\\\/09\\\/01\\\/moncao-requalificacao-rede-viaria\\\/\"},\"author\":{\"name\":\"Altominho.tv\",\"@id\":\"https:\\\/\\\/www.altominho.tv\\\/site\\\/#\\\/schema\\\/person\\\/4e536851627d7914baf3dac752b6af22\"},\"headline\":\"Mon\u00e7\u00e3o investe 1,8 milh\u00f5es na requalifica\u00e7\u00e3o de estradas\",\"datePublished\":\"2023-09-01T08:50:58+00:00\",\"dateModified\":\"2023-09-01T08:51:01+00:00\",\"mainEntityOfPage\":{\"@id\":\"https:\\\/\\\/www.altominho.tv\\\/site\\\/2023\\\/09\\\/01\\\/moncao-requalificacao-rede-viaria\\\/\"},\"wordCount\":262,\"image\":{\"@id\":\"https:\\\/\\\/www.altominho.tv\\\/site\\\/2023\\\/09\\\/01\\\/moncao-requalificacao-rede-viaria\\\/#primaryimage\"},\"thumbnailUrl\":\"https:\\\/\\\/www.altominho.tv\\\/site\\\/wp-content\\\/uploads\\\/2023\\\/09\\\/Obra-estrada.png\",\"keywords\":[\"Sociedade\"],\"articleSection\":[\"Mon\u00e7\u00e3o\"],\"inLanguage\":\"pt-PT\",\"copyrightYear\":\"2023\",\"copyrightHolder\":{\"@id\":\"https:\\\/\\\/www.altominho.tv\\\/site\\\/#organization\"}},{\"@type\":\"WebPage\",\"@id\":\"https:\\\/\\\/www.altominho.tv\\\/site\\\/2023\\\/09\\\/01\\\/moncao-requalificacao-rede-viaria\\\/\",\"url\":\"https:\\\/\\\/www.altominho.tv\\\/site\\\/2023\\\/09\\\/01\\\/moncao-requalificacao-rede-viaria\\\/\",\"name\":\"Mon\u00e7\u00e3o investe 1,8 milh\u00f5es na requalifica\u00e7\u00e3o de estradas\",\"isPartOf\":{\"@id\":\"https:\\\/\\\/www.altominho.tv\\\/site\\\/#website\"},\"primaryImageOfPage\":{\"@id\":\"https:\\\/\\\/www.altominho.tv\\\/site\\\/2023\\\/09\\\/01\\\/moncao-requalificacao-rede-viaria\\\/#primaryimage\"},\"image\":{\"@id\":\"https:\\\/\\\/www.altominho.tv\\\/site\\\/2023\\\/09\\\/01\\\/moncao-requalificacao-rede-viaria\\\/#primaryimage\"},\"thumbnailUrl\":\"https:\\\/\\\/www.altominho.tv\\\/site\\\/wp-content\\\/uploads\\\/2023\\\/09\\\/Obra-estrada.png\",\"datePublished\":\"2023-09-01T08:50:58+00:00\",\"dateModified\":\"2023-09-01T08:51:01+00:00\",\"author\":{\"@id\":\"https:\\\/\\\/www.altominho.tv\\\/site\\\/#\\\/schema\\\/person\\\/4e536851627d7914baf3dac752b6af22\"},\"description\":\"O munic\u00edpio de Mon\u00e7\u00e3o vai investir um total de 1,8 milh\u00f5es de euros na requalifica\u00e7\u00e3o da rede vi\u00e1ria do concelho.\",\"breadcrumb\":{\"@id\":\"https:\\\/\\\/www.altominho.tv\\\/site\\\/2023\\\/09\\\/01\\\/moncao-requalificacao-rede-viaria\\\/#breadcrumb\"},\"inLanguage\":\"pt-PT\",\"potentialAction\":[{\"@type\":\"ReadAction\",\"target\":[\"https:\\\/\\\/www.altominho.tv\\\/site\\\/2023\\\/09\\\/01\\\/moncao-requalificacao-rede-viaria\\\/\"]}]},{\"@type\":\"ImageObject\",\"inLanguage\":\"pt-PT\",\"@id\":\"https:\\\/\\\/www.altominho.tv\\\/site\\\/2023\\\/09\\\/01\\\/moncao-requalificacao-rede-viaria\\\/#primaryimage\",\"url\":\"https:\\\/\\\/www.altominho.tv\\\/site\\\/wp-content\\\/uploads\\\/2023\\\/09\\\/Obra-estrada.png\",\"contentUrl\":\"https:\\\/\\\/www.altominho.tv\\\/site\\\/wp-content\\\/uploads\\\/2023\\\/09\\\/Obra-estrada.png\",\"width\":761,\"height\":404},{\"@type\":\"BreadcrumbList\",\"@id\":\"https:\\\/\\\/www.altominho.tv\\\/site\\\/2023\\\/09\\\/01\\\/moncao-requalificacao-rede-viaria\\\/#breadcrumb\",\"itemListElement\":[{\"@type\":\"ListItem\",\"position\":1,\"name\":\"In\u00edcio\",\"item\":\"https:\\\/\\\/www.altominho.tv\\\/site\\\/\"},{\"@type\":\"ListItem\",\"position\":2,\"name\":\"Mon\u00e7\u00e3o investe 1,8 milh\u00f5es na requalifica\u00e7\u00e3o de estradas\"}]},{\"@type\":\"WebSite\",\"@id\":\"https:\\\/\\\/www.altominho.tv\\\/site\\\/#website\",\"url\":\"https:\\\/\\\/www.altominho.tv\\\/site\\\/\",\"name\":\"Altominho.tv\",\"description\":\"A sua regi\u00e3o \u00e0 dist\u00e2ncia de um clique...\",\"potentialAction\":[{\"@type\":\"SearchAction\",\"target\":{\"@type\":\"EntryPoint\",\"urlTemplate\":\"https:\\\/\\\/www.altominho.tv\\\/site\\\/?s={search_term_string}\"},\"query-input\":{\"@type\":\"PropertyValueSpecification\",\"valueRequired\":true,\"valueName\":\"search_term_string\"}}],\"inLanguage\":\"pt-PT\"},{\"@type\":\"Person\",\"@id\":\"https:\\\/\\\/www.altominho.tv\\\/site\\\/#\\\/schema\\\/person\\\/4e536851627d7914baf3dac752b6af22\",\"name\":\"Altominho.tv\",\"image\":{\"@type\":\"ImageObject\",\"inLanguage\":\"pt-PT\",\"@id\":\"https:\\\/\\\/www.altominho.tv\\\/site\\\/wp-content\\\/uploads\\\/2019\\\/11\\\/Logo_Avatar_2-150x150.jpg\",\"url\":\"https:\\\/\\\/www.altominho.tv\\\/site\\\/wp-content\\\/uploads\\\/2019\\\/11\\\/Logo_Avatar_2-150x150.jpg\",\"contentUrl\":\"https:\\\/\\\/www.altominho.tv\\\/site\\\/wp-content\\\/uploads\\\/2019\\\/11\\\/Logo_Avatar_2-150x150.jpg\",\"caption\":\"Altominho.tv\"},\"url\":\"https:\\\/\\\/www.altominho.tv\\\/site\\\/author\\\/altominhotv-tecnico\\\/\"}]}<\/script>\n<!-- \/ Yoast SEO Premium plugin. -->","yoast_head_json":{"title":"Mon\u00e7\u00e3o investe 1,8 milh\u00f5es na requalifica\u00e7\u00e3o de estradas","description":"O munic\u00edpio de Mon\u00e7\u00e3o vai investir um total de 1,8 milh\u00f5es de euros na requalifica\u00e7\u00e3o da rede vi\u00e1ria do concelho.","robots":{"index":"index","follow":"follow","max-snippet":"max-snippet:-1","max-image-preview":"max-image-preview:large","max-video-preview":"max-video-preview:-1"},"canonical":"https:\/\/www.altominho.tv\/site\/2023\/09\/01\/moncao-requalificacao-rede-viaria\/","og_locale":"pt_PT","og_type":"article","og_title":"Mon\u00e7\u00e3o investe 1,8 milh\u00f5es na requalifica\u00e7\u00e3o de estradas","og_description":"O munic\u00edpio de Mon\u00e7\u00e3o vai investir um total de 1,8 milh\u00f5es de euros na requalifica\u00e7\u00e3o da rede vi\u00e1ria do concelho.","og_url":"https:\/\/www.altominho.tv\/site\/2023\/09\/01\/moncao-requalificacao-rede-viaria\/","og_site_name":"Altominho.tv","article_publisher":"https:\/\/www.facebook.com\/altominhotv","article_published_time":"2023-09-01T08:50:58+00:00","article_modified_time":"2023-09-01T08:51:01+00:00","og_image":[{"width":761,"height":404,"url":"https:\/\/www.altominho.tv\/site\/wp-content\/uploads\/2023\/09\/Obra-estrada.png","type":"image\/png"}],"author":"Altominho.tv","twitter_card":"summary_large_image","twitter_creator":"@altominhoTV","twitter_site":"@altominhoTV","twitter_misc":{"Escrito por":"Altominho.tv","Tempo estimado de leitura":"2 minutos"},"schema":{"@context":"https:\/\/schema.org","@graph":[{"@type":"Article","@id":"https:\/\/www.altominho.tv\/site\/2023\/09\/01\/moncao-requalificacao-rede-viaria\/#article","isPartOf":{"@id":"https:\/\/www.altominho.tv\/site\/2023\/09\/01\/moncao-requalificacao-rede-viaria\/"},"author":{"name":"Altominho.tv","@id":"https:\/\/www.altominho.tv\/site\/#\/schema\/person\/4e536851627d7914baf3dac752b6af22"},"headline":"Mon\u00e7\u00e3o investe 1,8 milh\u00f5es na requalifica\u00e7\u00e3o de estradas","datePublished":"2023-09-01T08:50:58+00:00","dateModified":"2023-09-01T08:51:01+00:00","mainEntityOfPage":{"@id":"https:\/\/www.altominho.tv\/site\/2023\/09\/01\/moncao-requalificacao-rede-viaria\/"},"wordCount":262,"image":{"@id":"https:\/\/www.altominho.tv\/site\/2023\/09\/01\/moncao-requalificacao-rede-viaria\/#primaryimage"},"thumbnailUrl":"https:\/\/www.altominho.tv\/site\/wp-content\/uploads\/2023\/09\/Obra-estrada.png","keywords":["Sociedade"],"articleSection":["Mon\u00e7\u00e3o"],"inLanguage":"pt-PT","copyrightYear":"2023","copyrightHolder":{"@id":"https:\/\/www.altominho.tv\/site\/#organization"}},{"@type":"WebPage","@id":"https:\/\/www.altominho.tv\/site\/2023\/09\/01\/moncao-requalificacao-rede-viaria\/","url":"https:\/\/www.altominho.tv\/site\/2023\/09\/01\/moncao-requalificacao-rede-viaria\/","name":"Mon\u00e7\u00e3o investe 1,8 milh\u00f5es na requalifica\u00e7\u00e3o de estradas","isPartOf":{"@id":"https:\/\/www.altominho.tv\/site\/#website"},"primaryImageOfPage":{"@id":"https:\/\/www.altominho.tv\/site\/2023\/09\/01\/moncao-requalificacao-rede-viaria\/#primaryimage"},"image":{"@id":"https:\/\/www.altominho.tv\/site\/2023\/09\/01\/moncao-requalificacao-rede-viaria\/#primaryimage"},"thumbnailUrl":"https:\/\/www.altominho.tv\/site\/wp-content\/uploads\/2023\/09\/Obra-estrada.png","datePublished":"2023-09-01T08:50:58+00:00","dateModified":"2023-09-01T08:51:01+00:00","author":{"@id":"https:\/\/www.altominho.tv\/site\/#\/schema\/person\/4e536851627d7914baf3dac752b6af22"},"description":"O munic\u00edpio de Mon\u00e7\u00e3o vai investir um total de 1,8 milh\u00f5es de euros na requalifica\u00e7\u00e3o da rede vi\u00e1ria do concelho.","breadcrumb":{"@id":"https:\/\/www.altominho.tv\/site\/2023\/09\/01\/moncao-requalificacao-rede-viaria\/#breadcrumb"},"inLanguage":"pt-PT","potentialAction":[{"@type":"ReadAction","target":["https:\/\/www.altominho.tv\/site\/2023\/09\/01\/moncao-requalificacao-rede-viaria\/"]}]},{"@type":"ImageObject","inLanguage":"pt-PT","@id":"https:\/\/www.altominho.tv\/site\/2023\/09\/01\/moncao-requalificacao-rede-viaria\/#primaryimage","url":"https:\/\/www.altominho.tv\/site\/wp-content\/uploads\/2023\/09\/Obra-estrada.png","contentUrl":"https:\/\/www.altominho.tv\/site\/wp-content\/uploads\/2023\/09\/Obra-estrada.png","width":761,"height":404},{"@type":"BreadcrumbList","@id":"https:\/\/www.altominho.tv\/site\/2023\/09\/01\/moncao-requalificacao-rede-viaria\/#breadcrumb","itemListElement":[{"@type":"ListItem","position":1,"name":"In\u00edcio","item":"https:\/\/www.altominho.tv\/site\/"},{"@type":"ListItem","position":2,"name":"Mon\u00e7\u00e3o investe 1,8 milh\u00f5es na requalifica\u00e7\u00e3o de estradas"}]},{"@type":"WebSite","@id":"https:\/\/www.altominho.tv\/site\/#website","url":"https:\/\/www.altominho.tv\/site\/","name":"Altominho.tv","description":"A sua regi\u00e3o \u00e0 dist\u00e2ncia de um clique...","potentialAction":[{"@type":"SearchAction","target":{"@type":"EntryPoint","urlTemplate":"https:\/\/www.altominho.tv\/site\/?s={search_term_string}"},"query-input":{"@type":"PropertyValueSpecification","valueRequired":true,"valueName":"search_term_string"}}],"inLanguage":"pt-PT"},{"@type":"Person","@id":"https:\/\/www.altominho.tv\/site\/#\/schema\/person\/4e536851627d7914baf3dac752b6af22","name":"Altominho.tv","image":{"@type":"ImageObject","inLanguage":"pt-PT","@id":"https:\/\/www.altominho.tv\/site\/wp-content\/uploads\/2019\/11\/Logo_Avatar_2-150x150.jpg","url":"https:\/\/www.altominho.tv\/site\/wp-content\/uploads\/2019\/11\/Logo_Avatar_2-150x150.jpg","contentUrl":"https:\/\/www.altominho.tv\/site\/wp-content\/uploads\/2019\/11\/Logo_Avatar_2-150x150.jpg","caption":"Altominho.tv"},"url":"https:\/\/www.altominho.tv\/site\/author\/altominhotv-tecnico\/"}]}},"_links":{"self":[{"href":"https:\/\/www.altominho.tv\/site\/wp-json\/wp\/v2\/posts\/95971","targetHints":{"allow":["GET"]}}],"collection":[{"href":"https:\/\/www.altominho.tv\/site\/wp-json\/wp\/v2\/posts"}],"about":[{"href":"https:\/\/www.altominho.tv\/site\/wp-json\/wp\/v2\/types\/post"}],"author":[{"embeddable":true,"href":"https:\/\/www.altominho.tv\/site\/wp-json\/wp\/v2\/users\/1"}],"replies":[{"embeddable":true,"href":"https:\/\/www.altominho.tv\/site\/wp-json\/wp\/v2\/comments?post=95971"}],"version-history":[{"count":1,"href":"https:\/\/www.altominho.tv\/site\/wp-json\/wp\/v2\/posts\/95971\/revisions"}],"predecessor-version":[{"id":95974,"href":"https:\/\/www.altominho.tv\/site\/wp-json\/wp\/v2\/posts\/95971\/revisions\/95974"}],"wp:featuredmedia":[{"embeddable":true,"href":"https:\/\/www.altominho.tv\/site\/wp-json\/wp\/v2\/media\/95972"}],"wp:attachment":[{"href":"https:\/\/www.altominho.tv\/site\/wp-json\/wp\/v2\/media?parent=95971"}],"wp:term":[{"taxonomy":"category","embeddable":true,"href":"https:\/\/www.altominho.tv\/site\/wp-json\/wp\/v2\/categories?post=95971"},{"taxonomy":"post_tag","embeddable":true,"href":"https:\/\/www.altominho.tv\/site\/wp-json\/wp\/v2\/tags?post=95971"}],"curies":[{"name":"wp","href":"https:\/\/api.w.org\/{rel}","templated":true}]}}