{"id":95891,"date":"2023-08-30T10:10:24","date_gmt":"2023-08-30T09:10:24","guid":{"rendered":"https:\/\/www.altominho.tv\/site\/?p=95891"},"modified":"2023-08-30T10:10:29","modified_gmt":"2023-08-30T09:10:29","slug":"arcos-de-valdevez-promove-projeto-aldeia-feliz","status":"publish","type":"post","link":"https:\/\/www.altominho.tv\/site\/2023\/08\/30\/arcos-de-valdevez-promove-projeto-aldeia-feliz\/","title":{"rendered":"Arcos de Valdevez promove projeto &#8220;Aldeia Feliz&#8221;"},"content":{"rendered":"\n<p class=\"wp-block-paragraph\">O Munic\u00edpio de Arcos de Valdevez volta a abra\u00e7ar o\u00a0Projeto \u201cAldeia Feliz\u201d, em articula\u00e7\u00e3o com o n\u00facleo de estudantes de Medicina da Universidade do Minho, de 30 de agosto a 3 de setembro.<\/p>\n\n\n\n<p class=\"wp-block-paragraph\">&#8220;Estes futuros m\u00e9dicos t\u00eam como miss\u00e3o levar afeto, sensibilizar para a sa\u00fade e estilos de vida saud\u00e1veis, bem como alertar e identificar os riscos associados ao isolamento da terceira idade&#8221; divulga a autarquia.<\/p>\n\n\n\n<p class=\"wp-block-paragraph\">Este projeto vai de encontro a um conjunto de politicas municipais para a constru\u00e7\u00e3o de concelho mais coeso e solid\u00e1rio, das quais a dinamiza\u00e7\u00e3o de projetos e atividades, no \u00e2mbito da promo\u00e7\u00e3o da sa\u00fade e do apoio \u00e0 popula\u00e7\u00e3o idosa e ao envelhecimento ativo.<\/p>\n\n\n\n<p class=\"wp-block-paragraph\">Os estudantes de medicina v\u00e3o trabalhar em grupos, ao longo dos cinco dias, em 4 freguesias do concelho, com prop\u00f3sito de alertar a popula\u00e7\u00e3o idosa para a import\u00e2ncia de uma alimenta\u00e7\u00e3o saud\u00e1vel, dos cuidados de higiene e com a medica\u00e7\u00e3o, e ainda realizar rastreios da Diabetes e Hipertens\u00e3o Arterial.<\/p>\n\n\n\n<p class=\"wp-block-paragraph\">A destacar no programa de atividades, a realiza\u00e7\u00e3o de atividades em  institui\u00e7\u00f5es sociais do concelho e as visitas porta a porta, nas freguesias do Vale, S. Jorge, Rio frio e Grade. No dia 2 de setembro a Sociedade Portuguesa de Hipertens\u00e3o ir\u00e1 promover uma palestra e realizar rastreios no Mercado Municipal.<\/p>\n\n\n\n<p class=\"wp-block-paragraph\">Para o Presidente da C\u00e2mara Municipal \u201c\u00e9 essencial criar estrat\u00e9gias de interven\u00e7\u00e3o, concertar esfor\u00e7os com as v\u00e1rias entidades locais de solidariedade social e apoiar projetos que promovem a sa\u00fade e a inclus\u00e3o social dos arcuenses, nomeadamente as pessoas mais vulner\u00e1veis\u201d.<\/p>\n","protected":false},"excerpt":{"rendered":"<p>O Munic\u00edpio de Arcos de Valdevez volta a abra\u00e7ar o\u00a0Projeto \u201cAldeia Feliz\u201d, em articula\u00e7\u00e3o com o n\u00facleo de estudantes de Medicina da Universidade do Minho, de 30 de agosto a 3 de setembro. &#8220;Estes futuros m\u00e9dicos t\u00eam como miss\u00e3o levar afeto, sensibilizar para a sa\u00fade e estilos de vida saud\u00e1veis, bem como alertar e identificar [&hellip;]<\/p>\n","protected":false},"author":28,"featured_media":95892,"comment_status":"closed","ping_status":"closed","sticky":false,"template":"","format":"standard","meta":{"_exactmetrics_skip_tracking":false,"footnotes":""},"categories":[2],"tags":[26,27],"class_list":["post-95891","post","type-post","status-publish","format-standard","has-post-thumbnail","hentry","category-arcos-de-valdevez","tag-saude","tag-sociedade"],"yoast_head":"<!-- This site is optimized with the Yoast SEO Premium plugin v28.3 (Yoast SEO v28.3) - https:\/\/yoast.com\/product\/yoast-seo-premium-wordpress\/ -->\n<title>Arcos de Valdevez promove projeto &quot;Aldeia Feliz&quot;<\/title>\n<meta name=\"description\" content=\"O Munic\u00edpio de Arcos de Valdevez volta a abra\u00e7ar o\u00a0Projeto \u201cAldeia Feliz\u201d, em articula\u00e7\u00e3o com o n\u00facleo de estudantes de Medicina da Universidade do Minho, de 30 de agosto a 3 de setembro.\" \/>\n<meta name=\"robots\" content=\"index, follow, max-snippet:-1, max-image-preview:large, max-video-preview:-1\" \/>\n<link rel=\"canonical\" href=\"https:\/\/www.altominho.tv\/site\/2023\/08\/30\/arcos-de-valdevez-promove-projeto-aldeia-feliz\/\" \/>\n<meta property=\"og:locale\" content=\"pt_PT\" \/>\n<meta property=\"og:type\" content=\"article\" \/>\n<meta property=\"og:title\" content=\"Arcos de Valdevez promove projeto &quot;Aldeia Feliz&quot;\" \/>\n<meta property=\"og:description\" content=\"O Munic\u00edpio de Arcos de Valdevez volta a abra\u00e7ar o\u00a0Projeto \u201cAldeia Feliz\u201d, em articula\u00e7\u00e3o com o n\u00facleo de estudantes de Medicina da Universidade do Minho, de 30 de agosto a 3 de setembro.\" \/>\n<meta property=\"og:url\" content=\"https:\/\/www.altominho.tv\/site\/2023\/08\/30\/arcos-de-valdevez-promove-projeto-aldeia-feliz\/\" \/>\n<meta property=\"og:site_name\" content=\"Altominho.tv\" \/>\n<meta property=\"article:publisher\" content=\"https:\/\/www.facebook.com\/altominhotv\" \/>\n<meta property=\"article:published_time\" content=\"2023-08-30T09:10:24+00:00\" \/>\n<meta property=\"article:modified_time\" content=\"2023-08-30T09:10:29+00:00\" \/>\n<meta property=\"og:image\" content=\"https:\/\/www.altominho.tv\/site\/wp-content\/uploads\/2023\/08\/arcosvaldevez-1-740x422-1-1.jpg\" \/>\n\t<meta property=\"og:image:width\" content=\"740\" \/>\n\t<meta property=\"og:image:height\" content=\"422\" \/>\n\t<meta property=\"og:image:type\" content=\"image\/jpeg\" \/>\n<meta name=\"author\" content=\"Beatriz Lira\" \/>\n<meta name=\"twitter:card\" content=\"summary_large_image\" \/>\n<meta name=\"twitter:creator\" content=\"@altominhoTV\" \/>\n<meta name=\"twitter:site\" content=\"@altominhoTV\" \/>\n<meta name=\"twitter:label1\" content=\"Escrito por\" \/>\n\t<meta name=\"twitter:data1\" content=\"Beatriz Lira\" \/>\n\t<meta name=\"twitter:label2\" content=\"Tempo estimado de leitura\" \/>\n\t<meta name=\"twitter:data2\" content=\"2 minutos\" \/>\n<script type=\"application\/ld+json\" class=\"yoast-schema-graph\">{\"@context\":\"https:\\\/\\\/schema.org\",\"@graph\":[{\"@type\":\"Article\",\"@id\":\"https:\\\/\\\/www.altominho.tv\\\/site\\\/2023\\\/08\\\/30\\\/arcos-de-valdevez-promove-projeto-aldeia-feliz\\\/#article\",\"isPartOf\":{\"@id\":\"https:\\\/\\\/www.altominho.tv\\\/site\\\/2023\\\/08\\\/30\\\/arcos-de-valdevez-promove-projeto-aldeia-feliz\\\/\"},\"author\":{\"name\":\"Beatriz Lira\",\"@id\":\"https:\\\/\\\/www.altominho.tv\\\/site\\\/#\\\/schema\\\/person\\\/f95a2097796cf4462fe1e476cddc40e4\"},\"headline\":\"Arcos de Valdevez promove projeto &#8220;Aldeia Feliz&#8221;\",\"datePublished\":\"2023-08-30T09:10:24+00:00\",\"dateModified\":\"2023-08-30T09:10:29+00:00\",\"mainEntityOfPage\":{\"@id\":\"https:\\\/\\\/www.altominho.tv\\\/site\\\/2023\\\/08\\\/30\\\/arcos-de-valdevez-promove-projeto-aldeia-feliz\\\/\"},\"wordCount\":286,\"image\":{\"@id\":\"https:\\\/\\\/www.altominho.tv\\\/site\\\/2023\\\/08\\\/30\\\/arcos-de-valdevez-promove-projeto-aldeia-feliz\\\/#primaryimage\"},\"thumbnailUrl\":\"https:\\\/\\\/www.altominho.tv\\\/site\\\/wp-content\\\/uploads\\\/2023\\\/08\\\/arcosvaldevez-1-740x422-1-1.jpg\",\"keywords\":[\"Sa\u00fade\",\"Sociedade\"],\"articleSection\":[\"Arcos de Valdevez\"],\"inLanguage\":\"pt-PT\",\"copyrightYear\":\"2023\",\"copyrightHolder\":{\"@id\":\"https:\\\/\\\/www.altominho.tv\\\/site\\\/#organization\"}},{\"@type\":\"WebPage\",\"@id\":\"https:\\\/\\\/www.altominho.tv\\\/site\\\/2023\\\/08\\\/30\\\/arcos-de-valdevez-promove-projeto-aldeia-feliz\\\/\",\"url\":\"https:\\\/\\\/www.altominho.tv\\\/site\\\/2023\\\/08\\\/30\\\/arcos-de-valdevez-promove-projeto-aldeia-feliz\\\/\",\"name\":\"Arcos de Valdevez promove projeto \\\"Aldeia Feliz\\\"\",\"isPartOf\":{\"@id\":\"https:\\\/\\\/www.altominho.tv\\\/site\\\/#website\"},\"primaryImageOfPage\":{\"@id\":\"https:\\\/\\\/www.altominho.tv\\\/site\\\/2023\\\/08\\\/30\\\/arcos-de-valdevez-promove-projeto-aldeia-feliz\\\/#primaryimage\"},\"image\":{\"@id\":\"https:\\\/\\\/www.altominho.tv\\\/site\\\/2023\\\/08\\\/30\\\/arcos-de-valdevez-promove-projeto-aldeia-feliz\\\/#primaryimage\"},\"thumbnailUrl\":\"https:\\\/\\\/www.altominho.tv\\\/site\\\/wp-content\\\/uploads\\\/2023\\\/08\\\/arcosvaldevez-1-740x422-1-1.jpg\",\"datePublished\":\"2023-08-30T09:10:24+00:00\",\"dateModified\":\"2023-08-30T09:10:29+00:00\",\"author\":{\"@id\":\"https:\\\/\\\/www.altominho.tv\\\/site\\\/#\\\/schema\\\/person\\\/f95a2097796cf4462fe1e476cddc40e4\"},\"description\":\"O Munic\u00edpio de Arcos de Valdevez volta a abra\u00e7ar o\u00a0Projeto \u201cAldeia Feliz\u201d, em articula\u00e7\u00e3o com o n\u00facleo de estudantes de Medicina da Universidade do Minho, de 30 de agosto a 3 de setembro.\",\"breadcrumb\":{\"@id\":\"https:\\\/\\\/www.altominho.tv\\\/site\\\/2023\\\/08\\\/30\\\/arcos-de-valdevez-promove-projeto-aldeia-feliz\\\/#breadcrumb\"},\"inLanguage\":\"pt-PT\",\"potentialAction\":[{\"@type\":\"ReadAction\",\"target\":[\"https:\\\/\\\/www.altominho.tv\\\/site\\\/2023\\\/08\\\/30\\\/arcos-de-valdevez-promove-projeto-aldeia-feliz\\\/\"]}]},{\"@type\":\"ImageObject\",\"inLanguage\":\"pt-PT\",\"@id\":\"https:\\\/\\\/www.altominho.tv\\\/site\\\/2023\\\/08\\\/30\\\/arcos-de-valdevez-promove-projeto-aldeia-feliz\\\/#primaryimage\",\"url\":\"https:\\\/\\\/www.altominho.tv\\\/site\\\/wp-content\\\/uploads\\\/2023\\\/08\\\/arcosvaldevez-1-740x422-1-1.jpg\",\"contentUrl\":\"https:\\\/\\\/www.altominho.tv\\\/site\\\/wp-content\\\/uploads\\\/2023\\\/08\\\/arcosvaldevez-1-740x422-1-1.jpg\",\"width\":740,\"height\":422},{\"@type\":\"BreadcrumbList\",\"@id\":\"https:\\\/\\\/www.altominho.tv\\\/site\\\/2023\\\/08\\\/30\\\/arcos-de-valdevez-promove-projeto-aldeia-feliz\\\/#breadcrumb\",\"itemListElement\":[{\"@type\":\"ListItem\",\"position\":1,\"name\":\"In\u00edcio\",\"item\":\"https:\\\/\\\/www.altominho.tv\\\/site\\\/\"},{\"@type\":\"ListItem\",\"position\":2,\"name\":\"Arcos de Valdevez promove projeto &#8220;Aldeia Feliz&#8221;\"}]},{\"@type\":\"WebSite\",\"@id\":\"https:\\\/\\\/www.altominho.tv\\\/site\\\/#website\",\"url\":\"https:\\\/\\\/www.altominho.tv\\\/site\\\/\",\"name\":\"Altominho.tv\",\"description\":\"A sua regi\u00e3o \u00e0 dist\u00e2ncia de um clique...\",\"potentialAction\":[{\"@type\":\"SearchAction\",\"target\":{\"@type\":\"EntryPoint\",\"urlTemplate\":\"https:\\\/\\\/www.altominho.tv\\\/site\\\/?s={search_term_string}\"},\"query-input\":{\"@type\":\"PropertyValueSpecification\",\"valueRequired\":true,\"valueName\":\"search_term_string\"}}],\"inLanguage\":\"pt-PT\"},{\"@type\":\"Person\",\"@id\":\"https:\\\/\\\/www.altominho.tv\\\/site\\\/#\\\/schema\\\/person\\\/f95a2097796cf4462fe1e476cddc40e4\",\"name\":\"Beatriz Lira\",\"image\":{\"@type\":\"ImageObject\",\"inLanguage\":\"pt-PT\",\"@id\":\"https:\\\/\\\/www.altominho.tv\\\/site\\\/wp-content\\\/uploads\\\/2023\\\/03\\\/Screenshot_20230306-141220_Photos-150x150.jpg\",\"url\":\"https:\\\/\\\/www.altominho.tv\\\/site\\\/wp-content\\\/uploads\\\/2023\\\/03\\\/Screenshot_20230306-141220_Photos-150x150.jpg\",\"contentUrl\":\"https:\\\/\\\/www.altominho.tv\\\/site\\\/wp-content\\\/uploads\\\/2023\\\/03\\\/Screenshot_20230306-141220_Photos-150x150.jpg\",\"caption\":\"Beatriz Lira\"},\"url\":\"https:\\\/\\\/www.altominho.tv\\\/site\\\/author\\\/beatriz\\\/\"}]}<\/script>\n<!-- \/ Yoast SEO Premium plugin. -->","yoast_head_json":{"title":"Arcos de Valdevez promove projeto \"Aldeia Feliz\"","description":"O Munic\u00edpio de Arcos de Valdevez volta a abra\u00e7ar o\u00a0Projeto \u201cAldeia Feliz\u201d, em articula\u00e7\u00e3o com o n\u00facleo de estudantes de Medicina da Universidade do Minho, de 30 de agosto a 3 de setembro.","robots":{"index":"index","follow":"follow","max-snippet":"max-snippet:-1","max-image-preview":"max-image-preview:large","max-video-preview":"max-video-preview:-1"},"canonical":"https:\/\/www.altominho.tv\/site\/2023\/08\/30\/arcos-de-valdevez-promove-projeto-aldeia-feliz\/","og_locale":"pt_PT","og_type":"article","og_title":"Arcos de Valdevez promove projeto \"Aldeia Feliz\"","og_description":"O Munic\u00edpio de Arcos de Valdevez volta a abra\u00e7ar o\u00a0Projeto \u201cAldeia Feliz\u201d, em articula\u00e7\u00e3o com o n\u00facleo de estudantes de Medicina da Universidade do Minho, de 30 de agosto a 3 de setembro.","og_url":"https:\/\/www.altominho.tv\/site\/2023\/08\/30\/arcos-de-valdevez-promove-projeto-aldeia-feliz\/","og_site_name":"Altominho.tv","article_publisher":"https:\/\/www.facebook.com\/altominhotv","article_published_time":"2023-08-30T09:10:24+00:00","article_modified_time":"2023-08-30T09:10:29+00:00","og_image":[{"width":740,"height":422,"url":"https:\/\/www.altominho.tv\/site\/wp-content\/uploads\/2023\/08\/arcosvaldevez-1-740x422-1-1.jpg","type":"image\/jpeg"}],"author":"Beatriz Lira","twitter_card":"summary_large_image","twitter_creator":"@altominhoTV","twitter_site":"@altominhoTV","twitter_misc":{"Escrito por":"Beatriz Lira","Tempo estimado de leitura":"2 minutos"},"schema":{"@context":"https:\/\/schema.org","@graph":[{"@type":"Article","@id":"https:\/\/www.altominho.tv\/site\/2023\/08\/30\/arcos-de-valdevez-promove-projeto-aldeia-feliz\/#article","isPartOf":{"@id":"https:\/\/www.altominho.tv\/site\/2023\/08\/30\/arcos-de-valdevez-promove-projeto-aldeia-feliz\/"},"author":{"name":"Beatriz Lira","@id":"https:\/\/www.altominho.tv\/site\/#\/schema\/person\/f95a2097796cf4462fe1e476cddc40e4"},"headline":"Arcos de Valdevez promove projeto &#8220;Aldeia Feliz&#8221;","datePublished":"2023-08-30T09:10:24+00:00","dateModified":"2023-08-30T09:10:29+00:00","mainEntityOfPage":{"@id":"https:\/\/www.altominho.tv\/site\/2023\/08\/30\/arcos-de-valdevez-promove-projeto-aldeia-feliz\/"},"wordCount":286,"image":{"@id":"https:\/\/www.altominho.tv\/site\/2023\/08\/30\/arcos-de-valdevez-promove-projeto-aldeia-feliz\/#primaryimage"},"thumbnailUrl":"https:\/\/www.altominho.tv\/site\/wp-content\/uploads\/2023\/08\/arcosvaldevez-1-740x422-1-1.jpg","keywords":["Sa\u00fade","Sociedade"],"articleSection":["Arcos de Valdevez"],"inLanguage":"pt-PT","copyrightYear":"2023","copyrightHolder":{"@id":"https:\/\/www.altominho.tv\/site\/#organization"}},{"@type":"WebPage","@id":"https:\/\/www.altominho.tv\/site\/2023\/08\/30\/arcos-de-valdevez-promove-projeto-aldeia-feliz\/","url":"https:\/\/www.altominho.tv\/site\/2023\/08\/30\/arcos-de-valdevez-promove-projeto-aldeia-feliz\/","name":"Arcos de Valdevez promove projeto \"Aldeia Feliz\"","isPartOf":{"@id":"https:\/\/www.altominho.tv\/site\/#website"},"primaryImageOfPage":{"@id":"https:\/\/www.altominho.tv\/site\/2023\/08\/30\/arcos-de-valdevez-promove-projeto-aldeia-feliz\/#primaryimage"},"image":{"@id":"https:\/\/www.altominho.tv\/site\/2023\/08\/30\/arcos-de-valdevez-promove-projeto-aldeia-feliz\/#primaryimage"},"thumbnailUrl":"https:\/\/www.altominho.tv\/site\/wp-content\/uploads\/2023\/08\/arcosvaldevez-1-740x422-1-1.jpg","datePublished":"2023-08-30T09:10:24+00:00","dateModified":"2023-08-30T09:10:29+00:00","author":{"@id":"https:\/\/www.altominho.tv\/site\/#\/schema\/person\/f95a2097796cf4462fe1e476cddc40e4"},"description":"O Munic\u00edpio de Arcos de Valdevez volta a abra\u00e7ar o\u00a0Projeto \u201cAldeia Feliz\u201d, em articula\u00e7\u00e3o com o n\u00facleo de estudantes de Medicina da Universidade do Minho, de 30 de agosto a 3 de setembro.","breadcrumb":{"@id":"https:\/\/www.altominho.tv\/site\/2023\/08\/30\/arcos-de-valdevez-promove-projeto-aldeia-feliz\/#breadcrumb"},"inLanguage":"pt-PT","potentialAction":[{"@type":"ReadAction","target":["https:\/\/www.altominho.tv\/site\/2023\/08\/30\/arcos-de-valdevez-promove-projeto-aldeia-feliz\/"]}]},{"@type":"ImageObject","inLanguage":"pt-PT","@id":"https:\/\/www.altominho.tv\/site\/2023\/08\/30\/arcos-de-valdevez-promove-projeto-aldeia-feliz\/#primaryimage","url":"https:\/\/www.altominho.tv\/site\/wp-content\/uploads\/2023\/08\/arcosvaldevez-1-740x422-1-1.jpg","contentUrl":"https:\/\/www.altominho.tv\/site\/wp-content\/uploads\/2023\/08\/arcosvaldevez-1-740x422-1-1.jpg","width":740,"height":422},{"@type":"BreadcrumbList","@id":"https:\/\/www.altominho.tv\/site\/2023\/08\/30\/arcos-de-valdevez-promove-projeto-aldeia-feliz\/#breadcrumb","itemListElement":[{"@type":"ListItem","position":1,"name":"In\u00edcio","item":"https:\/\/www.altominho.tv\/site\/"},{"@type":"ListItem","position":2,"name":"Arcos de Valdevez promove projeto &#8220;Aldeia Feliz&#8221;"}]},{"@type":"WebSite","@id":"https:\/\/www.altominho.tv\/site\/#website","url":"https:\/\/www.altominho.tv\/site\/","name":"Altominho.tv","description":"A sua regi\u00e3o \u00e0 dist\u00e2ncia de um clique...","potentialAction":[{"@type":"SearchAction","target":{"@type":"EntryPoint","urlTemplate":"https:\/\/www.altominho.tv\/site\/?s={search_term_string}"},"query-input":{"@type":"PropertyValueSpecification","valueRequired":true,"valueName":"search_term_string"}}],"inLanguage":"pt-PT"},{"@type":"Person","@id":"https:\/\/www.altominho.tv\/site\/#\/schema\/person\/f95a2097796cf4462fe1e476cddc40e4","name":"Beatriz Lira","image":{"@type":"ImageObject","inLanguage":"pt-PT","@id":"https:\/\/www.altominho.tv\/site\/wp-content\/uploads\/2023\/03\/Screenshot_20230306-141220_Photos-150x150.jpg","url":"https:\/\/www.altominho.tv\/site\/wp-content\/uploads\/2023\/03\/Screenshot_20230306-141220_Photos-150x150.jpg","contentUrl":"https:\/\/www.altominho.tv\/site\/wp-content\/uploads\/2023\/03\/Screenshot_20230306-141220_Photos-150x150.jpg","caption":"Beatriz Lira"},"url":"https:\/\/www.altominho.tv\/site\/author\/beatriz\/"}]}},"_links":{"self":[{"href":"https:\/\/www.altominho.tv\/site\/wp-json\/wp\/v2\/posts\/95891","targetHints":{"allow":["GET"]}}],"collection":[{"href":"https:\/\/www.altominho.tv\/site\/wp-json\/wp\/v2\/posts"}],"about":[{"href":"https:\/\/www.altominho.tv\/site\/wp-json\/wp\/v2\/types\/post"}],"author":[{"embeddable":true,"href":"https:\/\/www.altominho.tv\/site\/wp-json\/wp\/v2\/users\/28"}],"replies":[{"embeddable":true,"href":"https:\/\/www.altominho.tv\/site\/wp-json\/wp\/v2\/comments?post=95891"}],"version-history":[{"count":1,"href":"https:\/\/www.altominho.tv\/site\/wp-json\/wp\/v2\/posts\/95891\/revisions"}],"predecessor-version":[{"id":95893,"href":"https:\/\/www.altominho.tv\/site\/wp-json\/wp\/v2\/posts\/95891\/revisions\/95893"}],"wp:featuredmedia":[{"embeddable":true,"href":"https:\/\/www.altominho.tv\/site\/wp-json\/wp\/v2\/media\/95892"}],"wp:attachment":[{"href":"https:\/\/www.altominho.tv\/site\/wp-json\/wp\/v2\/media?parent=95891"}],"wp:term":[{"taxonomy":"category","embeddable":true,"href":"https:\/\/www.altominho.tv\/site\/wp-json\/wp\/v2\/categories?post=95891"},{"taxonomy":"post_tag","embeddable":true,"href":"https:\/\/www.altominho.tv\/site\/wp-json\/wp\/v2\/tags?post=95891"}],"curies":[{"name":"wp","href":"https:\/\/api.w.org\/{rel}","templated":true}]}}