{"id":95860,"date":"2023-08-28T17:06:25","date_gmt":"2023-08-28T16:06:25","guid":{"rendered":"https:\/\/www.altominho.tv\/site\/?p=95860"},"modified":"2023-08-28T17:06:28","modified_gmt":"2023-08-28T16:06:28","slug":"cine-teatro-joao-verde-regressa-para-temporada-2023-2024","status":"publish","type":"post","link":"https:\/\/www.altominho.tv\/site\/2023\/08\/28\/cine-teatro-joao-verde-regressa-para-temporada-2023-2024\/","title":{"rendered":"Cine Teatro Jo\u00e3o Verde regressa para temporada 2023\/2024"},"content":{"rendered":"<p>O Cine Teatro Jo\u00e3o Verde abre portas para a temporada de teatro 2023\/2024 no dia 16 de setembro, pelas 21h30, com o espet\u00e1culo &#8220;Os Idiotas&#8221;.<\/p>\n<p>Esta \u00e9 uma produ\u00e7\u00e3o do Coletivo Terceira Pessoa, em coprodu\u00e7\u00e3o com o Teatro Nacional Dona Maria II e inserido na programa\u00e7\u00e3o resultante da inclus\u00e3o do Cine Teatro Jo\u00e3o Verde, na Rede de Teatros e Cineteatros Portugues. m<\/p>\n<p>Este espet\u00e1culo surge a partir da concep\u00e7\u00e3o de de Ana Gil, Nuno Le\u00e3o e \u00d3scar Silva. O texto \u00e9<strong>\u00a0<\/strong>de Miguel Castro Caldas e interpreta\u00e7\u00e3o de Ana Gil, Filipa Matta, \u00d3scar Silva, Tiago Barbosa e Vera Kalantrupmann, com Diogo D\u00f3ria como actor convidado.<\/p>\n<p>Segundo o comunicado enviado, este \u00e9 um espet\u00e1culo que aborda a &#8220;reuni\u00e3o de grupo de atores e atrizes que se junta para questionar o seu of\u00edcio e a sua exist\u00eancia, enquanto agentes do acontecimento teatral. \u00c9 a partir desse lugar que se ensaiam possibilidades do teatro, problematizando o contexto onde o trabalho de ator\/atriz se confronta com o que neles se refaz e desfaz, nos limites dos seus corpos e da fic\u00e7\u00e3o que constroem e habitam&#8221;.<\/p>\n","protected":false},"excerpt":{"rendered":"<p>O Cine Teatro Jo\u00e3o Verde abre portas para a temporada de teatro 2023\/2024 no dia 16 de setembro, pelas 21h30, com o espet\u00e1culo &#8220;Os Idiotas&#8221;. Esta \u00e9 uma produ\u00e7\u00e3o do Coletivo Terceira Pessoa, em coprodu\u00e7\u00e3o com o Teatro Nacional Dona Maria II e inserido na programa\u00e7\u00e3o resultante da inclus\u00e3o do Cine Teatro Jo\u00e3o Verde, na [&hellip;]<\/p>\n","protected":false},"author":28,"featured_media":95861,"comment_status":"closed","ping_status":"closed","sticky":false,"template":"","format":"standard","meta":{"_exactmetrics_skip_tracking":false,"_exactmetrics_sitenote_active":false,"_exactmetrics_sitenote_note":"","_exactmetrics_sitenote_category":0,"footnotes":""},"categories":[9],"tags":[19],"class_list":["post-95860","post","type-post","status-publish","format-standard","has-post-thumbnail","hentry","category-moncao","tag-cultura"],"yoast_head":"<!-- This site is optimized with the Yoast SEO Premium plugin v27.5 (Yoast SEO v27.5) - https:\/\/yoast.com\/product\/yoast-seo-premium-wordpress\/ -->\n<title>Cine Teatro Jo\u00e3o Verde regressa para temporada 2023\/2024<\/title>\n<meta name=\"description\" content=\"O Cine Teatro Jo\u00e3o Verde abre portas para a temporada de teatro 2023\/2024 no dia 16 de setembro, pelas 21h30, com o espet\u00e1culo &quot;Os Idiotas&quot;\" \/>\n<meta name=\"robots\" content=\"index, follow, max-snippet:-1, max-image-preview:large, max-video-preview:-1\" \/>\n<link rel=\"canonical\" href=\"https:\/\/www.altominho.tv\/site\/2023\/08\/28\/cine-teatro-joao-verde-regressa-para-temporada-2023-2024\/\" \/>\n<meta property=\"og:locale\" content=\"pt_PT\" \/>\n<meta property=\"og:type\" content=\"article\" \/>\n<meta property=\"og:title\" content=\"Cine Teatro Jo\u00e3o Verde regressa para temporada 2023\/2024\" \/>\n<meta property=\"og:description\" content=\"O Cine Teatro Jo\u00e3o Verde abre portas para a temporada de teatro 2023\/2024 no dia 16 de setembro, pelas 21h30, com o espet\u00e1culo &quot;Os Idiotas&quot;\" \/>\n<meta property=\"og:url\" content=\"https:\/\/www.altominho.tv\/site\/2023\/08\/28\/cine-teatro-joao-verde-regressa-para-temporada-2023-2024\/\" \/>\n<meta property=\"og:site_name\" content=\"Altominho.tv\" \/>\n<meta property=\"article:publisher\" content=\"https:\/\/www.facebook.com\/altominhotv\" \/>\n<meta property=\"article:published_time\" content=\"2023-08-28T16:06:25+00:00\" \/>\n<meta property=\"article:modified_time\" content=\"2023-08-28T16:06:28+00:00\" \/>\n<meta property=\"og:image\" content=\"https:\/\/www.altominho.tv\/site\/wp-content\/uploads\/2023\/08\/cine-teatro--scaled.jpg\" \/>\n\t<meta property=\"og:image:width\" content=\"2560\" \/>\n\t<meta property=\"og:image:height\" content=\"1710\" \/>\n\t<meta property=\"og:image:type\" content=\"image\/jpeg\" \/>\n<meta name=\"author\" content=\"Beatriz Lira\" \/>\n<meta name=\"twitter:card\" content=\"summary_large_image\" \/>\n<meta name=\"twitter:creator\" content=\"@altominhoTV\" \/>\n<meta name=\"twitter:site\" content=\"@altominhoTV\" \/>\n<meta name=\"twitter:label1\" content=\"Escrito por\" \/>\n\t<meta name=\"twitter:data1\" content=\"Beatriz Lira\" \/>\n\t<meta name=\"twitter:label2\" content=\"Tempo estimado de leitura\" \/>\n\t<meta name=\"twitter:data2\" content=\"1 minuto\" \/>\n<script type=\"application\/ld+json\" class=\"yoast-schema-graph\">{\"@context\":\"https:\\\/\\\/schema.org\",\"@graph\":[{\"@type\":\"Article\",\"@id\":\"https:\\\/\\\/www.altominho.tv\\\/site\\\/2023\\\/08\\\/28\\\/cine-teatro-joao-verde-regressa-para-temporada-2023-2024\\\/#article\",\"isPartOf\":{\"@id\":\"https:\\\/\\\/www.altominho.tv\\\/site\\\/2023\\\/08\\\/28\\\/cine-teatro-joao-verde-regressa-para-temporada-2023-2024\\\/\"},\"author\":{\"name\":\"Beatriz Lira\",\"@id\":\"https:\\\/\\\/www.altominho.tv\\\/site\\\/#\\\/schema\\\/person\\\/f95a2097796cf4462fe1e476cddc40e4\"},\"headline\":\"Cine Teatro Jo\u00e3o Verde regressa para temporada 2023\\\/2024\",\"datePublished\":\"2023-08-28T16:06:25+00:00\",\"dateModified\":\"2023-08-28T16:06:28+00:00\",\"mainEntityOfPage\":{\"@id\":\"https:\\\/\\\/www.altominho.tv\\\/site\\\/2023\\\/08\\\/28\\\/cine-teatro-joao-verde-regressa-para-temporada-2023-2024\\\/\"},\"wordCount\":201,\"image\":{\"@id\":\"https:\\\/\\\/www.altominho.tv\\\/site\\\/2023\\\/08\\\/28\\\/cine-teatro-joao-verde-regressa-para-temporada-2023-2024\\\/#primaryimage\"},\"thumbnailUrl\":\"https:\\\/\\\/www.altominho.tv\\\/site\\\/wp-content\\\/uploads\\\/2023\\\/08\\\/cine-teatro--scaled.jpg\",\"keywords\":[\"Cultura\"],\"articleSection\":[\"Mon\u00e7\u00e3o\"],\"inLanguage\":\"pt-PT\",\"copyrightYear\":\"2023\",\"copyrightHolder\":{\"@id\":\"https:\\\/\\\/www.altominho.tv\\\/site\\\/#organization\"}},{\"@type\":\"WebPage\",\"@id\":\"https:\\\/\\\/www.altominho.tv\\\/site\\\/2023\\\/08\\\/28\\\/cine-teatro-joao-verde-regressa-para-temporada-2023-2024\\\/\",\"url\":\"https:\\\/\\\/www.altominho.tv\\\/site\\\/2023\\\/08\\\/28\\\/cine-teatro-joao-verde-regressa-para-temporada-2023-2024\\\/\",\"name\":\"Cine Teatro Jo\u00e3o Verde regressa para temporada 2023\\\/2024\",\"isPartOf\":{\"@id\":\"https:\\\/\\\/www.altominho.tv\\\/site\\\/#website\"},\"primaryImageOfPage\":{\"@id\":\"https:\\\/\\\/www.altominho.tv\\\/site\\\/2023\\\/08\\\/28\\\/cine-teatro-joao-verde-regressa-para-temporada-2023-2024\\\/#primaryimage\"},\"image\":{\"@id\":\"https:\\\/\\\/www.altominho.tv\\\/site\\\/2023\\\/08\\\/28\\\/cine-teatro-joao-verde-regressa-para-temporada-2023-2024\\\/#primaryimage\"},\"thumbnailUrl\":\"https:\\\/\\\/www.altominho.tv\\\/site\\\/wp-content\\\/uploads\\\/2023\\\/08\\\/cine-teatro--scaled.jpg\",\"datePublished\":\"2023-08-28T16:06:25+00:00\",\"dateModified\":\"2023-08-28T16:06:28+00:00\",\"author\":{\"@id\":\"https:\\\/\\\/www.altominho.tv\\\/site\\\/#\\\/schema\\\/person\\\/f95a2097796cf4462fe1e476cddc40e4\"},\"description\":\"O Cine Teatro Jo\u00e3o Verde abre portas para a temporada de teatro 2023\\\/2024 no dia 16 de setembro, pelas 21h30, com o espet\u00e1culo \\\"Os Idiotas\\\"\",\"breadcrumb\":{\"@id\":\"https:\\\/\\\/www.altominho.tv\\\/site\\\/2023\\\/08\\\/28\\\/cine-teatro-joao-verde-regressa-para-temporada-2023-2024\\\/#breadcrumb\"},\"inLanguage\":\"pt-PT\",\"potentialAction\":[{\"@type\":\"ReadAction\",\"target\":[\"https:\\\/\\\/www.altominho.tv\\\/site\\\/2023\\\/08\\\/28\\\/cine-teatro-joao-verde-regressa-para-temporada-2023-2024\\\/\"]}]},{\"@type\":\"ImageObject\",\"inLanguage\":\"pt-PT\",\"@id\":\"https:\\\/\\\/www.altominho.tv\\\/site\\\/2023\\\/08\\\/28\\\/cine-teatro-joao-verde-regressa-para-temporada-2023-2024\\\/#primaryimage\",\"url\":\"https:\\\/\\\/www.altominho.tv\\\/site\\\/wp-content\\\/uploads\\\/2023\\\/08\\\/cine-teatro--scaled.jpg\",\"contentUrl\":\"https:\\\/\\\/www.altominho.tv\\\/site\\\/wp-content\\\/uploads\\\/2023\\\/08\\\/cine-teatro--scaled.jpg\",\"width\":2560,\"height\":1710},{\"@type\":\"BreadcrumbList\",\"@id\":\"https:\\\/\\\/www.altominho.tv\\\/site\\\/2023\\\/08\\\/28\\\/cine-teatro-joao-verde-regressa-para-temporada-2023-2024\\\/#breadcrumb\",\"itemListElement\":[{\"@type\":\"ListItem\",\"position\":1,\"name\":\"In\u00edcio\",\"item\":\"https:\\\/\\\/www.altominho.tv\\\/site\\\/\"},{\"@type\":\"ListItem\",\"position\":2,\"name\":\"Cine Teatro Jo\u00e3o Verde regressa para temporada 2023\\\/2024\"}]},{\"@type\":\"WebSite\",\"@id\":\"https:\\\/\\\/www.altominho.tv\\\/site\\\/#website\",\"url\":\"https:\\\/\\\/www.altominho.tv\\\/site\\\/\",\"name\":\"Altominho.tv\",\"description\":\"A sua regi\u00e3o \u00e0 dist\u00e2ncia de um clique...\",\"potentialAction\":[{\"@type\":\"SearchAction\",\"target\":{\"@type\":\"EntryPoint\",\"urlTemplate\":\"https:\\\/\\\/www.altominho.tv\\\/site\\\/?s={search_term_string}\"},\"query-input\":{\"@type\":\"PropertyValueSpecification\",\"valueRequired\":true,\"valueName\":\"search_term_string\"}}],\"inLanguage\":\"pt-PT\"},{\"@type\":\"Person\",\"@id\":\"https:\\\/\\\/www.altominho.tv\\\/site\\\/#\\\/schema\\\/person\\\/f95a2097796cf4462fe1e476cddc40e4\",\"name\":\"Beatriz Lira\",\"image\":{\"@type\":\"ImageObject\",\"inLanguage\":\"pt-PT\",\"@id\":\"https:\\\/\\\/www.altominho.tv\\\/site\\\/wp-content\\\/uploads\\\/2023\\\/03\\\/Screenshot_20230306-141220_Photos-150x150.jpg\",\"url\":\"https:\\\/\\\/www.altominho.tv\\\/site\\\/wp-content\\\/uploads\\\/2023\\\/03\\\/Screenshot_20230306-141220_Photos-150x150.jpg\",\"contentUrl\":\"https:\\\/\\\/www.altominho.tv\\\/site\\\/wp-content\\\/uploads\\\/2023\\\/03\\\/Screenshot_20230306-141220_Photos-150x150.jpg\",\"caption\":\"Beatriz Lira\"},\"url\":\"https:\\\/\\\/www.altominho.tv\\\/site\\\/author\\\/beatriz\\\/\"}]}<\/script>\n<!-- \/ Yoast SEO Premium plugin. -->","yoast_head_json":{"title":"Cine Teatro Jo\u00e3o Verde regressa para temporada 2023\/2024","description":"O Cine Teatro Jo\u00e3o Verde abre portas para a temporada de teatro 2023\/2024 no dia 16 de setembro, pelas 21h30, com o espet\u00e1culo \"Os Idiotas\"","robots":{"index":"index","follow":"follow","max-snippet":"max-snippet:-1","max-image-preview":"max-image-preview:large","max-video-preview":"max-video-preview:-1"},"canonical":"https:\/\/www.altominho.tv\/site\/2023\/08\/28\/cine-teatro-joao-verde-regressa-para-temporada-2023-2024\/","og_locale":"pt_PT","og_type":"article","og_title":"Cine Teatro Jo\u00e3o Verde regressa para temporada 2023\/2024","og_description":"O Cine Teatro Jo\u00e3o Verde abre portas para a temporada de teatro 2023\/2024 no dia 16 de setembro, pelas 21h30, com o espet\u00e1culo \"Os Idiotas\"","og_url":"https:\/\/www.altominho.tv\/site\/2023\/08\/28\/cine-teatro-joao-verde-regressa-para-temporada-2023-2024\/","og_site_name":"Altominho.tv","article_publisher":"https:\/\/www.facebook.com\/altominhotv","article_published_time":"2023-08-28T16:06:25+00:00","article_modified_time":"2023-08-28T16:06:28+00:00","og_image":[{"width":2560,"height":1710,"url":"https:\/\/www.altominho.tv\/site\/wp-content\/uploads\/2023\/08\/cine-teatro--scaled.jpg","type":"image\/jpeg"}],"author":"Beatriz Lira","twitter_card":"summary_large_image","twitter_creator":"@altominhoTV","twitter_site":"@altominhoTV","twitter_misc":{"Escrito por":"Beatriz Lira","Tempo estimado de leitura":"1 minuto"},"schema":{"@context":"https:\/\/schema.org","@graph":[{"@type":"Article","@id":"https:\/\/www.altominho.tv\/site\/2023\/08\/28\/cine-teatro-joao-verde-regressa-para-temporada-2023-2024\/#article","isPartOf":{"@id":"https:\/\/www.altominho.tv\/site\/2023\/08\/28\/cine-teatro-joao-verde-regressa-para-temporada-2023-2024\/"},"author":{"name":"Beatriz Lira","@id":"https:\/\/www.altominho.tv\/site\/#\/schema\/person\/f95a2097796cf4462fe1e476cddc40e4"},"headline":"Cine Teatro Jo\u00e3o Verde regressa para temporada 2023\/2024","datePublished":"2023-08-28T16:06:25+00:00","dateModified":"2023-08-28T16:06:28+00:00","mainEntityOfPage":{"@id":"https:\/\/www.altominho.tv\/site\/2023\/08\/28\/cine-teatro-joao-verde-regressa-para-temporada-2023-2024\/"},"wordCount":201,"image":{"@id":"https:\/\/www.altominho.tv\/site\/2023\/08\/28\/cine-teatro-joao-verde-regressa-para-temporada-2023-2024\/#primaryimage"},"thumbnailUrl":"https:\/\/www.altominho.tv\/site\/wp-content\/uploads\/2023\/08\/cine-teatro--scaled.jpg","keywords":["Cultura"],"articleSection":["Mon\u00e7\u00e3o"],"inLanguage":"pt-PT","copyrightYear":"2023","copyrightHolder":{"@id":"https:\/\/www.altominho.tv\/site\/#organization"}},{"@type":"WebPage","@id":"https:\/\/www.altominho.tv\/site\/2023\/08\/28\/cine-teatro-joao-verde-regressa-para-temporada-2023-2024\/","url":"https:\/\/www.altominho.tv\/site\/2023\/08\/28\/cine-teatro-joao-verde-regressa-para-temporada-2023-2024\/","name":"Cine Teatro Jo\u00e3o Verde regressa para temporada 2023\/2024","isPartOf":{"@id":"https:\/\/www.altominho.tv\/site\/#website"},"primaryImageOfPage":{"@id":"https:\/\/www.altominho.tv\/site\/2023\/08\/28\/cine-teatro-joao-verde-regressa-para-temporada-2023-2024\/#primaryimage"},"image":{"@id":"https:\/\/www.altominho.tv\/site\/2023\/08\/28\/cine-teatro-joao-verde-regressa-para-temporada-2023-2024\/#primaryimage"},"thumbnailUrl":"https:\/\/www.altominho.tv\/site\/wp-content\/uploads\/2023\/08\/cine-teatro--scaled.jpg","datePublished":"2023-08-28T16:06:25+00:00","dateModified":"2023-08-28T16:06:28+00:00","author":{"@id":"https:\/\/www.altominho.tv\/site\/#\/schema\/person\/f95a2097796cf4462fe1e476cddc40e4"},"description":"O Cine Teatro Jo\u00e3o Verde abre portas para a temporada de teatro 2023\/2024 no dia 16 de setembro, pelas 21h30, com o espet\u00e1culo \"Os Idiotas\"","breadcrumb":{"@id":"https:\/\/www.altominho.tv\/site\/2023\/08\/28\/cine-teatro-joao-verde-regressa-para-temporada-2023-2024\/#breadcrumb"},"inLanguage":"pt-PT","potentialAction":[{"@type":"ReadAction","target":["https:\/\/www.altominho.tv\/site\/2023\/08\/28\/cine-teatro-joao-verde-regressa-para-temporada-2023-2024\/"]}]},{"@type":"ImageObject","inLanguage":"pt-PT","@id":"https:\/\/www.altominho.tv\/site\/2023\/08\/28\/cine-teatro-joao-verde-regressa-para-temporada-2023-2024\/#primaryimage","url":"https:\/\/www.altominho.tv\/site\/wp-content\/uploads\/2023\/08\/cine-teatro--scaled.jpg","contentUrl":"https:\/\/www.altominho.tv\/site\/wp-content\/uploads\/2023\/08\/cine-teatro--scaled.jpg","width":2560,"height":1710},{"@type":"BreadcrumbList","@id":"https:\/\/www.altominho.tv\/site\/2023\/08\/28\/cine-teatro-joao-verde-regressa-para-temporada-2023-2024\/#breadcrumb","itemListElement":[{"@type":"ListItem","position":1,"name":"In\u00edcio","item":"https:\/\/www.altominho.tv\/site\/"},{"@type":"ListItem","position":2,"name":"Cine Teatro Jo\u00e3o Verde regressa para temporada 2023\/2024"}]},{"@type":"WebSite","@id":"https:\/\/www.altominho.tv\/site\/#website","url":"https:\/\/www.altominho.tv\/site\/","name":"Altominho.tv","description":"A sua regi\u00e3o \u00e0 dist\u00e2ncia de um clique...","potentialAction":[{"@type":"SearchAction","target":{"@type":"EntryPoint","urlTemplate":"https:\/\/www.altominho.tv\/site\/?s={search_term_string}"},"query-input":{"@type":"PropertyValueSpecification","valueRequired":true,"valueName":"search_term_string"}}],"inLanguage":"pt-PT"},{"@type":"Person","@id":"https:\/\/www.altominho.tv\/site\/#\/schema\/person\/f95a2097796cf4462fe1e476cddc40e4","name":"Beatriz Lira","image":{"@type":"ImageObject","inLanguage":"pt-PT","@id":"https:\/\/www.altominho.tv\/site\/wp-content\/uploads\/2023\/03\/Screenshot_20230306-141220_Photos-150x150.jpg","url":"https:\/\/www.altominho.tv\/site\/wp-content\/uploads\/2023\/03\/Screenshot_20230306-141220_Photos-150x150.jpg","contentUrl":"https:\/\/www.altominho.tv\/site\/wp-content\/uploads\/2023\/03\/Screenshot_20230306-141220_Photos-150x150.jpg","caption":"Beatriz Lira"},"url":"https:\/\/www.altominho.tv\/site\/author\/beatriz\/"}]}},"_links":{"self":[{"href":"https:\/\/www.altominho.tv\/site\/wp-json\/wp\/v2\/posts\/95860","targetHints":{"allow":["GET"]}}],"collection":[{"href":"https:\/\/www.altominho.tv\/site\/wp-json\/wp\/v2\/posts"}],"about":[{"href":"https:\/\/www.altominho.tv\/site\/wp-json\/wp\/v2\/types\/post"}],"author":[{"embeddable":true,"href":"https:\/\/www.altominho.tv\/site\/wp-json\/wp\/v2\/users\/28"}],"replies":[{"embeddable":true,"href":"https:\/\/www.altominho.tv\/site\/wp-json\/wp\/v2\/comments?post=95860"}],"version-history":[{"count":1,"href":"https:\/\/www.altominho.tv\/site\/wp-json\/wp\/v2\/posts\/95860\/revisions"}],"predecessor-version":[{"id":95862,"href":"https:\/\/www.altominho.tv\/site\/wp-json\/wp\/v2\/posts\/95860\/revisions\/95862"}],"wp:featuredmedia":[{"embeddable":true,"href":"https:\/\/www.altominho.tv\/site\/wp-json\/wp\/v2\/media\/95861"}],"wp:attachment":[{"href":"https:\/\/www.altominho.tv\/site\/wp-json\/wp\/v2\/media?parent=95860"}],"wp:term":[{"taxonomy":"category","embeddable":true,"href":"https:\/\/www.altominho.tv\/site\/wp-json\/wp\/v2\/categories?post=95860"},{"taxonomy":"post_tag","embeddable":true,"href":"https:\/\/www.altominho.tv\/site\/wp-json\/wp\/v2\/tags?post=95860"}],"curies":[{"name":"wp","href":"https:\/\/api.w.org\/{rel}","templated":true}]}}