{"id":95804,"date":"2023-08-27T11:43:58","date_gmt":"2023-08-27T10:43:58","guid":{"rendered":"https:\/\/www.altominho.tv\/site\/?p=95804"},"modified":"2023-08-27T11:44:02","modified_gmt":"2023-08-27T10:44:02","slug":"bebe-nasceu-dentro-da-ambulancia-dos-bombeiros-de-moncao-ontem-ao-final-da-tarde","status":"publish","type":"post","link":"https:\/\/www.altominho.tv\/site\/2023\/08\/27\/bebe-nasceu-dentro-da-ambulancia-dos-bombeiros-de-moncao-ontem-ao-final-da-tarde\/","title":{"rendered":"Beb\u00e9 nasceu dentro da ambul\u00e2ncia dos bombeiros de Mon\u00e7\u00e3o ontem ao final da tarde"},"content":{"rendered":"<p>Uma beb\u00e9 nasceu, ontem ao final da tarde, dentro da ambul\u00e2ncia dos Bombeiros Volunt\u00e1rios de Mon\u00e7\u00e3o.<\/p>\n<p>&#8220;O dia de hoje vai ficar marcado para sempre na mem\u00f3ria dos nossos operacionais Toni e Ester&#8221;, come\u00e7aram por dizer os bombeiros numa publica\u00e7\u00e3o feita nas suas redes sociais.<\/p>\n<p>Os Bombeiros Volunt\u00e1rios de Mon\u00e7\u00e3o foram acionados pelas 18h48 para um trabalho de parto na freguesia da Portela, concelho de Mon\u00e7\u00e3o.<\/p>\n<p>Em conjunto com a equipa de Suporte Imediato de Vida de Arcos de Valdevez e com a equipa da Viatura M\u00e9dica de Emerg\u00eancia e Reanima\u00e7\u00e3o de Viana do Castelo foi poss\u00edvel &#8220;<span style=\"font-size: revert\">trazer ao mundo uma menina&#8221; no interior da ambul\u00e2ncia.<\/span><\/p>\n","protected":false},"excerpt":{"rendered":"<p>Uma beb\u00e9 nasceu, ontem ao final da tarde, dentro da ambul\u00e2ncia dos Bombeiros Volunt\u00e1rios de Mon\u00e7\u00e3o. &#8220;O dia de hoje vai ficar marcado para sempre na mem\u00f3ria dos nossos operacionais Toni e Ester&#8221;, come\u00e7aram por dizer os bombeiros numa publica\u00e7\u00e3o feita nas suas redes sociais. Os Bombeiros Volunt\u00e1rios de Mon\u00e7\u00e3o foram acionados pelas 18h48 para [&hellip;]<\/p>\n","protected":false},"author":1,"featured_media":95805,"comment_status":"closed","ping_status":"closed","sticky":false,"template":"","format":"standard","meta":{"_exactmetrics_skip_tracking":false,"_exactmetrics_sitenote_active":false,"_exactmetrics_sitenote_note":"","_exactmetrics_sitenote_category":0,"footnotes":""},"categories":[9],"tags":[27],"class_list":["post-95804","post","type-post","status-publish","format-standard","has-post-thumbnail","hentry","category-moncao","tag-sociedade"],"yoast_head":"<!-- This site is optimized with the Yoast SEO Premium plugin v27.5 (Yoast SEO v27.5) - https:\/\/yoast.com\/product\/yoast-seo-premium-wordpress\/ -->\n<title>Beb\u00e9 nasceu dentro da ambul\u00e2ncia dos bombeiros de Mon\u00e7\u00e3o ontem ao final da tarde<\/title>\n<meta name=\"robots\" content=\"index, follow, max-snippet:-1, max-image-preview:large, max-video-preview:-1\" \/>\n<link rel=\"canonical\" href=\"https:\/\/www.altominho.tv\/site\/2023\/08\/27\/bebe-nasceu-dentro-da-ambulancia-dos-bombeiros-de-moncao-ontem-ao-final-da-tarde\/\" \/>\n<meta property=\"og:locale\" content=\"pt_PT\" \/>\n<meta property=\"og:type\" content=\"article\" \/>\n<meta property=\"og:title\" content=\"Beb\u00e9 nasceu dentro da ambul\u00e2ncia dos bombeiros de Mon\u00e7\u00e3o ontem ao final da tarde\" \/>\n<meta property=\"og:description\" content=\"Uma beb\u00e9 nasceu, ontem ao final da tarde, dentro da ambul\u00e2ncia dos Bombeiros Volunt\u00e1rios de Mon\u00e7\u00e3o. &#8220;O dia de hoje vai ficar marcado para sempre na mem\u00f3ria dos nossos operacionais Toni e Ester&#8221;, come\u00e7aram por dizer os bombeiros numa publica\u00e7\u00e3o feita nas suas redes sociais. Os Bombeiros Volunt\u00e1rios de Mon\u00e7\u00e3o foram acionados pelas 18h48 para [&hellip;]\" \/>\n<meta property=\"og:url\" content=\"https:\/\/www.altominho.tv\/site\/2023\/08\/27\/bebe-nasceu-dentro-da-ambulancia-dos-bombeiros-de-moncao-ontem-ao-final-da-tarde\/\" \/>\n<meta property=\"og:site_name\" content=\"Altominho.tv\" \/>\n<meta property=\"article:publisher\" content=\"https:\/\/www.facebook.com\/altominhotv\" \/>\n<meta property=\"article:published_time\" content=\"2023-08-27T10:43:58+00:00\" \/>\n<meta property=\"article:modified_time\" content=\"2023-08-27T10:44:02+00:00\" \/>\n<meta property=\"og:image\" content=\"https:\/\/www.altominho.tv\/site\/wp-content\/uploads\/2023\/08\/bombeiros-moncao-e1693133030201.jpeg\" \/>\n\t<meta property=\"og:image:width\" content=\"769\" \/>\n\t<meta property=\"og:image:height\" content=\"544\" \/>\n\t<meta property=\"og:image:type\" content=\"image\/jpeg\" \/>\n<meta name=\"author\" content=\"Altominho.tv\" \/>\n<meta name=\"twitter:card\" content=\"summary_large_image\" \/>\n<meta name=\"twitter:creator\" content=\"@altominhoTV\" \/>\n<meta name=\"twitter:site\" content=\"@altominhoTV\" \/>\n<meta name=\"twitter:label1\" content=\"Escrito por\" \/>\n\t<meta name=\"twitter:data1\" content=\"Altominho.tv\" \/>\n\t<meta name=\"twitter:label2\" content=\"Tempo estimado de leitura\" \/>\n\t<meta name=\"twitter:data2\" content=\"1 minuto\" \/>\n<script type=\"application\/ld+json\" class=\"yoast-schema-graph\">{\"@context\":\"https:\\\/\\\/schema.org\",\"@graph\":[{\"@type\":\"Article\",\"@id\":\"https:\\\/\\\/www.altominho.tv\\\/site\\\/2023\\\/08\\\/27\\\/bebe-nasceu-dentro-da-ambulancia-dos-bombeiros-de-moncao-ontem-ao-final-da-tarde\\\/#article\",\"isPartOf\":{\"@id\":\"https:\\\/\\\/www.altominho.tv\\\/site\\\/2023\\\/08\\\/27\\\/bebe-nasceu-dentro-da-ambulancia-dos-bombeiros-de-moncao-ontem-ao-final-da-tarde\\\/\"},\"author\":{\"name\":\"Altominho.tv\",\"@id\":\"https:\\\/\\\/www.altominho.tv\\\/site\\\/#\\\/schema\\\/person\\\/4e536851627d7914baf3dac752b6af22\"},\"headline\":\"Beb\u00e9 nasceu dentro da ambul\u00e2ncia dos bombeiros de Mon\u00e7\u00e3o ontem ao final da tarde\",\"datePublished\":\"2023-08-27T10:43:58+00:00\",\"dateModified\":\"2023-08-27T10:44:02+00:00\",\"mainEntityOfPage\":{\"@id\":\"https:\\\/\\\/www.altominho.tv\\\/site\\\/2023\\\/08\\\/27\\\/bebe-nasceu-dentro-da-ambulancia-dos-bombeiros-de-moncao-ontem-ao-final-da-tarde\\\/\"},\"wordCount\":136,\"image\":{\"@id\":\"https:\\\/\\\/www.altominho.tv\\\/site\\\/2023\\\/08\\\/27\\\/bebe-nasceu-dentro-da-ambulancia-dos-bombeiros-de-moncao-ontem-ao-final-da-tarde\\\/#primaryimage\"},\"thumbnailUrl\":\"https:\\\/\\\/www.altominho.tv\\\/site\\\/wp-content\\\/uploads\\\/2023\\\/08\\\/bombeiros-moncao-e1693133030201.jpeg\",\"keywords\":[\"Sociedade\"],\"articleSection\":[\"Mon\u00e7\u00e3o\"],\"inLanguage\":\"pt-PT\",\"copyrightYear\":\"2023\",\"copyrightHolder\":{\"@id\":\"https:\\\/\\\/www.altominho.tv\\\/site\\\/#organization\"}},{\"@type\":\"WebPage\",\"@id\":\"https:\\\/\\\/www.altominho.tv\\\/site\\\/2023\\\/08\\\/27\\\/bebe-nasceu-dentro-da-ambulancia-dos-bombeiros-de-moncao-ontem-ao-final-da-tarde\\\/\",\"url\":\"https:\\\/\\\/www.altominho.tv\\\/site\\\/2023\\\/08\\\/27\\\/bebe-nasceu-dentro-da-ambulancia-dos-bombeiros-de-moncao-ontem-ao-final-da-tarde\\\/\",\"name\":\"Beb\u00e9 nasceu dentro da ambul\u00e2ncia dos bombeiros de Mon\u00e7\u00e3o ontem ao final da tarde\",\"isPartOf\":{\"@id\":\"https:\\\/\\\/www.altominho.tv\\\/site\\\/#website\"},\"primaryImageOfPage\":{\"@id\":\"https:\\\/\\\/www.altominho.tv\\\/site\\\/2023\\\/08\\\/27\\\/bebe-nasceu-dentro-da-ambulancia-dos-bombeiros-de-moncao-ontem-ao-final-da-tarde\\\/#primaryimage\"},\"image\":{\"@id\":\"https:\\\/\\\/www.altominho.tv\\\/site\\\/2023\\\/08\\\/27\\\/bebe-nasceu-dentro-da-ambulancia-dos-bombeiros-de-moncao-ontem-ao-final-da-tarde\\\/#primaryimage\"},\"thumbnailUrl\":\"https:\\\/\\\/www.altominho.tv\\\/site\\\/wp-content\\\/uploads\\\/2023\\\/08\\\/bombeiros-moncao-e1693133030201.jpeg\",\"datePublished\":\"2023-08-27T10:43:58+00:00\",\"dateModified\":\"2023-08-27T10:44:02+00:00\",\"author\":{\"@id\":\"https:\\\/\\\/www.altominho.tv\\\/site\\\/#\\\/schema\\\/person\\\/4e536851627d7914baf3dac752b6af22\"},\"breadcrumb\":{\"@id\":\"https:\\\/\\\/www.altominho.tv\\\/site\\\/2023\\\/08\\\/27\\\/bebe-nasceu-dentro-da-ambulancia-dos-bombeiros-de-moncao-ontem-ao-final-da-tarde\\\/#breadcrumb\"},\"inLanguage\":\"pt-PT\",\"potentialAction\":[{\"@type\":\"ReadAction\",\"target\":[\"https:\\\/\\\/www.altominho.tv\\\/site\\\/2023\\\/08\\\/27\\\/bebe-nasceu-dentro-da-ambulancia-dos-bombeiros-de-moncao-ontem-ao-final-da-tarde\\\/\"]}]},{\"@type\":\"ImageObject\",\"inLanguage\":\"pt-PT\",\"@id\":\"https:\\\/\\\/www.altominho.tv\\\/site\\\/2023\\\/08\\\/27\\\/bebe-nasceu-dentro-da-ambulancia-dos-bombeiros-de-moncao-ontem-ao-final-da-tarde\\\/#primaryimage\",\"url\":\"https:\\\/\\\/www.altominho.tv\\\/site\\\/wp-content\\\/uploads\\\/2023\\\/08\\\/bombeiros-moncao-e1693133030201.jpeg\",\"contentUrl\":\"https:\\\/\\\/www.altominho.tv\\\/site\\\/wp-content\\\/uploads\\\/2023\\\/08\\\/bombeiros-moncao-e1693133030201.jpeg\",\"width\":769,\"height\":544},{\"@type\":\"BreadcrumbList\",\"@id\":\"https:\\\/\\\/www.altominho.tv\\\/site\\\/2023\\\/08\\\/27\\\/bebe-nasceu-dentro-da-ambulancia-dos-bombeiros-de-moncao-ontem-ao-final-da-tarde\\\/#breadcrumb\",\"itemListElement\":[{\"@type\":\"ListItem\",\"position\":1,\"name\":\"In\u00edcio\",\"item\":\"https:\\\/\\\/www.altominho.tv\\\/site\\\/\"},{\"@type\":\"ListItem\",\"position\":2,\"name\":\"Beb\u00e9 nasceu dentro da ambul\u00e2ncia dos bombeiros de Mon\u00e7\u00e3o ontem ao final da tarde\"}]},{\"@type\":\"WebSite\",\"@id\":\"https:\\\/\\\/www.altominho.tv\\\/site\\\/#website\",\"url\":\"https:\\\/\\\/www.altominho.tv\\\/site\\\/\",\"name\":\"Altominho.tv\",\"description\":\"A sua regi\u00e3o \u00e0 dist\u00e2ncia de um clique...\",\"potentialAction\":[{\"@type\":\"SearchAction\",\"target\":{\"@type\":\"EntryPoint\",\"urlTemplate\":\"https:\\\/\\\/www.altominho.tv\\\/site\\\/?s={search_term_string}\"},\"query-input\":{\"@type\":\"PropertyValueSpecification\",\"valueRequired\":true,\"valueName\":\"search_term_string\"}}],\"inLanguage\":\"pt-PT\"},{\"@type\":\"Person\",\"@id\":\"https:\\\/\\\/www.altominho.tv\\\/site\\\/#\\\/schema\\\/person\\\/4e536851627d7914baf3dac752b6af22\",\"name\":\"Altominho.tv\",\"image\":{\"@type\":\"ImageObject\",\"inLanguage\":\"pt-PT\",\"@id\":\"https:\\\/\\\/www.altominho.tv\\\/site\\\/wp-content\\\/uploads\\\/2019\\\/11\\\/Logo_Avatar_2-150x150.jpg\",\"url\":\"https:\\\/\\\/www.altominho.tv\\\/site\\\/wp-content\\\/uploads\\\/2019\\\/11\\\/Logo_Avatar_2-150x150.jpg\",\"contentUrl\":\"https:\\\/\\\/www.altominho.tv\\\/site\\\/wp-content\\\/uploads\\\/2019\\\/11\\\/Logo_Avatar_2-150x150.jpg\",\"caption\":\"Altominho.tv\"},\"url\":\"https:\\\/\\\/www.altominho.tv\\\/site\\\/author\\\/altominhotv-tecnico\\\/\"}]}<\/script>\n<!-- \/ Yoast SEO Premium plugin. -->","yoast_head_json":{"title":"Beb\u00e9 nasceu dentro da ambul\u00e2ncia dos bombeiros de Mon\u00e7\u00e3o ontem ao final da tarde","robots":{"index":"index","follow":"follow","max-snippet":"max-snippet:-1","max-image-preview":"max-image-preview:large","max-video-preview":"max-video-preview:-1"},"canonical":"https:\/\/www.altominho.tv\/site\/2023\/08\/27\/bebe-nasceu-dentro-da-ambulancia-dos-bombeiros-de-moncao-ontem-ao-final-da-tarde\/","og_locale":"pt_PT","og_type":"article","og_title":"Beb\u00e9 nasceu dentro da ambul\u00e2ncia dos bombeiros de Mon\u00e7\u00e3o ontem ao final da tarde","og_description":"Uma beb\u00e9 nasceu, ontem ao final da tarde, dentro da ambul\u00e2ncia dos Bombeiros Volunt\u00e1rios de Mon\u00e7\u00e3o. &#8220;O dia de hoje vai ficar marcado para sempre na mem\u00f3ria dos nossos operacionais Toni e Ester&#8221;, come\u00e7aram por dizer os bombeiros numa publica\u00e7\u00e3o feita nas suas redes sociais. Os Bombeiros Volunt\u00e1rios de Mon\u00e7\u00e3o foram acionados pelas 18h48 para [&hellip;]","og_url":"https:\/\/www.altominho.tv\/site\/2023\/08\/27\/bebe-nasceu-dentro-da-ambulancia-dos-bombeiros-de-moncao-ontem-ao-final-da-tarde\/","og_site_name":"Altominho.tv","article_publisher":"https:\/\/www.facebook.com\/altominhotv","article_published_time":"2023-08-27T10:43:58+00:00","article_modified_time":"2023-08-27T10:44:02+00:00","og_image":[{"width":769,"height":544,"url":"https:\/\/www.altominho.tv\/site\/wp-content\/uploads\/2023\/08\/bombeiros-moncao-e1693133030201.jpeg","type":"image\/jpeg"}],"author":"Altominho.tv","twitter_card":"summary_large_image","twitter_creator":"@altominhoTV","twitter_site":"@altominhoTV","twitter_misc":{"Escrito por":"Altominho.tv","Tempo estimado de leitura":"1 minuto"},"schema":{"@context":"https:\/\/schema.org","@graph":[{"@type":"Article","@id":"https:\/\/www.altominho.tv\/site\/2023\/08\/27\/bebe-nasceu-dentro-da-ambulancia-dos-bombeiros-de-moncao-ontem-ao-final-da-tarde\/#article","isPartOf":{"@id":"https:\/\/www.altominho.tv\/site\/2023\/08\/27\/bebe-nasceu-dentro-da-ambulancia-dos-bombeiros-de-moncao-ontem-ao-final-da-tarde\/"},"author":{"name":"Altominho.tv","@id":"https:\/\/www.altominho.tv\/site\/#\/schema\/person\/4e536851627d7914baf3dac752b6af22"},"headline":"Beb\u00e9 nasceu dentro da ambul\u00e2ncia dos bombeiros de Mon\u00e7\u00e3o ontem ao final da tarde","datePublished":"2023-08-27T10:43:58+00:00","dateModified":"2023-08-27T10:44:02+00:00","mainEntityOfPage":{"@id":"https:\/\/www.altominho.tv\/site\/2023\/08\/27\/bebe-nasceu-dentro-da-ambulancia-dos-bombeiros-de-moncao-ontem-ao-final-da-tarde\/"},"wordCount":136,"image":{"@id":"https:\/\/www.altominho.tv\/site\/2023\/08\/27\/bebe-nasceu-dentro-da-ambulancia-dos-bombeiros-de-moncao-ontem-ao-final-da-tarde\/#primaryimage"},"thumbnailUrl":"https:\/\/www.altominho.tv\/site\/wp-content\/uploads\/2023\/08\/bombeiros-moncao-e1693133030201.jpeg","keywords":["Sociedade"],"articleSection":["Mon\u00e7\u00e3o"],"inLanguage":"pt-PT","copyrightYear":"2023","copyrightHolder":{"@id":"https:\/\/www.altominho.tv\/site\/#organization"}},{"@type":"WebPage","@id":"https:\/\/www.altominho.tv\/site\/2023\/08\/27\/bebe-nasceu-dentro-da-ambulancia-dos-bombeiros-de-moncao-ontem-ao-final-da-tarde\/","url":"https:\/\/www.altominho.tv\/site\/2023\/08\/27\/bebe-nasceu-dentro-da-ambulancia-dos-bombeiros-de-moncao-ontem-ao-final-da-tarde\/","name":"Beb\u00e9 nasceu dentro da ambul\u00e2ncia dos bombeiros de Mon\u00e7\u00e3o ontem ao final da tarde","isPartOf":{"@id":"https:\/\/www.altominho.tv\/site\/#website"},"primaryImageOfPage":{"@id":"https:\/\/www.altominho.tv\/site\/2023\/08\/27\/bebe-nasceu-dentro-da-ambulancia-dos-bombeiros-de-moncao-ontem-ao-final-da-tarde\/#primaryimage"},"image":{"@id":"https:\/\/www.altominho.tv\/site\/2023\/08\/27\/bebe-nasceu-dentro-da-ambulancia-dos-bombeiros-de-moncao-ontem-ao-final-da-tarde\/#primaryimage"},"thumbnailUrl":"https:\/\/www.altominho.tv\/site\/wp-content\/uploads\/2023\/08\/bombeiros-moncao-e1693133030201.jpeg","datePublished":"2023-08-27T10:43:58+00:00","dateModified":"2023-08-27T10:44:02+00:00","author":{"@id":"https:\/\/www.altominho.tv\/site\/#\/schema\/person\/4e536851627d7914baf3dac752b6af22"},"breadcrumb":{"@id":"https:\/\/www.altominho.tv\/site\/2023\/08\/27\/bebe-nasceu-dentro-da-ambulancia-dos-bombeiros-de-moncao-ontem-ao-final-da-tarde\/#breadcrumb"},"inLanguage":"pt-PT","potentialAction":[{"@type":"ReadAction","target":["https:\/\/www.altominho.tv\/site\/2023\/08\/27\/bebe-nasceu-dentro-da-ambulancia-dos-bombeiros-de-moncao-ontem-ao-final-da-tarde\/"]}]},{"@type":"ImageObject","inLanguage":"pt-PT","@id":"https:\/\/www.altominho.tv\/site\/2023\/08\/27\/bebe-nasceu-dentro-da-ambulancia-dos-bombeiros-de-moncao-ontem-ao-final-da-tarde\/#primaryimage","url":"https:\/\/www.altominho.tv\/site\/wp-content\/uploads\/2023\/08\/bombeiros-moncao-e1693133030201.jpeg","contentUrl":"https:\/\/www.altominho.tv\/site\/wp-content\/uploads\/2023\/08\/bombeiros-moncao-e1693133030201.jpeg","width":769,"height":544},{"@type":"BreadcrumbList","@id":"https:\/\/www.altominho.tv\/site\/2023\/08\/27\/bebe-nasceu-dentro-da-ambulancia-dos-bombeiros-de-moncao-ontem-ao-final-da-tarde\/#breadcrumb","itemListElement":[{"@type":"ListItem","position":1,"name":"In\u00edcio","item":"https:\/\/www.altominho.tv\/site\/"},{"@type":"ListItem","position":2,"name":"Beb\u00e9 nasceu dentro da ambul\u00e2ncia dos bombeiros de Mon\u00e7\u00e3o ontem ao final da tarde"}]},{"@type":"WebSite","@id":"https:\/\/www.altominho.tv\/site\/#website","url":"https:\/\/www.altominho.tv\/site\/","name":"Altominho.tv","description":"A sua regi\u00e3o \u00e0 dist\u00e2ncia de um clique...","potentialAction":[{"@type":"SearchAction","target":{"@type":"EntryPoint","urlTemplate":"https:\/\/www.altominho.tv\/site\/?s={search_term_string}"},"query-input":{"@type":"PropertyValueSpecification","valueRequired":true,"valueName":"search_term_string"}}],"inLanguage":"pt-PT"},{"@type":"Person","@id":"https:\/\/www.altominho.tv\/site\/#\/schema\/person\/4e536851627d7914baf3dac752b6af22","name":"Altominho.tv","image":{"@type":"ImageObject","inLanguage":"pt-PT","@id":"https:\/\/www.altominho.tv\/site\/wp-content\/uploads\/2019\/11\/Logo_Avatar_2-150x150.jpg","url":"https:\/\/www.altominho.tv\/site\/wp-content\/uploads\/2019\/11\/Logo_Avatar_2-150x150.jpg","contentUrl":"https:\/\/www.altominho.tv\/site\/wp-content\/uploads\/2019\/11\/Logo_Avatar_2-150x150.jpg","caption":"Altominho.tv"},"url":"https:\/\/www.altominho.tv\/site\/author\/altominhotv-tecnico\/"}]}},"_links":{"self":[{"href":"https:\/\/www.altominho.tv\/site\/wp-json\/wp\/v2\/posts\/95804","targetHints":{"allow":["GET"]}}],"collection":[{"href":"https:\/\/www.altominho.tv\/site\/wp-json\/wp\/v2\/posts"}],"about":[{"href":"https:\/\/www.altominho.tv\/site\/wp-json\/wp\/v2\/types\/post"}],"author":[{"embeddable":true,"href":"https:\/\/www.altominho.tv\/site\/wp-json\/wp\/v2\/users\/1"}],"replies":[{"embeddable":true,"href":"https:\/\/www.altominho.tv\/site\/wp-json\/wp\/v2\/comments?post=95804"}],"version-history":[{"count":1,"href":"https:\/\/www.altominho.tv\/site\/wp-json\/wp\/v2\/posts\/95804\/revisions"}],"predecessor-version":[{"id":95806,"href":"https:\/\/www.altominho.tv\/site\/wp-json\/wp\/v2\/posts\/95804\/revisions\/95806"}],"wp:featuredmedia":[{"embeddable":true,"href":"https:\/\/www.altominho.tv\/site\/wp-json\/wp\/v2\/media\/95805"}],"wp:attachment":[{"href":"https:\/\/www.altominho.tv\/site\/wp-json\/wp\/v2\/media?parent=95804"}],"wp:term":[{"taxonomy":"category","embeddable":true,"href":"https:\/\/www.altominho.tv\/site\/wp-json\/wp\/v2\/categories?post=95804"},{"taxonomy":"post_tag","embeddable":true,"href":"https:\/\/www.altominho.tv\/site\/wp-json\/wp\/v2\/tags?post=95804"}],"curies":[{"name":"wp","href":"https:\/\/api.w.org\/{rel}","templated":true}]}}