{"id":95562,"date":"2023-08-19T10:25:08","date_gmt":"2023-08-19T09:25:08","guid":{"rendered":"https:\/\/www.altominho.tv\/site\/?p=95562"},"modified":"2023-08-19T10:25:12","modified_gmt":"2023-08-19T09:25:12","slug":"seniores-melgaco-sobem-ao-palco-na-casa-da-cultura","status":"publish","type":"post","link":"https:\/\/www.altominho.tv\/site\/2023\/08\/19\/seniores-melgaco-sobem-ao-palco-na-casa-da-cultura\/","title":{"rendered":"Seniores de Melga\u00e7o sobem hoje ao palco na Casa da Cultura"},"content":{"rendered":"<p>Os alunos do projeto ATIVAs\u00e9nior &#8211; Teatro com Seniores do Alto Minho \u2013 Melga\u00e7o levam hoje ao palco da Casa da Cultura, pelas 21h30, a pe\u00e7a de teatro &#8220;Ai que dor de barriga!&#8221;, dirigida pelo ator e encenador Philippe Leroux.<\/p>\n<p>Este projeto foi desenvolvido com um grupo de idosos, residentes no concelho de Melga\u00e7o, durante dois anos, em oficinas de teatro que giraram \u00e0 volta dos costumes, tradi\u00e7\u00f5es e hist\u00f3rias de vida da regi\u00e3o.<\/p>\n<p>O ATIVAs\u00e9nior- Teatro com Seniores do Alto Minho \u00e9 um projeto financiado pelo Norte2020, Portugal2020 e Fundo Social Europeu, no \u00e2mbito do programa Cultura para Todos, gerido pela CIM Alto Minho.<\/p>\n<p>A entrada \u00e9 gratuita.<\/p>\n","protected":false},"excerpt":{"rendered":"<p>Os alunos do projeto ATIVAs\u00e9nior &#8211; Teatro com Seniores do Alto Minho \u2013 Melga\u00e7o levam hoje ao palco da Casa da Cultura, pelas 21h30, a pe\u00e7a de teatro &#8220;Ai que dor de barriga!&#8221;, dirigida pelo ator e encenador Philippe Leroux. Este projeto foi desenvolvido com um grupo de idosos, residentes no concelho de Melga\u00e7o, durante [&hellip;]<\/p>\n","protected":false},"author":24,"featured_media":95563,"comment_status":"closed","ping_status":"closed","sticky":false,"template":"","format":"standard","meta":{"_exactmetrics_skip_tracking":false,"_exactmetrics_sitenote_active":false,"_exactmetrics_sitenote_note":"","_exactmetrics_sitenote_category":0,"footnotes":""},"categories":[8],"tags":[24],"class_list":["post-95562","post","type-post","status-publish","format-standard","has-post-thumbnail","hentry","category-melgaco","tag-lazer"],"yoast_head":"<!-- This site is optimized with the Yoast SEO Premium plugin v27.5 (Yoast SEO v27.5) - https:\/\/yoast.com\/product\/yoast-seo-premium-wordpress\/ -->\n<title>Seniores de Melga\u00e7o sobem hoje ao palco na Casa da Cultura<\/title>\n<meta name=\"description\" content=\"Os alunos do projeto ATIVAs\u00e9nior - Teatro com Seniores do Alto Minho \u2013 Melga\u00e7o levam hoje ao palco da Casa da Cultura, pelas 21h30, a pe\u00e7a de teatro &quot;Ai que dor de barriga!&quot;, dirigida pelo ator e encenador Philippe Leroux.\" \/>\n<meta name=\"robots\" content=\"index, follow, max-snippet:-1, max-image-preview:large, max-video-preview:-1\" \/>\n<link rel=\"canonical\" href=\"https:\/\/www.altominho.tv\/site\/2023\/08\/19\/seniores-melgaco-sobem-ao-palco-na-casa-da-cultura\/\" \/>\n<meta property=\"og:locale\" content=\"pt_PT\" \/>\n<meta property=\"og:type\" content=\"article\" \/>\n<meta property=\"og:title\" content=\"Seniores de Melga\u00e7o sobem hoje ao palco na Casa da Cultura\" \/>\n<meta property=\"og:description\" content=\"Os alunos do projeto ATIVAs\u00e9nior - Teatro com Seniores do Alto Minho \u2013 Melga\u00e7o levam hoje ao palco da Casa da Cultura, pelas 21h30, a pe\u00e7a de teatro &quot;Ai que dor de barriga!&quot;, dirigida pelo ator e encenador Philippe Leroux.\" \/>\n<meta property=\"og:url\" content=\"https:\/\/www.altominho.tv\/site\/2023\/08\/19\/seniores-melgaco-sobem-ao-palco-na-casa-da-cultura\/\" \/>\n<meta property=\"og:site_name\" content=\"Altominho.tv\" \/>\n<meta property=\"article:publisher\" content=\"https:\/\/www.facebook.com\/altominhotv\" \/>\n<meta property=\"article:published_time\" content=\"2023-08-19T09:25:08+00:00\" \/>\n<meta property=\"article:modified_time\" content=\"2023-08-19T09:25:12+00:00\" \/>\n<meta property=\"og:image\" content=\"https:\/\/www.altominho.tv\/site\/wp-content\/uploads\/2023\/08\/teatro-melgaco.jpg\" \/>\n\t<meta property=\"og:image:width\" content=\"876\" \/>\n\t<meta property=\"og:image:height\" content=\"556\" \/>\n\t<meta property=\"og:image:type\" content=\"image\/jpeg\" \/>\n<meta name=\"author\" content=\"Cesar Lopes\" \/>\n<meta name=\"twitter:card\" content=\"summary_large_image\" \/>\n<meta name=\"twitter:creator\" content=\"@altominhoTV\" \/>\n<meta name=\"twitter:site\" content=\"@altominhoTV\" \/>\n<meta name=\"twitter:label1\" content=\"Escrito por\" \/>\n\t<meta name=\"twitter:data1\" content=\"Cesar Lopes\" \/>\n\t<meta name=\"twitter:label2\" content=\"Tempo estimado de leitura\" \/>\n\t<meta name=\"twitter:data2\" content=\"1 minuto\" \/>\n<script type=\"application\/ld+json\" class=\"yoast-schema-graph\">{\"@context\":\"https:\\\/\\\/schema.org\",\"@graph\":[{\"@type\":\"Article\",\"@id\":\"https:\\\/\\\/www.altominho.tv\\\/site\\\/2023\\\/08\\\/19\\\/seniores-melgaco-sobem-ao-palco-na-casa-da-cultura\\\/#article\",\"isPartOf\":{\"@id\":\"https:\\\/\\\/www.altominho.tv\\\/site\\\/2023\\\/08\\\/19\\\/seniores-melgaco-sobem-ao-palco-na-casa-da-cultura\\\/\"},\"author\":{\"name\":\"Cesar Lopes\",\"@id\":\"https:\\\/\\\/www.altominho.tv\\\/site\\\/#\\\/schema\\\/person\\\/c5570e5afb933b8d08c43373326ef1b1\"},\"headline\":\"Seniores de Melga\u00e7o sobem hoje ao palco na Casa da Cultura\",\"datePublished\":\"2023-08-19T09:25:08+00:00\",\"dateModified\":\"2023-08-19T09:25:12+00:00\",\"mainEntityOfPage\":{\"@id\":\"https:\\\/\\\/www.altominho.tv\\\/site\\\/2023\\\/08\\\/19\\\/seniores-melgaco-sobem-ao-palco-na-casa-da-cultura\\\/\"},\"wordCount\":125,\"image\":{\"@id\":\"https:\\\/\\\/www.altominho.tv\\\/site\\\/2023\\\/08\\\/19\\\/seniores-melgaco-sobem-ao-palco-na-casa-da-cultura\\\/#primaryimage\"},\"thumbnailUrl\":\"https:\\\/\\\/www.altominho.tv\\\/site\\\/wp-content\\\/uploads\\\/2023\\\/08\\\/teatro-melgaco.jpg\",\"keywords\":[\"Lazer\"],\"articleSection\":[\"Melga\u00e7o\"],\"inLanguage\":\"pt-PT\",\"copyrightYear\":\"2023\",\"copyrightHolder\":{\"@id\":\"https:\\\/\\\/www.altominho.tv\\\/site\\\/#organization\"}},{\"@type\":\"WebPage\",\"@id\":\"https:\\\/\\\/www.altominho.tv\\\/site\\\/2023\\\/08\\\/19\\\/seniores-melgaco-sobem-ao-palco-na-casa-da-cultura\\\/\",\"url\":\"https:\\\/\\\/www.altominho.tv\\\/site\\\/2023\\\/08\\\/19\\\/seniores-melgaco-sobem-ao-palco-na-casa-da-cultura\\\/\",\"name\":\"Seniores de Melga\u00e7o sobem hoje ao palco na Casa da Cultura\",\"isPartOf\":{\"@id\":\"https:\\\/\\\/www.altominho.tv\\\/site\\\/#website\"},\"primaryImageOfPage\":{\"@id\":\"https:\\\/\\\/www.altominho.tv\\\/site\\\/2023\\\/08\\\/19\\\/seniores-melgaco-sobem-ao-palco-na-casa-da-cultura\\\/#primaryimage\"},\"image\":{\"@id\":\"https:\\\/\\\/www.altominho.tv\\\/site\\\/2023\\\/08\\\/19\\\/seniores-melgaco-sobem-ao-palco-na-casa-da-cultura\\\/#primaryimage\"},\"thumbnailUrl\":\"https:\\\/\\\/www.altominho.tv\\\/site\\\/wp-content\\\/uploads\\\/2023\\\/08\\\/teatro-melgaco.jpg\",\"datePublished\":\"2023-08-19T09:25:08+00:00\",\"dateModified\":\"2023-08-19T09:25:12+00:00\",\"author\":{\"@id\":\"https:\\\/\\\/www.altominho.tv\\\/site\\\/#\\\/schema\\\/person\\\/c5570e5afb933b8d08c43373326ef1b1\"},\"description\":\"Os alunos do projeto ATIVAs\u00e9nior - Teatro com Seniores do Alto Minho \u2013 Melga\u00e7o levam hoje ao palco da Casa da Cultura, pelas 21h30, a pe\u00e7a de teatro \\\"Ai que dor de barriga!\\\", dirigida pelo ator e encenador Philippe Leroux.\",\"breadcrumb\":{\"@id\":\"https:\\\/\\\/www.altominho.tv\\\/site\\\/2023\\\/08\\\/19\\\/seniores-melgaco-sobem-ao-palco-na-casa-da-cultura\\\/#breadcrumb\"},\"inLanguage\":\"pt-PT\",\"potentialAction\":[{\"@type\":\"ReadAction\",\"target\":[\"https:\\\/\\\/www.altominho.tv\\\/site\\\/2023\\\/08\\\/19\\\/seniores-melgaco-sobem-ao-palco-na-casa-da-cultura\\\/\"]}]},{\"@type\":\"ImageObject\",\"inLanguage\":\"pt-PT\",\"@id\":\"https:\\\/\\\/www.altominho.tv\\\/site\\\/2023\\\/08\\\/19\\\/seniores-melgaco-sobem-ao-palco-na-casa-da-cultura\\\/#primaryimage\",\"url\":\"https:\\\/\\\/www.altominho.tv\\\/site\\\/wp-content\\\/uploads\\\/2023\\\/08\\\/teatro-melgaco.jpg\",\"contentUrl\":\"https:\\\/\\\/www.altominho.tv\\\/site\\\/wp-content\\\/uploads\\\/2023\\\/08\\\/teatro-melgaco.jpg\",\"width\":876,\"height\":556},{\"@type\":\"BreadcrumbList\",\"@id\":\"https:\\\/\\\/www.altominho.tv\\\/site\\\/2023\\\/08\\\/19\\\/seniores-melgaco-sobem-ao-palco-na-casa-da-cultura\\\/#breadcrumb\",\"itemListElement\":[{\"@type\":\"ListItem\",\"position\":1,\"name\":\"In\u00edcio\",\"item\":\"https:\\\/\\\/www.altominho.tv\\\/site\\\/\"},{\"@type\":\"ListItem\",\"position\":2,\"name\":\"Seniores de Melga\u00e7o sobem hoje ao palco na Casa da Cultura\"}]},{\"@type\":\"WebSite\",\"@id\":\"https:\\\/\\\/www.altominho.tv\\\/site\\\/#website\",\"url\":\"https:\\\/\\\/www.altominho.tv\\\/site\\\/\",\"name\":\"Altominho.tv\",\"description\":\"A sua regi\u00e3o \u00e0 dist\u00e2ncia de um clique...\",\"potentialAction\":[{\"@type\":\"SearchAction\",\"target\":{\"@type\":\"EntryPoint\",\"urlTemplate\":\"https:\\\/\\\/www.altominho.tv\\\/site\\\/?s={search_term_string}\"},\"query-input\":{\"@type\":\"PropertyValueSpecification\",\"valueRequired\":true,\"valueName\":\"search_term_string\"}}],\"inLanguage\":\"pt-PT\"},{\"@type\":\"Person\",\"@id\":\"https:\\\/\\\/www.altominho.tv\\\/site\\\/#\\\/schema\\\/person\\\/c5570e5afb933b8d08c43373326ef1b1\",\"name\":\"Cesar Lopes\",\"image\":{\"@type\":\"ImageObject\",\"inLanguage\":\"pt-PT\",\"@id\":\"https:\\\/\\\/www.altominho.tv\\\/site\\\/wp-content\\\/uploads\\\/2022\\\/10\\\/Sem-Titulo-150x150.jpg\",\"url\":\"https:\\\/\\\/www.altominho.tv\\\/site\\\/wp-content\\\/uploads\\\/2022\\\/10\\\/Sem-Titulo-150x150.jpg\",\"contentUrl\":\"https:\\\/\\\/www.altominho.tv\\\/site\\\/wp-content\\\/uploads\\\/2022\\\/10\\\/Sem-Titulo-150x150.jpg\",\"caption\":\"Cesar Lopes\"},\"url\":\"https:\\\/\\\/www.altominho.tv\\\/site\\\/author\\\/cesarlopes\\\/\"}]}<\/script>\n<!-- \/ Yoast SEO Premium plugin. -->","yoast_head_json":{"title":"Seniores de Melga\u00e7o sobem hoje ao palco na Casa da Cultura","description":"Os alunos do projeto ATIVAs\u00e9nior - Teatro com Seniores do Alto Minho \u2013 Melga\u00e7o levam hoje ao palco da Casa da Cultura, pelas 21h30, a pe\u00e7a de teatro \"Ai que dor de barriga!\", dirigida pelo ator e encenador Philippe Leroux.","robots":{"index":"index","follow":"follow","max-snippet":"max-snippet:-1","max-image-preview":"max-image-preview:large","max-video-preview":"max-video-preview:-1"},"canonical":"https:\/\/www.altominho.tv\/site\/2023\/08\/19\/seniores-melgaco-sobem-ao-palco-na-casa-da-cultura\/","og_locale":"pt_PT","og_type":"article","og_title":"Seniores de Melga\u00e7o sobem hoje ao palco na Casa da Cultura","og_description":"Os alunos do projeto ATIVAs\u00e9nior - Teatro com Seniores do Alto Minho \u2013 Melga\u00e7o levam hoje ao palco da Casa da Cultura, pelas 21h30, a pe\u00e7a de teatro \"Ai que dor de barriga!\", dirigida pelo ator e encenador Philippe Leroux.","og_url":"https:\/\/www.altominho.tv\/site\/2023\/08\/19\/seniores-melgaco-sobem-ao-palco-na-casa-da-cultura\/","og_site_name":"Altominho.tv","article_publisher":"https:\/\/www.facebook.com\/altominhotv","article_published_time":"2023-08-19T09:25:08+00:00","article_modified_time":"2023-08-19T09:25:12+00:00","og_image":[{"width":876,"height":556,"url":"https:\/\/www.altominho.tv\/site\/wp-content\/uploads\/2023\/08\/teatro-melgaco.jpg","type":"image\/jpeg"}],"author":"Cesar Lopes","twitter_card":"summary_large_image","twitter_creator":"@altominhoTV","twitter_site":"@altominhoTV","twitter_misc":{"Escrito por":"Cesar Lopes","Tempo estimado de leitura":"1 minuto"},"schema":{"@context":"https:\/\/schema.org","@graph":[{"@type":"Article","@id":"https:\/\/www.altominho.tv\/site\/2023\/08\/19\/seniores-melgaco-sobem-ao-palco-na-casa-da-cultura\/#article","isPartOf":{"@id":"https:\/\/www.altominho.tv\/site\/2023\/08\/19\/seniores-melgaco-sobem-ao-palco-na-casa-da-cultura\/"},"author":{"name":"Cesar Lopes","@id":"https:\/\/www.altominho.tv\/site\/#\/schema\/person\/c5570e5afb933b8d08c43373326ef1b1"},"headline":"Seniores de Melga\u00e7o sobem hoje ao palco na Casa da Cultura","datePublished":"2023-08-19T09:25:08+00:00","dateModified":"2023-08-19T09:25:12+00:00","mainEntityOfPage":{"@id":"https:\/\/www.altominho.tv\/site\/2023\/08\/19\/seniores-melgaco-sobem-ao-palco-na-casa-da-cultura\/"},"wordCount":125,"image":{"@id":"https:\/\/www.altominho.tv\/site\/2023\/08\/19\/seniores-melgaco-sobem-ao-palco-na-casa-da-cultura\/#primaryimage"},"thumbnailUrl":"https:\/\/www.altominho.tv\/site\/wp-content\/uploads\/2023\/08\/teatro-melgaco.jpg","keywords":["Lazer"],"articleSection":["Melga\u00e7o"],"inLanguage":"pt-PT","copyrightYear":"2023","copyrightHolder":{"@id":"https:\/\/www.altominho.tv\/site\/#organization"}},{"@type":"WebPage","@id":"https:\/\/www.altominho.tv\/site\/2023\/08\/19\/seniores-melgaco-sobem-ao-palco-na-casa-da-cultura\/","url":"https:\/\/www.altominho.tv\/site\/2023\/08\/19\/seniores-melgaco-sobem-ao-palco-na-casa-da-cultura\/","name":"Seniores de Melga\u00e7o sobem hoje ao palco na Casa da Cultura","isPartOf":{"@id":"https:\/\/www.altominho.tv\/site\/#website"},"primaryImageOfPage":{"@id":"https:\/\/www.altominho.tv\/site\/2023\/08\/19\/seniores-melgaco-sobem-ao-palco-na-casa-da-cultura\/#primaryimage"},"image":{"@id":"https:\/\/www.altominho.tv\/site\/2023\/08\/19\/seniores-melgaco-sobem-ao-palco-na-casa-da-cultura\/#primaryimage"},"thumbnailUrl":"https:\/\/www.altominho.tv\/site\/wp-content\/uploads\/2023\/08\/teatro-melgaco.jpg","datePublished":"2023-08-19T09:25:08+00:00","dateModified":"2023-08-19T09:25:12+00:00","author":{"@id":"https:\/\/www.altominho.tv\/site\/#\/schema\/person\/c5570e5afb933b8d08c43373326ef1b1"},"description":"Os alunos do projeto ATIVAs\u00e9nior - Teatro com Seniores do Alto Minho \u2013 Melga\u00e7o levam hoje ao palco da Casa da Cultura, pelas 21h30, a pe\u00e7a de teatro \"Ai que dor de barriga!\", dirigida pelo ator e encenador Philippe Leroux.","breadcrumb":{"@id":"https:\/\/www.altominho.tv\/site\/2023\/08\/19\/seniores-melgaco-sobem-ao-palco-na-casa-da-cultura\/#breadcrumb"},"inLanguage":"pt-PT","potentialAction":[{"@type":"ReadAction","target":["https:\/\/www.altominho.tv\/site\/2023\/08\/19\/seniores-melgaco-sobem-ao-palco-na-casa-da-cultura\/"]}]},{"@type":"ImageObject","inLanguage":"pt-PT","@id":"https:\/\/www.altominho.tv\/site\/2023\/08\/19\/seniores-melgaco-sobem-ao-palco-na-casa-da-cultura\/#primaryimage","url":"https:\/\/www.altominho.tv\/site\/wp-content\/uploads\/2023\/08\/teatro-melgaco.jpg","contentUrl":"https:\/\/www.altominho.tv\/site\/wp-content\/uploads\/2023\/08\/teatro-melgaco.jpg","width":876,"height":556},{"@type":"BreadcrumbList","@id":"https:\/\/www.altominho.tv\/site\/2023\/08\/19\/seniores-melgaco-sobem-ao-palco-na-casa-da-cultura\/#breadcrumb","itemListElement":[{"@type":"ListItem","position":1,"name":"In\u00edcio","item":"https:\/\/www.altominho.tv\/site\/"},{"@type":"ListItem","position":2,"name":"Seniores de Melga\u00e7o sobem hoje ao palco na Casa da Cultura"}]},{"@type":"WebSite","@id":"https:\/\/www.altominho.tv\/site\/#website","url":"https:\/\/www.altominho.tv\/site\/","name":"Altominho.tv","description":"A sua regi\u00e3o \u00e0 dist\u00e2ncia de um clique...","potentialAction":[{"@type":"SearchAction","target":{"@type":"EntryPoint","urlTemplate":"https:\/\/www.altominho.tv\/site\/?s={search_term_string}"},"query-input":{"@type":"PropertyValueSpecification","valueRequired":true,"valueName":"search_term_string"}}],"inLanguage":"pt-PT"},{"@type":"Person","@id":"https:\/\/www.altominho.tv\/site\/#\/schema\/person\/c5570e5afb933b8d08c43373326ef1b1","name":"Cesar Lopes","image":{"@type":"ImageObject","inLanguage":"pt-PT","@id":"https:\/\/www.altominho.tv\/site\/wp-content\/uploads\/2022\/10\/Sem-Titulo-150x150.jpg","url":"https:\/\/www.altominho.tv\/site\/wp-content\/uploads\/2022\/10\/Sem-Titulo-150x150.jpg","contentUrl":"https:\/\/www.altominho.tv\/site\/wp-content\/uploads\/2022\/10\/Sem-Titulo-150x150.jpg","caption":"Cesar Lopes"},"url":"https:\/\/www.altominho.tv\/site\/author\/cesarlopes\/"}]}},"_links":{"self":[{"href":"https:\/\/www.altominho.tv\/site\/wp-json\/wp\/v2\/posts\/95562","targetHints":{"allow":["GET"]}}],"collection":[{"href":"https:\/\/www.altominho.tv\/site\/wp-json\/wp\/v2\/posts"}],"about":[{"href":"https:\/\/www.altominho.tv\/site\/wp-json\/wp\/v2\/types\/post"}],"author":[{"embeddable":true,"href":"https:\/\/www.altominho.tv\/site\/wp-json\/wp\/v2\/users\/24"}],"replies":[{"embeddable":true,"href":"https:\/\/www.altominho.tv\/site\/wp-json\/wp\/v2\/comments?post=95562"}],"version-history":[{"count":1,"href":"https:\/\/www.altominho.tv\/site\/wp-json\/wp\/v2\/posts\/95562\/revisions"}],"predecessor-version":[{"id":95564,"href":"https:\/\/www.altominho.tv\/site\/wp-json\/wp\/v2\/posts\/95562\/revisions\/95564"}],"wp:featuredmedia":[{"embeddable":true,"href":"https:\/\/www.altominho.tv\/site\/wp-json\/wp\/v2\/media\/95563"}],"wp:attachment":[{"href":"https:\/\/www.altominho.tv\/site\/wp-json\/wp\/v2\/media?parent=95562"}],"wp:term":[{"taxonomy":"category","embeddable":true,"href":"https:\/\/www.altominho.tv\/site\/wp-json\/wp\/v2\/categories?post=95562"},{"taxonomy":"post_tag","embeddable":true,"href":"https:\/\/www.altominho.tv\/site\/wp-json\/wp\/v2\/tags?post=95562"}],"curies":[{"name":"wp","href":"https:\/\/api.w.org\/{rel}","templated":true}]}}