{"id":95484,"date":"2023-08-16T14:29:10","date_gmt":"2023-08-16T13:29:10","guid":{"rendered":"https:\/\/www.altominho.tv\/site\/?p=95484"},"modified":"2023-08-16T14:29:15","modified_gmt":"2023-08-16T13:29:15","slug":"investimento-de-mais-de-cinco-milhoes-de-euros-aumenta-resposta-em-dois-lares-da-misericordia","status":"publish","type":"post","link":"https:\/\/www.altominho.tv\/site\/2023\/08\/16\/investimento-de-mais-de-cinco-milhoes-de-euros-aumenta-resposta-em-dois-lares-da-misericordia\/","title":{"rendered":"Investimento de mais de 5 milh\u00f5es de euros aumenta resposta em dois lares da Miseric\u00f3rdia"},"content":{"rendered":"<p>A Miseric\u00f3rdia de Melga\u00e7o vai investir mais de cinco milh\u00f5es de euros na requalifica\u00e7\u00e3o e amplia\u00e7\u00e3o de duas Estruturas Residenciais para Pessoas Idosas (ERPI) para responder \u00e0s necessidade e garantir a sustentabilidade da institui\u00e7\u00e3o, disse hoje o provedor.<\/p>\n<p>\u201c\u00c9 o maior investimento da hist\u00f3ria da Miseric\u00f3rdia de Melga\u00e7o. Al\u00e9m da necessidade de aumentar as respostas \u00e0 popula\u00e7\u00e3o, queremos acautelar a sustentabilidade da institui\u00e7\u00e3o\u201d, afirmou Jorge Ribeiro.<\/p>\n<p>Em declara\u00e7\u00f5es, o provedor da Santa Casa da Miseric\u00f3rdia de Melga\u00e7o, no distrito de Viana do Castelo, referiu que o investimento de mais de cinco milh\u00f5es de euros inclui \u201cas duas empreitadas, os projetos, os equipamentos e mobili\u00e1rio para apetrechar os dois lares\u201d.<\/p>\n<p>Com a remodela\u00e7\u00e3o e amplia\u00e7\u00e3o do lar Pereira de Sousa e do Cantinho dos Av\u00f3s, a institui\u00e7\u00e3o ir\u00e1 criar \u201cmais dez postos de trabalho\u201d.<\/p>\n<p>Atualmente, em todos os servi\u00e7os de apoio \u00e0 terceira idade e inf\u00e2ncia, a Miseric\u00f3rdia tem 120 funcion\u00e1rios, o que a transforma \u201cno maior empregador\u201d de Melga\u00e7o.<\/p>\n<p>O lar Pereira de Sousa \u201cfoi inaugurado h\u00e1 mais de 30 anos e desde ent\u00e3o n\u00e3o sofreu obras de requalifica\u00e7\u00e3o\u201d.<\/p>\n<p>A partir de setembro, o edif\u00edcio vai ser \u201ctotalmente requalificado, num investimento superior a 3,5 milh\u00f5es de euros, financiado pelo Programa de Alargamento da Rede de Equipamentos Sociais 3.\u00aa Gera\u00e7\u00e3o (PARES 3.0), da Seguran\u00e7a Social&#8221;.<\/p>\n<p>Com a empreitada de amplia\u00e7\u00e3o e remodela\u00e7\u00e3o, a ERPI &#8211; Lar Pereira de Sousa &#8220;vai ver a sua capacidade aumentada em mais 32 camas&#8221;.<\/p>\n<p>Atualmente, &#8220;disp\u00f5e de 55 e, ap\u00f3s a interven\u00e7\u00e3o, com um prazo de execu\u00e7\u00e3o de dois anos, passar\u00e1 a dispor de um total de 87 camas&#8221;.<\/p>\n<p>A Miseric\u00f3rdia &#8220;candidatou ainda ao PARES 3.0 a amplia\u00e7\u00e3o da ERPI &#8211; O Cantinho dos Av\u00f3s, obra que j\u00e1 foi adjudicada e est\u00e1 prestes a arrancar\u201d. A &#8220;interven\u00e7\u00e3o tem um prazo de execu\u00e7\u00e3o de 18 meses&#8221;.<\/p>\n<p>Nesta resposta, &#8220;a Miseric\u00f3rdia vai investir mais de 700 mil euros na amplia\u00e7\u00e3o das instala\u00e7\u00f5es, passando de 30 para 50 camas&#8221;.<\/p>\n<p>\u201cEstamos lotados, permanentemente. (&#8230;) Tamb\u00e9m estamos a colaborar com o Estado no programa das altas sociais, destinado a idosos que, quando t\u00eam alta hospitalar, n\u00e3o t\u00eam quem os acolha. H\u00e1 uma necessidade muito grande nesta \u00e1rea\u201d, afirmou Jorge Ribeiro.<\/p>\n<p>No apoio \u00e0 inf\u00e2ncia, a Santa Casa \u201cdisp\u00f5e de creche, a \u00fanica no concelho, com 41 vagas, o infant\u00e1rio e Atividades de Tempo Livre (ATL), tamb\u00e9m \u00fanico no concelho\u201d.<\/p>\n<p>\u201cH\u00e1 seis anos, t\u00ednhamos dificuldade em manter as respostas com uma lota\u00e7\u00e3o que permitisse manter todas salas abertas e o n\u00famero de funcion\u00e1rios. Agora, verifica-se o contr\u00e1rio. Temos uma lista de espera de 35 crian\u00e7as\u201d, explicou o provedor.<\/p>\n<p>Jorge Ribeiro justificou o aumento de procura com \u201ca gratuitidade das creches e a chegada ao concelho de fam\u00edlias de imigrantes, principalmente oriundas do Brasil\u201d.<\/p>\n<p>A \u201ccreche vai ser alvo, a partir de setembro, de obras de amplia\u00e7\u00e3o que v\u00e3o duplicar o n\u00famero de vagas, de 41 para 83\u201d.<\/p>\n<p>O prazo de execu\u00e7\u00e3o da empreitada \u00e9 de quatro meses, o investimento ronda os 200 mil euros, e \u00e9 financiada pelo Programa de Recupera\u00e7\u00e3o e Resili\u00eancia (PRR).<\/p>\n","protected":false},"excerpt":{"rendered":"<p>A Miseric\u00f3rdia de Melga\u00e7o vai investir mais de cinco milh\u00f5es de euros na requalifica\u00e7\u00e3o e amplia\u00e7\u00e3o de duas Estruturas Residenciais para Pessoas Idosas (ERPI) para responder \u00e0s necessidade e garantir a sustentabilidade da institui\u00e7\u00e3o, disse hoje o provedor. \u201c\u00c9 o maior investimento da hist\u00f3ria da Miseric\u00f3rdia de Melga\u00e7o. Al\u00e9m da necessidade de aumentar as respostas [&hellip;]<\/p>\n","protected":false},"author":13,"featured_media":95487,"comment_status":"closed","ping_status":"closed","sticky":false,"template":"","format":"standard","meta":{"_exactmetrics_skip_tracking":false,"_exactmetrics_sitenote_active":false,"_exactmetrics_sitenote_note":"","_exactmetrics_sitenote_category":0,"footnotes":""},"categories":[8],"tags":[21,27],"class_list":["post-95484","post","type-post","status-publish","format-standard","has-post-thumbnail","hentry","category-melgaco","tag-economia","tag-sociedade"],"yoast_head":"<!-- This site is optimized with the Yoast SEO Premium plugin v27.5 (Yoast SEO v27.5) - https:\/\/yoast.com\/product\/yoast-seo-premium-wordpress\/ -->\n<title>Investimento de mais de 5 milh\u00f5es de euros aumenta resposta em dois lares da Miseric\u00f3rdia<\/title>\n<meta name=\"description\" content=\"A Miseric\u00f3rdia de Melga\u00e7o vai investir mais de cinco milh\u00f5es de euros na requalifica\u00e7\u00e3o e amplia\u00e7\u00e3o de duas Estruturas Residenciais para Pessoas Idosas (ERPI) para responder \u00e0s necessidade e garantir a sustentabilidade da institui\u00e7\u00e3o, disse hoje o provedor.\" \/>\n<meta name=\"robots\" content=\"index, follow, max-snippet:-1, max-image-preview:large, max-video-preview:-1\" \/>\n<link rel=\"canonical\" href=\"https:\/\/www.altominho.tv\/site\/2023\/08\/16\/investimento-de-mais-de-cinco-milhoes-de-euros-aumenta-resposta-em-dois-lares-da-misericordia\/\" \/>\n<meta property=\"og:locale\" content=\"pt_PT\" \/>\n<meta property=\"og:type\" content=\"article\" \/>\n<meta property=\"og:title\" content=\"Investimento de mais de 5 milh\u00f5es de euros aumenta resposta em dois lares da Miseric\u00f3rdia\" \/>\n<meta property=\"og:description\" content=\"A Miseric\u00f3rdia de Melga\u00e7o vai investir mais de cinco milh\u00f5es de euros na requalifica\u00e7\u00e3o e amplia\u00e7\u00e3o de duas Estruturas Residenciais para Pessoas Idosas (ERPI) para responder \u00e0s necessidade e garantir a sustentabilidade da institui\u00e7\u00e3o, disse hoje o provedor.\" \/>\n<meta property=\"og:url\" content=\"https:\/\/www.altominho.tv\/site\/2023\/08\/16\/investimento-de-mais-de-cinco-milhoes-de-euros-aumenta-resposta-em-dois-lares-da-misericordia\/\" \/>\n<meta property=\"og:site_name\" content=\"Altominho.tv\" \/>\n<meta property=\"article:publisher\" content=\"https:\/\/www.facebook.com\/altominhotv\" \/>\n<meta property=\"article:published_time\" content=\"2023-08-16T13:29:10+00:00\" \/>\n<meta property=\"article:modified_time\" content=\"2023-08-16T13:29:15+00:00\" \/>\n<meta property=\"og:image\" content=\"https:\/\/www.altominho.tv\/site\/wp-content\/uploads\/2023\/08\/cuidar-idosos.jpeg\" \/>\n\t<meta property=\"og:image:width\" content=\"1920\" \/>\n\t<meta property=\"og:image:height\" content=\"1050\" \/>\n\t<meta property=\"og:image:type\" content=\"image\/jpeg\" \/>\n<meta name=\"author\" content=\"Lusa\" \/>\n<meta name=\"twitter:card\" content=\"summary_large_image\" \/>\n<meta name=\"twitter:creator\" content=\"@altominhoTV\" \/>\n<meta name=\"twitter:site\" content=\"@altominhoTV\" \/>\n<meta name=\"twitter:label1\" content=\"Escrito por\" \/>\n\t<meta name=\"twitter:data1\" content=\"Lusa\" \/>\n\t<meta name=\"twitter:label2\" content=\"Tempo estimado de leitura\" \/>\n\t<meta name=\"twitter:data2\" content=\"3 minutos\" \/>\n<script type=\"application\/ld+json\" class=\"yoast-schema-graph\">{\"@context\":\"https:\\\/\\\/schema.org\",\"@graph\":[{\"@type\":\"Article\",\"@id\":\"https:\\\/\\\/www.altominho.tv\\\/site\\\/2023\\\/08\\\/16\\\/investimento-de-mais-de-cinco-milhoes-de-euros-aumenta-resposta-em-dois-lares-da-misericordia\\\/#article\",\"isPartOf\":{\"@id\":\"https:\\\/\\\/www.altominho.tv\\\/site\\\/2023\\\/08\\\/16\\\/investimento-de-mais-de-cinco-milhoes-de-euros-aumenta-resposta-em-dois-lares-da-misericordia\\\/\"},\"author\":{\"name\":\"Lusa\",\"@id\":\"https:\\\/\\\/www.altominho.tv\\\/site\\\/#\\\/schema\\\/person\\\/63f693da3e1899361cbe955c46f3232e\"},\"headline\":\"Investimento de mais de 5 milh\u00f5es de euros aumenta resposta em dois lares da Miseric\u00f3rdia\",\"datePublished\":\"2023-08-16T13:29:10+00:00\",\"dateModified\":\"2023-08-16T13:29:15+00:00\",\"mainEntityOfPage\":{\"@id\":\"https:\\\/\\\/www.altominho.tv\\\/site\\\/2023\\\/08\\\/16\\\/investimento-de-mais-de-cinco-milhoes-de-euros-aumenta-resposta-em-dois-lares-da-misericordia\\\/\"},\"wordCount\":561,\"image\":{\"@id\":\"https:\\\/\\\/www.altominho.tv\\\/site\\\/2023\\\/08\\\/16\\\/investimento-de-mais-de-cinco-milhoes-de-euros-aumenta-resposta-em-dois-lares-da-misericordia\\\/#primaryimage\"},\"thumbnailUrl\":\"https:\\\/\\\/www.altominho.tv\\\/site\\\/wp-content\\\/uploads\\\/2023\\\/08\\\/cuidar-idosos.jpeg\",\"keywords\":[\"Economia\",\"Sociedade\"],\"articleSection\":[\"Melga\u00e7o\"],\"inLanguage\":\"pt-PT\",\"copyrightYear\":\"2023\",\"copyrightHolder\":{\"@id\":\"https:\\\/\\\/www.altominho.tv\\\/site\\\/#organization\"}},{\"@type\":\"WebPage\",\"@id\":\"https:\\\/\\\/www.altominho.tv\\\/site\\\/2023\\\/08\\\/16\\\/investimento-de-mais-de-cinco-milhoes-de-euros-aumenta-resposta-em-dois-lares-da-misericordia\\\/\",\"url\":\"https:\\\/\\\/www.altominho.tv\\\/site\\\/2023\\\/08\\\/16\\\/investimento-de-mais-de-cinco-milhoes-de-euros-aumenta-resposta-em-dois-lares-da-misericordia\\\/\",\"name\":\"Investimento de mais de 5 milh\u00f5es de euros aumenta resposta em dois lares da Miseric\u00f3rdia\",\"isPartOf\":{\"@id\":\"https:\\\/\\\/www.altominho.tv\\\/site\\\/#website\"},\"primaryImageOfPage\":{\"@id\":\"https:\\\/\\\/www.altominho.tv\\\/site\\\/2023\\\/08\\\/16\\\/investimento-de-mais-de-cinco-milhoes-de-euros-aumenta-resposta-em-dois-lares-da-misericordia\\\/#primaryimage\"},\"image\":{\"@id\":\"https:\\\/\\\/www.altominho.tv\\\/site\\\/2023\\\/08\\\/16\\\/investimento-de-mais-de-cinco-milhoes-de-euros-aumenta-resposta-em-dois-lares-da-misericordia\\\/#primaryimage\"},\"thumbnailUrl\":\"https:\\\/\\\/www.altominho.tv\\\/site\\\/wp-content\\\/uploads\\\/2023\\\/08\\\/cuidar-idosos.jpeg\",\"datePublished\":\"2023-08-16T13:29:10+00:00\",\"dateModified\":\"2023-08-16T13:29:15+00:00\",\"author\":{\"@id\":\"https:\\\/\\\/www.altominho.tv\\\/site\\\/#\\\/schema\\\/person\\\/63f693da3e1899361cbe955c46f3232e\"},\"description\":\"A Miseric\u00f3rdia de Melga\u00e7o vai investir mais de cinco milh\u00f5es de euros na requalifica\u00e7\u00e3o e amplia\u00e7\u00e3o de duas Estruturas Residenciais para Pessoas Idosas (ERPI) para responder \u00e0s necessidade e garantir a sustentabilidade da institui\u00e7\u00e3o, disse hoje o provedor.\",\"breadcrumb\":{\"@id\":\"https:\\\/\\\/www.altominho.tv\\\/site\\\/2023\\\/08\\\/16\\\/investimento-de-mais-de-cinco-milhoes-de-euros-aumenta-resposta-em-dois-lares-da-misericordia\\\/#breadcrumb\"},\"inLanguage\":\"pt-PT\",\"potentialAction\":[{\"@type\":\"ReadAction\",\"target\":[\"https:\\\/\\\/www.altominho.tv\\\/site\\\/2023\\\/08\\\/16\\\/investimento-de-mais-de-cinco-milhoes-de-euros-aumenta-resposta-em-dois-lares-da-misericordia\\\/\"]}]},{\"@type\":\"ImageObject\",\"inLanguage\":\"pt-PT\",\"@id\":\"https:\\\/\\\/www.altominho.tv\\\/site\\\/2023\\\/08\\\/16\\\/investimento-de-mais-de-cinco-milhoes-de-euros-aumenta-resposta-em-dois-lares-da-misericordia\\\/#primaryimage\",\"url\":\"https:\\\/\\\/www.altominho.tv\\\/site\\\/wp-content\\\/uploads\\\/2023\\\/08\\\/cuidar-idosos.jpeg\",\"contentUrl\":\"https:\\\/\\\/www.altominho.tv\\\/site\\\/wp-content\\\/uploads\\\/2023\\\/08\\\/cuidar-idosos.jpeg\",\"width\":1920,\"height\":1050},{\"@type\":\"BreadcrumbList\",\"@id\":\"https:\\\/\\\/www.altominho.tv\\\/site\\\/2023\\\/08\\\/16\\\/investimento-de-mais-de-cinco-milhoes-de-euros-aumenta-resposta-em-dois-lares-da-misericordia\\\/#breadcrumb\",\"itemListElement\":[{\"@type\":\"ListItem\",\"position\":1,\"name\":\"In\u00edcio\",\"item\":\"https:\\\/\\\/www.altominho.tv\\\/site\\\/\"},{\"@type\":\"ListItem\",\"position\":2,\"name\":\"Investimento de mais de 5 milh\u00f5es de euros aumenta resposta em dois lares da Miseric\u00f3rdia\"}]},{\"@type\":\"WebSite\",\"@id\":\"https:\\\/\\\/www.altominho.tv\\\/site\\\/#website\",\"url\":\"https:\\\/\\\/www.altominho.tv\\\/site\\\/\",\"name\":\"Altominho.tv\",\"description\":\"A sua regi\u00e3o \u00e0 dist\u00e2ncia de um clique...\",\"potentialAction\":[{\"@type\":\"SearchAction\",\"target\":{\"@type\":\"EntryPoint\",\"urlTemplate\":\"https:\\\/\\\/www.altominho.tv\\\/site\\\/?s={search_term_string}\"},\"query-input\":{\"@type\":\"PropertyValueSpecification\",\"valueRequired\":true,\"valueName\":\"search_term_string\"}}],\"inLanguage\":\"pt-PT\"},{\"@type\":\"Person\",\"@id\":\"https:\\\/\\\/www.altominho.tv\\\/site\\\/#\\\/schema\\\/person\\\/63f693da3e1899361cbe955c46f3232e\",\"name\":\"Lusa\",\"image\":{\"@type\":\"ImageObject\",\"inLanguage\":\"pt-PT\",\"@id\":\"https:\\\/\\\/www.altominho.tv\\\/site\\\/wp-content\\\/uploads\\\/2019\\\/08\\\/LUSA_Logo.gif\",\"url\":\"https:\\\/\\\/www.altominho.tv\\\/site\\\/wp-content\\\/uploads\\\/2019\\\/08\\\/LUSA_Logo.gif\",\"contentUrl\":\"https:\\\/\\\/www.altominho.tv\\\/site\\\/wp-content\\\/uploads\\\/2019\\\/08\\\/LUSA_Logo.gif\",\"caption\":\"Lusa\"},\"sameAs\":[\"http:\\\/\\\/\\\/\\\/www.altominho.tv\\\/site\"],\"url\":\"https:\\\/\\\/www.altominho.tv\\\/site\\\/author\\\/lusa\\\/\"}]}<\/script>\n<!-- \/ Yoast SEO Premium plugin. -->","yoast_head_json":{"title":"Investimento de mais de 5 milh\u00f5es de euros aumenta resposta em dois lares da Miseric\u00f3rdia","description":"A Miseric\u00f3rdia de Melga\u00e7o vai investir mais de cinco milh\u00f5es de euros na requalifica\u00e7\u00e3o e amplia\u00e7\u00e3o de duas Estruturas Residenciais para Pessoas Idosas (ERPI) para responder \u00e0s necessidade e garantir a sustentabilidade da institui\u00e7\u00e3o, disse hoje o provedor.","robots":{"index":"index","follow":"follow","max-snippet":"max-snippet:-1","max-image-preview":"max-image-preview:large","max-video-preview":"max-video-preview:-1"},"canonical":"https:\/\/www.altominho.tv\/site\/2023\/08\/16\/investimento-de-mais-de-cinco-milhoes-de-euros-aumenta-resposta-em-dois-lares-da-misericordia\/","og_locale":"pt_PT","og_type":"article","og_title":"Investimento de mais de 5 milh\u00f5es de euros aumenta resposta em dois lares da Miseric\u00f3rdia","og_description":"A Miseric\u00f3rdia de Melga\u00e7o vai investir mais de cinco milh\u00f5es de euros na requalifica\u00e7\u00e3o e amplia\u00e7\u00e3o de duas Estruturas Residenciais para Pessoas Idosas (ERPI) para responder \u00e0s necessidade e garantir a sustentabilidade da institui\u00e7\u00e3o, disse hoje o provedor.","og_url":"https:\/\/www.altominho.tv\/site\/2023\/08\/16\/investimento-de-mais-de-cinco-milhoes-de-euros-aumenta-resposta-em-dois-lares-da-misericordia\/","og_site_name":"Altominho.tv","article_publisher":"https:\/\/www.facebook.com\/altominhotv","article_published_time":"2023-08-16T13:29:10+00:00","article_modified_time":"2023-08-16T13:29:15+00:00","og_image":[{"width":1920,"height":1050,"url":"https:\/\/www.altominho.tv\/site\/wp-content\/uploads\/2023\/08\/cuidar-idosos.jpeg","type":"image\/jpeg"}],"author":"Lusa","twitter_card":"summary_large_image","twitter_creator":"@altominhoTV","twitter_site":"@altominhoTV","twitter_misc":{"Escrito por":"Lusa","Tempo estimado de leitura":"3 minutos"},"schema":{"@context":"https:\/\/schema.org","@graph":[{"@type":"Article","@id":"https:\/\/www.altominho.tv\/site\/2023\/08\/16\/investimento-de-mais-de-cinco-milhoes-de-euros-aumenta-resposta-em-dois-lares-da-misericordia\/#article","isPartOf":{"@id":"https:\/\/www.altominho.tv\/site\/2023\/08\/16\/investimento-de-mais-de-cinco-milhoes-de-euros-aumenta-resposta-em-dois-lares-da-misericordia\/"},"author":{"name":"Lusa","@id":"https:\/\/www.altominho.tv\/site\/#\/schema\/person\/63f693da3e1899361cbe955c46f3232e"},"headline":"Investimento de mais de 5 milh\u00f5es de euros aumenta resposta em dois lares da Miseric\u00f3rdia","datePublished":"2023-08-16T13:29:10+00:00","dateModified":"2023-08-16T13:29:15+00:00","mainEntityOfPage":{"@id":"https:\/\/www.altominho.tv\/site\/2023\/08\/16\/investimento-de-mais-de-cinco-milhoes-de-euros-aumenta-resposta-em-dois-lares-da-misericordia\/"},"wordCount":561,"image":{"@id":"https:\/\/www.altominho.tv\/site\/2023\/08\/16\/investimento-de-mais-de-cinco-milhoes-de-euros-aumenta-resposta-em-dois-lares-da-misericordia\/#primaryimage"},"thumbnailUrl":"https:\/\/www.altominho.tv\/site\/wp-content\/uploads\/2023\/08\/cuidar-idosos.jpeg","keywords":["Economia","Sociedade"],"articleSection":["Melga\u00e7o"],"inLanguage":"pt-PT","copyrightYear":"2023","copyrightHolder":{"@id":"https:\/\/www.altominho.tv\/site\/#organization"}},{"@type":"WebPage","@id":"https:\/\/www.altominho.tv\/site\/2023\/08\/16\/investimento-de-mais-de-cinco-milhoes-de-euros-aumenta-resposta-em-dois-lares-da-misericordia\/","url":"https:\/\/www.altominho.tv\/site\/2023\/08\/16\/investimento-de-mais-de-cinco-milhoes-de-euros-aumenta-resposta-em-dois-lares-da-misericordia\/","name":"Investimento de mais de 5 milh\u00f5es de euros aumenta resposta em dois lares da Miseric\u00f3rdia","isPartOf":{"@id":"https:\/\/www.altominho.tv\/site\/#website"},"primaryImageOfPage":{"@id":"https:\/\/www.altominho.tv\/site\/2023\/08\/16\/investimento-de-mais-de-cinco-milhoes-de-euros-aumenta-resposta-em-dois-lares-da-misericordia\/#primaryimage"},"image":{"@id":"https:\/\/www.altominho.tv\/site\/2023\/08\/16\/investimento-de-mais-de-cinco-milhoes-de-euros-aumenta-resposta-em-dois-lares-da-misericordia\/#primaryimage"},"thumbnailUrl":"https:\/\/www.altominho.tv\/site\/wp-content\/uploads\/2023\/08\/cuidar-idosos.jpeg","datePublished":"2023-08-16T13:29:10+00:00","dateModified":"2023-08-16T13:29:15+00:00","author":{"@id":"https:\/\/www.altominho.tv\/site\/#\/schema\/person\/63f693da3e1899361cbe955c46f3232e"},"description":"A Miseric\u00f3rdia de Melga\u00e7o vai investir mais de cinco milh\u00f5es de euros na requalifica\u00e7\u00e3o e amplia\u00e7\u00e3o de duas Estruturas Residenciais para Pessoas Idosas (ERPI) para responder \u00e0s necessidade e garantir a sustentabilidade da institui\u00e7\u00e3o, disse hoje o provedor.","breadcrumb":{"@id":"https:\/\/www.altominho.tv\/site\/2023\/08\/16\/investimento-de-mais-de-cinco-milhoes-de-euros-aumenta-resposta-em-dois-lares-da-misericordia\/#breadcrumb"},"inLanguage":"pt-PT","potentialAction":[{"@type":"ReadAction","target":["https:\/\/www.altominho.tv\/site\/2023\/08\/16\/investimento-de-mais-de-cinco-milhoes-de-euros-aumenta-resposta-em-dois-lares-da-misericordia\/"]}]},{"@type":"ImageObject","inLanguage":"pt-PT","@id":"https:\/\/www.altominho.tv\/site\/2023\/08\/16\/investimento-de-mais-de-cinco-milhoes-de-euros-aumenta-resposta-em-dois-lares-da-misericordia\/#primaryimage","url":"https:\/\/www.altominho.tv\/site\/wp-content\/uploads\/2023\/08\/cuidar-idosos.jpeg","contentUrl":"https:\/\/www.altominho.tv\/site\/wp-content\/uploads\/2023\/08\/cuidar-idosos.jpeg","width":1920,"height":1050},{"@type":"BreadcrumbList","@id":"https:\/\/www.altominho.tv\/site\/2023\/08\/16\/investimento-de-mais-de-cinco-milhoes-de-euros-aumenta-resposta-em-dois-lares-da-misericordia\/#breadcrumb","itemListElement":[{"@type":"ListItem","position":1,"name":"In\u00edcio","item":"https:\/\/www.altominho.tv\/site\/"},{"@type":"ListItem","position":2,"name":"Investimento de mais de 5 milh\u00f5es de euros aumenta resposta em dois lares da Miseric\u00f3rdia"}]},{"@type":"WebSite","@id":"https:\/\/www.altominho.tv\/site\/#website","url":"https:\/\/www.altominho.tv\/site\/","name":"Altominho.tv","description":"A sua regi\u00e3o \u00e0 dist\u00e2ncia de um clique...","potentialAction":[{"@type":"SearchAction","target":{"@type":"EntryPoint","urlTemplate":"https:\/\/www.altominho.tv\/site\/?s={search_term_string}"},"query-input":{"@type":"PropertyValueSpecification","valueRequired":true,"valueName":"search_term_string"}}],"inLanguage":"pt-PT"},{"@type":"Person","@id":"https:\/\/www.altominho.tv\/site\/#\/schema\/person\/63f693da3e1899361cbe955c46f3232e","name":"Lusa","image":{"@type":"ImageObject","inLanguage":"pt-PT","@id":"https:\/\/www.altominho.tv\/site\/wp-content\/uploads\/2019\/08\/LUSA_Logo.gif","url":"https:\/\/www.altominho.tv\/site\/wp-content\/uploads\/2019\/08\/LUSA_Logo.gif","contentUrl":"https:\/\/www.altominho.tv\/site\/wp-content\/uploads\/2019\/08\/LUSA_Logo.gif","caption":"Lusa"},"sameAs":["http:\/\/\/\/www.altominho.tv\/site"],"url":"https:\/\/www.altominho.tv\/site\/author\/lusa\/"}]}},"_links":{"self":[{"href":"https:\/\/www.altominho.tv\/site\/wp-json\/wp\/v2\/posts\/95484","targetHints":{"allow":["GET"]}}],"collection":[{"href":"https:\/\/www.altominho.tv\/site\/wp-json\/wp\/v2\/posts"}],"about":[{"href":"https:\/\/www.altominho.tv\/site\/wp-json\/wp\/v2\/types\/post"}],"author":[{"embeddable":true,"href":"https:\/\/www.altominho.tv\/site\/wp-json\/wp\/v2\/users\/13"}],"replies":[{"embeddable":true,"href":"https:\/\/www.altominho.tv\/site\/wp-json\/wp\/v2\/comments?post=95484"}],"version-history":[{"count":1,"href":"https:\/\/www.altominho.tv\/site\/wp-json\/wp\/v2\/posts\/95484\/revisions"}],"predecessor-version":[{"id":95488,"href":"https:\/\/www.altominho.tv\/site\/wp-json\/wp\/v2\/posts\/95484\/revisions\/95488"}],"wp:featuredmedia":[{"embeddable":true,"href":"https:\/\/www.altominho.tv\/site\/wp-json\/wp\/v2\/media\/95487"}],"wp:attachment":[{"href":"https:\/\/www.altominho.tv\/site\/wp-json\/wp\/v2\/media?parent=95484"}],"wp:term":[{"taxonomy":"category","embeddable":true,"href":"https:\/\/www.altominho.tv\/site\/wp-json\/wp\/v2\/categories?post=95484"},{"taxonomy":"post_tag","embeddable":true,"href":"https:\/\/www.altominho.tv\/site\/wp-json\/wp\/v2\/tags?post=95484"}],"curies":[{"name":"wp","href":"https:\/\/api.w.org\/{rel}","templated":true}]}}