{"id":95435,"date":"2023-08-14T15:57:36","date_gmt":"2023-08-14T14:57:36","guid":{"rendered":"https:\/\/www.altominho.tv\/site\/?p=95435"},"modified":"2023-08-14T16:45:17","modified_gmt":"2023-08-14T15:45:17","slug":"sunset-com-dj-acontece-hoje-no-estadio-morber-e-a-entrada-e-livre","status":"publish","type":"post","link":"https:\/\/www.altominho.tv\/site\/2023\/08\/14\/sunset-com-dj-acontece-hoje-no-estadio-morber-e-a-entrada-e-livre\/","title":{"rendered":"Sunset com DJ acontece hoje no Est\u00e1dio Morber e a entrada \u00e9 livre"},"content":{"rendered":"<p id=\"viewer-foo\" class=\"xVISr Y9Dpf bCMSCT OZy-3 lnyWN yMZv8w bCMSCT public-DraftStyleDefault-block-depth0 fixed-tab-size public-DraftStyleDefault-text-ltr\"><span class=\"B2EFF public-DraftStyleDefault-ltr\">No Dia Internacional da Juventude, 12 de agosto, o Munic\u00edpio de Caminha proporcionou aos mais novos uma s\u00e9rie de experi\u00eancias ao ar livre, nomeadamente atividades de car\u00e1ter l\u00fadico-desportivo. O rio e a praia, mas tamb\u00e9m a montanha, foram alguns dos cen\u00e1rios. Hoje, a partir das 19h30, h\u00e1 sunset (com entrada livre) no Est\u00e1dio Morber, na Foz do Minho, com DJ.<\/span><\/p>\n<p>No passado s\u00e1bado, foram v\u00e1rios os jovens com idade compreendida entre os 14 e os 35 anos, residentes no concelho de Caminha, que aproveitaram para experimentar v\u00e1rios tipos de atividades desportivas, no \u00e2mbito do Dia Internacional da Juventude.<\/p>\n<p>O munic\u00edpio de Caminha, em parceria com a MinhAventura, Diverminho, Anchorpoint, Kitecontrol, Lalo&amp;wind e Escola Superior de Desporto e Lazer de Melga\u00e7o, concebeu um programa diversificado de a\u00e7\u00f5es, tendo em considera\u00e7\u00e3o os anseios e expectativas dos jovens, previamente auscultados. Assim, estes jovens divertiram-se em atividades de canoagem, boia rebocada, passeio de barco, banana rebocada, escalada, surf, kitesurf, BTT, SUP, jogos tradicionais, ca\u00e7a ao tesouro, prova de orienta\u00e7\u00e3o, escalada, surf e kitesurf.<\/p>\n<p id=\"viewer-79vdi\" class=\"xVISr Y9Dpf bCMSCT OZy-3 lnyWN yMZv8w bCMSCT public-DraftStyleDefault-block-depth0 fixed-tab-size public-DraftStyleDefault-text-ltr\"><span class=\"B2EFF public-DraftStyleDefault-ltr\">Hoje, no per\u00edodo das 19h30 \u00e0 meia noite, vai decorrer um sunset com um DJ no Parque adjacente ao Est\u00e1dio Morber, na Foz do Minho, em Caminha. Nesta atividade, a participa\u00e7\u00e3o \u00e9 livre e a entrada \u00e9 gratuita.<\/span><\/p>\n","protected":false},"excerpt":{"rendered":"<p>No Dia Internacional da Juventude, 12 de agosto, o Munic\u00edpio de Caminha proporcionou aos mais novos uma s\u00e9rie de experi\u00eancias ao ar livre, nomeadamente atividades de car\u00e1ter l\u00fadico-desportivo. O rio e a praia, mas tamb\u00e9m a montanha, foram alguns dos cen\u00e1rios. Hoje, a partir das 19h30, h\u00e1 sunset (com entrada livre) no Est\u00e1dio Morber, na [&hellip;]<\/p>\n","protected":false},"author":29,"featured_media":95437,"comment_status":"closed","ping_status":"closed","sticky":false,"template":"","format":"standard","meta":{"_exactmetrics_skip_tracking":false,"_exactmetrics_sitenote_active":false,"_exactmetrics_sitenote_note":"","_exactmetrics_sitenote_category":0,"footnotes":""},"categories":[7],"tags":[27],"class_list":["post-95435","post","type-post","status-publish","format-standard","has-post-thumbnail","hentry","category-caminha","tag-sociedade"],"yoast_head":"<!-- This site is optimized with the Yoast SEO Premium plugin v27.4 (Yoast SEO v27.4) - https:\/\/yoast.com\/product\/yoast-seo-premium-wordpress\/ -->\n<title>Sunset com DJ acontece hoje no Est\u00e1dio Morber e a entrada \u00e9 livre<\/title>\n<meta name=\"description\" content=\"No Dia Internacional da Juventude, 12 de agosto, o Munic\u00edpio de Caminha proporcionou aos mais novos uma s\u00e9rie de experi\u00eancias ao ar livre, nomeadamente atividades de car\u00e1ter l\u00fadico-desportivo. O rio e a praia, mas tamb\u00e9m a montanha, foram alguns dos cen\u00e1rios. Hoje, a partir das 19h30, h\u00e1 sunset (com entrada livre) no Est\u00e1dio Morber, na Foz do Minho, com DJ.\" \/>\n<meta name=\"robots\" content=\"index, follow, max-snippet:-1, max-image-preview:large, max-video-preview:-1\" \/>\n<link rel=\"canonical\" href=\"https:\/\/www.altominho.tv\/site\/2023\/08\/14\/sunset-com-dj-acontece-hoje-no-estadio-morber-e-a-entrada-e-livre\/\" \/>\n<meta property=\"og:locale\" content=\"pt_PT\" \/>\n<meta property=\"og:type\" content=\"article\" \/>\n<meta property=\"og:title\" content=\"Sunset com DJ acontece hoje no Est\u00e1dio Morber e a entrada \u00e9 livre\" \/>\n<meta property=\"og:description\" content=\"No Dia Internacional da Juventude, 12 de agosto, o Munic\u00edpio de Caminha proporcionou aos mais novos uma s\u00e9rie de experi\u00eancias ao ar livre, nomeadamente atividades de car\u00e1ter l\u00fadico-desportivo. O rio e a praia, mas tamb\u00e9m a montanha, foram alguns dos cen\u00e1rios. Hoje, a partir das 19h30, h\u00e1 sunset (com entrada livre) no Est\u00e1dio Morber, na Foz do Minho, com DJ.\" \/>\n<meta property=\"og:url\" content=\"https:\/\/www.altominho.tv\/site\/2023\/08\/14\/sunset-com-dj-acontece-hoje-no-estadio-morber-e-a-entrada-e-livre\/\" \/>\n<meta property=\"og:site_name\" content=\"Altominho.tv\" \/>\n<meta property=\"article:publisher\" content=\"https:\/\/www.facebook.com\/altominhotv\" \/>\n<meta property=\"article:published_time\" content=\"2023-08-14T14:57:36+00:00\" \/>\n<meta property=\"article:modified_time\" content=\"2023-08-14T15:45:17+00:00\" \/>\n<meta property=\"og:image\" content=\"https:\/\/www.altominho.tv\/site\/wp-content\/uploads\/2023\/08\/sunset-scaled.jpg\" \/>\n\t<meta property=\"og:image:width\" content=\"2560\" \/>\n\t<meta property=\"og:image:height\" content=\"1440\" \/>\n\t<meta property=\"og:image:type\" content=\"image\/jpeg\" \/>\n<meta name=\"author\" content=\"Juliana Soares\" \/>\n<meta name=\"twitter:card\" content=\"summary_large_image\" \/>\n<meta name=\"twitter:creator\" content=\"@altominhoTV\" \/>\n<meta name=\"twitter:site\" content=\"@altominhoTV\" \/>\n<meta name=\"twitter:label1\" content=\"Escrito por\" \/>\n\t<meta name=\"twitter:data1\" content=\"Juliana Soares\" \/>\n\t<meta name=\"twitter:label2\" content=\"Tempo estimado de leitura\" \/>\n\t<meta name=\"twitter:data2\" content=\"2 minutos\" \/>\n<script type=\"application\/ld+json\" class=\"yoast-schema-graph\">{\"@context\":\"https:\\\/\\\/schema.org\",\"@graph\":[{\"@type\":\"Article\",\"@id\":\"https:\\\/\\\/www.altominho.tv\\\/site\\\/2023\\\/08\\\/14\\\/sunset-com-dj-acontece-hoje-no-estadio-morber-e-a-entrada-e-livre\\\/#article\",\"isPartOf\":{\"@id\":\"https:\\\/\\\/www.altominho.tv\\\/site\\\/2023\\\/08\\\/14\\\/sunset-com-dj-acontece-hoje-no-estadio-morber-e-a-entrada-e-livre\\\/\"},\"author\":{\"name\":\"Juliana Soares\",\"@id\":\"https:\\\/\\\/www.altominho.tv\\\/site\\\/#\\\/schema\\\/person\\\/fd922cf16ebbbd1fff2019e656be940c\"},\"headline\":\"Sunset com DJ acontece hoje no Est\u00e1dio Morber e a entrada \u00e9 livre\",\"datePublished\":\"2023-08-14T14:57:36+00:00\",\"dateModified\":\"2023-08-14T15:45:17+00:00\",\"mainEntityOfPage\":{\"@id\":\"https:\\\/\\\/www.altominho.tv\\\/site\\\/2023\\\/08\\\/14\\\/sunset-com-dj-acontece-hoje-no-estadio-morber-e-a-entrada-e-livre\\\/\"},\"wordCount\":236,\"image\":{\"@id\":\"https:\\\/\\\/www.altominho.tv\\\/site\\\/2023\\\/08\\\/14\\\/sunset-com-dj-acontece-hoje-no-estadio-morber-e-a-entrada-e-livre\\\/#primaryimage\"},\"thumbnailUrl\":\"https:\\\/\\\/www.altominho.tv\\\/site\\\/wp-content\\\/uploads\\\/2023\\\/08\\\/sunset-scaled.jpg\",\"keywords\":[\"Sociedade\"],\"articleSection\":[\"Caminha\"],\"inLanguage\":\"pt-PT\",\"copyrightYear\":\"2023\",\"copyrightHolder\":{\"@id\":\"https:\\\/\\\/www.altominho.tv\\\/site\\\/#organization\"}},{\"@type\":\"WebPage\",\"@id\":\"https:\\\/\\\/www.altominho.tv\\\/site\\\/2023\\\/08\\\/14\\\/sunset-com-dj-acontece-hoje-no-estadio-morber-e-a-entrada-e-livre\\\/\",\"url\":\"https:\\\/\\\/www.altominho.tv\\\/site\\\/2023\\\/08\\\/14\\\/sunset-com-dj-acontece-hoje-no-estadio-morber-e-a-entrada-e-livre\\\/\",\"name\":\"Sunset com DJ acontece hoje no Est\u00e1dio Morber e a entrada \u00e9 livre\",\"isPartOf\":{\"@id\":\"https:\\\/\\\/www.altominho.tv\\\/site\\\/#website\"},\"primaryImageOfPage\":{\"@id\":\"https:\\\/\\\/www.altominho.tv\\\/site\\\/2023\\\/08\\\/14\\\/sunset-com-dj-acontece-hoje-no-estadio-morber-e-a-entrada-e-livre\\\/#primaryimage\"},\"image\":{\"@id\":\"https:\\\/\\\/www.altominho.tv\\\/site\\\/2023\\\/08\\\/14\\\/sunset-com-dj-acontece-hoje-no-estadio-morber-e-a-entrada-e-livre\\\/#primaryimage\"},\"thumbnailUrl\":\"https:\\\/\\\/www.altominho.tv\\\/site\\\/wp-content\\\/uploads\\\/2023\\\/08\\\/sunset-scaled.jpg\",\"datePublished\":\"2023-08-14T14:57:36+00:00\",\"dateModified\":\"2023-08-14T15:45:17+00:00\",\"author\":{\"@id\":\"https:\\\/\\\/www.altominho.tv\\\/site\\\/#\\\/schema\\\/person\\\/fd922cf16ebbbd1fff2019e656be940c\"},\"description\":\"No Dia Internacional da Juventude, 12 de agosto, o Munic\u00edpio de Caminha proporcionou aos mais novos uma s\u00e9rie de experi\u00eancias ao ar livre, nomeadamente atividades de car\u00e1ter l\u00fadico-desportivo. O rio e a praia, mas tamb\u00e9m a montanha, foram alguns dos cen\u00e1rios. Hoje, a partir das 19h30, h\u00e1 sunset (com entrada livre) no Est\u00e1dio Morber, na Foz do Minho, com DJ.\",\"breadcrumb\":{\"@id\":\"https:\\\/\\\/www.altominho.tv\\\/site\\\/2023\\\/08\\\/14\\\/sunset-com-dj-acontece-hoje-no-estadio-morber-e-a-entrada-e-livre\\\/#breadcrumb\"},\"inLanguage\":\"pt-PT\",\"potentialAction\":[{\"@type\":\"ReadAction\",\"target\":[\"https:\\\/\\\/www.altominho.tv\\\/site\\\/2023\\\/08\\\/14\\\/sunset-com-dj-acontece-hoje-no-estadio-morber-e-a-entrada-e-livre\\\/\"]}]},{\"@type\":\"ImageObject\",\"inLanguage\":\"pt-PT\",\"@id\":\"https:\\\/\\\/www.altominho.tv\\\/site\\\/2023\\\/08\\\/14\\\/sunset-com-dj-acontece-hoje-no-estadio-morber-e-a-entrada-e-livre\\\/#primaryimage\",\"url\":\"https:\\\/\\\/www.altominho.tv\\\/site\\\/wp-content\\\/uploads\\\/2023\\\/08\\\/sunset-scaled.jpg\",\"contentUrl\":\"https:\\\/\\\/www.altominho.tv\\\/site\\\/wp-content\\\/uploads\\\/2023\\\/08\\\/sunset-scaled.jpg\",\"width\":2560,\"height\":1440},{\"@type\":\"BreadcrumbList\",\"@id\":\"https:\\\/\\\/www.altominho.tv\\\/site\\\/2023\\\/08\\\/14\\\/sunset-com-dj-acontece-hoje-no-estadio-morber-e-a-entrada-e-livre\\\/#breadcrumb\",\"itemListElement\":[{\"@type\":\"ListItem\",\"position\":1,\"name\":\"In\u00edcio\",\"item\":\"https:\\\/\\\/www.altominho.tv\\\/site\\\/\"},{\"@type\":\"ListItem\",\"position\":2,\"name\":\"Sunset com DJ acontece hoje no Est\u00e1dio Morber e a entrada \u00e9 livre\"}]},{\"@type\":\"WebSite\",\"@id\":\"https:\\\/\\\/www.altominho.tv\\\/site\\\/#website\",\"url\":\"https:\\\/\\\/www.altominho.tv\\\/site\\\/\",\"name\":\"Altominho.tv\",\"description\":\"A sua regi\u00e3o \u00e0 dist\u00e2ncia de um clique...\",\"potentialAction\":[{\"@type\":\"SearchAction\",\"target\":{\"@type\":\"EntryPoint\",\"urlTemplate\":\"https:\\\/\\\/www.altominho.tv\\\/site\\\/?s={search_term_string}\"},\"query-input\":{\"@type\":\"PropertyValueSpecification\",\"valueRequired\":true,\"valueName\":\"search_term_string\"}}],\"inLanguage\":\"pt-PT\"},{\"@type\":\"Person\",\"@id\":\"https:\\\/\\\/www.altominho.tv\\\/site\\\/#\\\/schema\\\/person\\\/fd922cf16ebbbd1fff2019e656be940c\",\"name\":\"Juliana Soares\",\"image\":{\"@type\":\"ImageObject\",\"inLanguage\":\"pt-PT\",\"@id\":\"https:\\\/\\\/www.altominho.tv\\\/site\\\/wp-content\\\/uploads\\\/2023\\\/07\\\/Foto_Juliana-150x150.jpg\",\"url\":\"https:\\\/\\\/www.altominho.tv\\\/site\\\/wp-content\\\/uploads\\\/2023\\\/07\\\/Foto_Juliana-150x150.jpg\",\"contentUrl\":\"https:\\\/\\\/www.altominho.tv\\\/site\\\/wp-content\\\/uploads\\\/2023\\\/07\\\/Foto_Juliana-150x150.jpg\",\"caption\":\"Juliana Soares\"},\"url\":\"https:\\\/\\\/www.altominho.tv\\\/site\\\/author\\\/julianasoares\\\/\"}]}<\/script>\n<!-- \/ Yoast SEO Premium plugin. -->","yoast_head_json":{"title":"Sunset com DJ acontece hoje no Est\u00e1dio Morber e a entrada \u00e9 livre","description":"No Dia Internacional da Juventude, 12 de agosto, o Munic\u00edpio de Caminha proporcionou aos mais novos uma s\u00e9rie de experi\u00eancias ao ar livre, nomeadamente atividades de car\u00e1ter l\u00fadico-desportivo. O rio e a praia, mas tamb\u00e9m a montanha, foram alguns dos cen\u00e1rios. Hoje, a partir das 19h30, h\u00e1 sunset (com entrada livre) no Est\u00e1dio Morber, na Foz do Minho, com DJ.","robots":{"index":"index","follow":"follow","max-snippet":"max-snippet:-1","max-image-preview":"max-image-preview:large","max-video-preview":"max-video-preview:-1"},"canonical":"https:\/\/www.altominho.tv\/site\/2023\/08\/14\/sunset-com-dj-acontece-hoje-no-estadio-morber-e-a-entrada-e-livre\/","og_locale":"pt_PT","og_type":"article","og_title":"Sunset com DJ acontece hoje no Est\u00e1dio Morber e a entrada \u00e9 livre","og_description":"No Dia Internacional da Juventude, 12 de agosto, o Munic\u00edpio de Caminha proporcionou aos mais novos uma s\u00e9rie de experi\u00eancias ao ar livre, nomeadamente atividades de car\u00e1ter l\u00fadico-desportivo. O rio e a praia, mas tamb\u00e9m a montanha, foram alguns dos cen\u00e1rios. Hoje, a partir das 19h30, h\u00e1 sunset (com entrada livre) no Est\u00e1dio Morber, na Foz do Minho, com DJ.","og_url":"https:\/\/www.altominho.tv\/site\/2023\/08\/14\/sunset-com-dj-acontece-hoje-no-estadio-morber-e-a-entrada-e-livre\/","og_site_name":"Altominho.tv","article_publisher":"https:\/\/www.facebook.com\/altominhotv","article_published_time":"2023-08-14T14:57:36+00:00","article_modified_time":"2023-08-14T15:45:17+00:00","og_image":[{"width":2560,"height":1440,"url":"https:\/\/www.altominho.tv\/site\/wp-content\/uploads\/2023\/08\/sunset-scaled.jpg","type":"image\/jpeg"}],"author":"Juliana Soares","twitter_card":"summary_large_image","twitter_creator":"@altominhoTV","twitter_site":"@altominhoTV","twitter_misc":{"Escrito por":"Juliana Soares","Tempo estimado de leitura":"2 minutos"},"schema":{"@context":"https:\/\/schema.org","@graph":[{"@type":"Article","@id":"https:\/\/www.altominho.tv\/site\/2023\/08\/14\/sunset-com-dj-acontece-hoje-no-estadio-morber-e-a-entrada-e-livre\/#article","isPartOf":{"@id":"https:\/\/www.altominho.tv\/site\/2023\/08\/14\/sunset-com-dj-acontece-hoje-no-estadio-morber-e-a-entrada-e-livre\/"},"author":{"name":"Juliana Soares","@id":"https:\/\/www.altominho.tv\/site\/#\/schema\/person\/fd922cf16ebbbd1fff2019e656be940c"},"headline":"Sunset com DJ acontece hoje no Est\u00e1dio Morber e a entrada \u00e9 livre","datePublished":"2023-08-14T14:57:36+00:00","dateModified":"2023-08-14T15:45:17+00:00","mainEntityOfPage":{"@id":"https:\/\/www.altominho.tv\/site\/2023\/08\/14\/sunset-com-dj-acontece-hoje-no-estadio-morber-e-a-entrada-e-livre\/"},"wordCount":236,"image":{"@id":"https:\/\/www.altominho.tv\/site\/2023\/08\/14\/sunset-com-dj-acontece-hoje-no-estadio-morber-e-a-entrada-e-livre\/#primaryimage"},"thumbnailUrl":"https:\/\/www.altominho.tv\/site\/wp-content\/uploads\/2023\/08\/sunset-scaled.jpg","keywords":["Sociedade"],"articleSection":["Caminha"],"inLanguage":"pt-PT","copyrightYear":"2023","copyrightHolder":{"@id":"https:\/\/www.altominho.tv\/site\/#organization"}},{"@type":"WebPage","@id":"https:\/\/www.altominho.tv\/site\/2023\/08\/14\/sunset-com-dj-acontece-hoje-no-estadio-morber-e-a-entrada-e-livre\/","url":"https:\/\/www.altominho.tv\/site\/2023\/08\/14\/sunset-com-dj-acontece-hoje-no-estadio-morber-e-a-entrada-e-livre\/","name":"Sunset com DJ acontece hoje no Est\u00e1dio Morber e a entrada \u00e9 livre","isPartOf":{"@id":"https:\/\/www.altominho.tv\/site\/#website"},"primaryImageOfPage":{"@id":"https:\/\/www.altominho.tv\/site\/2023\/08\/14\/sunset-com-dj-acontece-hoje-no-estadio-morber-e-a-entrada-e-livre\/#primaryimage"},"image":{"@id":"https:\/\/www.altominho.tv\/site\/2023\/08\/14\/sunset-com-dj-acontece-hoje-no-estadio-morber-e-a-entrada-e-livre\/#primaryimage"},"thumbnailUrl":"https:\/\/www.altominho.tv\/site\/wp-content\/uploads\/2023\/08\/sunset-scaled.jpg","datePublished":"2023-08-14T14:57:36+00:00","dateModified":"2023-08-14T15:45:17+00:00","author":{"@id":"https:\/\/www.altominho.tv\/site\/#\/schema\/person\/fd922cf16ebbbd1fff2019e656be940c"},"description":"No Dia Internacional da Juventude, 12 de agosto, o Munic\u00edpio de Caminha proporcionou aos mais novos uma s\u00e9rie de experi\u00eancias ao ar livre, nomeadamente atividades de car\u00e1ter l\u00fadico-desportivo. O rio e a praia, mas tamb\u00e9m a montanha, foram alguns dos cen\u00e1rios. Hoje, a partir das 19h30, h\u00e1 sunset (com entrada livre) no Est\u00e1dio Morber, na Foz do Minho, com DJ.","breadcrumb":{"@id":"https:\/\/www.altominho.tv\/site\/2023\/08\/14\/sunset-com-dj-acontece-hoje-no-estadio-morber-e-a-entrada-e-livre\/#breadcrumb"},"inLanguage":"pt-PT","potentialAction":[{"@type":"ReadAction","target":["https:\/\/www.altominho.tv\/site\/2023\/08\/14\/sunset-com-dj-acontece-hoje-no-estadio-morber-e-a-entrada-e-livre\/"]}]},{"@type":"ImageObject","inLanguage":"pt-PT","@id":"https:\/\/www.altominho.tv\/site\/2023\/08\/14\/sunset-com-dj-acontece-hoje-no-estadio-morber-e-a-entrada-e-livre\/#primaryimage","url":"https:\/\/www.altominho.tv\/site\/wp-content\/uploads\/2023\/08\/sunset-scaled.jpg","contentUrl":"https:\/\/www.altominho.tv\/site\/wp-content\/uploads\/2023\/08\/sunset-scaled.jpg","width":2560,"height":1440},{"@type":"BreadcrumbList","@id":"https:\/\/www.altominho.tv\/site\/2023\/08\/14\/sunset-com-dj-acontece-hoje-no-estadio-morber-e-a-entrada-e-livre\/#breadcrumb","itemListElement":[{"@type":"ListItem","position":1,"name":"In\u00edcio","item":"https:\/\/www.altominho.tv\/site\/"},{"@type":"ListItem","position":2,"name":"Sunset com DJ acontece hoje no Est\u00e1dio Morber e a entrada \u00e9 livre"}]},{"@type":"WebSite","@id":"https:\/\/www.altominho.tv\/site\/#website","url":"https:\/\/www.altominho.tv\/site\/","name":"Altominho.tv","description":"A sua regi\u00e3o \u00e0 dist\u00e2ncia de um clique...","potentialAction":[{"@type":"SearchAction","target":{"@type":"EntryPoint","urlTemplate":"https:\/\/www.altominho.tv\/site\/?s={search_term_string}"},"query-input":{"@type":"PropertyValueSpecification","valueRequired":true,"valueName":"search_term_string"}}],"inLanguage":"pt-PT"},{"@type":"Person","@id":"https:\/\/www.altominho.tv\/site\/#\/schema\/person\/fd922cf16ebbbd1fff2019e656be940c","name":"Juliana Soares","image":{"@type":"ImageObject","inLanguage":"pt-PT","@id":"https:\/\/www.altominho.tv\/site\/wp-content\/uploads\/2023\/07\/Foto_Juliana-150x150.jpg","url":"https:\/\/www.altominho.tv\/site\/wp-content\/uploads\/2023\/07\/Foto_Juliana-150x150.jpg","contentUrl":"https:\/\/www.altominho.tv\/site\/wp-content\/uploads\/2023\/07\/Foto_Juliana-150x150.jpg","caption":"Juliana Soares"},"url":"https:\/\/www.altominho.tv\/site\/author\/julianasoares\/"}]}},"_links":{"self":[{"href":"https:\/\/www.altominho.tv\/site\/wp-json\/wp\/v2\/posts\/95435","targetHints":{"allow":["GET"]}}],"collection":[{"href":"https:\/\/www.altominho.tv\/site\/wp-json\/wp\/v2\/posts"}],"about":[{"href":"https:\/\/www.altominho.tv\/site\/wp-json\/wp\/v2\/types\/post"}],"author":[{"embeddable":true,"href":"https:\/\/www.altominho.tv\/site\/wp-json\/wp\/v2\/users\/29"}],"replies":[{"embeddable":true,"href":"https:\/\/www.altominho.tv\/site\/wp-json\/wp\/v2\/comments?post=95435"}],"version-history":[{"count":1,"href":"https:\/\/www.altominho.tv\/site\/wp-json\/wp\/v2\/posts\/95435\/revisions"}],"predecessor-version":[{"id":95438,"href":"https:\/\/www.altominho.tv\/site\/wp-json\/wp\/v2\/posts\/95435\/revisions\/95438"}],"wp:featuredmedia":[{"embeddable":true,"href":"https:\/\/www.altominho.tv\/site\/wp-json\/wp\/v2\/media\/95437"}],"wp:attachment":[{"href":"https:\/\/www.altominho.tv\/site\/wp-json\/wp\/v2\/media?parent=95435"}],"wp:term":[{"taxonomy":"category","embeddable":true,"href":"https:\/\/www.altominho.tv\/site\/wp-json\/wp\/v2\/categories?post=95435"},{"taxonomy":"post_tag","embeddable":true,"href":"https:\/\/www.altominho.tv\/site\/wp-json\/wp\/v2\/tags?post=95435"}],"curies":[{"name":"wp","href":"https:\/\/api.w.org\/{rel}","templated":true}]}}