{"id":95323,"date":"2023-08-11T12:27:08","date_gmt":"2023-08-11T11:27:08","guid":{"rendered":"https:\/\/www.altominho.tv\/site\/?p=95323"},"modified":"2023-08-11T12:27:13","modified_gmt":"2023-08-11T11:27:13","slug":"exposicao-primeiras-eleicoes-parlamentares-1822-esta-patente-na-biblioteca-municipal","status":"publish","type":"post","link":"https:\/\/www.altominho.tv\/site\/2023\/08\/11\/exposicao-primeiras-eleicoes-parlamentares-1822-esta-patente-na-biblioteca-municipal\/","title":{"rendered":"Exposi\u00e7\u00e3o &#8220;Primeiras Elei\u00e7\u00f5es Parlamentares 1822&#8221; est\u00e1 patente na Biblioteca Municipal"},"content":{"rendered":"<p>A exposi\u00e7\u00e3o &#8220;Primeiras Elei\u00e7\u00f5es Parlamentares 1822&#8221; est\u00e1 patente na Biblioteca Municipal de Caminha at\u00e9 ao final do m\u00eas de agosto, anunciou hoje a autarquia em comunicado.<\/p>\n<p>A mostra \u00e9 organizada pela Assembleia da Rep\u00fablica e apresenta 17 pain\u00e9is, expostos na sala de peri\u00f3dicos.<\/p>\n<p>Com esta exposi\u00e7\u00e3o \u00e9 poss\u00edvel &#8220;evocar as primeiras elei\u00e7\u00f5es parlamentares realizadas em Portugal h\u00e1 dois s\u00e9culos, adotando como base de estudo o c\u00edrculo eleitoral de Caminha&#8221;.<\/p>\n<p>A exposi\u00e7\u00e3o insere-se no programa das comemora\u00e7\u00f5es do Bicenten\u00e1rio do Constitucionalismo Portugu\u00eas, com refer\u00eancia \u00e0 Constitui\u00e7\u00e3o de 1822, promovidas pela Assembleia da Rep\u00fablica.<\/p>\n<p>Como se pode ler no Website do Parlamento, \u201cna sess\u00e3o de 11 de julho de 1822, foi aprovada a lei eleitoral, que viria a ser consagrada no texto constitucional cerca de dois meses depois, atendendo \u00e0 necessidade de se elegerem no premente ano Deputados para a nova legislatura&#8221;.<\/p>\n<p>O diploma aprovado estipulava que as Cortes eram formadas por uma s\u00f3 c\u00e2mara, eleita por um per\u00edodo de dois anos, por sufr\u00e1gio direto, secreto e sem car\u00e1ter universal, j\u00e1 que n\u00e3o podiam votar, entre outros, os menores de 25 anos (com algumas exce\u00e7\u00f5es referentes aos militares ou a cidad\u00e3os casados com mais de 20 anos), as mulheres, &#8220;os vadios, os regulares e os criados de servir&#8221;.<\/p>\n<p>Para se ser eleito deputado era necess\u00e1rio poder sustentar-se atrav\u00e9s de &#8220;renda suficiente, procedida de bens de raiz, com\u00e9rcio, ind\u00fastria ou emprego&#8221;, assim como ser natural ou residente h\u00e1 pelo menos cinco anos na prov\u00edncia pela qual eram eleitos.<\/p>\n<p>&#8220;As elei\u00e7\u00f5es realizavam-se por divis\u00f5es eleitorais. O Reino de Portugal e Algarve tinha vinte e seis divis\u00f5es para eleger 102 deputados. As ilhas da Madeira e Porto Santo formavam uma divis\u00e3o, elegendo tr\u00eas deputados. Nas ilhas dos A\u00e7ores as tr\u00eas comarcas, de S. Miguel, ilha Terceira, e Faial formavam outras tantas divis\u00f5es eleitorais, dando cada uma dois deputados. Cada divis\u00e3o dar\u00e1 o n\u00famero de Deputados, que lhe couberem, na raz\u00e3o de um por cada vinte e cinco a trinta e cinco mil habitantes livres&#8221;.<\/p>\n<p>Os eleitores levam \u00e0s assembleias eleitorais listas escritas com &#8220;os nomes e ocupa\u00e7\u00f5es das pessoas em quem votam para Deputados, em n\u00famero dobrado dos que correspondem \u00e0quela divis\u00e3o eleitoral&#8221;. Os cidad\u00e3os registados entregam as listas que, &#8220;sem se desdobrarem ser\u00e3o lan\u00e7adas na urna, e um dos secret\u00e1rios ir\u00e1 descarregando no livro os nomes dos que as entregarem&#8221;.<\/p>\n<p>Os Deputados s\u00e3o eleitos por &#8220;pluralidade absoluta de votos, isto \u00e9, mais de metade do n\u00famero das listas, que \u00e9 o dos cidad\u00e3os que votaram&#8221;. N\u00e3o havendo um n\u00famero suficiente de Deputados eleitos por maioria absoluta para preencher o estabelecido para a divis\u00e3o eleitoral, teria lugar uma segunda volta, em que concorrem os candidatos n\u00e3o eleitos mais votados, em triplicado do n\u00famero que faltar preencher.<\/p>\n<p>As primeiras elei\u00e7\u00f5es legislativas em Portugal realizaram-se no dia 18 de agosto de 1822, cerca de um m\u00eas antes da aprova\u00e7\u00e3o da Constitui\u00e7\u00e3o. No dia 22 de setembro seguinte, decorreu a segunda volta. Os trabalhos das Cortes da Na\u00e7\u00e3o Portuguesa teriam in\u00edcio no dia 15 de novembro de 1822, com a sess\u00e3o oficial de abertura a realizar-se no dia 1 de dezembro seguinte\u201d.<\/p>\n","protected":false},"excerpt":{"rendered":"<p>A exposi\u00e7\u00e3o &#8220;Primeiras Elei\u00e7\u00f5es Parlamentares 1822&#8221; est\u00e1 patente na Biblioteca Municipal de Caminha at\u00e9 ao final do m\u00eas de agosto, anunciou hoje a autarquia em comunicado. A mostra \u00e9 organizada pela Assembleia da Rep\u00fablica e apresenta 17 pain\u00e9is, expostos na sala de peri\u00f3dicos. Com esta exposi\u00e7\u00e3o \u00e9 poss\u00edvel &#8220;evocar as primeiras elei\u00e7\u00f5es parlamentares realizadas em [&hellip;]<\/p>\n","protected":false},"author":1,"featured_media":95327,"comment_status":"closed","ping_status":"closed","sticky":false,"template":"","format":"standard","meta":{"_exactmetrics_skip_tracking":false,"_exactmetrics_sitenote_active":false,"_exactmetrics_sitenote_note":"","_exactmetrics_sitenote_category":0,"footnotes":""},"categories":[7],"tags":[19,27],"class_list":["post-95323","post","type-post","status-publish","format-standard","has-post-thumbnail","hentry","category-caminha","tag-cultura","tag-sociedade"],"yoast_head":"<!-- This site is optimized with the Yoast SEO Premium plugin v27.4 (Yoast SEO v27.4) - https:\/\/yoast.com\/product\/yoast-seo-premium-wordpress\/ -->\n<title>Exposi\u00e7\u00e3o &quot;Primeiras Elei\u00e7\u00f5es Parlamentares 1822&quot; est\u00e1 patente na Biblioteca Municipal<\/title>\n<meta name=\"description\" content=\"A exposi\u00e7\u00e3o &quot;Primeiras Elei\u00e7\u00f5es Parlamentares 1822&quot; est\u00e1 patente na Biblioteca Municipal de Caminha at\u00e9 ao final do m\u00eas de agosto, anunciou hoje a autarquia em comunicado.\" \/>\n<meta name=\"robots\" content=\"index, follow, max-snippet:-1, max-image-preview:large, max-video-preview:-1\" \/>\n<link rel=\"canonical\" href=\"https:\/\/www.altominho.tv\/site\/2023\/08\/11\/exposicao-primeiras-eleicoes-parlamentares-1822-esta-patente-na-biblioteca-municipal\/\" \/>\n<meta property=\"og:locale\" content=\"pt_PT\" \/>\n<meta property=\"og:type\" content=\"article\" \/>\n<meta property=\"og:title\" content=\"Exposi\u00e7\u00e3o &quot;Primeiras Elei\u00e7\u00f5es Parlamentares 1822&quot; est\u00e1 patente na Biblioteca Municipal\" \/>\n<meta property=\"og:description\" content=\"A exposi\u00e7\u00e3o &quot;Primeiras Elei\u00e7\u00f5es Parlamentares 1822&quot; est\u00e1 patente na Biblioteca Municipal de Caminha at\u00e9 ao final do m\u00eas de agosto, anunciou hoje a autarquia em comunicado.\" \/>\n<meta property=\"og:url\" content=\"https:\/\/www.altominho.tv\/site\/2023\/08\/11\/exposicao-primeiras-eleicoes-parlamentares-1822-esta-patente-na-biblioteca-municipal\/\" \/>\n<meta property=\"og:site_name\" content=\"Altominho.tv\" \/>\n<meta property=\"article:publisher\" content=\"https:\/\/www.facebook.com\/altominhotv\" \/>\n<meta property=\"article:published_time\" content=\"2023-08-11T11:27:08+00:00\" \/>\n<meta property=\"article:modified_time\" content=\"2023-08-11T11:27:13+00:00\" \/>\n<meta property=\"og:image\" content=\"https:\/\/www.altominho.tv\/site\/wp-content\/uploads\/2023\/08\/IMG_9364.jpg\" \/>\n\t<meta property=\"og:image:width\" content=\"1620\" \/>\n\t<meta property=\"og:image:height\" content=\"1080\" \/>\n\t<meta property=\"og:image:type\" content=\"image\/jpeg\" \/>\n<meta name=\"author\" content=\"Altominho.tv\" \/>\n<meta name=\"twitter:card\" content=\"summary_large_image\" \/>\n<meta name=\"twitter:creator\" content=\"@altominhoTV\" \/>\n<meta name=\"twitter:site\" content=\"@altominhoTV\" \/>\n<meta name=\"twitter:label1\" content=\"Escrito por\" \/>\n\t<meta name=\"twitter:data1\" content=\"Altominho.tv\" \/>\n\t<meta name=\"twitter:label2\" content=\"Tempo estimado de leitura\" \/>\n\t<meta name=\"twitter:data2\" content=\"3 minutos\" \/>\n<script type=\"application\/ld+json\" class=\"yoast-schema-graph\">{\"@context\":\"https:\\\/\\\/schema.org\",\"@graph\":[{\"@type\":\"Article\",\"@id\":\"https:\\\/\\\/www.altominho.tv\\\/site\\\/2023\\\/08\\\/11\\\/exposicao-primeiras-eleicoes-parlamentares-1822-esta-patente-na-biblioteca-municipal\\\/#article\",\"isPartOf\":{\"@id\":\"https:\\\/\\\/www.altominho.tv\\\/site\\\/2023\\\/08\\\/11\\\/exposicao-primeiras-eleicoes-parlamentares-1822-esta-patente-na-biblioteca-municipal\\\/\"},\"author\":{\"name\":\"Altominho.tv\",\"@id\":\"https:\\\/\\\/www.altominho.tv\\\/site\\\/#\\\/schema\\\/person\\\/4e536851627d7914baf3dac752b6af22\"},\"headline\":\"Exposi\u00e7\u00e3o &#8220;Primeiras Elei\u00e7\u00f5es Parlamentares 1822&#8221; est\u00e1 patente na Biblioteca Municipal\",\"datePublished\":\"2023-08-11T11:27:08+00:00\",\"dateModified\":\"2023-08-11T11:27:13+00:00\",\"mainEntityOfPage\":{\"@id\":\"https:\\\/\\\/www.altominho.tv\\\/site\\\/2023\\\/08\\\/11\\\/exposicao-primeiras-eleicoes-parlamentares-1822-esta-patente-na-biblioteca-municipal\\\/\"},\"wordCount\":569,\"image\":{\"@id\":\"https:\\\/\\\/www.altominho.tv\\\/site\\\/2023\\\/08\\\/11\\\/exposicao-primeiras-eleicoes-parlamentares-1822-esta-patente-na-biblioteca-municipal\\\/#primaryimage\"},\"thumbnailUrl\":\"https:\\\/\\\/www.altominho.tv\\\/site\\\/wp-content\\\/uploads\\\/2023\\\/08\\\/IMG_9364.jpg\",\"keywords\":[\"Cultura\",\"Sociedade\"],\"articleSection\":[\"Caminha\"],\"inLanguage\":\"pt-PT\",\"copyrightYear\":\"2023\",\"copyrightHolder\":{\"@id\":\"https:\\\/\\\/www.altominho.tv\\\/site\\\/#organization\"}},{\"@type\":\"WebPage\",\"@id\":\"https:\\\/\\\/www.altominho.tv\\\/site\\\/2023\\\/08\\\/11\\\/exposicao-primeiras-eleicoes-parlamentares-1822-esta-patente-na-biblioteca-municipal\\\/\",\"url\":\"https:\\\/\\\/www.altominho.tv\\\/site\\\/2023\\\/08\\\/11\\\/exposicao-primeiras-eleicoes-parlamentares-1822-esta-patente-na-biblioteca-municipal\\\/\",\"name\":\"Exposi\u00e7\u00e3o \\\"Primeiras Elei\u00e7\u00f5es Parlamentares 1822\\\" est\u00e1 patente na Biblioteca Municipal\",\"isPartOf\":{\"@id\":\"https:\\\/\\\/www.altominho.tv\\\/site\\\/#website\"},\"primaryImageOfPage\":{\"@id\":\"https:\\\/\\\/www.altominho.tv\\\/site\\\/2023\\\/08\\\/11\\\/exposicao-primeiras-eleicoes-parlamentares-1822-esta-patente-na-biblioteca-municipal\\\/#primaryimage\"},\"image\":{\"@id\":\"https:\\\/\\\/www.altominho.tv\\\/site\\\/2023\\\/08\\\/11\\\/exposicao-primeiras-eleicoes-parlamentares-1822-esta-patente-na-biblioteca-municipal\\\/#primaryimage\"},\"thumbnailUrl\":\"https:\\\/\\\/www.altominho.tv\\\/site\\\/wp-content\\\/uploads\\\/2023\\\/08\\\/IMG_9364.jpg\",\"datePublished\":\"2023-08-11T11:27:08+00:00\",\"dateModified\":\"2023-08-11T11:27:13+00:00\",\"author\":{\"@id\":\"https:\\\/\\\/www.altominho.tv\\\/site\\\/#\\\/schema\\\/person\\\/4e536851627d7914baf3dac752b6af22\"},\"description\":\"A exposi\u00e7\u00e3o \\\"Primeiras Elei\u00e7\u00f5es Parlamentares 1822\\\" est\u00e1 patente na Biblioteca Municipal de Caminha at\u00e9 ao final do m\u00eas de agosto, anunciou hoje a autarquia em comunicado.\",\"breadcrumb\":{\"@id\":\"https:\\\/\\\/www.altominho.tv\\\/site\\\/2023\\\/08\\\/11\\\/exposicao-primeiras-eleicoes-parlamentares-1822-esta-patente-na-biblioteca-municipal\\\/#breadcrumb\"},\"inLanguage\":\"pt-PT\",\"potentialAction\":[{\"@type\":\"ReadAction\",\"target\":[\"https:\\\/\\\/www.altominho.tv\\\/site\\\/2023\\\/08\\\/11\\\/exposicao-primeiras-eleicoes-parlamentares-1822-esta-patente-na-biblioteca-municipal\\\/\"]}]},{\"@type\":\"ImageObject\",\"inLanguage\":\"pt-PT\",\"@id\":\"https:\\\/\\\/www.altominho.tv\\\/site\\\/2023\\\/08\\\/11\\\/exposicao-primeiras-eleicoes-parlamentares-1822-esta-patente-na-biblioteca-municipal\\\/#primaryimage\",\"url\":\"https:\\\/\\\/www.altominho.tv\\\/site\\\/wp-content\\\/uploads\\\/2023\\\/08\\\/IMG_9364.jpg\",\"contentUrl\":\"https:\\\/\\\/www.altominho.tv\\\/site\\\/wp-content\\\/uploads\\\/2023\\\/08\\\/IMG_9364.jpg\",\"width\":1620,\"height\":1080},{\"@type\":\"BreadcrumbList\",\"@id\":\"https:\\\/\\\/www.altominho.tv\\\/site\\\/2023\\\/08\\\/11\\\/exposicao-primeiras-eleicoes-parlamentares-1822-esta-patente-na-biblioteca-municipal\\\/#breadcrumb\",\"itemListElement\":[{\"@type\":\"ListItem\",\"position\":1,\"name\":\"In\u00edcio\",\"item\":\"https:\\\/\\\/www.altominho.tv\\\/site\\\/\"},{\"@type\":\"ListItem\",\"position\":2,\"name\":\"Exposi\u00e7\u00e3o &#8220;Primeiras Elei\u00e7\u00f5es Parlamentares 1822&#8221; est\u00e1 patente na Biblioteca Municipal\"}]},{\"@type\":\"WebSite\",\"@id\":\"https:\\\/\\\/www.altominho.tv\\\/site\\\/#website\",\"url\":\"https:\\\/\\\/www.altominho.tv\\\/site\\\/\",\"name\":\"Altominho.tv\",\"description\":\"A sua regi\u00e3o \u00e0 dist\u00e2ncia de um clique...\",\"potentialAction\":[{\"@type\":\"SearchAction\",\"target\":{\"@type\":\"EntryPoint\",\"urlTemplate\":\"https:\\\/\\\/www.altominho.tv\\\/site\\\/?s={search_term_string}\"},\"query-input\":{\"@type\":\"PropertyValueSpecification\",\"valueRequired\":true,\"valueName\":\"search_term_string\"}}],\"inLanguage\":\"pt-PT\"},{\"@type\":\"Person\",\"@id\":\"https:\\\/\\\/www.altominho.tv\\\/site\\\/#\\\/schema\\\/person\\\/4e536851627d7914baf3dac752b6af22\",\"name\":\"Altominho.tv\",\"image\":{\"@type\":\"ImageObject\",\"inLanguage\":\"pt-PT\",\"@id\":\"https:\\\/\\\/www.altominho.tv\\\/site\\\/wp-content\\\/uploads\\\/2019\\\/11\\\/Logo_Avatar_2-150x150.jpg\",\"url\":\"https:\\\/\\\/www.altominho.tv\\\/site\\\/wp-content\\\/uploads\\\/2019\\\/11\\\/Logo_Avatar_2-150x150.jpg\",\"contentUrl\":\"https:\\\/\\\/www.altominho.tv\\\/site\\\/wp-content\\\/uploads\\\/2019\\\/11\\\/Logo_Avatar_2-150x150.jpg\",\"caption\":\"Altominho.tv\"},\"url\":\"https:\\\/\\\/www.altominho.tv\\\/site\\\/author\\\/altominhotv-tecnico\\\/\"}]}<\/script>\n<!-- \/ Yoast SEO Premium plugin. -->","yoast_head_json":{"title":"Exposi\u00e7\u00e3o \"Primeiras Elei\u00e7\u00f5es Parlamentares 1822\" est\u00e1 patente na Biblioteca Municipal","description":"A exposi\u00e7\u00e3o \"Primeiras Elei\u00e7\u00f5es Parlamentares 1822\" est\u00e1 patente na Biblioteca Municipal de Caminha at\u00e9 ao final do m\u00eas de agosto, anunciou hoje a autarquia em comunicado.","robots":{"index":"index","follow":"follow","max-snippet":"max-snippet:-1","max-image-preview":"max-image-preview:large","max-video-preview":"max-video-preview:-1"},"canonical":"https:\/\/www.altominho.tv\/site\/2023\/08\/11\/exposicao-primeiras-eleicoes-parlamentares-1822-esta-patente-na-biblioteca-municipal\/","og_locale":"pt_PT","og_type":"article","og_title":"Exposi\u00e7\u00e3o \"Primeiras Elei\u00e7\u00f5es Parlamentares 1822\" est\u00e1 patente na Biblioteca Municipal","og_description":"A exposi\u00e7\u00e3o \"Primeiras Elei\u00e7\u00f5es Parlamentares 1822\" est\u00e1 patente na Biblioteca Municipal de Caminha at\u00e9 ao final do m\u00eas de agosto, anunciou hoje a autarquia em comunicado.","og_url":"https:\/\/www.altominho.tv\/site\/2023\/08\/11\/exposicao-primeiras-eleicoes-parlamentares-1822-esta-patente-na-biblioteca-municipal\/","og_site_name":"Altominho.tv","article_publisher":"https:\/\/www.facebook.com\/altominhotv","article_published_time":"2023-08-11T11:27:08+00:00","article_modified_time":"2023-08-11T11:27:13+00:00","og_image":[{"width":1620,"height":1080,"url":"https:\/\/www.altominho.tv\/site\/wp-content\/uploads\/2023\/08\/IMG_9364.jpg","type":"image\/jpeg"}],"author":"Altominho.tv","twitter_card":"summary_large_image","twitter_creator":"@altominhoTV","twitter_site":"@altominhoTV","twitter_misc":{"Escrito por":"Altominho.tv","Tempo estimado de leitura":"3 minutos"},"schema":{"@context":"https:\/\/schema.org","@graph":[{"@type":"Article","@id":"https:\/\/www.altominho.tv\/site\/2023\/08\/11\/exposicao-primeiras-eleicoes-parlamentares-1822-esta-patente-na-biblioteca-municipal\/#article","isPartOf":{"@id":"https:\/\/www.altominho.tv\/site\/2023\/08\/11\/exposicao-primeiras-eleicoes-parlamentares-1822-esta-patente-na-biblioteca-municipal\/"},"author":{"name":"Altominho.tv","@id":"https:\/\/www.altominho.tv\/site\/#\/schema\/person\/4e536851627d7914baf3dac752b6af22"},"headline":"Exposi\u00e7\u00e3o &#8220;Primeiras Elei\u00e7\u00f5es Parlamentares 1822&#8221; est\u00e1 patente na Biblioteca Municipal","datePublished":"2023-08-11T11:27:08+00:00","dateModified":"2023-08-11T11:27:13+00:00","mainEntityOfPage":{"@id":"https:\/\/www.altominho.tv\/site\/2023\/08\/11\/exposicao-primeiras-eleicoes-parlamentares-1822-esta-patente-na-biblioteca-municipal\/"},"wordCount":569,"image":{"@id":"https:\/\/www.altominho.tv\/site\/2023\/08\/11\/exposicao-primeiras-eleicoes-parlamentares-1822-esta-patente-na-biblioteca-municipal\/#primaryimage"},"thumbnailUrl":"https:\/\/www.altominho.tv\/site\/wp-content\/uploads\/2023\/08\/IMG_9364.jpg","keywords":["Cultura","Sociedade"],"articleSection":["Caminha"],"inLanguage":"pt-PT","copyrightYear":"2023","copyrightHolder":{"@id":"https:\/\/www.altominho.tv\/site\/#organization"}},{"@type":"WebPage","@id":"https:\/\/www.altominho.tv\/site\/2023\/08\/11\/exposicao-primeiras-eleicoes-parlamentares-1822-esta-patente-na-biblioteca-municipal\/","url":"https:\/\/www.altominho.tv\/site\/2023\/08\/11\/exposicao-primeiras-eleicoes-parlamentares-1822-esta-patente-na-biblioteca-municipal\/","name":"Exposi\u00e7\u00e3o \"Primeiras Elei\u00e7\u00f5es Parlamentares 1822\" est\u00e1 patente na Biblioteca Municipal","isPartOf":{"@id":"https:\/\/www.altominho.tv\/site\/#website"},"primaryImageOfPage":{"@id":"https:\/\/www.altominho.tv\/site\/2023\/08\/11\/exposicao-primeiras-eleicoes-parlamentares-1822-esta-patente-na-biblioteca-municipal\/#primaryimage"},"image":{"@id":"https:\/\/www.altominho.tv\/site\/2023\/08\/11\/exposicao-primeiras-eleicoes-parlamentares-1822-esta-patente-na-biblioteca-municipal\/#primaryimage"},"thumbnailUrl":"https:\/\/www.altominho.tv\/site\/wp-content\/uploads\/2023\/08\/IMG_9364.jpg","datePublished":"2023-08-11T11:27:08+00:00","dateModified":"2023-08-11T11:27:13+00:00","author":{"@id":"https:\/\/www.altominho.tv\/site\/#\/schema\/person\/4e536851627d7914baf3dac752b6af22"},"description":"A exposi\u00e7\u00e3o \"Primeiras Elei\u00e7\u00f5es Parlamentares 1822\" est\u00e1 patente na Biblioteca Municipal de Caminha at\u00e9 ao final do m\u00eas de agosto, anunciou hoje a autarquia em comunicado.","breadcrumb":{"@id":"https:\/\/www.altominho.tv\/site\/2023\/08\/11\/exposicao-primeiras-eleicoes-parlamentares-1822-esta-patente-na-biblioteca-municipal\/#breadcrumb"},"inLanguage":"pt-PT","potentialAction":[{"@type":"ReadAction","target":["https:\/\/www.altominho.tv\/site\/2023\/08\/11\/exposicao-primeiras-eleicoes-parlamentares-1822-esta-patente-na-biblioteca-municipal\/"]}]},{"@type":"ImageObject","inLanguage":"pt-PT","@id":"https:\/\/www.altominho.tv\/site\/2023\/08\/11\/exposicao-primeiras-eleicoes-parlamentares-1822-esta-patente-na-biblioteca-municipal\/#primaryimage","url":"https:\/\/www.altominho.tv\/site\/wp-content\/uploads\/2023\/08\/IMG_9364.jpg","contentUrl":"https:\/\/www.altominho.tv\/site\/wp-content\/uploads\/2023\/08\/IMG_9364.jpg","width":1620,"height":1080},{"@type":"BreadcrumbList","@id":"https:\/\/www.altominho.tv\/site\/2023\/08\/11\/exposicao-primeiras-eleicoes-parlamentares-1822-esta-patente-na-biblioteca-municipal\/#breadcrumb","itemListElement":[{"@type":"ListItem","position":1,"name":"In\u00edcio","item":"https:\/\/www.altominho.tv\/site\/"},{"@type":"ListItem","position":2,"name":"Exposi\u00e7\u00e3o &#8220;Primeiras Elei\u00e7\u00f5es Parlamentares 1822&#8221; est\u00e1 patente na Biblioteca Municipal"}]},{"@type":"WebSite","@id":"https:\/\/www.altominho.tv\/site\/#website","url":"https:\/\/www.altominho.tv\/site\/","name":"Altominho.tv","description":"A sua regi\u00e3o \u00e0 dist\u00e2ncia de um clique...","potentialAction":[{"@type":"SearchAction","target":{"@type":"EntryPoint","urlTemplate":"https:\/\/www.altominho.tv\/site\/?s={search_term_string}"},"query-input":{"@type":"PropertyValueSpecification","valueRequired":true,"valueName":"search_term_string"}}],"inLanguage":"pt-PT"},{"@type":"Person","@id":"https:\/\/www.altominho.tv\/site\/#\/schema\/person\/4e536851627d7914baf3dac752b6af22","name":"Altominho.tv","image":{"@type":"ImageObject","inLanguage":"pt-PT","@id":"https:\/\/www.altominho.tv\/site\/wp-content\/uploads\/2019\/11\/Logo_Avatar_2-150x150.jpg","url":"https:\/\/www.altominho.tv\/site\/wp-content\/uploads\/2019\/11\/Logo_Avatar_2-150x150.jpg","contentUrl":"https:\/\/www.altominho.tv\/site\/wp-content\/uploads\/2019\/11\/Logo_Avatar_2-150x150.jpg","caption":"Altominho.tv"},"url":"https:\/\/www.altominho.tv\/site\/author\/altominhotv-tecnico\/"}]}},"_links":{"self":[{"href":"https:\/\/www.altominho.tv\/site\/wp-json\/wp\/v2\/posts\/95323","targetHints":{"allow":["GET"]}}],"collection":[{"href":"https:\/\/www.altominho.tv\/site\/wp-json\/wp\/v2\/posts"}],"about":[{"href":"https:\/\/www.altominho.tv\/site\/wp-json\/wp\/v2\/types\/post"}],"author":[{"embeddable":true,"href":"https:\/\/www.altominho.tv\/site\/wp-json\/wp\/v2\/users\/1"}],"replies":[{"embeddable":true,"href":"https:\/\/www.altominho.tv\/site\/wp-json\/wp\/v2\/comments?post=95323"}],"version-history":[{"count":1,"href":"https:\/\/www.altominho.tv\/site\/wp-json\/wp\/v2\/posts\/95323\/revisions"}],"predecessor-version":[{"id":95328,"href":"https:\/\/www.altominho.tv\/site\/wp-json\/wp\/v2\/posts\/95323\/revisions\/95328"}],"wp:featuredmedia":[{"embeddable":true,"href":"https:\/\/www.altominho.tv\/site\/wp-json\/wp\/v2\/media\/95327"}],"wp:attachment":[{"href":"https:\/\/www.altominho.tv\/site\/wp-json\/wp\/v2\/media?parent=95323"}],"wp:term":[{"taxonomy":"category","embeddable":true,"href":"https:\/\/www.altominho.tv\/site\/wp-json\/wp\/v2\/categories?post=95323"},{"taxonomy":"post_tag","embeddable":true,"href":"https:\/\/www.altominho.tv\/site\/wp-json\/wp\/v2\/tags?post=95323"}],"curies":[{"name":"wp","href":"https:\/\/api.w.org\/{rel}","templated":true}]}}