{"id":95285,"date":"2023-08-10T12:52:10","date_gmt":"2023-08-10T11:52:10","guid":{"rendered":"https:\/\/www.altominho.tv\/site\/?p=95285"},"modified":"2023-08-10T12:52:32","modified_gmt":"2023-08-10T11:52:32","slug":"camara-investe-em-transportes-publicos","status":"publish","type":"post","link":"https:\/\/www.altominho.tv\/site\/2023\/08\/10\/camara-investe-em-transportes-publicos\/","title":{"rendered":"C\u00e2mara investe em transportes p\u00fablicos"},"content":{"rendered":"<p>O Munic\u00edpio de Ponte da Barca investe, este ano, 350 mil euros para conseguir assegurar o servi\u00e7o de Transportes P\u00fablicos no Concelho, mantendo as 8 linhas de carreiras p\u00fablicas.<\/p>\n<p>Este encargo, que n\u00e3o existia, resulta da transfer\u00eancia de compet\u00eancias na \u00e1rea dos transportes, do governo para as autarquias. Deste montante, apenas 100 mil s\u00e3o assegurados pelo programa PART e PROTansP, tendo a autarquia de assegurar cerca de 250 mil euros.<\/p>\n<p>Tamb\u00e9m neste contexto, acresce ainda o encargo do munic\u00edpio com os transportes escolares que ascende aos 140 mil euros, mais os encargos com os circuitos especiais para transportes de alunos.<\/p>\n<p>Trata-se um um investimento que &#8220;aumenta a acessibilidade e que permite \u00e0 popula\u00e7\u00e3o um acesso facilitado a v\u00e1rios servi\u00e7os p\u00fablicos que se encontram sediados na vila, mas que representa um enorme esfor\u00e7o financeiro \u2013 cerca de meio milh\u00e3o de euros &#8211; para o munic\u00edpio, que tem um or\u00e7amento que fica muito aqu\u00e9m das necessidades&#8221; divulga a autarquia.<\/p>\n","protected":false},"excerpt":{"rendered":"<p>O Munic\u00edpio de Ponte da Barca investe, este ano, 350 mil euros para conseguir assegurar o servi\u00e7o de Transportes P\u00fablicos no Concelho, mantendo as 8 linhas de carreiras p\u00fablicas. Este encargo, que n\u00e3o existia, resulta da transfer\u00eancia de compet\u00eancias na \u00e1rea dos transportes, do governo para as autarquias. Deste montante, apenas 100 mil s\u00e3o assegurados [&hellip;]<\/p>\n","protected":false},"author":28,"featured_media":95286,"comment_status":"closed","ping_status":"closed","sticky":false,"template":"","format":"standard","meta":{"_exactmetrics_skip_tracking":false,"_exactmetrics_sitenote_active":false,"_exactmetrics_sitenote_note":"","_exactmetrics_sitenote_category":0,"footnotes":""},"categories":[11],"tags":[21,27],"class_list":["post-95285","post","type-post","status-publish","format-standard","has-post-thumbnail","hentry","category-ponte-da-barca","tag-economia","tag-sociedade"],"yoast_head":"<!-- This site is optimized with the Yoast SEO Premium plugin v27.5 (Yoast SEO v27.5) - https:\/\/yoast.com\/product\/yoast-seo-premium-wordpress\/ -->\n<title>C\u00e2mara investe em transportes p\u00fablicos<\/title>\n<meta name=\"description\" content=\"O Munic\u00edpio de Ponte da Barca investe, este ano, 350 mil euros para conseguir assegurar o servi\u00e7o de Transportes P\u00fablicos no Concelho, mantendo as 8 linhas de carreiras p\u00fablica\" \/>\n<meta name=\"robots\" content=\"index, follow, max-snippet:-1, max-image-preview:large, max-video-preview:-1\" \/>\n<link rel=\"canonical\" href=\"https:\/\/www.altominho.tv\/site\/2023\/08\/10\/camara-investe-em-transportes-publicos\/\" \/>\n<meta property=\"og:locale\" content=\"pt_PT\" \/>\n<meta property=\"og:type\" content=\"article\" \/>\n<meta property=\"og:title\" content=\"C\u00e2mara investe em transportes p\u00fablicos\" \/>\n<meta property=\"og:description\" content=\"O Munic\u00edpio de Ponte da Barca investe, este ano, 350 mil euros para conseguir assegurar o servi\u00e7o de Transportes P\u00fablicos no Concelho, mantendo as 8 linhas de carreiras p\u00fablica\" \/>\n<meta property=\"og:url\" content=\"https:\/\/www.altominho.tv\/site\/2023\/08\/10\/camara-investe-em-transportes-publicos\/\" \/>\n<meta property=\"og:site_name\" content=\"Altominho.tv\" \/>\n<meta property=\"article:publisher\" content=\"https:\/\/www.facebook.com\/altominhotv\" \/>\n<meta property=\"article:published_time\" content=\"2023-08-10T11:52:10+00:00\" \/>\n<meta property=\"article:modified_time\" content=\"2023-08-10T11:52:32+00:00\" \/>\n<meta property=\"og:image\" content=\"https:\/\/www.altominho.tv\/site\/wp-content\/uploads\/2023\/08\/autocarro.jpg\" \/>\n\t<meta property=\"og:image:width\" content=\"2000\" \/>\n\t<meta property=\"og:image:height\" content=\"1125\" \/>\n\t<meta property=\"og:image:type\" content=\"image\/jpeg\" \/>\n<meta name=\"author\" content=\"Beatriz Lira\" \/>\n<meta name=\"twitter:card\" content=\"summary_large_image\" \/>\n<meta name=\"twitter:creator\" content=\"@altominhoTV\" \/>\n<meta name=\"twitter:site\" content=\"@altominhoTV\" \/>\n<meta name=\"twitter:label1\" content=\"Escrito por\" \/>\n\t<meta name=\"twitter:data1\" content=\"Beatriz Lira\" \/>\n\t<meta name=\"twitter:label2\" content=\"Tempo estimado de leitura\" \/>\n\t<meta name=\"twitter:data2\" content=\"1 minuto\" \/>\n<script type=\"application\/ld+json\" class=\"yoast-schema-graph\">{\"@context\":\"https:\\\/\\\/schema.org\",\"@graph\":[{\"@type\":\"Article\",\"@id\":\"https:\\\/\\\/www.altominho.tv\\\/site\\\/2023\\\/08\\\/10\\\/camara-investe-em-transportes-publicos\\\/#article\",\"isPartOf\":{\"@id\":\"https:\\\/\\\/www.altominho.tv\\\/site\\\/2023\\\/08\\\/10\\\/camara-investe-em-transportes-publicos\\\/\"},\"author\":{\"name\":\"Beatriz Lira\",\"@id\":\"https:\\\/\\\/www.altominho.tv\\\/site\\\/#\\\/schema\\\/person\\\/f95a2097796cf4462fe1e476cddc40e4\"},\"headline\":\"C\u00e2mara investe em transportes p\u00fablicos\",\"datePublished\":\"2023-08-10T11:52:10+00:00\",\"dateModified\":\"2023-08-10T11:52:32+00:00\",\"mainEntityOfPage\":{\"@id\":\"https:\\\/\\\/www.altominho.tv\\\/site\\\/2023\\\/08\\\/10\\\/camara-investe-em-transportes-publicos\\\/\"},\"wordCount\":176,\"image\":{\"@id\":\"https:\\\/\\\/www.altominho.tv\\\/site\\\/2023\\\/08\\\/10\\\/camara-investe-em-transportes-publicos\\\/#primaryimage\"},\"thumbnailUrl\":\"https:\\\/\\\/www.altominho.tv\\\/site\\\/wp-content\\\/uploads\\\/2023\\\/08\\\/autocarro.jpg\",\"keywords\":[\"Economia\",\"Sociedade\"],\"articleSection\":[\"Ponte da Barca\"],\"inLanguage\":\"pt-PT\",\"copyrightYear\":\"2023\",\"copyrightHolder\":{\"@id\":\"https:\\\/\\\/www.altominho.tv\\\/site\\\/#organization\"}},{\"@type\":\"WebPage\",\"@id\":\"https:\\\/\\\/www.altominho.tv\\\/site\\\/2023\\\/08\\\/10\\\/camara-investe-em-transportes-publicos\\\/\",\"url\":\"https:\\\/\\\/www.altominho.tv\\\/site\\\/2023\\\/08\\\/10\\\/camara-investe-em-transportes-publicos\\\/\",\"name\":\"C\u00e2mara investe em transportes p\u00fablicos\",\"isPartOf\":{\"@id\":\"https:\\\/\\\/www.altominho.tv\\\/site\\\/#website\"},\"primaryImageOfPage\":{\"@id\":\"https:\\\/\\\/www.altominho.tv\\\/site\\\/2023\\\/08\\\/10\\\/camara-investe-em-transportes-publicos\\\/#primaryimage\"},\"image\":{\"@id\":\"https:\\\/\\\/www.altominho.tv\\\/site\\\/2023\\\/08\\\/10\\\/camara-investe-em-transportes-publicos\\\/#primaryimage\"},\"thumbnailUrl\":\"https:\\\/\\\/www.altominho.tv\\\/site\\\/wp-content\\\/uploads\\\/2023\\\/08\\\/autocarro.jpg\",\"datePublished\":\"2023-08-10T11:52:10+00:00\",\"dateModified\":\"2023-08-10T11:52:32+00:00\",\"author\":{\"@id\":\"https:\\\/\\\/www.altominho.tv\\\/site\\\/#\\\/schema\\\/person\\\/f95a2097796cf4462fe1e476cddc40e4\"},\"description\":\"O Munic\u00edpio de Ponte da Barca investe, este ano, 350 mil euros para conseguir assegurar o servi\u00e7o de Transportes P\u00fablicos no Concelho, mantendo as 8 linhas de carreiras p\u00fablica\",\"breadcrumb\":{\"@id\":\"https:\\\/\\\/www.altominho.tv\\\/site\\\/2023\\\/08\\\/10\\\/camara-investe-em-transportes-publicos\\\/#breadcrumb\"},\"inLanguage\":\"pt-PT\",\"potentialAction\":[{\"@type\":\"ReadAction\",\"target\":[\"https:\\\/\\\/www.altominho.tv\\\/site\\\/2023\\\/08\\\/10\\\/camara-investe-em-transportes-publicos\\\/\"]}]},{\"@type\":\"ImageObject\",\"inLanguage\":\"pt-PT\",\"@id\":\"https:\\\/\\\/www.altominho.tv\\\/site\\\/2023\\\/08\\\/10\\\/camara-investe-em-transportes-publicos\\\/#primaryimage\",\"url\":\"https:\\\/\\\/www.altominho.tv\\\/site\\\/wp-content\\\/uploads\\\/2023\\\/08\\\/autocarro.jpg\",\"contentUrl\":\"https:\\\/\\\/www.altominho.tv\\\/site\\\/wp-content\\\/uploads\\\/2023\\\/08\\\/autocarro.jpg\",\"width\":2000,\"height\":1125,\"caption\":\"The interior of a city bus with yellow holding rails\"},{\"@type\":\"BreadcrumbList\",\"@id\":\"https:\\\/\\\/www.altominho.tv\\\/site\\\/2023\\\/08\\\/10\\\/camara-investe-em-transportes-publicos\\\/#breadcrumb\",\"itemListElement\":[{\"@type\":\"ListItem\",\"position\":1,\"name\":\"In\u00edcio\",\"item\":\"https:\\\/\\\/www.altominho.tv\\\/site\\\/\"},{\"@type\":\"ListItem\",\"position\":2,\"name\":\"C\u00e2mara investe em transportes p\u00fablicos\"}]},{\"@type\":\"WebSite\",\"@id\":\"https:\\\/\\\/www.altominho.tv\\\/site\\\/#website\",\"url\":\"https:\\\/\\\/www.altominho.tv\\\/site\\\/\",\"name\":\"Altominho.tv\",\"description\":\"A sua regi\u00e3o \u00e0 dist\u00e2ncia de um clique...\",\"potentialAction\":[{\"@type\":\"SearchAction\",\"target\":{\"@type\":\"EntryPoint\",\"urlTemplate\":\"https:\\\/\\\/www.altominho.tv\\\/site\\\/?s={search_term_string}\"},\"query-input\":{\"@type\":\"PropertyValueSpecification\",\"valueRequired\":true,\"valueName\":\"search_term_string\"}}],\"inLanguage\":\"pt-PT\"},{\"@type\":\"Person\",\"@id\":\"https:\\\/\\\/www.altominho.tv\\\/site\\\/#\\\/schema\\\/person\\\/f95a2097796cf4462fe1e476cddc40e4\",\"name\":\"Beatriz Lira\",\"image\":{\"@type\":\"ImageObject\",\"inLanguage\":\"pt-PT\",\"@id\":\"https:\\\/\\\/www.altominho.tv\\\/site\\\/wp-content\\\/uploads\\\/2023\\\/03\\\/Screenshot_20230306-141220_Photos-150x150.jpg\",\"url\":\"https:\\\/\\\/www.altominho.tv\\\/site\\\/wp-content\\\/uploads\\\/2023\\\/03\\\/Screenshot_20230306-141220_Photos-150x150.jpg\",\"contentUrl\":\"https:\\\/\\\/www.altominho.tv\\\/site\\\/wp-content\\\/uploads\\\/2023\\\/03\\\/Screenshot_20230306-141220_Photos-150x150.jpg\",\"caption\":\"Beatriz Lira\"},\"url\":\"https:\\\/\\\/www.altominho.tv\\\/site\\\/author\\\/beatriz\\\/\"}]}<\/script>\n<!-- \/ Yoast SEO Premium plugin. -->","yoast_head_json":{"title":"C\u00e2mara investe em transportes p\u00fablicos","description":"O Munic\u00edpio de Ponte da Barca investe, este ano, 350 mil euros para conseguir assegurar o servi\u00e7o de Transportes P\u00fablicos no Concelho, mantendo as 8 linhas de carreiras p\u00fablica","robots":{"index":"index","follow":"follow","max-snippet":"max-snippet:-1","max-image-preview":"max-image-preview:large","max-video-preview":"max-video-preview:-1"},"canonical":"https:\/\/www.altominho.tv\/site\/2023\/08\/10\/camara-investe-em-transportes-publicos\/","og_locale":"pt_PT","og_type":"article","og_title":"C\u00e2mara investe em transportes p\u00fablicos","og_description":"O Munic\u00edpio de Ponte da Barca investe, este ano, 350 mil euros para conseguir assegurar o servi\u00e7o de Transportes P\u00fablicos no Concelho, mantendo as 8 linhas de carreiras p\u00fablica","og_url":"https:\/\/www.altominho.tv\/site\/2023\/08\/10\/camara-investe-em-transportes-publicos\/","og_site_name":"Altominho.tv","article_publisher":"https:\/\/www.facebook.com\/altominhotv","article_published_time":"2023-08-10T11:52:10+00:00","article_modified_time":"2023-08-10T11:52:32+00:00","og_image":[{"width":2000,"height":1125,"url":"https:\/\/www.altominho.tv\/site\/wp-content\/uploads\/2023\/08\/autocarro.jpg","type":"image\/jpeg"}],"author":"Beatriz Lira","twitter_card":"summary_large_image","twitter_creator":"@altominhoTV","twitter_site":"@altominhoTV","twitter_misc":{"Escrito por":"Beatriz Lira","Tempo estimado de leitura":"1 minuto"},"schema":{"@context":"https:\/\/schema.org","@graph":[{"@type":"Article","@id":"https:\/\/www.altominho.tv\/site\/2023\/08\/10\/camara-investe-em-transportes-publicos\/#article","isPartOf":{"@id":"https:\/\/www.altominho.tv\/site\/2023\/08\/10\/camara-investe-em-transportes-publicos\/"},"author":{"name":"Beatriz Lira","@id":"https:\/\/www.altominho.tv\/site\/#\/schema\/person\/f95a2097796cf4462fe1e476cddc40e4"},"headline":"C\u00e2mara investe em transportes p\u00fablicos","datePublished":"2023-08-10T11:52:10+00:00","dateModified":"2023-08-10T11:52:32+00:00","mainEntityOfPage":{"@id":"https:\/\/www.altominho.tv\/site\/2023\/08\/10\/camara-investe-em-transportes-publicos\/"},"wordCount":176,"image":{"@id":"https:\/\/www.altominho.tv\/site\/2023\/08\/10\/camara-investe-em-transportes-publicos\/#primaryimage"},"thumbnailUrl":"https:\/\/www.altominho.tv\/site\/wp-content\/uploads\/2023\/08\/autocarro.jpg","keywords":["Economia","Sociedade"],"articleSection":["Ponte da Barca"],"inLanguage":"pt-PT","copyrightYear":"2023","copyrightHolder":{"@id":"https:\/\/www.altominho.tv\/site\/#organization"}},{"@type":"WebPage","@id":"https:\/\/www.altominho.tv\/site\/2023\/08\/10\/camara-investe-em-transportes-publicos\/","url":"https:\/\/www.altominho.tv\/site\/2023\/08\/10\/camara-investe-em-transportes-publicos\/","name":"C\u00e2mara investe em transportes p\u00fablicos","isPartOf":{"@id":"https:\/\/www.altominho.tv\/site\/#website"},"primaryImageOfPage":{"@id":"https:\/\/www.altominho.tv\/site\/2023\/08\/10\/camara-investe-em-transportes-publicos\/#primaryimage"},"image":{"@id":"https:\/\/www.altominho.tv\/site\/2023\/08\/10\/camara-investe-em-transportes-publicos\/#primaryimage"},"thumbnailUrl":"https:\/\/www.altominho.tv\/site\/wp-content\/uploads\/2023\/08\/autocarro.jpg","datePublished":"2023-08-10T11:52:10+00:00","dateModified":"2023-08-10T11:52:32+00:00","author":{"@id":"https:\/\/www.altominho.tv\/site\/#\/schema\/person\/f95a2097796cf4462fe1e476cddc40e4"},"description":"O Munic\u00edpio de Ponte da Barca investe, este ano, 350 mil euros para conseguir assegurar o servi\u00e7o de Transportes P\u00fablicos no Concelho, mantendo as 8 linhas de carreiras p\u00fablica","breadcrumb":{"@id":"https:\/\/www.altominho.tv\/site\/2023\/08\/10\/camara-investe-em-transportes-publicos\/#breadcrumb"},"inLanguage":"pt-PT","potentialAction":[{"@type":"ReadAction","target":["https:\/\/www.altominho.tv\/site\/2023\/08\/10\/camara-investe-em-transportes-publicos\/"]}]},{"@type":"ImageObject","inLanguage":"pt-PT","@id":"https:\/\/www.altominho.tv\/site\/2023\/08\/10\/camara-investe-em-transportes-publicos\/#primaryimage","url":"https:\/\/www.altominho.tv\/site\/wp-content\/uploads\/2023\/08\/autocarro.jpg","contentUrl":"https:\/\/www.altominho.tv\/site\/wp-content\/uploads\/2023\/08\/autocarro.jpg","width":2000,"height":1125,"caption":"The interior of a city bus with yellow holding rails"},{"@type":"BreadcrumbList","@id":"https:\/\/www.altominho.tv\/site\/2023\/08\/10\/camara-investe-em-transportes-publicos\/#breadcrumb","itemListElement":[{"@type":"ListItem","position":1,"name":"In\u00edcio","item":"https:\/\/www.altominho.tv\/site\/"},{"@type":"ListItem","position":2,"name":"C\u00e2mara investe em transportes p\u00fablicos"}]},{"@type":"WebSite","@id":"https:\/\/www.altominho.tv\/site\/#website","url":"https:\/\/www.altominho.tv\/site\/","name":"Altominho.tv","description":"A sua regi\u00e3o \u00e0 dist\u00e2ncia de um clique...","potentialAction":[{"@type":"SearchAction","target":{"@type":"EntryPoint","urlTemplate":"https:\/\/www.altominho.tv\/site\/?s={search_term_string}"},"query-input":{"@type":"PropertyValueSpecification","valueRequired":true,"valueName":"search_term_string"}}],"inLanguage":"pt-PT"},{"@type":"Person","@id":"https:\/\/www.altominho.tv\/site\/#\/schema\/person\/f95a2097796cf4462fe1e476cddc40e4","name":"Beatriz Lira","image":{"@type":"ImageObject","inLanguage":"pt-PT","@id":"https:\/\/www.altominho.tv\/site\/wp-content\/uploads\/2023\/03\/Screenshot_20230306-141220_Photos-150x150.jpg","url":"https:\/\/www.altominho.tv\/site\/wp-content\/uploads\/2023\/03\/Screenshot_20230306-141220_Photos-150x150.jpg","contentUrl":"https:\/\/www.altominho.tv\/site\/wp-content\/uploads\/2023\/03\/Screenshot_20230306-141220_Photos-150x150.jpg","caption":"Beatriz Lira"},"url":"https:\/\/www.altominho.tv\/site\/author\/beatriz\/"}]}},"_links":{"self":[{"href":"https:\/\/www.altominho.tv\/site\/wp-json\/wp\/v2\/posts\/95285","targetHints":{"allow":["GET"]}}],"collection":[{"href":"https:\/\/www.altominho.tv\/site\/wp-json\/wp\/v2\/posts"}],"about":[{"href":"https:\/\/www.altominho.tv\/site\/wp-json\/wp\/v2\/types\/post"}],"author":[{"embeddable":true,"href":"https:\/\/www.altominho.tv\/site\/wp-json\/wp\/v2\/users\/28"}],"replies":[{"embeddable":true,"href":"https:\/\/www.altominho.tv\/site\/wp-json\/wp\/v2\/comments?post=95285"}],"version-history":[{"count":2,"href":"https:\/\/www.altominho.tv\/site\/wp-json\/wp\/v2\/posts\/95285\/revisions"}],"predecessor-version":[{"id":95288,"href":"https:\/\/www.altominho.tv\/site\/wp-json\/wp\/v2\/posts\/95285\/revisions\/95288"}],"wp:featuredmedia":[{"embeddable":true,"href":"https:\/\/www.altominho.tv\/site\/wp-json\/wp\/v2\/media\/95286"}],"wp:attachment":[{"href":"https:\/\/www.altominho.tv\/site\/wp-json\/wp\/v2\/media?parent=95285"}],"wp:term":[{"taxonomy":"category","embeddable":true,"href":"https:\/\/www.altominho.tv\/site\/wp-json\/wp\/v2\/categories?post=95285"},{"taxonomy":"post_tag","embeddable":true,"href":"https:\/\/www.altominho.tv\/site\/wp-json\/wp\/v2\/tags?post=95285"}],"curies":[{"name":"wp","href":"https:\/\/api.w.org\/{rel}","templated":true}]}}