{"id":95282,"date":"2023-08-10T12:30:21","date_gmt":"2023-08-10T11:30:21","guid":{"rendered":"https:\/\/www.altominho.tv\/site\/?p=95282"},"modified":"2023-08-10T12:30:25","modified_gmt":"2023-08-10T11:30:25","slug":"dia-aberto-agosto-no-museu-bienal-cerveira-promove-oficinas-criativa-para-toda-familia","status":"publish","type":"post","link":"https:\/\/www.altominho.tv\/site\/2023\/08\/10\/dia-aberto-agosto-no-museu-bienal-cerveira-promove-oficinas-criativa-para-toda-familia\/","title":{"rendered":"Dia Aberto de agosto no Museu Bienal de Cerveira promove oficinas criativas para toda a fam\u00edlia"},"content":{"rendered":"<p>O pr\u00f3ximo &#8220;Dia Aberto no Museu Bienal de Cerveira&#8221; \u00e9 dedicado a toda a fam\u00edlia. Para al\u00e9m do acesso gratuito aos espa\u00e7os expositivos, no s\u00e1bado, dia 12 de agosto, a Funda\u00e7\u00e3o Bienal de Arte de Cerveira (FBAC) vai promover oficinas criativas de linogravura, anunciou hoje a FBAC.<\/p>\n<p>No \u00e2mbito do\u00a01\u00ba Ciclo de exposi\u00e7\u00f5es de 2023, a Funda\u00e7\u00e3o Bienal de Arte de Cerveira est\u00e1 a promover a iniciativa &#8220;Dias Abertos no Museu Bienal de Cerveira&#8221; um s\u00e1bado por m\u00eas. Trata-se de um programa de ativa\u00e7\u00e3o de atividades paralelas \u00e0s exposi\u00e7\u00f5es patentes, que tem como objetivo &#8220;trabalhar o di\u00e1logo com a comunidade, atrav\u00e9s da literacia pelas Artes, da media\u00e7\u00e3o cultural e do contacto direto com os artistas&#8221;.<\/p>\n<p>No pr\u00f3ximo s\u00e1bado, as fam\u00edlias ter\u00e3o oportunidade de conhecer as oficinas do F\u00f3rum Cultural de Cerveira e aprender a trabalhar a t\u00e9cnica da linogravura. A linografia ou linogravura &#8220;consiste numa t\u00e9cnica de impress\u00e3o que utiliza o lin\u00f3leo como matriz&#8221;.<\/p>\n<p>&#8220;Embora, inicialmente, o lin\u00f3leo tenha sido utilizado como uma alternativa \u00e0 madeira na xilografia, com o tempo, tornou-se uma t\u00e9cnica pr\u00f3pria, e \u00e9 frequentemente utilizada para criar ilustra\u00e7\u00f5es, cartazes e arte impressa em geral&#8221;.<\/p>\n<p>Atrav\u00e9s da experimenta\u00e7\u00e3o art\u00edstica, esta a iniciativa pretende &#8220;incentivar o regresso \u00e0s disciplinas art\u00edsticas manuais, ao desenvolvimento da motricidade, \u00e0 criatividade, \u00e0 imagina\u00e7\u00e3o e \u00e0 descoberta&#8221;.<\/p>\n<p>A participa\u00e7\u00e3o no programa \u00e9 gratuita, bem como o acesso aos espa\u00e7os expositivos. A FBAC integra a Rede Portuguesa de Arte Contempor\u00e2nea e \u00e9 uma estrutura financiada pela Rep\u00fablica Portuguesa \u2013 Cultura \/ Dire\u00e7\u00e3o-Geral das Artes.<\/p>\n","protected":false},"excerpt":{"rendered":"<p>O pr\u00f3ximo &#8220;Dia Aberto no Museu Bienal de Cerveira&#8221; \u00e9 dedicado a toda a fam\u00edlia. Para al\u00e9m do acesso gratuito aos espa\u00e7os expositivos, no s\u00e1bado, dia 12 de agosto, a Funda\u00e7\u00e3o Bienal de Arte de Cerveira (FBAC) vai promover oficinas criativas de linogravura, anunciou hoje a FBAC. No \u00e2mbito do\u00a01\u00ba Ciclo de exposi\u00e7\u00f5es de 2023, [&hellip;]<\/p>\n","protected":false},"author":1,"featured_media":95283,"comment_status":"closed","ping_status":"closed","sticky":false,"template":"","format":"standard","meta":{"_exactmetrics_skip_tracking":false,"_exactmetrics_sitenote_active":false,"_exactmetrics_sitenote_note":"","_exactmetrics_sitenote_category":0,"footnotes":""},"categories":[15],"tags":[24,27],"class_list":["post-95282","post","type-post","status-publish","format-standard","has-post-thumbnail","hentry","category-vila-nova-de-cerveira","tag-lazer","tag-sociedade"],"yoast_head":"<!-- This site is optimized with the Yoast SEO Premium plugin v27.5 (Yoast SEO v27.5) - https:\/\/yoast.com\/product\/yoast-seo-premium-wordpress\/ -->\n<title>Dia Aberto de agosto no Museu Bienal de Cerveira promove oficinas criativas para toda a fam\u00edlia<\/title>\n<meta name=\"description\" content=\"O pr\u00f3ximo &quot;Dia Aberto no Museu Bienal de Cerveira&quot; \u00e9 dedicado a toda a fam\u00edlia. Para al\u00e9m do acesso gratuito aos espa\u00e7os expositivos, no s\u00e1bado, dia 12 de agosto, a Funda\u00e7\u00e3o Bienal de Arte de Cerveira (FBAC) vai promover oficinas criativas de linogravura, anunciou hoje a FBAC.\" \/>\n<meta name=\"robots\" content=\"index, follow, max-snippet:-1, max-image-preview:large, max-video-preview:-1\" \/>\n<link rel=\"canonical\" href=\"https:\/\/www.altominho.tv\/site\/2023\/08\/10\/dia-aberto-agosto-no-museu-bienal-cerveira-promove-oficinas-criativa-para-toda-familia\/\" \/>\n<meta property=\"og:locale\" content=\"pt_PT\" \/>\n<meta property=\"og:type\" content=\"article\" \/>\n<meta property=\"og:title\" content=\"Dia Aberto de agosto no Museu Bienal de Cerveira promove oficinas criativas para toda a fam\u00edlia\" \/>\n<meta property=\"og:description\" content=\"O pr\u00f3ximo &quot;Dia Aberto no Museu Bienal de Cerveira&quot; \u00e9 dedicado a toda a fam\u00edlia. Para al\u00e9m do acesso gratuito aos espa\u00e7os expositivos, no s\u00e1bado, dia 12 de agosto, a Funda\u00e7\u00e3o Bienal de Arte de Cerveira (FBAC) vai promover oficinas criativas de linogravura, anunciou hoje a FBAC.\" \/>\n<meta property=\"og:url\" content=\"https:\/\/www.altominho.tv\/site\/2023\/08\/10\/dia-aberto-agosto-no-museu-bienal-cerveira-promove-oficinas-criativa-para-toda-familia\/\" \/>\n<meta property=\"og:site_name\" content=\"Altominho.tv\" \/>\n<meta property=\"article:publisher\" content=\"https:\/\/www.facebook.com\/altominhotv\" \/>\n<meta property=\"article:published_time\" content=\"2023-08-10T11:30:21+00:00\" \/>\n<meta property=\"article:modified_time\" content=\"2023-08-10T11:30:25+00:00\" \/>\n<meta property=\"og:image\" content=\"https:\/\/www.altominho.tv\/site\/wp-content\/uploads\/2023\/08\/Museu-Bienal-de-Cerveira.jpg\" \/>\n\t<meta property=\"og:image:width\" content=\"1200\" \/>\n\t<meta property=\"og:image:height\" content=\"675\" \/>\n\t<meta property=\"og:image:type\" content=\"image\/jpeg\" \/>\n<meta name=\"author\" content=\"Altominho.tv\" \/>\n<meta name=\"twitter:card\" content=\"summary_large_image\" \/>\n<meta name=\"twitter:creator\" content=\"@altominhoTV\" \/>\n<meta name=\"twitter:site\" content=\"@altominhoTV\" \/>\n<meta name=\"twitter:label1\" content=\"Escrito por\" \/>\n\t<meta name=\"twitter:data1\" content=\"Altominho.tv\" \/>\n\t<meta name=\"twitter:label2\" content=\"Tempo estimado de leitura\" \/>\n\t<meta name=\"twitter:data2\" content=\"2 minutos\" \/>\n<script type=\"application\/ld+json\" class=\"yoast-schema-graph\">{\"@context\":\"https:\\\/\\\/schema.org\",\"@graph\":[{\"@type\":\"Article\",\"@id\":\"https:\\\/\\\/www.altominho.tv\\\/site\\\/2023\\\/08\\\/10\\\/dia-aberto-agosto-no-museu-bienal-cerveira-promove-oficinas-criativa-para-toda-familia\\\/#article\",\"isPartOf\":{\"@id\":\"https:\\\/\\\/www.altominho.tv\\\/site\\\/2023\\\/08\\\/10\\\/dia-aberto-agosto-no-museu-bienal-cerveira-promove-oficinas-criativa-para-toda-familia\\\/\"},\"author\":{\"name\":\"Altominho.tv\",\"@id\":\"https:\\\/\\\/www.altominho.tv\\\/site\\\/#\\\/schema\\\/person\\\/4e536851627d7914baf3dac752b6af22\"},\"headline\":\"Dia Aberto de agosto no Museu Bienal de Cerveira promove oficinas criativas para toda a fam\u00edlia\",\"datePublished\":\"2023-08-10T11:30:21+00:00\",\"dateModified\":\"2023-08-10T11:30:25+00:00\",\"mainEntityOfPage\":{\"@id\":\"https:\\\/\\\/www.altominho.tv\\\/site\\\/2023\\\/08\\\/10\\\/dia-aberto-agosto-no-museu-bienal-cerveira-promove-oficinas-criativa-para-toda-familia\\\/\"},\"wordCount\":293,\"image\":{\"@id\":\"https:\\\/\\\/www.altominho.tv\\\/site\\\/2023\\\/08\\\/10\\\/dia-aberto-agosto-no-museu-bienal-cerveira-promove-oficinas-criativa-para-toda-familia\\\/#primaryimage\"},\"thumbnailUrl\":\"https:\\\/\\\/www.altominho.tv\\\/site\\\/wp-content\\\/uploads\\\/2023\\\/08\\\/Museu-Bienal-de-Cerveira.jpg\",\"keywords\":[\"Lazer\",\"Sociedade\"],\"articleSection\":[\"Vila Nova de Cerveira\"],\"inLanguage\":\"pt-PT\",\"copyrightYear\":\"2023\",\"copyrightHolder\":{\"@id\":\"https:\\\/\\\/www.altominho.tv\\\/site\\\/#organization\"}},{\"@type\":\"WebPage\",\"@id\":\"https:\\\/\\\/www.altominho.tv\\\/site\\\/2023\\\/08\\\/10\\\/dia-aberto-agosto-no-museu-bienal-cerveira-promove-oficinas-criativa-para-toda-familia\\\/\",\"url\":\"https:\\\/\\\/www.altominho.tv\\\/site\\\/2023\\\/08\\\/10\\\/dia-aberto-agosto-no-museu-bienal-cerveira-promove-oficinas-criativa-para-toda-familia\\\/\",\"name\":\"Dia Aberto de agosto no Museu Bienal de Cerveira promove oficinas criativas para toda a fam\u00edlia\",\"isPartOf\":{\"@id\":\"https:\\\/\\\/www.altominho.tv\\\/site\\\/#website\"},\"primaryImageOfPage\":{\"@id\":\"https:\\\/\\\/www.altominho.tv\\\/site\\\/2023\\\/08\\\/10\\\/dia-aberto-agosto-no-museu-bienal-cerveira-promove-oficinas-criativa-para-toda-familia\\\/#primaryimage\"},\"image\":{\"@id\":\"https:\\\/\\\/www.altominho.tv\\\/site\\\/2023\\\/08\\\/10\\\/dia-aberto-agosto-no-museu-bienal-cerveira-promove-oficinas-criativa-para-toda-familia\\\/#primaryimage\"},\"thumbnailUrl\":\"https:\\\/\\\/www.altominho.tv\\\/site\\\/wp-content\\\/uploads\\\/2023\\\/08\\\/Museu-Bienal-de-Cerveira.jpg\",\"datePublished\":\"2023-08-10T11:30:21+00:00\",\"dateModified\":\"2023-08-10T11:30:25+00:00\",\"author\":{\"@id\":\"https:\\\/\\\/www.altominho.tv\\\/site\\\/#\\\/schema\\\/person\\\/4e536851627d7914baf3dac752b6af22\"},\"description\":\"O pr\u00f3ximo \\\"Dia Aberto no Museu Bienal de Cerveira\\\" \u00e9 dedicado a toda a fam\u00edlia. Para al\u00e9m do acesso gratuito aos espa\u00e7os expositivos, no s\u00e1bado, dia 12 de agosto, a Funda\u00e7\u00e3o Bienal de Arte de Cerveira (FBAC) vai promover oficinas criativas de linogravura, anunciou hoje a FBAC.\",\"breadcrumb\":{\"@id\":\"https:\\\/\\\/www.altominho.tv\\\/site\\\/2023\\\/08\\\/10\\\/dia-aberto-agosto-no-museu-bienal-cerveira-promove-oficinas-criativa-para-toda-familia\\\/#breadcrumb\"},\"inLanguage\":\"pt-PT\",\"potentialAction\":[{\"@type\":\"ReadAction\",\"target\":[\"https:\\\/\\\/www.altominho.tv\\\/site\\\/2023\\\/08\\\/10\\\/dia-aberto-agosto-no-museu-bienal-cerveira-promove-oficinas-criativa-para-toda-familia\\\/\"]}]},{\"@type\":\"ImageObject\",\"inLanguage\":\"pt-PT\",\"@id\":\"https:\\\/\\\/www.altominho.tv\\\/site\\\/2023\\\/08\\\/10\\\/dia-aberto-agosto-no-museu-bienal-cerveira-promove-oficinas-criativa-para-toda-familia\\\/#primaryimage\",\"url\":\"https:\\\/\\\/www.altominho.tv\\\/site\\\/wp-content\\\/uploads\\\/2023\\\/08\\\/Museu-Bienal-de-Cerveira.jpg\",\"contentUrl\":\"https:\\\/\\\/www.altominho.tv\\\/site\\\/wp-content\\\/uploads\\\/2023\\\/08\\\/Museu-Bienal-de-Cerveira.jpg\",\"width\":1200,\"height\":675},{\"@type\":\"BreadcrumbList\",\"@id\":\"https:\\\/\\\/www.altominho.tv\\\/site\\\/2023\\\/08\\\/10\\\/dia-aberto-agosto-no-museu-bienal-cerveira-promove-oficinas-criativa-para-toda-familia\\\/#breadcrumb\",\"itemListElement\":[{\"@type\":\"ListItem\",\"position\":1,\"name\":\"In\u00edcio\",\"item\":\"https:\\\/\\\/www.altominho.tv\\\/site\\\/\"},{\"@type\":\"ListItem\",\"position\":2,\"name\":\"Dia Aberto de agosto no Museu Bienal de Cerveira promove oficinas criativas para toda a fam\u00edlia\"}]},{\"@type\":\"WebSite\",\"@id\":\"https:\\\/\\\/www.altominho.tv\\\/site\\\/#website\",\"url\":\"https:\\\/\\\/www.altominho.tv\\\/site\\\/\",\"name\":\"Altominho.tv\",\"description\":\"A sua regi\u00e3o \u00e0 dist\u00e2ncia de um clique...\",\"potentialAction\":[{\"@type\":\"SearchAction\",\"target\":{\"@type\":\"EntryPoint\",\"urlTemplate\":\"https:\\\/\\\/www.altominho.tv\\\/site\\\/?s={search_term_string}\"},\"query-input\":{\"@type\":\"PropertyValueSpecification\",\"valueRequired\":true,\"valueName\":\"search_term_string\"}}],\"inLanguage\":\"pt-PT\"},{\"@type\":\"Person\",\"@id\":\"https:\\\/\\\/www.altominho.tv\\\/site\\\/#\\\/schema\\\/person\\\/4e536851627d7914baf3dac752b6af22\",\"name\":\"Altominho.tv\",\"image\":{\"@type\":\"ImageObject\",\"inLanguage\":\"pt-PT\",\"@id\":\"https:\\\/\\\/www.altominho.tv\\\/site\\\/wp-content\\\/uploads\\\/2019\\\/11\\\/Logo_Avatar_2-150x150.jpg\",\"url\":\"https:\\\/\\\/www.altominho.tv\\\/site\\\/wp-content\\\/uploads\\\/2019\\\/11\\\/Logo_Avatar_2-150x150.jpg\",\"contentUrl\":\"https:\\\/\\\/www.altominho.tv\\\/site\\\/wp-content\\\/uploads\\\/2019\\\/11\\\/Logo_Avatar_2-150x150.jpg\",\"caption\":\"Altominho.tv\"},\"url\":\"https:\\\/\\\/www.altominho.tv\\\/site\\\/author\\\/altominhotv-tecnico\\\/\"}]}<\/script>\n<!-- \/ Yoast SEO Premium plugin. -->","yoast_head_json":{"title":"Dia Aberto de agosto no Museu Bienal de Cerveira promove oficinas criativas para toda a fam\u00edlia","description":"O pr\u00f3ximo \"Dia Aberto no Museu Bienal de Cerveira\" \u00e9 dedicado a toda a fam\u00edlia. Para al\u00e9m do acesso gratuito aos espa\u00e7os expositivos, no s\u00e1bado, dia 12 de agosto, a Funda\u00e7\u00e3o Bienal de Arte de Cerveira (FBAC) vai promover oficinas criativas de linogravura, anunciou hoje a FBAC.","robots":{"index":"index","follow":"follow","max-snippet":"max-snippet:-1","max-image-preview":"max-image-preview:large","max-video-preview":"max-video-preview:-1"},"canonical":"https:\/\/www.altominho.tv\/site\/2023\/08\/10\/dia-aberto-agosto-no-museu-bienal-cerveira-promove-oficinas-criativa-para-toda-familia\/","og_locale":"pt_PT","og_type":"article","og_title":"Dia Aberto de agosto no Museu Bienal de Cerveira promove oficinas criativas para toda a fam\u00edlia","og_description":"O pr\u00f3ximo \"Dia Aberto no Museu Bienal de Cerveira\" \u00e9 dedicado a toda a fam\u00edlia. Para al\u00e9m do acesso gratuito aos espa\u00e7os expositivos, no s\u00e1bado, dia 12 de agosto, a Funda\u00e7\u00e3o Bienal de Arte de Cerveira (FBAC) vai promover oficinas criativas de linogravura, anunciou hoje a FBAC.","og_url":"https:\/\/www.altominho.tv\/site\/2023\/08\/10\/dia-aberto-agosto-no-museu-bienal-cerveira-promove-oficinas-criativa-para-toda-familia\/","og_site_name":"Altominho.tv","article_publisher":"https:\/\/www.facebook.com\/altominhotv","article_published_time":"2023-08-10T11:30:21+00:00","article_modified_time":"2023-08-10T11:30:25+00:00","og_image":[{"width":1200,"height":675,"url":"https:\/\/www.altominho.tv\/site\/wp-content\/uploads\/2023\/08\/Museu-Bienal-de-Cerveira.jpg","type":"image\/jpeg"}],"author":"Altominho.tv","twitter_card":"summary_large_image","twitter_creator":"@altominhoTV","twitter_site":"@altominhoTV","twitter_misc":{"Escrito por":"Altominho.tv","Tempo estimado de leitura":"2 minutos"},"schema":{"@context":"https:\/\/schema.org","@graph":[{"@type":"Article","@id":"https:\/\/www.altominho.tv\/site\/2023\/08\/10\/dia-aberto-agosto-no-museu-bienal-cerveira-promove-oficinas-criativa-para-toda-familia\/#article","isPartOf":{"@id":"https:\/\/www.altominho.tv\/site\/2023\/08\/10\/dia-aberto-agosto-no-museu-bienal-cerveira-promove-oficinas-criativa-para-toda-familia\/"},"author":{"name":"Altominho.tv","@id":"https:\/\/www.altominho.tv\/site\/#\/schema\/person\/4e536851627d7914baf3dac752b6af22"},"headline":"Dia Aberto de agosto no Museu Bienal de Cerveira promove oficinas criativas para toda a fam\u00edlia","datePublished":"2023-08-10T11:30:21+00:00","dateModified":"2023-08-10T11:30:25+00:00","mainEntityOfPage":{"@id":"https:\/\/www.altominho.tv\/site\/2023\/08\/10\/dia-aberto-agosto-no-museu-bienal-cerveira-promove-oficinas-criativa-para-toda-familia\/"},"wordCount":293,"image":{"@id":"https:\/\/www.altominho.tv\/site\/2023\/08\/10\/dia-aberto-agosto-no-museu-bienal-cerveira-promove-oficinas-criativa-para-toda-familia\/#primaryimage"},"thumbnailUrl":"https:\/\/www.altominho.tv\/site\/wp-content\/uploads\/2023\/08\/Museu-Bienal-de-Cerveira.jpg","keywords":["Lazer","Sociedade"],"articleSection":["Vila Nova de Cerveira"],"inLanguage":"pt-PT","copyrightYear":"2023","copyrightHolder":{"@id":"https:\/\/www.altominho.tv\/site\/#organization"}},{"@type":"WebPage","@id":"https:\/\/www.altominho.tv\/site\/2023\/08\/10\/dia-aberto-agosto-no-museu-bienal-cerveira-promove-oficinas-criativa-para-toda-familia\/","url":"https:\/\/www.altominho.tv\/site\/2023\/08\/10\/dia-aberto-agosto-no-museu-bienal-cerveira-promove-oficinas-criativa-para-toda-familia\/","name":"Dia Aberto de agosto no Museu Bienal de Cerveira promove oficinas criativas para toda a fam\u00edlia","isPartOf":{"@id":"https:\/\/www.altominho.tv\/site\/#website"},"primaryImageOfPage":{"@id":"https:\/\/www.altominho.tv\/site\/2023\/08\/10\/dia-aberto-agosto-no-museu-bienal-cerveira-promove-oficinas-criativa-para-toda-familia\/#primaryimage"},"image":{"@id":"https:\/\/www.altominho.tv\/site\/2023\/08\/10\/dia-aberto-agosto-no-museu-bienal-cerveira-promove-oficinas-criativa-para-toda-familia\/#primaryimage"},"thumbnailUrl":"https:\/\/www.altominho.tv\/site\/wp-content\/uploads\/2023\/08\/Museu-Bienal-de-Cerveira.jpg","datePublished":"2023-08-10T11:30:21+00:00","dateModified":"2023-08-10T11:30:25+00:00","author":{"@id":"https:\/\/www.altominho.tv\/site\/#\/schema\/person\/4e536851627d7914baf3dac752b6af22"},"description":"O pr\u00f3ximo \"Dia Aberto no Museu Bienal de Cerveira\" \u00e9 dedicado a toda a fam\u00edlia. Para al\u00e9m do acesso gratuito aos espa\u00e7os expositivos, no s\u00e1bado, dia 12 de agosto, a Funda\u00e7\u00e3o Bienal de Arte de Cerveira (FBAC) vai promover oficinas criativas de linogravura, anunciou hoje a FBAC.","breadcrumb":{"@id":"https:\/\/www.altominho.tv\/site\/2023\/08\/10\/dia-aberto-agosto-no-museu-bienal-cerveira-promove-oficinas-criativa-para-toda-familia\/#breadcrumb"},"inLanguage":"pt-PT","potentialAction":[{"@type":"ReadAction","target":["https:\/\/www.altominho.tv\/site\/2023\/08\/10\/dia-aberto-agosto-no-museu-bienal-cerveira-promove-oficinas-criativa-para-toda-familia\/"]}]},{"@type":"ImageObject","inLanguage":"pt-PT","@id":"https:\/\/www.altominho.tv\/site\/2023\/08\/10\/dia-aberto-agosto-no-museu-bienal-cerveira-promove-oficinas-criativa-para-toda-familia\/#primaryimage","url":"https:\/\/www.altominho.tv\/site\/wp-content\/uploads\/2023\/08\/Museu-Bienal-de-Cerveira.jpg","contentUrl":"https:\/\/www.altominho.tv\/site\/wp-content\/uploads\/2023\/08\/Museu-Bienal-de-Cerveira.jpg","width":1200,"height":675},{"@type":"BreadcrumbList","@id":"https:\/\/www.altominho.tv\/site\/2023\/08\/10\/dia-aberto-agosto-no-museu-bienal-cerveira-promove-oficinas-criativa-para-toda-familia\/#breadcrumb","itemListElement":[{"@type":"ListItem","position":1,"name":"In\u00edcio","item":"https:\/\/www.altominho.tv\/site\/"},{"@type":"ListItem","position":2,"name":"Dia Aberto de agosto no Museu Bienal de Cerveira promove oficinas criativas para toda a fam\u00edlia"}]},{"@type":"WebSite","@id":"https:\/\/www.altominho.tv\/site\/#website","url":"https:\/\/www.altominho.tv\/site\/","name":"Altominho.tv","description":"A sua regi\u00e3o \u00e0 dist\u00e2ncia de um clique...","potentialAction":[{"@type":"SearchAction","target":{"@type":"EntryPoint","urlTemplate":"https:\/\/www.altominho.tv\/site\/?s={search_term_string}"},"query-input":{"@type":"PropertyValueSpecification","valueRequired":true,"valueName":"search_term_string"}}],"inLanguage":"pt-PT"},{"@type":"Person","@id":"https:\/\/www.altominho.tv\/site\/#\/schema\/person\/4e536851627d7914baf3dac752b6af22","name":"Altominho.tv","image":{"@type":"ImageObject","inLanguage":"pt-PT","@id":"https:\/\/www.altominho.tv\/site\/wp-content\/uploads\/2019\/11\/Logo_Avatar_2-150x150.jpg","url":"https:\/\/www.altominho.tv\/site\/wp-content\/uploads\/2019\/11\/Logo_Avatar_2-150x150.jpg","contentUrl":"https:\/\/www.altominho.tv\/site\/wp-content\/uploads\/2019\/11\/Logo_Avatar_2-150x150.jpg","caption":"Altominho.tv"},"url":"https:\/\/www.altominho.tv\/site\/author\/altominhotv-tecnico\/"}]}},"_links":{"self":[{"href":"https:\/\/www.altominho.tv\/site\/wp-json\/wp\/v2\/posts\/95282","targetHints":{"allow":["GET"]}}],"collection":[{"href":"https:\/\/www.altominho.tv\/site\/wp-json\/wp\/v2\/posts"}],"about":[{"href":"https:\/\/www.altominho.tv\/site\/wp-json\/wp\/v2\/types\/post"}],"author":[{"embeddable":true,"href":"https:\/\/www.altominho.tv\/site\/wp-json\/wp\/v2\/users\/1"}],"replies":[{"embeddable":true,"href":"https:\/\/www.altominho.tv\/site\/wp-json\/wp\/v2\/comments?post=95282"}],"version-history":[{"count":1,"href":"https:\/\/www.altominho.tv\/site\/wp-json\/wp\/v2\/posts\/95282\/revisions"}],"predecessor-version":[{"id":95284,"href":"https:\/\/www.altominho.tv\/site\/wp-json\/wp\/v2\/posts\/95282\/revisions\/95284"}],"wp:featuredmedia":[{"embeddable":true,"href":"https:\/\/www.altominho.tv\/site\/wp-json\/wp\/v2\/media\/95283"}],"wp:attachment":[{"href":"https:\/\/www.altominho.tv\/site\/wp-json\/wp\/v2\/media?parent=95282"}],"wp:term":[{"taxonomy":"category","embeddable":true,"href":"https:\/\/www.altominho.tv\/site\/wp-json\/wp\/v2\/categories?post=95282"},{"taxonomy":"post_tag","embeddable":true,"href":"https:\/\/www.altominho.tv\/site\/wp-json\/wp\/v2\/tags?post=95282"}],"curies":[{"name":"wp","href":"https:\/\/api.w.org\/{rel}","templated":true}]}}