{"id":95236,"date":"2023-08-09T12:17:17","date_gmt":"2023-08-09T11:17:17","guid":{"rendered":"https:\/\/www.altominho.tv\/site\/?p=95236"},"modified":"2023-08-09T12:17:20","modified_gmt":"2023-08-09T11:17:20","slug":"dinheiro-do-governo-para-prejuizos-do-mau-tempo-nao-chegou-a-caminha","status":"publish","type":"post","link":"https:\/\/www.altominho.tv\/site\/2023\/08\/09\/dinheiro-do-governo-para-prejuizos-do-mau-tempo-nao-chegou-a-caminha\/","title":{"rendered":"Caminha: Dinheiro prometido pelo Governo para preju\u00edzos do mau tempo ainda n\u00e3o chegou"},"content":{"rendered":"<p>O presidente da C\u00e2mara de Caminha (PS) alertou hoje que continua sem chegar ao concelho o dinheiro prometido pelo Governo para recuperar os preju\u00edzos do mau tempo de 1 de janeiro que se fez sentir na regi\u00e3o.<\/p>\n<p>\u201cO dinheiro para recuperar preju\u00edzos das intemp\u00e9ries continua sem chegar\u201d, criticou Rui Lages, em declara\u00e7\u00f5es \u00e0 Lusa.<\/p>\n<p>O presidente daquela autarquia do distrito de Viana do Castelo notou que ainda nem houve resposta \u00e0s candidaturas apresentadas para financiamento dos preju\u00edzos, que no concelho s\u00e3o superiores a \u201c13 milh\u00f5es de euros\u201d.<\/p>\n<p>\u201cPassados sete meses, o Estado n\u00e3o deu resposta \u00e0 popula\u00e7\u00e3o. N\u00e3o se sabe que candidaturas foram aprovadas, se chega o dinheiro ou quando chega\u201d, lamentou o autarca.<\/p>\n<p>Perante a entrada no m\u00eas de agosto sem informa\u00e7\u00f5es sobre o financiamento, aquele munic\u00edpio do Alto Minho que teve os preju\u00edzos mais avultados na intemp\u00e9rie de 01 de janeiro contactou o minist\u00e9rio da Coes\u00e3o Territorial \u201ca 1 de agosto\u201d, mas est\u00e1 \u201cat\u00e9 hoje sem resposta\u201d.<\/p>\n<p>\u201cEstamos em agosto sem saber quando lan\u00e7ar os concursos. A perspetiva, perante o atraso do processo, \u00e9 que as obras, a avan\u00e7ar, sejam nos meses de outubro, novembro ou dezembro, de maior dificuldade de progress\u00e3o da empreitada\u201d, alertou.<\/p>\n<p>\u201cN\u00e3o sei se o que candidatei foi aprovado, quando \u00e9 que o dinheiro chega, nada\u201d, sublinhou, explicando que a c\u00e2mara n\u00e3o consegue avan\u00e7ar com repara\u00e7\u00f5es de 13 milh\u00f5es de euros.<\/p>\n<p>Ainda em janeiro, ap\u00f3s a reuni\u00e3o do Conselho de Ministros, a ministra da Coes\u00e3o Territorial indicou existirem, por todo o pa\u00eds, preju\u00edzos de 293 milh\u00f5es de euros devido \u00e0 chuva intensa de dezembro e janeiro, referindo que o Governo ia conceder apoios de 185 milh\u00f5es de euros.<\/p>\n<p>O presidente da C\u00e2mara de Caminha criticou que a repara\u00e7\u00e3o da rede vi\u00e1ria florestal tenha ficado de fora dos apoios do Estado, notando que, no concelho, os preju\u00edzos naquelas infraestruturas foram de um milh\u00e3o de euros.<br \/>\n\u201cA rede vi\u00e1ria florestal n\u00e3o foi considerada eleg\u00edvel nas candidaturas abertas pelo Governo\u201d, disse.<\/p>\n<p>A autarquia tem tentado reparar \u201cos tro\u00e7os mais importantes\u201d, mas considera que, perante \u201cum inc\u00eandio de m\u00e9dia ou grande dimens\u00e3o, a agiliza\u00e7\u00e3o do combate n\u00e3o estar\u00e1 t\u00e3o facilitada\u201d.<\/p>\n<p>\u201cA popula\u00e7\u00e3o n\u00e3o est\u00e1 desprotegida, pois estamos, dentro das nossas possibilidades, a tentar minimizar a situa\u00e7\u00e3o, intervindo nos tro\u00e7os mais importantes. Mas a acessibilidade mais r\u00e1pida e franca que existia antes est\u00e1 agora mais condicionada\u201d, descreveu.<\/p>\n<p>Segundo o autarca, \u201cgrandes \u00e1reas da rede vi\u00e1ria florestal ficaram inacess\u00edveis, inoperacionais ou com dificuldade de transposi\u00e7\u00e3o\u201d.<\/p>\n<p>A Comunidade Intermunicipal (CIM) no Alto Minho contabilizou, no in\u00edcio de janeiro, em 20 milh\u00f5es de euros os preju\u00edzos provocados pelo mau tempo no primeiro dia do ano.<\/p>\n<p>Tamb\u00e9m em janeiro, o presidente da Comiss\u00e3o de Coordena\u00e7\u00e3o e Desenvolvimento Regional do Norte (CCDR-N) contabilizou os preju\u00edzos causados pelo mau tempo em dezembro e janeiro nos 60,5 milh\u00f5es de euros, excluindo o setor privado.<\/p>\n<p>A Lusa contactou a CCDR-N e o minist\u00e9rio da Coes\u00e3o Territorial, mas at\u00e9 ao momento n\u00e3o recebeu resposta.<\/p>\n","protected":false},"excerpt":{"rendered":"<p>O presidente da C\u00e2mara de Caminha (PS) alertou hoje que continua sem chegar ao concelho o dinheiro prometido pelo Governo para recuperar os preju\u00edzos do mau tempo de 1 de janeiro que se fez sentir na regi\u00e3o. \u201cO dinheiro para recuperar preju\u00edzos das intemp\u00e9ries continua sem chegar\u201d, criticou Rui Lages, em declara\u00e7\u00f5es \u00e0 Lusa. O [&hellip;]<\/p>\n","protected":false},"author":13,"featured_media":87796,"comment_status":"closed","ping_status":"closed","sticky":false,"template":"","format":"standard","meta":{"_exactmetrics_skip_tracking":false,"_exactmetrics_sitenote_active":false,"_exactmetrics_sitenote_note":"","_exactmetrics_sitenote_category":0,"footnotes":""},"categories":[7],"tags":[27],"class_list":["post-95236","post","type-post","status-publish","format-standard","has-post-thumbnail","hentry","category-caminha","tag-sociedade"],"yoast_head":"<!-- This site is optimized with the Yoast SEO Premium plugin v27.4 (Yoast SEO v27.4) - https:\/\/yoast.com\/product\/yoast-seo-premium-wordpress\/ -->\n<title>Caminha: Dinheiro prometido pelo Governo para preju\u00edzos do mau tempo ainda n\u00e3o chegou<\/title>\n<meta name=\"description\" content=\"O presidente da C\u00e2mara de Caminha (PS) alertou hoje que continua sem chegar ao concelho o dinheiro prometido pelo Governo para recuperar os preju\u00edzos do mau tempo de 1 de janeiro que se fez sentir na regi\u00e3o.\" \/>\n<meta name=\"robots\" content=\"index, follow, max-snippet:-1, max-image-preview:large, max-video-preview:-1\" \/>\n<link rel=\"canonical\" href=\"https:\/\/www.altominho.tv\/site\/2023\/08\/09\/dinheiro-do-governo-para-prejuizos-do-mau-tempo-nao-chegou-a-caminha\/\" \/>\n<meta property=\"og:locale\" content=\"pt_PT\" \/>\n<meta property=\"og:type\" content=\"article\" \/>\n<meta property=\"og:title\" content=\"Caminha: Dinheiro prometido pelo Governo para preju\u00edzos do mau tempo ainda n\u00e3o chegou\" \/>\n<meta property=\"og:description\" content=\"O presidente da C\u00e2mara de Caminha (PS) alertou hoje que continua sem chegar ao concelho o dinheiro prometido pelo Governo para recuperar os preju\u00edzos do mau tempo de 1 de janeiro que se fez sentir na regi\u00e3o.\" \/>\n<meta property=\"og:url\" content=\"https:\/\/www.altominho.tv\/site\/2023\/08\/09\/dinheiro-do-governo-para-prejuizos-do-mau-tempo-nao-chegou-a-caminha\/\" \/>\n<meta property=\"og:site_name\" content=\"Altominho.tv\" \/>\n<meta property=\"article:publisher\" content=\"https:\/\/www.facebook.com\/altominhotv\" \/>\n<meta property=\"article:published_time\" content=\"2023-08-09T11:17:17+00:00\" \/>\n<meta property=\"article:modified_time\" content=\"2023-08-09T11:17:20+00:00\" \/>\n<meta property=\"og:image\" content=\"https:\/\/www.altominho.tv\/site\/wp-content\/uploads\/2023\/01\/Mau-tempo-1.jpg\" \/>\n\t<meta property=\"og:image:width\" content=\"927\" \/>\n\t<meta property=\"og:image:height\" content=\"521\" \/>\n\t<meta property=\"og:image:type\" content=\"image\/jpeg\" \/>\n<meta name=\"author\" content=\"Lusa\" \/>\n<meta name=\"twitter:card\" content=\"summary_large_image\" \/>\n<meta name=\"twitter:creator\" content=\"@altominhoTV\" \/>\n<meta name=\"twitter:site\" content=\"@altominhoTV\" \/>\n<meta name=\"twitter:label1\" content=\"Escrito por\" \/>\n\t<meta name=\"twitter:data1\" content=\"Lusa\" \/>\n\t<meta name=\"twitter:label2\" content=\"Tempo estimado de leitura\" \/>\n\t<meta name=\"twitter:data2\" content=\"3 minutos\" \/>\n<script type=\"application\/ld+json\" class=\"yoast-schema-graph\">{\"@context\":\"https:\\\/\\\/schema.org\",\"@graph\":[{\"@type\":\"Article\",\"@id\":\"https:\\\/\\\/www.altominho.tv\\\/site\\\/2023\\\/08\\\/09\\\/dinheiro-do-governo-para-prejuizos-do-mau-tempo-nao-chegou-a-caminha\\\/#article\",\"isPartOf\":{\"@id\":\"https:\\\/\\\/www.altominho.tv\\\/site\\\/2023\\\/08\\\/09\\\/dinheiro-do-governo-para-prejuizos-do-mau-tempo-nao-chegou-a-caminha\\\/\"},\"author\":{\"name\":\"Lusa\",\"@id\":\"https:\\\/\\\/www.altominho.tv\\\/site\\\/#\\\/schema\\\/person\\\/63f693da3e1899361cbe955c46f3232e\"},\"headline\":\"Caminha: Dinheiro prometido pelo Governo para preju\u00edzos do mau tempo ainda n\u00e3o chegou\",\"datePublished\":\"2023-08-09T11:17:17+00:00\",\"dateModified\":\"2023-08-09T11:17:20+00:00\",\"mainEntityOfPage\":{\"@id\":\"https:\\\/\\\/www.altominho.tv\\\/site\\\/2023\\\/08\\\/09\\\/dinheiro-do-governo-para-prejuizos-do-mau-tempo-nao-chegou-a-caminha\\\/\"},\"wordCount\":556,\"image\":{\"@id\":\"https:\\\/\\\/www.altominho.tv\\\/site\\\/2023\\\/08\\\/09\\\/dinheiro-do-governo-para-prejuizos-do-mau-tempo-nao-chegou-a-caminha\\\/#primaryimage\"},\"thumbnailUrl\":\"https:\\\/\\\/www.altominho.tv\\\/site\\\/wp-content\\\/uploads\\\/2023\\\/01\\\/Mau-tempo-1.jpg\",\"keywords\":[\"Sociedade\"],\"articleSection\":[\"Caminha\"],\"inLanguage\":\"pt-PT\",\"copyrightYear\":\"2023\",\"copyrightHolder\":{\"@id\":\"https:\\\/\\\/www.altominho.tv\\\/site\\\/#organization\"}},{\"@type\":\"WebPage\",\"@id\":\"https:\\\/\\\/www.altominho.tv\\\/site\\\/2023\\\/08\\\/09\\\/dinheiro-do-governo-para-prejuizos-do-mau-tempo-nao-chegou-a-caminha\\\/\",\"url\":\"https:\\\/\\\/www.altominho.tv\\\/site\\\/2023\\\/08\\\/09\\\/dinheiro-do-governo-para-prejuizos-do-mau-tempo-nao-chegou-a-caminha\\\/\",\"name\":\"Caminha: Dinheiro prometido pelo Governo para preju\u00edzos do mau tempo ainda n\u00e3o chegou\",\"isPartOf\":{\"@id\":\"https:\\\/\\\/www.altominho.tv\\\/site\\\/#website\"},\"primaryImageOfPage\":{\"@id\":\"https:\\\/\\\/www.altominho.tv\\\/site\\\/2023\\\/08\\\/09\\\/dinheiro-do-governo-para-prejuizos-do-mau-tempo-nao-chegou-a-caminha\\\/#primaryimage\"},\"image\":{\"@id\":\"https:\\\/\\\/www.altominho.tv\\\/site\\\/2023\\\/08\\\/09\\\/dinheiro-do-governo-para-prejuizos-do-mau-tempo-nao-chegou-a-caminha\\\/#primaryimage\"},\"thumbnailUrl\":\"https:\\\/\\\/www.altominho.tv\\\/site\\\/wp-content\\\/uploads\\\/2023\\\/01\\\/Mau-tempo-1.jpg\",\"datePublished\":\"2023-08-09T11:17:17+00:00\",\"dateModified\":\"2023-08-09T11:17:20+00:00\",\"author\":{\"@id\":\"https:\\\/\\\/www.altominho.tv\\\/site\\\/#\\\/schema\\\/person\\\/63f693da3e1899361cbe955c46f3232e\"},\"description\":\"O presidente da C\u00e2mara de Caminha (PS) alertou hoje que continua sem chegar ao concelho o dinheiro prometido pelo Governo para recuperar os preju\u00edzos do mau tempo de 1 de janeiro que se fez sentir na regi\u00e3o.\",\"breadcrumb\":{\"@id\":\"https:\\\/\\\/www.altominho.tv\\\/site\\\/2023\\\/08\\\/09\\\/dinheiro-do-governo-para-prejuizos-do-mau-tempo-nao-chegou-a-caminha\\\/#breadcrumb\"},\"inLanguage\":\"pt-PT\",\"potentialAction\":[{\"@type\":\"ReadAction\",\"target\":[\"https:\\\/\\\/www.altominho.tv\\\/site\\\/2023\\\/08\\\/09\\\/dinheiro-do-governo-para-prejuizos-do-mau-tempo-nao-chegou-a-caminha\\\/\"]}]},{\"@type\":\"ImageObject\",\"inLanguage\":\"pt-PT\",\"@id\":\"https:\\\/\\\/www.altominho.tv\\\/site\\\/2023\\\/08\\\/09\\\/dinheiro-do-governo-para-prejuizos-do-mau-tempo-nao-chegou-a-caminha\\\/#primaryimage\",\"url\":\"https:\\\/\\\/www.altominho.tv\\\/site\\\/wp-content\\\/uploads\\\/2023\\\/01\\\/Mau-tempo-1.jpg\",\"contentUrl\":\"https:\\\/\\\/www.altominho.tv\\\/site\\\/wp-content\\\/uploads\\\/2023\\\/01\\\/Mau-tempo-1.jpg\",\"width\":927,\"height\":521},{\"@type\":\"BreadcrumbList\",\"@id\":\"https:\\\/\\\/www.altominho.tv\\\/site\\\/2023\\\/08\\\/09\\\/dinheiro-do-governo-para-prejuizos-do-mau-tempo-nao-chegou-a-caminha\\\/#breadcrumb\",\"itemListElement\":[{\"@type\":\"ListItem\",\"position\":1,\"name\":\"In\u00edcio\",\"item\":\"https:\\\/\\\/www.altominho.tv\\\/site\\\/\"},{\"@type\":\"ListItem\",\"position\":2,\"name\":\"Caminha: Dinheiro prometido pelo Governo para preju\u00edzos do mau tempo ainda n\u00e3o chegou\"}]},{\"@type\":\"WebSite\",\"@id\":\"https:\\\/\\\/www.altominho.tv\\\/site\\\/#website\",\"url\":\"https:\\\/\\\/www.altominho.tv\\\/site\\\/\",\"name\":\"Altominho.tv\",\"description\":\"A sua regi\u00e3o \u00e0 dist\u00e2ncia de um clique...\",\"potentialAction\":[{\"@type\":\"SearchAction\",\"target\":{\"@type\":\"EntryPoint\",\"urlTemplate\":\"https:\\\/\\\/www.altominho.tv\\\/site\\\/?s={search_term_string}\"},\"query-input\":{\"@type\":\"PropertyValueSpecification\",\"valueRequired\":true,\"valueName\":\"search_term_string\"}}],\"inLanguage\":\"pt-PT\"},{\"@type\":\"Person\",\"@id\":\"https:\\\/\\\/www.altominho.tv\\\/site\\\/#\\\/schema\\\/person\\\/63f693da3e1899361cbe955c46f3232e\",\"name\":\"Lusa\",\"image\":{\"@type\":\"ImageObject\",\"inLanguage\":\"pt-PT\",\"@id\":\"https:\\\/\\\/www.altominho.tv\\\/site\\\/wp-content\\\/uploads\\\/2019\\\/08\\\/LUSA_Logo.gif\",\"url\":\"https:\\\/\\\/www.altominho.tv\\\/site\\\/wp-content\\\/uploads\\\/2019\\\/08\\\/LUSA_Logo.gif\",\"contentUrl\":\"https:\\\/\\\/www.altominho.tv\\\/site\\\/wp-content\\\/uploads\\\/2019\\\/08\\\/LUSA_Logo.gif\",\"caption\":\"Lusa\"},\"sameAs\":[\"http:\\\/\\\/\\\/\\\/www.altominho.tv\\\/site\"],\"url\":\"https:\\\/\\\/www.altominho.tv\\\/site\\\/author\\\/lusa\\\/\"}]}<\/script>\n<!-- \/ Yoast SEO Premium plugin. -->","yoast_head_json":{"title":"Caminha: Dinheiro prometido pelo Governo para preju\u00edzos do mau tempo ainda n\u00e3o chegou","description":"O presidente da C\u00e2mara de Caminha (PS) alertou hoje que continua sem chegar ao concelho o dinheiro prometido pelo Governo para recuperar os preju\u00edzos do mau tempo de 1 de janeiro que se fez sentir na regi\u00e3o.","robots":{"index":"index","follow":"follow","max-snippet":"max-snippet:-1","max-image-preview":"max-image-preview:large","max-video-preview":"max-video-preview:-1"},"canonical":"https:\/\/www.altominho.tv\/site\/2023\/08\/09\/dinheiro-do-governo-para-prejuizos-do-mau-tempo-nao-chegou-a-caminha\/","og_locale":"pt_PT","og_type":"article","og_title":"Caminha: Dinheiro prometido pelo Governo para preju\u00edzos do mau tempo ainda n\u00e3o chegou","og_description":"O presidente da C\u00e2mara de Caminha (PS) alertou hoje que continua sem chegar ao concelho o dinheiro prometido pelo Governo para recuperar os preju\u00edzos do mau tempo de 1 de janeiro que se fez sentir na regi\u00e3o.","og_url":"https:\/\/www.altominho.tv\/site\/2023\/08\/09\/dinheiro-do-governo-para-prejuizos-do-mau-tempo-nao-chegou-a-caminha\/","og_site_name":"Altominho.tv","article_publisher":"https:\/\/www.facebook.com\/altominhotv","article_published_time":"2023-08-09T11:17:17+00:00","article_modified_time":"2023-08-09T11:17:20+00:00","og_image":[{"width":927,"height":521,"url":"https:\/\/www.altominho.tv\/site\/wp-content\/uploads\/2023\/01\/Mau-tempo-1.jpg","type":"image\/jpeg"}],"author":"Lusa","twitter_card":"summary_large_image","twitter_creator":"@altominhoTV","twitter_site":"@altominhoTV","twitter_misc":{"Escrito por":"Lusa","Tempo estimado de leitura":"3 minutos"},"schema":{"@context":"https:\/\/schema.org","@graph":[{"@type":"Article","@id":"https:\/\/www.altominho.tv\/site\/2023\/08\/09\/dinheiro-do-governo-para-prejuizos-do-mau-tempo-nao-chegou-a-caminha\/#article","isPartOf":{"@id":"https:\/\/www.altominho.tv\/site\/2023\/08\/09\/dinheiro-do-governo-para-prejuizos-do-mau-tempo-nao-chegou-a-caminha\/"},"author":{"name":"Lusa","@id":"https:\/\/www.altominho.tv\/site\/#\/schema\/person\/63f693da3e1899361cbe955c46f3232e"},"headline":"Caminha: Dinheiro prometido pelo Governo para preju\u00edzos do mau tempo ainda n\u00e3o chegou","datePublished":"2023-08-09T11:17:17+00:00","dateModified":"2023-08-09T11:17:20+00:00","mainEntityOfPage":{"@id":"https:\/\/www.altominho.tv\/site\/2023\/08\/09\/dinheiro-do-governo-para-prejuizos-do-mau-tempo-nao-chegou-a-caminha\/"},"wordCount":556,"image":{"@id":"https:\/\/www.altominho.tv\/site\/2023\/08\/09\/dinheiro-do-governo-para-prejuizos-do-mau-tempo-nao-chegou-a-caminha\/#primaryimage"},"thumbnailUrl":"https:\/\/www.altominho.tv\/site\/wp-content\/uploads\/2023\/01\/Mau-tempo-1.jpg","keywords":["Sociedade"],"articleSection":["Caminha"],"inLanguage":"pt-PT","copyrightYear":"2023","copyrightHolder":{"@id":"https:\/\/www.altominho.tv\/site\/#organization"}},{"@type":"WebPage","@id":"https:\/\/www.altominho.tv\/site\/2023\/08\/09\/dinheiro-do-governo-para-prejuizos-do-mau-tempo-nao-chegou-a-caminha\/","url":"https:\/\/www.altominho.tv\/site\/2023\/08\/09\/dinheiro-do-governo-para-prejuizos-do-mau-tempo-nao-chegou-a-caminha\/","name":"Caminha: Dinheiro prometido pelo Governo para preju\u00edzos do mau tempo ainda n\u00e3o chegou","isPartOf":{"@id":"https:\/\/www.altominho.tv\/site\/#website"},"primaryImageOfPage":{"@id":"https:\/\/www.altominho.tv\/site\/2023\/08\/09\/dinheiro-do-governo-para-prejuizos-do-mau-tempo-nao-chegou-a-caminha\/#primaryimage"},"image":{"@id":"https:\/\/www.altominho.tv\/site\/2023\/08\/09\/dinheiro-do-governo-para-prejuizos-do-mau-tempo-nao-chegou-a-caminha\/#primaryimage"},"thumbnailUrl":"https:\/\/www.altominho.tv\/site\/wp-content\/uploads\/2023\/01\/Mau-tempo-1.jpg","datePublished":"2023-08-09T11:17:17+00:00","dateModified":"2023-08-09T11:17:20+00:00","author":{"@id":"https:\/\/www.altominho.tv\/site\/#\/schema\/person\/63f693da3e1899361cbe955c46f3232e"},"description":"O presidente da C\u00e2mara de Caminha (PS) alertou hoje que continua sem chegar ao concelho o dinheiro prometido pelo Governo para recuperar os preju\u00edzos do mau tempo de 1 de janeiro que se fez sentir na regi\u00e3o.","breadcrumb":{"@id":"https:\/\/www.altominho.tv\/site\/2023\/08\/09\/dinheiro-do-governo-para-prejuizos-do-mau-tempo-nao-chegou-a-caminha\/#breadcrumb"},"inLanguage":"pt-PT","potentialAction":[{"@type":"ReadAction","target":["https:\/\/www.altominho.tv\/site\/2023\/08\/09\/dinheiro-do-governo-para-prejuizos-do-mau-tempo-nao-chegou-a-caminha\/"]}]},{"@type":"ImageObject","inLanguage":"pt-PT","@id":"https:\/\/www.altominho.tv\/site\/2023\/08\/09\/dinheiro-do-governo-para-prejuizos-do-mau-tempo-nao-chegou-a-caminha\/#primaryimage","url":"https:\/\/www.altominho.tv\/site\/wp-content\/uploads\/2023\/01\/Mau-tempo-1.jpg","contentUrl":"https:\/\/www.altominho.tv\/site\/wp-content\/uploads\/2023\/01\/Mau-tempo-1.jpg","width":927,"height":521},{"@type":"BreadcrumbList","@id":"https:\/\/www.altominho.tv\/site\/2023\/08\/09\/dinheiro-do-governo-para-prejuizos-do-mau-tempo-nao-chegou-a-caminha\/#breadcrumb","itemListElement":[{"@type":"ListItem","position":1,"name":"In\u00edcio","item":"https:\/\/www.altominho.tv\/site\/"},{"@type":"ListItem","position":2,"name":"Caminha: Dinheiro prometido pelo Governo para preju\u00edzos do mau tempo ainda n\u00e3o chegou"}]},{"@type":"WebSite","@id":"https:\/\/www.altominho.tv\/site\/#website","url":"https:\/\/www.altominho.tv\/site\/","name":"Altominho.tv","description":"A sua regi\u00e3o \u00e0 dist\u00e2ncia de um clique...","potentialAction":[{"@type":"SearchAction","target":{"@type":"EntryPoint","urlTemplate":"https:\/\/www.altominho.tv\/site\/?s={search_term_string}"},"query-input":{"@type":"PropertyValueSpecification","valueRequired":true,"valueName":"search_term_string"}}],"inLanguage":"pt-PT"},{"@type":"Person","@id":"https:\/\/www.altominho.tv\/site\/#\/schema\/person\/63f693da3e1899361cbe955c46f3232e","name":"Lusa","image":{"@type":"ImageObject","inLanguage":"pt-PT","@id":"https:\/\/www.altominho.tv\/site\/wp-content\/uploads\/2019\/08\/LUSA_Logo.gif","url":"https:\/\/www.altominho.tv\/site\/wp-content\/uploads\/2019\/08\/LUSA_Logo.gif","contentUrl":"https:\/\/www.altominho.tv\/site\/wp-content\/uploads\/2019\/08\/LUSA_Logo.gif","caption":"Lusa"},"sameAs":["http:\/\/\/\/www.altominho.tv\/site"],"url":"https:\/\/www.altominho.tv\/site\/author\/lusa\/"}]}},"_links":{"self":[{"href":"https:\/\/www.altominho.tv\/site\/wp-json\/wp\/v2\/posts\/95236","targetHints":{"allow":["GET"]}}],"collection":[{"href":"https:\/\/www.altominho.tv\/site\/wp-json\/wp\/v2\/posts"}],"about":[{"href":"https:\/\/www.altominho.tv\/site\/wp-json\/wp\/v2\/types\/post"}],"author":[{"embeddable":true,"href":"https:\/\/www.altominho.tv\/site\/wp-json\/wp\/v2\/users\/13"}],"replies":[{"embeddable":true,"href":"https:\/\/www.altominho.tv\/site\/wp-json\/wp\/v2\/comments?post=95236"}],"version-history":[{"count":1,"href":"https:\/\/www.altominho.tv\/site\/wp-json\/wp\/v2\/posts\/95236\/revisions"}],"predecessor-version":[{"id":95237,"href":"https:\/\/www.altominho.tv\/site\/wp-json\/wp\/v2\/posts\/95236\/revisions\/95237"}],"wp:featuredmedia":[{"embeddable":true,"href":"https:\/\/www.altominho.tv\/site\/wp-json\/wp\/v2\/media\/87796"}],"wp:attachment":[{"href":"https:\/\/www.altominho.tv\/site\/wp-json\/wp\/v2\/media?parent=95236"}],"wp:term":[{"taxonomy":"category","embeddable":true,"href":"https:\/\/www.altominho.tv\/site\/wp-json\/wp\/v2\/categories?post=95236"},{"taxonomy":"post_tag","embeddable":true,"href":"https:\/\/www.altominho.tv\/site\/wp-json\/wp\/v2\/tags?post=95236"}],"curies":[{"name":"wp","href":"https:\/\/api.w.org\/{rel}","templated":true}]}}