{"id":95229,"date":"2023-08-09T12:03:19","date_gmt":"2023-08-09T11:03:19","guid":{"rendered":"https:\/\/www.altominho.tv\/site\/?p=95229"},"modified":"2023-08-09T12:03:23","modified_gmt":"2023-08-09T11:03:23","slug":"sonic-blast-2023-arranca-hoje-com-warm-up-party","status":"publish","type":"post","link":"https:\/\/www.altominho.tv\/site\/2023\/08\/09\/sonic-blast-2023-arranca-hoje-com-warm-up-party\/","title":{"rendered":"Sonic Blast 2023 arranca hoje com &#8220;warm up party&#8221;"},"content":{"rendered":"\n<p>Os primeiros festivaleiros come\u00e7am a chegar a Vila Praia de \u00c2ncora e as bilheteiras abrem hoje para que os bilhetes possam ser trocados pelas pulseiras que d\u00e3o acesso ao Sonic Blast Festival 2023. <\/p>\n\n\n\n<p>As expetativas s\u00e3o altas devido ao facto de, no ano passado, 5 mil pessoas vindas de v\u00e1rios cantos do mundo, esgotaram rapidamente a lota\u00e7\u00e3o.<\/p>\n\n\n\n<p>O Sonic Blast conta com uma \u201cwarm up party\u201d que come\u00e7a hoje. O festival tem a dura\u00e7\u00e3o de tr\u00eas dias, dia 10, 11 e 12 de agosto. <\/p>\n\n\n\n<p>Com organiza\u00e7\u00e3o da \u201cGarboyl Lives\u201d e parceria da C\u00e2mara Municipal de Caminha, Junta de Freguesia de \u00c2ncora e \u00c2ncora Praia Futebol Clube, o festival de rock traz vertentes como o psych, o stoner ou o doom, nasceu e cresceu em Moledo, mas ap\u00f3s a pandemia consolidou- se num novo espa\u00e7o, na freguesia de \u00c2ncora.  <\/p>\n\n\n\n<p>\u201cO esp\u00edrito \u00e9 muito positivo. H\u00e1 um grande profissionalismo em toda a organiza\u00e7\u00e3o e isso \u00e9 evidente. No ano passado ultrapassaram-se as expetativas e para este ano n\u00e3o esperamos menos, se \u00e9 que pode ser ainda melhor. Est\u00e1 tudo fant\u00e1stico\u201d, remata o Presidente da C\u00e2mara de Caminha.<\/p>\n","protected":false},"excerpt":{"rendered":"<p>Os primeiros festivaleiros come\u00e7am a chegar a Vila Praia de \u00c2ncora e as bilheteiras abrem hoje para que os bilhetes possam ser trocados pelas pulseiras que d\u00e3o acesso ao Sonic Blast Festival 2023. As expetativas s\u00e3o altas devido ao facto de, no ano passado, 5 mil pessoas vindas de v\u00e1rios cantos do mundo, esgotaram rapidamente [&hellip;]<\/p>\n","protected":false},"author":28,"featured_media":95232,"comment_status":"closed","ping_status":"closed","sticky":false,"template":"","format":"standard","meta":{"_exactmetrics_skip_tracking":false,"_exactmetrics_sitenote_active":false,"_exactmetrics_sitenote_note":"","_exactmetrics_sitenote_category":0,"footnotes":""},"categories":[7],"tags":[19],"class_list":["post-95229","post","type-post","status-publish","format-standard","has-post-thumbnail","hentry","category-caminha","tag-cultura"],"yoast_head":"<!-- This site is optimized with the Yoast SEO Premium plugin v27.4 (Yoast SEO v27.4) - https:\/\/yoast.com\/product\/yoast-seo-premium-wordpress\/ -->\n<title>Sonic Blast 2023 arranca hoje com &quot;warm up party&quot;<\/title>\n<meta name=\"description\" content=\"Os primeiros festivaleiros come\u00e7am a chegar a Vila Praia de \u00c2ncora e as bilheteiras abrem hoje para que os bilhetes possam ser trocados pelas pulseiras que d\u00e3o acesso ao Sonic Blast Festival 2023.\" \/>\n<meta name=\"robots\" content=\"index, follow, max-snippet:-1, max-image-preview:large, max-video-preview:-1\" \/>\n<link rel=\"canonical\" href=\"https:\/\/www.altominho.tv\/site\/2023\/08\/09\/sonic-blast-2023-arranca-hoje-com-warm-up-party\/\" \/>\n<meta property=\"og:locale\" content=\"pt_PT\" \/>\n<meta property=\"og:type\" content=\"article\" \/>\n<meta property=\"og:title\" content=\"Sonic Blast 2023 arranca hoje com &quot;warm up party&quot;\" \/>\n<meta property=\"og:description\" content=\"Os primeiros festivaleiros come\u00e7am a chegar a Vila Praia de \u00c2ncora e as bilheteiras abrem hoje para que os bilhetes possam ser trocados pelas pulseiras que d\u00e3o acesso ao Sonic Blast Festival 2023.\" \/>\n<meta property=\"og:url\" content=\"https:\/\/www.altominho.tv\/site\/2023\/08\/09\/sonic-blast-2023-arranca-hoje-com-warm-up-party\/\" \/>\n<meta property=\"og:site_name\" content=\"Altominho.tv\" \/>\n<meta property=\"article:publisher\" content=\"https:\/\/www.facebook.com\/altominhotv\" \/>\n<meta property=\"article:published_time\" content=\"2023-08-09T11:03:19+00:00\" \/>\n<meta property=\"article:modified_time\" content=\"2023-08-09T11:03:23+00:00\" \/>\n<meta property=\"og:image\" content=\"https:\/\/www.altominho.tv\/site\/wp-content\/uploads\/2023\/08\/sonic-blast.jpg\" \/>\n\t<meta property=\"og:image:width\" content=\"1620\" \/>\n\t<meta property=\"og:image:height\" content=\"1046\" \/>\n\t<meta property=\"og:image:type\" content=\"image\/jpeg\" \/>\n<meta name=\"author\" content=\"Beatriz Lira\" \/>\n<meta name=\"twitter:card\" content=\"summary_large_image\" \/>\n<meta name=\"twitter:creator\" content=\"@altominhoTV\" \/>\n<meta name=\"twitter:site\" content=\"@altominhoTV\" \/>\n<meta name=\"twitter:label1\" content=\"Escrito por\" \/>\n\t<meta name=\"twitter:data1\" content=\"Beatriz Lira\" \/>\n\t<meta name=\"twitter:label2\" content=\"Tempo estimado de leitura\" \/>\n\t<meta name=\"twitter:data2\" content=\"2 minutos\" \/>\n<script type=\"application\/ld+json\" class=\"yoast-schema-graph\">{\"@context\":\"https:\\\/\\\/schema.org\",\"@graph\":[{\"@type\":\"Article\",\"@id\":\"https:\\\/\\\/www.altominho.tv\\\/site\\\/2023\\\/08\\\/09\\\/sonic-blast-2023-arranca-hoje-com-warm-up-party\\\/#article\",\"isPartOf\":{\"@id\":\"https:\\\/\\\/www.altominho.tv\\\/site\\\/2023\\\/08\\\/09\\\/sonic-blast-2023-arranca-hoje-com-warm-up-party\\\/\"},\"author\":{\"name\":\"Beatriz Lira\",\"@id\":\"https:\\\/\\\/www.altominho.tv\\\/site\\\/#\\\/schema\\\/person\\\/f95a2097796cf4462fe1e476cddc40e4\"},\"headline\":\"Sonic Blast 2023 arranca hoje com &#8220;warm up party&#8221;\",\"datePublished\":\"2023-08-09T11:03:19+00:00\",\"dateModified\":\"2023-08-09T11:03:23+00:00\",\"mainEntityOfPage\":{\"@id\":\"https:\\\/\\\/www.altominho.tv\\\/site\\\/2023\\\/08\\\/09\\\/sonic-blast-2023-arranca-hoje-com-warm-up-party\\\/\"},\"wordCount\":202,\"image\":{\"@id\":\"https:\\\/\\\/www.altominho.tv\\\/site\\\/2023\\\/08\\\/09\\\/sonic-blast-2023-arranca-hoje-com-warm-up-party\\\/#primaryimage\"},\"thumbnailUrl\":\"https:\\\/\\\/www.altominho.tv\\\/site\\\/wp-content\\\/uploads\\\/2023\\\/08\\\/sonic-blast.jpg\",\"keywords\":[\"Cultura\"],\"articleSection\":[\"Caminha\"],\"inLanguage\":\"pt-PT\",\"copyrightYear\":\"2023\",\"copyrightHolder\":{\"@id\":\"https:\\\/\\\/www.altominho.tv\\\/site\\\/#organization\"}},{\"@type\":\"WebPage\",\"@id\":\"https:\\\/\\\/www.altominho.tv\\\/site\\\/2023\\\/08\\\/09\\\/sonic-blast-2023-arranca-hoje-com-warm-up-party\\\/\",\"url\":\"https:\\\/\\\/www.altominho.tv\\\/site\\\/2023\\\/08\\\/09\\\/sonic-blast-2023-arranca-hoje-com-warm-up-party\\\/\",\"name\":\"Sonic Blast 2023 arranca hoje com \\\"warm up party\\\"\",\"isPartOf\":{\"@id\":\"https:\\\/\\\/www.altominho.tv\\\/site\\\/#website\"},\"primaryImageOfPage\":{\"@id\":\"https:\\\/\\\/www.altominho.tv\\\/site\\\/2023\\\/08\\\/09\\\/sonic-blast-2023-arranca-hoje-com-warm-up-party\\\/#primaryimage\"},\"image\":{\"@id\":\"https:\\\/\\\/www.altominho.tv\\\/site\\\/2023\\\/08\\\/09\\\/sonic-blast-2023-arranca-hoje-com-warm-up-party\\\/#primaryimage\"},\"thumbnailUrl\":\"https:\\\/\\\/www.altominho.tv\\\/site\\\/wp-content\\\/uploads\\\/2023\\\/08\\\/sonic-blast.jpg\",\"datePublished\":\"2023-08-09T11:03:19+00:00\",\"dateModified\":\"2023-08-09T11:03:23+00:00\",\"author\":{\"@id\":\"https:\\\/\\\/www.altominho.tv\\\/site\\\/#\\\/schema\\\/person\\\/f95a2097796cf4462fe1e476cddc40e4\"},\"description\":\"Os primeiros festivaleiros come\u00e7am a chegar a Vila Praia de \u00c2ncora e as bilheteiras abrem hoje para que os bilhetes possam ser trocados pelas pulseiras que d\u00e3o acesso ao Sonic Blast Festival 2023.\",\"breadcrumb\":{\"@id\":\"https:\\\/\\\/www.altominho.tv\\\/site\\\/2023\\\/08\\\/09\\\/sonic-blast-2023-arranca-hoje-com-warm-up-party\\\/#breadcrumb\"},\"inLanguage\":\"pt-PT\",\"potentialAction\":[{\"@type\":\"ReadAction\",\"target\":[\"https:\\\/\\\/www.altominho.tv\\\/site\\\/2023\\\/08\\\/09\\\/sonic-blast-2023-arranca-hoje-com-warm-up-party\\\/\"]}]},{\"@type\":\"ImageObject\",\"inLanguage\":\"pt-PT\",\"@id\":\"https:\\\/\\\/www.altominho.tv\\\/site\\\/2023\\\/08\\\/09\\\/sonic-blast-2023-arranca-hoje-com-warm-up-party\\\/#primaryimage\",\"url\":\"https:\\\/\\\/www.altominho.tv\\\/site\\\/wp-content\\\/uploads\\\/2023\\\/08\\\/sonic-blast.jpg\",\"contentUrl\":\"https:\\\/\\\/www.altominho.tv\\\/site\\\/wp-content\\\/uploads\\\/2023\\\/08\\\/sonic-blast.jpg\",\"width\":1620,\"height\":1046},{\"@type\":\"BreadcrumbList\",\"@id\":\"https:\\\/\\\/www.altominho.tv\\\/site\\\/2023\\\/08\\\/09\\\/sonic-blast-2023-arranca-hoje-com-warm-up-party\\\/#breadcrumb\",\"itemListElement\":[{\"@type\":\"ListItem\",\"position\":1,\"name\":\"In\u00edcio\",\"item\":\"https:\\\/\\\/www.altominho.tv\\\/site\\\/\"},{\"@type\":\"ListItem\",\"position\":2,\"name\":\"Sonic Blast 2023 arranca hoje com &#8220;warm up party&#8221;\"}]},{\"@type\":\"WebSite\",\"@id\":\"https:\\\/\\\/www.altominho.tv\\\/site\\\/#website\",\"url\":\"https:\\\/\\\/www.altominho.tv\\\/site\\\/\",\"name\":\"Altominho.tv\",\"description\":\"A sua regi\u00e3o \u00e0 dist\u00e2ncia de um clique...\",\"potentialAction\":[{\"@type\":\"SearchAction\",\"target\":{\"@type\":\"EntryPoint\",\"urlTemplate\":\"https:\\\/\\\/www.altominho.tv\\\/site\\\/?s={search_term_string}\"},\"query-input\":{\"@type\":\"PropertyValueSpecification\",\"valueRequired\":true,\"valueName\":\"search_term_string\"}}],\"inLanguage\":\"pt-PT\"},{\"@type\":\"Person\",\"@id\":\"https:\\\/\\\/www.altominho.tv\\\/site\\\/#\\\/schema\\\/person\\\/f95a2097796cf4462fe1e476cddc40e4\",\"name\":\"Beatriz Lira\",\"image\":{\"@type\":\"ImageObject\",\"inLanguage\":\"pt-PT\",\"@id\":\"https:\\\/\\\/www.altominho.tv\\\/site\\\/wp-content\\\/uploads\\\/2023\\\/03\\\/Screenshot_20230306-141220_Photos-150x150.jpg\",\"url\":\"https:\\\/\\\/www.altominho.tv\\\/site\\\/wp-content\\\/uploads\\\/2023\\\/03\\\/Screenshot_20230306-141220_Photos-150x150.jpg\",\"contentUrl\":\"https:\\\/\\\/www.altominho.tv\\\/site\\\/wp-content\\\/uploads\\\/2023\\\/03\\\/Screenshot_20230306-141220_Photos-150x150.jpg\",\"caption\":\"Beatriz Lira\"},\"url\":\"https:\\\/\\\/www.altominho.tv\\\/site\\\/author\\\/beatriz\\\/\"}]}<\/script>\n<!-- \/ Yoast SEO Premium plugin. -->","yoast_head_json":{"title":"Sonic Blast 2023 arranca hoje com \"warm up party\"","description":"Os primeiros festivaleiros come\u00e7am a chegar a Vila Praia de \u00c2ncora e as bilheteiras abrem hoje para que os bilhetes possam ser trocados pelas pulseiras que d\u00e3o acesso ao Sonic Blast Festival 2023.","robots":{"index":"index","follow":"follow","max-snippet":"max-snippet:-1","max-image-preview":"max-image-preview:large","max-video-preview":"max-video-preview:-1"},"canonical":"https:\/\/www.altominho.tv\/site\/2023\/08\/09\/sonic-blast-2023-arranca-hoje-com-warm-up-party\/","og_locale":"pt_PT","og_type":"article","og_title":"Sonic Blast 2023 arranca hoje com \"warm up party\"","og_description":"Os primeiros festivaleiros come\u00e7am a chegar a Vila Praia de \u00c2ncora e as bilheteiras abrem hoje para que os bilhetes possam ser trocados pelas pulseiras que d\u00e3o acesso ao Sonic Blast Festival 2023.","og_url":"https:\/\/www.altominho.tv\/site\/2023\/08\/09\/sonic-blast-2023-arranca-hoje-com-warm-up-party\/","og_site_name":"Altominho.tv","article_publisher":"https:\/\/www.facebook.com\/altominhotv","article_published_time":"2023-08-09T11:03:19+00:00","article_modified_time":"2023-08-09T11:03:23+00:00","og_image":[{"width":1620,"height":1046,"url":"https:\/\/www.altominho.tv\/site\/wp-content\/uploads\/2023\/08\/sonic-blast.jpg","type":"image\/jpeg"}],"author":"Beatriz Lira","twitter_card":"summary_large_image","twitter_creator":"@altominhoTV","twitter_site":"@altominhoTV","twitter_misc":{"Escrito por":"Beatriz Lira","Tempo estimado de leitura":"2 minutos"},"schema":{"@context":"https:\/\/schema.org","@graph":[{"@type":"Article","@id":"https:\/\/www.altominho.tv\/site\/2023\/08\/09\/sonic-blast-2023-arranca-hoje-com-warm-up-party\/#article","isPartOf":{"@id":"https:\/\/www.altominho.tv\/site\/2023\/08\/09\/sonic-blast-2023-arranca-hoje-com-warm-up-party\/"},"author":{"name":"Beatriz Lira","@id":"https:\/\/www.altominho.tv\/site\/#\/schema\/person\/f95a2097796cf4462fe1e476cddc40e4"},"headline":"Sonic Blast 2023 arranca hoje com &#8220;warm up party&#8221;","datePublished":"2023-08-09T11:03:19+00:00","dateModified":"2023-08-09T11:03:23+00:00","mainEntityOfPage":{"@id":"https:\/\/www.altominho.tv\/site\/2023\/08\/09\/sonic-blast-2023-arranca-hoje-com-warm-up-party\/"},"wordCount":202,"image":{"@id":"https:\/\/www.altominho.tv\/site\/2023\/08\/09\/sonic-blast-2023-arranca-hoje-com-warm-up-party\/#primaryimage"},"thumbnailUrl":"https:\/\/www.altominho.tv\/site\/wp-content\/uploads\/2023\/08\/sonic-blast.jpg","keywords":["Cultura"],"articleSection":["Caminha"],"inLanguage":"pt-PT","copyrightYear":"2023","copyrightHolder":{"@id":"https:\/\/www.altominho.tv\/site\/#organization"}},{"@type":"WebPage","@id":"https:\/\/www.altominho.tv\/site\/2023\/08\/09\/sonic-blast-2023-arranca-hoje-com-warm-up-party\/","url":"https:\/\/www.altominho.tv\/site\/2023\/08\/09\/sonic-blast-2023-arranca-hoje-com-warm-up-party\/","name":"Sonic Blast 2023 arranca hoje com \"warm up party\"","isPartOf":{"@id":"https:\/\/www.altominho.tv\/site\/#website"},"primaryImageOfPage":{"@id":"https:\/\/www.altominho.tv\/site\/2023\/08\/09\/sonic-blast-2023-arranca-hoje-com-warm-up-party\/#primaryimage"},"image":{"@id":"https:\/\/www.altominho.tv\/site\/2023\/08\/09\/sonic-blast-2023-arranca-hoje-com-warm-up-party\/#primaryimage"},"thumbnailUrl":"https:\/\/www.altominho.tv\/site\/wp-content\/uploads\/2023\/08\/sonic-blast.jpg","datePublished":"2023-08-09T11:03:19+00:00","dateModified":"2023-08-09T11:03:23+00:00","author":{"@id":"https:\/\/www.altominho.tv\/site\/#\/schema\/person\/f95a2097796cf4462fe1e476cddc40e4"},"description":"Os primeiros festivaleiros come\u00e7am a chegar a Vila Praia de \u00c2ncora e as bilheteiras abrem hoje para que os bilhetes possam ser trocados pelas pulseiras que d\u00e3o acesso ao Sonic Blast Festival 2023.","breadcrumb":{"@id":"https:\/\/www.altominho.tv\/site\/2023\/08\/09\/sonic-blast-2023-arranca-hoje-com-warm-up-party\/#breadcrumb"},"inLanguage":"pt-PT","potentialAction":[{"@type":"ReadAction","target":["https:\/\/www.altominho.tv\/site\/2023\/08\/09\/sonic-blast-2023-arranca-hoje-com-warm-up-party\/"]}]},{"@type":"ImageObject","inLanguage":"pt-PT","@id":"https:\/\/www.altominho.tv\/site\/2023\/08\/09\/sonic-blast-2023-arranca-hoje-com-warm-up-party\/#primaryimage","url":"https:\/\/www.altominho.tv\/site\/wp-content\/uploads\/2023\/08\/sonic-blast.jpg","contentUrl":"https:\/\/www.altominho.tv\/site\/wp-content\/uploads\/2023\/08\/sonic-blast.jpg","width":1620,"height":1046},{"@type":"BreadcrumbList","@id":"https:\/\/www.altominho.tv\/site\/2023\/08\/09\/sonic-blast-2023-arranca-hoje-com-warm-up-party\/#breadcrumb","itemListElement":[{"@type":"ListItem","position":1,"name":"In\u00edcio","item":"https:\/\/www.altominho.tv\/site\/"},{"@type":"ListItem","position":2,"name":"Sonic Blast 2023 arranca hoje com &#8220;warm up party&#8221;"}]},{"@type":"WebSite","@id":"https:\/\/www.altominho.tv\/site\/#website","url":"https:\/\/www.altominho.tv\/site\/","name":"Altominho.tv","description":"A sua regi\u00e3o \u00e0 dist\u00e2ncia de um clique...","potentialAction":[{"@type":"SearchAction","target":{"@type":"EntryPoint","urlTemplate":"https:\/\/www.altominho.tv\/site\/?s={search_term_string}"},"query-input":{"@type":"PropertyValueSpecification","valueRequired":true,"valueName":"search_term_string"}}],"inLanguage":"pt-PT"},{"@type":"Person","@id":"https:\/\/www.altominho.tv\/site\/#\/schema\/person\/f95a2097796cf4462fe1e476cddc40e4","name":"Beatriz Lira","image":{"@type":"ImageObject","inLanguage":"pt-PT","@id":"https:\/\/www.altominho.tv\/site\/wp-content\/uploads\/2023\/03\/Screenshot_20230306-141220_Photos-150x150.jpg","url":"https:\/\/www.altominho.tv\/site\/wp-content\/uploads\/2023\/03\/Screenshot_20230306-141220_Photos-150x150.jpg","contentUrl":"https:\/\/www.altominho.tv\/site\/wp-content\/uploads\/2023\/03\/Screenshot_20230306-141220_Photos-150x150.jpg","caption":"Beatriz Lira"},"url":"https:\/\/www.altominho.tv\/site\/author\/beatriz\/"}]}},"_links":{"self":[{"href":"https:\/\/www.altominho.tv\/site\/wp-json\/wp\/v2\/posts\/95229","targetHints":{"allow":["GET"]}}],"collection":[{"href":"https:\/\/www.altominho.tv\/site\/wp-json\/wp\/v2\/posts"}],"about":[{"href":"https:\/\/www.altominho.tv\/site\/wp-json\/wp\/v2\/types\/post"}],"author":[{"embeddable":true,"href":"https:\/\/www.altominho.tv\/site\/wp-json\/wp\/v2\/users\/28"}],"replies":[{"embeddable":true,"href":"https:\/\/www.altominho.tv\/site\/wp-json\/wp\/v2\/comments?post=95229"}],"version-history":[{"count":1,"href":"https:\/\/www.altominho.tv\/site\/wp-json\/wp\/v2\/posts\/95229\/revisions"}],"predecessor-version":[{"id":95233,"href":"https:\/\/www.altominho.tv\/site\/wp-json\/wp\/v2\/posts\/95229\/revisions\/95233"}],"wp:featuredmedia":[{"embeddable":true,"href":"https:\/\/www.altominho.tv\/site\/wp-json\/wp\/v2\/media\/95232"}],"wp:attachment":[{"href":"https:\/\/www.altominho.tv\/site\/wp-json\/wp\/v2\/media?parent=95229"}],"wp:term":[{"taxonomy":"category","embeddable":true,"href":"https:\/\/www.altominho.tv\/site\/wp-json\/wp\/v2\/categories?post=95229"},{"taxonomy":"post_tag","embeddable":true,"href":"https:\/\/www.altominho.tv\/site\/wp-json\/wp\/v2\/tags?post=95229"}],"curies":[{"name":"wp","href":"https:\/\/api.w.org\/{rel}","templated":true}]}}