{"id":95214,"date":"2023-08-09T10:25:23","date_gmt":"2023-08-09T09:25:23","guid":{"rendered":"https:\/\/www.altominho.tv\/site\/?p=95214"},"modified":"2023-08-09T12:02:45","modified_gmt":"2023-08-09T11:02:45","slug":"soalheiro-convida-conhecer-vindimas","status":"publish","type":"post","link":"https:\/\/www.altominho.tv\/site\/2023\/08\/09\/soalheiro-convida-conhecer-vindimas\/","title":{"rendered":"Soalheiro convida amantes do vinho a descobrir cultura das vindimas"},"content":{"rendered":"<p>O Soalheiro vai levar a cabo uma iniciativa, de 1 a 15 de setembro, que pretende dar a conhecer a cultura \u00fanica das vindimas na regi\u00e3o de Mon\u00e7\u00e3o e Melga\u00e7o.<\/p>\n<p>O programa tem in\u00edcio na vinha, com a apanha das uvas, onde os visitantes t\u00eam a oportunidade de participar na vindima em colabora\u00e7\u00e3o com as fam\u00edlias que comp\u00f5em o Clube de Viticultores do Soalheiro, ficando a entender mais sobre a vinha, a uva, a casta e o processo, pelas m\u00e3os de quem cuida.<\/p>\n<p>De seguida, \u00e9 feita uma visita \u00e0 adega e cave, com uma explica\u00e7\u00e3o do processo de vinifica\u00e7\u00e3o. No final desta etapa est\u00e1 programada uma prova especial de diferentes mostos de Alvarinho e dos vinhos que estes originam, terminando com um almo\u00e7o t\u00edpico acompanhado de Alvarinho e infus\u00f5es&nbsp;The Pur Terroir,&nbsp;sobremesa e caf\u00e9.<\/p>\n<p>\u201cA tradi\u00e7\u00e3o das vindimas em Mon\u00e7\u00e3o e Melga\u00e7o \u00e9 singular. As fam\u00edlias organizam-se, convidam vizinhos, amigos e tornam este dia de trabalho num dia de festa, num conv\u00edvio, numa partilha entre gera\u00e7\u00f5es em que todos s\u00e3o bem-vindos. \u00c9 uma oportunidade \u00fanica para sentir a cultura do Alvarinho no nosso territ\u00f3rio, de perceber a import\u00e2ncia de uma boa colheita\u201d,&nbsp;refere Maria Jo\u00e3o Cerdeira, respons\u00e1vel do enoturismo e gestora do Soalheiro.<\/p>\n<p>O programa est\u00e1 dispon\u00edvel mediante marca\u00e7\u00e3o pr\u00e9via.<\/p>\n<p>Soalheiro, pioneiro na cria\u00e7\u00e3o do vinho Alvarinho em Melga\u00e7o, foi distinguido por tr\u00eas anos consecutivos no top 100 da&nbsp;World\u2019s Best Vineyards&nbsp;(2021, 2022 e 2023), uma vota\u00e7\u00e3o das melhores experi\u00eancias de enoturismo a n\u00edvel mundial feita por cerca de 500 entusiastas do vinho que inclui imprensa, sommeliers e correspondentes de turismo de luxo.<\/p>\n","protected":false},"excerpt":{"rendered":"<p>O Soalheiro vai levar a cabo uma iniciativa, de 1 a 15 de setembro, que pretende dar a conhecer a cultura \u00fanica das vindimas na regi\u00e3o de Mon\u00e7\u00e3o e Melga\u00e7o. O programa tem in\u00edcio na vinha, com a apanha das uvas, onde os visitantes t\u00eam a oportunidade de participar na vindima em colabora\u00e7\u00e3o com as [&hellip;]<\/p>\n","protected":false},"author":1,"featured_media":95215,"comment_status":"closed","ping_status":"closed","sticky":false,"template":"","format":"standard","meta":{"_exactmetrics_skip_tracking":false,"_exactmetrics_sitenote_active":false,"_exactmetrics_sitenote_note":"","_exactmetrics_sitenote_category":0,"footnotes":""},"categories":[8],"tags":[24],"class_list":["post-95214","post","type-post","status-publish","format-standard","has-post-thumbnail","hentry","category-melgaco","tag-lazer"],"yoast_head":"<!-- This site is optimized with the Yoast SEO Premium plugin v27.5 (Yoast SEO v27.5) - https:\/\/yoast.com\/product\/yoast-seo-premium-wordpress\/ -->\n<title>Soalheiro convida amantes do vinho a descobrir cultura das vindimas<\/title>\n<meta name=\"description\" content=\"O Soalheiro vai levar a cabo uma iniciativa, de 1 a 15 de setembro, que pretende dar a conhecer a cultura \u00fanica das vindimas na regi\u00e3o de Mon\u00e7\u00e3o e Melga\u00e7o.\" \/>\n<meta name=\"robots\" content=\"index, follow, max-snippet:-1, max-image-preview:large, max-video-preview:-1\" \/>\n<link rel=\"canonical\" href=\"https:\/\/www.altominho.tv\/site\/2023\/08\/09\/soalheiro-convida-conhecer-vindimas\/\" \/>\n<meta property=\"og:locale\" content=\"pt_PT\" \/>\n<meta property=\"og:type\" content=\"article\" \/>\n<meta property=\"og:title\" content=\"Soalheiro convida amantes do vinho a descobrir cultura das vindimas\" \/>\n<meta property=\"og:description\" content=\"O Soalheiro vai levar a cabo uma iniciativa, de 1 a 15 de setembro, que pretende dar a conhecer a cultura \u00fanica das vindimas na regi\u00e3o de Mon\u00e7\u00e3o e Melga\u00e7o.\" \/>\n<meta property=\"og:url\" content=\"https:\/\/www.altominho.tv\/site\/2023\/08\/09\/soalheiro-convida-conhecer-vindimas\/\" \/>\n<meta property=\"og:site_name\" content=\"Altominho.tv\" \/>\n<meta property=\"article:publisher\" content=\"https:\/\/www.facebook.com\/altominhotv\" \/>\n<meta property=\"article:published_time\" content=\"2023-08-09T09:25:23+00:00\" \/>\n<meta property=\"article:modified_time\" content=\"2023-08-09T11:02:45+00:00\" \/>\n<meta property=\"og:image\" content=\"https:\/\/www.altominho.tv\/site\/wp-content\/uploads\/2023\/08\/soalheiro-vindima.jpg\" \/>\n\t<meta property=\"og:image:width\" content=\"1656\" \/>\n\t<meta property=\"og:image:height\" content=\"1041\" \/>\n\t<meta property=\"og:image:type\" content=\"image\/jpeg\" \/>\n<meta name=\"author\" content=\"Altominho.tv\" \/>\n<meta name=\"twitter:card\" content=\"summary_large_image\" \/>\n<meta name=\"twitter:creator\" content=\"@altominhoTV\" \/>\n<meta name=\"twitter:site\" content=\"@altominhoTV\" \/>\n<meta name=\"twitter:label1\" content=\"Escrito por\" \/>\n\t<meta name=\"twitter:data1\" content=\"Altominho.tv\" \/>\n\t<meta name=\"twitter:label2\" content=\"Tempo estimado de leitura\" \/>\n\t<meta name=\"twitter:data2\" content=\"2 minutos\" \/>\n<script type=\"application\/ld+json\" class=\"yoast-schema-graph\">{\"@context\":\"https:\\\/\\\/schema.org\",\"@graph\":[{\"@type\":\"Article\",\"@id\":\"https:\\\/\\\/www.altominho.tv\\\/site\\\/2023\\\/08\\\/09\\\/soalheiro-convida-conhecer-vindimas\\\/#article\",\"isPartOf\":{\"@id\":\"https:\\\/\\\/www.altominho.tv\\\/site\\\/2023\\\/08\\\/09\\\/soalheiro-convida-conhecer-vindimas\\\/\"},\"author\":{\"name\":\"Altominho.tv\",\"@id\":\"https:\\\/\\\/www.altominho.tv\\\/site\\\/#\\\/schema\\\/person\\\/4e536851627d7914baf3dac752b6af22\"},\"headline\":\"Soalheiro convida amantes do vinho a descobrir cultura das vindimas\",\"datePublished\":\"2023-08-09T09:25:23+00:00\",\"dateModified\":\"2023-08-09T11:02:45+00:00\",\"mainEntityOfPage\":{\"@id\":\"https:\\\/\\\/www.altominho.tv\\\/site\\\/2023\\\/08\\\/09\\\/soalheiro-convida-conhecer-vindimas\\\/\"},\"wordCount\":305,\"image\":{\"@id\":\"https:\\\/\\\/www.altominho.tv\\\/site\\\/2023\\\/08\\\/09\\\/soalheiro-convida-conhecer-vindimas\\\/#primaryimage\"},\"thumbnailUrl\":\"https:\\\/\\\/www.altominho.tv\\\/site\\\/wp-content\\\/uploads\\\/2023\\\/08\\\/soalheiro-vindima.jpg\",\"keywords\":[\"Lazer\"],\"articleSection\":[\"Melga\u00e7o\"],\"inLanguage\":\"pt-PT\",\"copyrightYear\":\"2023\",\"copyrightHolder\":{\"@id\":\"https:\\\/\\\/www.altominho.tv\\\/site\\\/#organization\"}},{\"@type\":\"WebPage\",\"@id\":\"https:\\\/\\\/www.altominho.tv\\\/site\\\/2023\\\/08\\\/09\\\/soalheiro-convida-conhecer-vindimas\\\/\",\"url\":\"https:\\\/\\\/www.altominho.tv\\\/site\\\/2023\\\/08\\\/09\\\/soalheiro-convida-conhecer-vindimas\\\/\",\"name\":\"Soalheiro convida amantes do vinho a descobrir cultura das vindimas\",\"isPartOf\":{\"@id\":\"https:\\\/\\\/www.altominho.tv\\\/site\\\/#website\"},\"primaryImageOfPage\":{\"@id\":\"https:\\\/\\\/www.altominho.tv\\\/site\\\/2023\\\/08\\\/09\\\/soalheiro-convida-conhecer-vindimas\\\/#primaryimage\"},\"image\":{\"@id\":\"https:\\\/\\\/www.altominho.tv\\\/site\\\/2023\\\/08\\\/09\\\/soalheiro-convida-conhecer-vindimas\\\/#primaryimage\"},\"thumbnailUrl\":\"https:\\\/\\\/www.altominho.tv\\\/site\\\/wp-content\\\/uploads\\\/2023\\\/08\\\/soalheiro-vindima.jpg\",\"datePublished\":\"2023-08-09T09:25:23+00:00\",\"dateModified\":\"2023-08-09T11:02:45+00:00\",\"author\":{\"@id\":\"https:\\\/\\\/www.altominho.tv\\\/site\\\/#\\\/schema\\\/person\\\/4e536851627d7914baf3dac752b6af22\"},\"description\":\"O Soalheiro vai levar a cabo uma iniciativa, de 1 a 15 de setembro, que pretende dar a conhecer a cultura \u00fanica das vindimas na regi\u00e3o de Mon\u00e7\u00e3o e Melga\u00e7o.\",\"breadcrumb\":{\"@id\":\"https:\\\/\\\/www.altominho.tv\\\/site\\\/2023\\\/08\\\/09\\\/soalheiro-convida-conhecer-vindimas\\\/#breadcrumb\"},\"inLanguage\":\"pt-PT\",\"potentialAction\":[{\"@type\":\"ReadAction\",\"target\":[\"https:\\\/\\\/www.altominho.tv\\\/site\\\/2023\\\/08\\\/09\\\/soalheiro-convida-conhecer-vindimas\\\/\"]}]},{\"@type\":\"ImageObject\",\"inLanguage\":\"pt-PT\",\"@id\":\"https:\\\/\\\/www.altominho.tv\\\/site\\\/2023\\\/08\\\/09\\\/soalheiro-convida-conhecer-vindimas\\\/#primaryimage\",\"url\":\"https:\\\/\\\/www.altominho.tv\\\/site\\\/wp-content\\\/uploads\\\/2023\\\/08\\\/soalheiro-vindima.jpg\",\"contentUrl\":\"https:\\\/\\\/www.altominho.tv\\\/site\\\/wp-content\\\/uploads\\\/2023\\\/08\\\/soalheiro-vindima.jpg\",\"width\":1656,\"height\":1041},{\"@type\":\"BreadcrumbList\",\"@id\":\"https:\\\/\\\/www.altominho.tv\\\/site\\\/2023\\\/08\\\/09\\\/soalheiro-convida-conhecer-vindimas\\\/#breadcrumb\",\"itemListElement\":[{\"@type\":\"ListItem\",\"position\":1,\"name\":\"In\u00edcio\",\"item\":\"https:\\\/\\\/www.altominho.tv\\\/site\\\/\"},{\"@type\":\"ListItem\",\"position\":2,\"name\":\"Soalheiro convida amantes do vinho a descobrir cultura das vindimas\"}]},{\"@type\":\"WebSite\",\"@id\":\"https:\\\/\\\/www.altominho.tv\\\/site\\\/#website\",\"url\":\"https:\\\/\\\/www.altominho.tv\\\/site\\\/\",\"name\":\"Altominho.tv\",\"description\":\"A sua regi\u00e3o \u00e0 dist\u00e2ncia de um clique...\",\"potentialAction\":[{\"@type\":\"SearchAction\",\"target\":{\"@type\":\"EntryPoint\",\"urlTemplate\":\"https:\\\/\\\/www.altominho.tv\\\/site\\\/?s={search_term_string}\"},\"query-input\":{\"@type\":\"PropertyValueSpecification\",\"valueRequired\":true,\"valueName\":\"search_term_string\"}}],\"inLanguage\":\"pt-PT\"},{\"@type\":\"Person\",\"@id\":\"https:\\\/\\\/www.altominho.tv\\\/site\\\/#\\\/schema\\\/person\\\/4e536851627d7914baf3dac752b6af22\",\"name\":\"Altominho.tv\",\"image\":{\"@type\":\"ImageObject\",\"inLanguage\":\"pt-PT\",\"@id\":\"https:\\\/\\\/www.altominho.tv\\\/site\\\/wp-content\\\/uploads\\\/2019\\\/11\\\/Logo_Avatar_2-150x150.jpg\",\"url\":\"https:\\\/\\\/www.altominho.tv\\\/site\\\/wp-content\\\/uploads\\\/2019\\\/11\\\/Logo_Avatar_2-150x150.jpg\",\"contentUrl\":\"https:\\\/\\\/www.altominho.tv\\\/site\\\/wp-content\\\/uploads\\\/2019\\\/11\\\/Logo_Avatar_2-150x150.jpg\",\"caption\":\"Altominho.tv\"},\"url\":\"https:\\\/\\\/www.altominho.tv\\\/site\\\/author\\\/altominhotv-tecnico\\\/\"}]}<\/script>\n<!-- \/ Yoast SEO Premium plugin. -->","yoast_head_json":{"title":"Soalheiro convida amantes do vinho a descobrir cultura das vindimas","description":"O Soalheiro vai levar a cabo uma iniciativa, de 1 a 15 de setembro, que pretende dar a conhecer a cultura \u00fanica das vindimas na regi\u00e3o de Mon\u00e7\u00e3o e Melga\u00e7o.","robots":{"index":"index","follow":"follow","max-snippet":"max-snippet:-1","max-image-preview":"max-image-preview:large","max-video-preview":"max-video-preview:-1"},"canonical":"https:\/\/www.altominho.tv\/site\/2023\/08\/09\/soalheiro-convida-conhecer-vindimas\/","og_locale":"pt_PT","og_type":"article","og_title":"Soalheiro convida amantes do vinho a descobrir cultura das vindimas","og_description":"O Soalheiro vai levar a cabo uma iniciativa, de 1 a 15 de setembro, que pretende dar a conhecer a cultura \u00fanica das vindimas na regi\u00e3o de Mon\u00e7\u00e3o e Melga\u00e7o.","og_url":"https:\/\/www.altominho.tv\/site\/2023\/08\/09\/soalheiro-convida-conhecer-vindimas\/","og_site_name":"Altominho.tv","article_publisher":"https:\/\/www.facebook.com\/altominhotv","article_published_time":"2023-08-09T09:25:23+00:00","article_modified_time":"2023-08-09T11:02:45+00:00","og_image":[{"width":1656,"height":1041,"url":"https:\/\/www.altominho.tv\/site\/wp-content\/uploads\/2023\/08\/soalheiro-vindima.jpg","type":"image\/jpeg"}],"author":"Altominho.tv","twitter_card":"summary_large_image","twitter_creator":"@altominhoTV","twitter_site":"@altominhoTV","twitter_misc":{"Escrito por":"Altominho.tv","Tempo estimado de leitura":"2 minutos"},"schema":{"@context":"https:\/\/schema.org","@graph":[{"@type":"Article","@id":"https:\/\/www.altominho.tv\/site\/2023\/08\/09\/soalheiro-convida-conhecer-vindimas\/#article","isPartOf":{"@id":"https:\/\/www.altominho.tv\/site\/2023\/08\/09\/soalheiro-convida-conhecer-vindimas\/"},"author":{"name":"Altominho.tv","@id":"https:\/\/www.altominho.tv\/site\/#\/schema\/person\/4e536851627d7914baf3dac752b6af22"},"headline":"Soalheiro convida amantes do vinho a descobrir cultura das vindimas","datePublished":"2023-08-09T09:25:23+00:00","dateModified":"2023-08-09T11:02:45+00:00","mainEntityOfPage":{"@id":"https:\/\/www.altominho.tv\/site\/2023\/08\/09\/soalheiro-convida-conhecer-vindimas\/"},"wordCount":305,"image":{"@id":"https:\/\/www.altominho.tv\/site\/2023\/08\/09\/soalheiro-convida-conhecer-vindimas\/#primaryimage"},"thumbnailUrl":"https:\/\/www.altominho.tv\/site\/wp-content\/uploads\/2023\/08\/soalheiro-vindima.jpg","keywords":["Lazer"],"articleSection":["Melga\u00e7o"],"inLanguage":"pt-PT","copyrightYear":"2023","copyrightHolder":{"@id":"https:\/\/www.altominho.tv\/site\/#organization"}},{"@type":"WebPage","@id":"https:\/\/www.altominho.tv\/site\/2023\/08\/09\/soalheiro-convida-conhecer-vindimas\/","url":"https:\/\/www.altominho.tv\/site\/2023\/08\/09\/soalheiro-convida-conhecer-vindimas\/","name":"Soalheiro convida amantes do vinho a descobrir cultura das vindimas","isPartOf":{"@id":"https:\/\/www.altominho.tv\/site\/#website"},"primaryImageOfPage":{"@id":"https:\/\/www.altominho.tv\/site\/2023\/08\/09\/soalheiro-convida-conhecer-vindimas\/#primaryimage"},"image":{"@id":"https:\/\/www.altominho.tv\/site\/2023\/08\/09\/soalheiro-convida-conhecer-vindimas\/#primaryimage"},"thumbnailUrl":"https:\/\/www.altominho.tv\/site\/wp-content\/uploads\/2023\/08\/soalheiro-vindima.jpg","datePublished":"2023-08-09T09:25:23+00:00","dateModified":"2023-08-09T11:02:45+00:00","author":{"@id":"https:\/\/www.altominho.tv\/site\/#\/schema\/person\/4e536851627d7914baf3dac752b6af22"},"description":"O Soalheiro vai levar a cabo uma iniciativa, de 1 a 15 de setembro, que pretende dar a conhecer a cultura \u00fanica das vindimas na regi\u00e3o de Mon\u00e7\u00e3o e Melga\u00e7o.","breadcrumb":{"@id":"https:\/\/www.altominho.tv\/site\/2023\/08\/09\/soalheiro-convida-conhecer-vindimas\/#breadcrumb"},"inLanguage":"pt-PT","potentialAction":[{"@type":"ReadAction","target":["https:\/\/www.altominho.tv\/site\/2023\/08\/09\/soalheiro-convida-conhecer-vindimas\/"]}]},{"@type":"ImageObject","inLanguage":"pt-PT","@id":"https:\/\/www.altominho.tv\/site\/2023\/08\/09\/soalheiro-convida-conhecer-vindimas\/#primaryimage","url":"https:\/\/www.altominho.tv\/site\/wp-content\/uploads\/2023\/08\/soalheiro-vindima.jpg","contentUrl":"https:\/\/www.altominho.tv\/site\/wp-content\/uploads\/2023\/08\/soalheiro-vindima.jpg","width":1656,"height":1041},{"@type":"BreadcrumbList","@id":"https:\/\/www.altominho.tv\/site\/2023\/08\/09\/soalheiro-convida-conhecer-vindimas\/#breadcrumb","itemListElement":[{"@type":"ListItem","position":1,"name":"In\u00edcio","item":"https:\/\/www.altominho.tv\/site\/"},{"@type":"ListItem","position":2,"name":"Soalheiro convida amantes do vinho a descobrir cultura das vindimas"}]},{"@type":"WebSite","@id":"https:\/\/www.altominho.tv\/site\/#website","url":"https:\/\/www.altominho.tv\/site\/","name":"Altominho.tv","description":"A sua regi\u00e3o \u00e0 dist\u00e2ncia de um clique...","potentialAction":[{"@type":"SearchAction","target":{"@type":"EntryPoint","urlTemplate":"https:\/\/www.altominho.tv\/site\/?s={search_term_string}"},"query-input":{"@type":"PropertyValueSpecification","valueRequired":true,"valueName":"search_term_string"}}],"inLanguage":"pt-PT"},{"@type":"Person","@id":"https:\/\/www.altominho.tv\/site\/#\/schema\/person\/4e536851627d7914baf3dac752b6af22","name":"Altominho.tv","image":{"@type":"ImageObject","inLanguage":"pt-PT","@id":"https:\/\/www.altominho.tv\/site\/wp-content\/uploads\/2019\/11\/Logo_Avatar_2-150x150.jpg","url":"https:\/\/www.altominho.tv\/site\/wp-content\/uploads\/2019\/11\/Logo_Avatar_2-150x150.jpg","contentUrl":"https:\/\/www.altominho.tv\/site\/wp-content\/uploads\/2019\/11\/Logo_Avatar_2-150x150.jpg","caption":"Altominho.tv"},"url":"https:\/\/www.altominho.tv\/site\/author\/altominhotv-tecnico\/"}]}},"_links":{"self":[{"href":"https:\/\/www.altominho.tv\/site\/wp-json\/wp\/v2\/posts\/95214","targetHints":{"allow":["GET"]}}],"collection":[{"href":"https:\/\/www.altominho.tv\/site\/wp-json\/wp\/v2\/posts"}],"about":[{"href":"https:\/\/www.altominho.tv\/site\/wp-json\/wp\/v2\/types\/post"}],"author":[{"embeddable":true,"href":"https:\/\/www.altominho.tv\/site\/wp-json\/wp\/v2\/users\/1"}],"replies":[{"embeddable":true,"href":"https:\/\/www.altominho.tv\/site\/wp-json\/wp\/v2\/comments?post=95214"}],"version-history":[{"count":2,"href":"https:\/\/www.altominho.tv\/site\/wp-json\/wp\/v2\/posts\/95214\/revisions"}],"predecessor-version":[{"id":95231,"href":"https:\/\/www.altominho.tv\/site\/wp-json\/wp\/v2\/posts\/95214\/revisions\/95231"}],"wp:featuredmedia":[{"embeddable":true,"href":"https:\/\/www.altominho.tv\/site\/wp-json\/wp\/v2\/media\/95215"}],"wp:attachment":[{"href":"https:\/\/www.altominho.tv\/site\/wp-json\/wp\/v2\/media?parent=95214"}],"wp:term":[{"taxonomy":"category","embeddable":true,"href":"https:\/\/www.altominho.tv\/site\/wp-json\/wp\/v2\/categories?post=95214"},{"taxonomy":"post_tag","embeddable":true,"href":"https:\/\/www.altominho.tv\/site\/wp-json\/wp\/v2\/tags?post=95214"}],"curies":[{"name":"wp","href":"https:\/\/api.w.org\/{rel}","templated":true}]}}