{"id":95168,"date":"2023-08-07T17:36:01","date_gmt":"2023-08-07T16:36:01","guid":{"rendered":"https:\/\/www.altominho.tv\/site\/?p=95168"},"modified":"2023-08-07T17:36:05","modified_gmt":"2023-08-07T16:36:05","slug":"mighty-afrin-in-the-time-of-flood-do-grego-angelos-rallis-vence-festival-mdoc","status":"publish","type":"post","link":"https:\/\/www.altominho.tv\/site\/2023\/08\/07\/mighty-afrin-in-the-time-of-flood-do-grego-angelos-rallis-vence-festival-mdoc\/","title":{"rendered":"\u201cMighty Afrin: In the time of flood\u201d do grego Angelos Rallis vence festival MDoc"},"content":{"rendered":"<p>O filme \u201cMighty Afrin: In the time of flood\u201d, do realizador grego Angelos Rallis, venceu o pr\u00e9mio Jean Loup Passek para melhor longa-metragem do festival de document\u00e1rio de Melga\u00e7o MDoc, anunciou a organiza\u00e7\u00e3o.<\/p>\n<p>De acordo com a sinopse, o filme conta a hist\u00f3ria de Afrin, uma \u00f3rf\u00e3 de 12 anos que se v\u00ea for\u00e7ada a abandonar o local onde vive devido \u00e0 subida do n\u00edvel das \u00e1guas do rio Brahmaputra, no Bangladeche, viajando at\u00e9 Daca para procurar o pai \u201cpor entre milh\u00f5es de refugiados do clima\u201d.<\/p>\n<p>No campo das curtas e m\u00e9dias-metragens, o pr\u00e9mio foi para \u201cTaxibol\u201d, de Tommaso Santambrogio, com men\u00e7\u00e3o especial para \u201cBudapest Silo\u201d, de Zs\u00f3fia Paczolay.<\/p>\n<p>O pr\u00e9mio para melhor document\u00e1rio portugu\u00eas foi atribu\u00eddo a \u201cAstrakan 79\u201d, de Catarina Mour\u00e3o, enquanto o pr\u00e9mio Don Quixote de melhor longa-metragem foi entregue a Farnaz Jurabchian e Mohammadreza Jurabchian por \u201cSilent House\u201d.<\/p>\n<p>Na mesma categoria, mas nas curtas e m\u00e9dias-metragens, o pr\u00e9mio foi para \u201cWill You Look at Me\u201d, de Shuli Huang.<\/p>\n<p>O pr\u00e9mio para o melhor cartaz foi atribu\u00eddo a \u201cEntre Ilhas\u201d, da \u2018designer\u2019 J\u00falia Garcia.<\/p>\n","protected":false},"excerpt":{"rendered":"<p>O filme \u201cMighty Afrin: In the time of flood\u201d, do realizador grego Angelos Rallis, venceu o pr\u00e9mio Jean Loup Passek para melhor longa-metragem do festival de document\u00e1rio de Melga\u00e7o MDoc, anunciou a organiza\u00e7\u00e3o. De acordo com a sinopse, o filme conta a hist\u00f3ria de Afrin, uma \u00f3rf\u00e3 de 12 anos que se v\u00ea for\u00e7ada a [&hellip;]<\/p>\n","protected":false},"author":13,"featured_media":95169,"comment_status":"closed","ping_status":"closed","sticky":false,"template":"","format":"standard","meta":{"_exactmetrics_skip_tracking":false,"_exactmetrics_sitenote_active":false,"_exactmetrics_sitenote_note":"","_exactmetrics_sitenote_category":0,"footnotes":""},"categories":[8],"tags":[19],"class_list":["post-95168","post","type-post","status-publish","format-standard","has-post-thumbnail","hentry","category-melgaco","tag-cultura"],"yoast_head":"<!-- This site is optimized with the Yoast SEO Premium plugin v27.5 (Yoast SEO v27.5) - https:\/\/yoast.com\/product\/yoast-seo-premium-wordpress\/ -->\n<title>\u201cMighty Afrin: In the time of flood\u201d do grego Angelos Rallis vence festival MDoc<\/title>\n<meta name=\"robots\" content=\"index, follow, max-snippet:-1, max-image-preview:large, max-video-preview:-1\" \/>\n<link rel=\"canonical\" href=\"https:\/\/www.altominho.tv\/site\/2023\/08\/07\/mighty-afrin-in-the-time-of-flood-do-grego-angelos-rallis-vence-festival-mdoc\/\" \/>\n<meta property=\"og:locale\" content=\"pt_PT\" \/>\n<meta property=\"og:type\" content=\"article\" \/>\n<meta property=\"og:title\" content=\"\u201cMighty Afrin: In the time of flood\u201d do grego Angelos Rallis vence festival MDoc\" \/>\n<meta property=\"og:description\" content=\"O filme \u201cMighty Afrin: In the time of flood\u201d, do realizador grego Angelos Rallis, venceu o pr\u00e9mio Jean Loup Passek para melhor longa-metragem do festival de document\u00e1rio de Melga\u00e7o MDoc, anunciou a organiza\u00e7\u00e3o. De acordo com a sinopse, o filme conta a hist\u00f3ria de Afrin, uma \u00f3rf\u00e3 de 12 anos que se v\u00ea for\u00e7ada a [&hellip;]\" \/>\n<meta property=\"og:url\" content=\"https:\/\/www.altominho.tv\/site\/2023\/08\/07\/mighty-afrin-in-the-time-of-flood-do-grego-angelos-rallis-vence-festival-mdoc\/\" \/>\n<meta property=\"og:site_name\" content=\"Altominho.tv\" \/>\n<meta property=\"article:publisher\" content=\"https:\/\/www.facebook.com\/altominhotv\" \/>\n<meta property=\"article:published_time\" content=\"2023-08-07T16:36:01+00:00\" \/>\n<meta property=\"article:modified_time\" content=\"2023-08-07T16:36:05+00:00\" \/>\n<meta property=\"og:image\" content=\"https:\/\/www.altominho.tv\/site\/wp-content\/uploads\/2023\/08\/MIGHTY-AFRIN-IN-THE-TIME-OF-FLOOD.jpg\" \/>\n\t<meta property=\"og:image:width\" content=\"2000\" \/>\n\t<meta property=\"og:image:height\" content=\"1124\" \/>\n\t<meta property=\"og:image:type\" content=\"image\/jpeg\" \/>\n<meta name=\"author\" content=\"Lusa\" \/>\n<meta name=\"twitter:card\" content=\"summary_large_image\" \/>\n<meta name=\"twitter:creator\" content=\"@altominhoTV\" \/>\n<meta name=\"twitter:site\" content=\"@altominhoTV\" \/>\n<meta name=\"twitter:label1\" content=\"Escrito por\" \/>\n\t<meta name=\"twitter:data1\" content=\"Lusa\" \/>\n\t<meta name=\"twitter:label2\" content=\"Tempo estimado de leitura\" \/>\n\t<meta name=\"twitter:data2\" content=\"1 minuto\" \/>\n<script type=\"application\/ld+json\" class=\"yoast-schema-graph\">{\"@context\":\"https:\\\/\\\/schema.org\",\"@graph\":[{\"@type\":\"Article\",\"@id\":\"https:\\\/\\\/www.altominho.tv\\\/site\\\/2023\\\/08\\\/07\\\/mighty-afrin-in-the-time-of-flood-do-grego-angelos-rallis-vence-festival-mdoc\\\/#article\",\"isPartOf\":{\"@id\":\"https:\\\/\\\/www.altominho.tv\\\/site\\\/2023\\\/08\\\/07\\\/mighty-afrin-in-the-time-of-flood-do-grego-angelos-rallis-vence-festival-mdoc\\\/\"},\"author\":{\"name\":\"Lusa\",\"@id\":\"https:\\\/\\\/www.altominho.tv\\\/site\\\/#\\\/schema\\\/person\\\/63f693da3e1899361cbe955c46f3232e\"},\"headline\":\"\u201cMighty Afrin: In the time of flood\u201d do grego Angelos Rallis vence festival MDoc\",\"datePublished\":\"2023-08-07T16:36:01+00:00\",\"dateModified\":\"2023-08-07T16:36:05+00:00\",\"mainEntityOfPage\":{\"@id\":\"https:\\\/\\\/www.altominho.tv\\\/site\\\/2023\\\/08\\\/07\\\/mighty-afrin-in-the-time-of-flood-do-grego-angelos-rallis-vence-festival-mdoc\\\/\"},\"wordCount\":211,\"image\":{\"@id\":\"https:\\\/\\\/www.altominho.tv\\\/site\\\/2023\\\/08\\\/07\\\/mighty-afrin-in-the-time-of-flood-do-grego-angelos-rallis-vence-festival-mdoc\\\/#primaryimage\"},\"thumbnailUrl\":\"https:\\\/\\\/www.altominho.tv\\\/site\\\/wp-content\\\/uploads\\\/2023\\\/08\\\/MIGHTY-AFRIN-IN-THE-TIME-OF-FLOOD.jpg\",\"keywords\":[\"Cultura\"],\"articleSection\":[\"Melga\u00e7o\"],\"inLanguage\":\"pt-PT\",\"copyrightYear\":\"2023\",\"copyrightHolder\":{\"@id\":\"https:\\\/\\\/www.altominho.tv\\\/site\\\/#organization\"}},{\"@type\":\"WebPage\",\"@id\":\"https:\\\/\\\/www.altominho.tv\\\/site\\\/2023\\\/08\\\/07\\\/mighty-afrin-in-the-time-of-flood-do-grego-angelos-rallis-vence-festival-mdoc\\\/\",\"url\":\"https:\\\/\\\/www.altominho.tv\\\/site\\\/2023\\\/08\\\/07\\\/mighty-afrin-in-the-time-of-flood-do-grego-angelos-rallis-vence-festival-mdoc\\\/\",\"name\":\"\u201cMighty Afrin: In the time of flood\u201d do grego Angelos Rallis vence festival MDoc\",\"isPartOf\":{\"@id\":\"https:\\\/\\\/www.altominho.tv\\\/site\\\/#website\"},\"primaryImageOfPage\":{\"@id\":\"https:\\\/\\\/www.altominho.tv\\\/site\\\/2023\\\/08\\\/07\\\/mighty-afrin-in-the-time-of-flood-do-grego-angelos-rallis-vence-festival-mdoc\\\/#primaryimage\"},\"image\":{\"@id\":\"https:\\\/\\\/www.altominho.tv\\\/site\\\/2023\\\/08\\\/07\\\/mighty-afrin-in-the-time-of-flood-do-grego-angelos-rallis-vence-festival-mdoc\\\/#primaryimage\"},\"thumbnailUrl\":\"https:\\\/\\\/www.altominho.tv\\\/site\\\/wp-content\\\/uploads\\\/2023\\\/08\\\/MIGHTY-AFRIN-IN-THE-TIME-OF-FLOOD.jpg\",\"datePublished\":\"2023-08-07T16:36:01+00:00\",\"dateModified\":\"2023-08-07T16:36:05+00:00\",\"author\":{\"@id\":\"https:\\\/\\\/www.altominho.tv\\\/site\\\/#\\\/schema\\\/person\\\/63f693da3e1899361cbe955c46f3232e\"},\"breadcrumb\":{\"@id\":\"https:\\\/\\\/www.altominho.tv\\\/site\\\/2023\\\/08\\\/07\\\/mighty-afrin-in-the-time-of-flood-do-grego-angelos-rallis-vence-festival-mdoc\\\/#breadcrumb\"},\"inLanguage\":\"pt-PT\",\"potentialAction\":[{\"@type\":\"ReadAction\",\"target\":[\"https:\\\/\\\/www.altominho.tv\\\/site\\\/2023\\\/08\\\/07\\\/mighty-afrin-in-the-time-of-flood-do-grego-angelos-rallis-vence-festival-mdoc\\\/\"]}]},{\"@type\":\"ImageObject\",\"inLanguage\":\"pt-PT\",\"@id\":\"https:\\\/\\\/www.altominho.tv\\\/site\\\/2023\\\/08\\\/07\\\/mighty-afrin-in-the-time-of-flood-do-grego-angelos-rallis-vence-festival-mdoc\\\/#primaryimage\",\"url\":\"https:\\\/\\\/www.altominho.tv\\\/site\\\/wp-content\\\/uploads\\\/2023\\\/08\\\/MIGHTY-AFRIN-IN-THE-TIME-OF-FLOOD.jpg\",\"contentUrl\":\"https:\\\/\\\/www.altominho.tv\\\/site\\\/wp-content\\\/uploads\\\/2023\\\/08\\\/MIGHTY-AFRIN-IN-THE-TIME-OF-FLOOD.jpg\",\"width\":2000,\"height\":1124},{\"@type\":\"BreadcrumbList\",\"@id\":\"https:\\\/\\\/www.altominho.tv\\\/site\\\/2023\\\/08\\\/07\\\/mighty-afrin-in-the-time-of-flood-do-grego-angelos-rallis-vence-festival-mdoc\\\/#breadcrumb\",\"itemListElement\":[{\"@type\":\"ListItem\",\"position\":1,\"name\":\"In\u00edcio\",\"item\":\"https:\\\/\\\/www.altominho.tv\\\/site\\\/\"},{\"@type\":\"ListItem\",\"position\":2,\"name\":\"\u201cMighty Afrin: In the time of flood\u201d do grego Angelos Rallis vence festival MDoc\"}]},{\"@type\":\"WebSite\",\"@id\":\"https:\\\/\\\/www.altominho.tv\\\/site\\\/#website\",\"url\":\"https:\\\/\\\/www.altominho.tv\\\/site\\\/\",\"name\":\"Altominho.tv\",\"description\":\"A sua regi\u00e3o \u00e0 dist\u00e2ncia de um clique...\",\"potentialAction\":[{\"@type\":\"SearchAction\",\"target\":{\"@type\":\"EntryPoint\",\"urlTemplate\":\"https:\\\/\\\/www.altominho.tv\\\/site\\\/?s={search_term_string}\"},\"query-input\":{\"@type\":\"PropertyValueSpecification\",\"valueRequired\":true,\"valueName\":\"search_term_string\"}}],\"inLanguage\":\"pt-PT\"},{\"@type\":\"Person\",\"@id\":\"https:\\\/\\\/www.altominho.tv\\\/site\\\/#\\\/schema\\\/person\\\/63f693da3e1899361cbe955c46f3232e\",\"name\":\"Lusa\",\"image\":{\"@type\":\"ImageObject\",\"inLanguage\":\"pt-PT\",\"@id\":\"https:\\\/\\\/www.altominho.tv\\\/site\\\/wp-content\\\/uploads\\\/2019\\\/08\\\/LUSA_Logo.gif\",\"url\":\"https:\\\/\\\/www.altominho.tv\\\/site\\\/wp-content\\\/uploads\\\/2019\\\/08\\\/LUSA_Logo.gif\",\"contentUrl\":\"https:\\\/\\\/www.altominho.tv\\\/site\\\/wp-content\\\/uploads\\\/2019\\\/08\\\/LUSA_Logo.gif\",\"caption\":\"Lusa\"},\"sameAs\":[\"http:\\\/\\\/\\\/\\\/www.altominho.tv\\\/site\"],\"url\":\"https:\\\/\\\/www.altominho.tv\\\/site\\\/author\\\/lusa\\\/\"}]}<\/script>\n<!-- \/ Yoast SEO Premium plugin. -->","yoast_head_json":{"title":"\u201cMighty Afrin: In the time of flood\u201d do grego Angelos Rallis vence festival MDoc","robots":{"index":"index","follow":"follow","max-snippet":"max-snippet:-1","max-image-preview":"max-image-preview:large","max-video-preview":"max-video-preview:-1"},"canonical":"https:\/\/www.altominho.tv\/site\/2023\/08\/07\/mighty-afrin-in-the-time-of-flood-do-grego-angelos-rallis-vence-festival-mdoc\/","og_locale":"pt_PT","og_type":"article","og_title":"\u201cMighty Afrin: In the time of flood\u201d do grego Angelos Rallis vence festival MDoc","og_description":"O filme \u201cMighty Afrin: In the time of flood\u201d, do realizador grego Angelos Rallis, venceu o pr\u00e9mio Jean Loup Passek para melhor longa-metragem do festival de document\u00e1rio de Melga\u00e7o MDoc, anunciou a organiza\u00e7\u00e3o. De acordo com a sinopse, o filme conta a hist\u00f3ria de Afrin, uma \u00f3rf\u00e3 de 12 anos que se v\u00ea for\u00e7ada a [&hellip;]","og_url":"https:\/\/www.altominho.tv\/site\/2023\/08\/07\/mighty-afrin-in-the-time-of-flood-do-grego-angelos-rallis-vence-festival-mdoc\/","og_site_name":"Altominho.tv","article_publisher":"https:\/\/www.facebook.com\/altominhotv","article_published_time":"2023-08-07T16:36:01+00:00","article_modified_time":"2023-08-07T16:36:05+00:00","og_image":[{"width":2000,"height":1124,"url":"https:\/\/www.altominho.tv\/site\/wp-content\/uploads\/2023\/08\/MIGHTY-AFRIN-IN-THE-TIME-OF-FLOOD.jpg","type":"image\/jpeg"}],"author":"Lusa","twitter_card":"summary_large_image","twitter_creator":"@altominhoTV","twitter_site":"@altominhoTV","twitter_misc":{"Escrito por":"Lusa","Tempo estimado de leitura":"1 minuto"},"schema":{"@context":"https:\/\/schema.org","@graph":[{"@type":"Article","@id":"https:\/\/www.altominho.tv\/site\/2023\/08\/07\/mighty-afrin-in-the-time-of-flood-do-grego-angelos-rallis-vence-festival-mdoc\/#article","isPartOf":{"@id":"https:\/\/www.altominho.tv\/site\/2023\/08\/07\/mighty-afrin-in-the-time-of-flood-do-grego-angelos-rallis-vence-festival-mdoc\/"},"author":{"name":"Lusa","@id":"https:\/\/www.altominho.tv\/site\/#\/schema\/person\/63f693da3e1899361cbe955c46f3232e"},"headline":"\u201cMighty Afrin: In the time of flood\u201d do grego Angelos Rallis vence festival MDoc","datePublished":"2023-08-07T16:36:01+00:00","dateModified":"2023-08-07T16:36:05+00:00","mainEntityOfPage":{"@id":"https:\/\/www.altominho.tv\/site\/2023\/08\/07\/mighty-afrin-in-the-time-of-flood-do-grego-angelos-rallis-vence-festival-mdoc\/"},"wordCount":211,"image":{"@id":"https:\/\/www.altominho.tv\/site\/2023\/08\/07\/mighty-afrin-in-the-time-of-flood-do-grego-angelos-rallis-vence-festival-mdoc\/#primaryimage"},"thumbnailUrl":"https:\/\/www.altominho.tv\/site\/wp-content\/uploads\/2023\/08\/MIGHTY-AFRIN-IN-THE-TIME-OF-FLOOD.jpg","keywords":["Cultura"],"articleSection":["Melga\u00e7o"],"inLanguage":"pt-PT","copyrightYear":"2023","copyrightHolder":{"@id":"https:\/\/www.altominho.tv\/site\/#organization"}},{"@type":"WebPage","@id":"https:\/\/www.altominho.tv\/site\/2023\/08\/07\/mighty-afrin-in-the-time-of-flood-do-grego-angelos-rallis-vence-festival-mdoc\/","url":"https:\/\/www.altominho.tv\/site\/2023\/08\/07\/mighty-afrin-in-the-time-of-flood-do-grego-angelos-rallis-vence-festival-mdoc\/","name":"\u201cMighty Afrin: In the time of flood\u201d do grego Angelos Rallis vence festival MDoc","isPartOf":{"@id":"https:\/\/www.altominho.tv\/site\/#website"},"primaryImageOfPage":{"@id":"https:\/\/www.altominho.tv\/site\/2023\/08\/07\/mighty-afrin-in-the-time-of-flood-do-grego-angelos-rallis-vence-festival-mdoc\/#primaryimage"},"image":{"@id":"https:\/\/www.altominho.tv\/site\/2023\/08\/07\/mighty-afrin-in-the-time-of-flood-do-grego-angelos-rallis-vence-festival-mdoc\/#primaryimage"},"thumbnailUrl":"https:\/\/www.altominho.tv\/site\/wp-content\/uploads\/2023\/08\/MIGHTY-AFRIN-IN-THE-TIME-OF-FLOOD.jpg","datePublished":"2023-08-07T16:36:01+00:00","dateModified":"2023-08-07T16:36:05+00:00","author":{"@id":"https:\/\/www.altominho.tv\/site\/#\/schema\/person\/63f693da3e1899361cbe955c46f3232e"},"breadcrumb":{"@id":"https:\/\/www.altominho.tv\/site\/2023\/08\/07\/mighty-afrin-in-the-time-of-flood-do-grego-angelos-rallis-vence-festival-mdoc\/#breadcrumb"},"inLanguage":"pt-PT","potentialAction":[{"@type":"ReadAction","target":["https:\/\/www.altominho.tv\/site\/2023\/08\/07\/mighty-afrin-in-the-time-of-flood-do-grego-angelos-rallis-vence-festival-mdoc\/"]}]},{"@type":"ImageObject","inLanguage":"pt-PT","@id":"https:\/\/www.altominho.tv\/site\/2023\/08\/07\/mighty-afrin-in-the-time-of-flood-do-grego-angelos-rallis-vence-festival-mdoc\/#primaryimage","url":"https:\/\/www.altominho.tv\/site\/wp-content\/uploads\/2023\/08\/MIGHTY-AFRIN-IN-THE-TIME-OF-FLOOD.jpg","contentUrl":"https:\/\/www.altominho.tv\/site\/wp-content\/uploads\/2023\/08\/MIGHTY-AFRIN-IN-THE-TIME-OF-FLOOD.jpg","width":2000,"height":1124},{"@type":"BreadcrumbList","@id":"https:\/\/www.altominho.tv\/site\/2023\/08\/07\/mighty-afrin-in-the-time-of-flood-do-grego-angelos-rallis-vence-festival-mdoc\/#breadcrumb","itemListElement":[{"@type":"ListItem","position":1,"name":"In\u00edcio","item":"https:\/\/www.altominho.tv\/site\/"},{"@type":"ListItem","position":2,"name":"\u201cMighty Afrin: In the time of flood\u201d do grego Angelos Rallis vence festival MDoc"}]},{"@type":"WebSite","@id":"https:\/\/www.altominho.tv\/site\/#website","url":"https:\/\/www.altominho.tv\/site\/","name":"Altominho.tv","description":"A sua regi\u00e3o \u00e0 dist\u00e2ncia de um clique...","potentialAction":[{"@type":"SearchAction","target":{"@type":"EntryPoint","urlTemplate":"https:\/\/www.altominho.tv\/site\/?s={search_term_string}"},"query-input":{"@type":"PropertyValueSpecification","valueRequired":true,"valueName":"search_term_string"}}],"inLanguage":"pt-PT"},{"@type":"Person","@id":"https:\/\/www.altominho.tv\/site\/#\/schema\/person\/63f693da3e1899361cbe955c46f3232e","name":"Lusa","image":{"@type":"ImageObject","inLanguage":"pt-PT","@id":"https:\/\/www.altominho.tv\/site\/wp-content\/uploads\/2019\/08\/LUSA_Logo.gif","url":"https:\/\/www.altominho.tv\/site\/wp-content\/uploads\/2019\/08\/LUSA_Logo.gif","contentUrl":"https:\/\/www.altominho.tv\/site\/wp-content\/uploads\/2019\/08\/LUSA_Logo.gif","caption":"Lusa"},"sameAs":["http:\/\/\/\/www.altominho.tv\/site"],"url":"https:\/\/www.altominho.tv\/site\/author\/lusa\/"}]}},"_links":{"self":[{"href":"https:\/\/www.altominho.tv\/site\/wp-json\/wp\/v2\/posts\/95168","targetHints":{"allow":["GET"]}}],"collection":[{"href":"https:\/\/www.altominho.tv\/site\/wp-json\/wp\/v2\/posts"}],"about":[{"href":"https:\/\/www.altominho.tv\/site\/wp-json\/wp\/v2\/types\/post"}],"author":[{"embeddable":true,"href":"https:\/\/www.altominho.tv\/site\/wp-json\/wp\/v2\/users\/13"}],"replies":[{"embeddable":true,"href":"https:\/\/www.altominho.tv\/site\/wp-json\/wp\/v2\/comments?post=95168"}],"version-history":[{"count":1,"href":"https:\/\/www.altominho.tv\/site\/wp-json\/wp\/v2\/posts\/95168\/revisions"}],"predecessor-version":[{"id":95170,"href":"https:\/\/www.altominho.tv\/site\/wp-json\/wp\/v2\/posts\/95168\/revisions\/95170"}],"wp:featuredmedia":[{"embeddable":true,"href":"https:\/\/www.altominho.tv\/site\/wp-json\/wp\/v2\/media\/95169"}],"wp:attachment":[{"href":"https:\/\/www.altominho.tv\/site\/wp-json\/wp\/v2\/media?parent=95168"}],"wp:term":[{"taxonomy":"category","embeddable":true,"href":"https:\/\/www.altominho.tv\/site\/wp-json\/wp\/v2\/categories?post=95168"},{"taxonomy":"post_tag","embeddable":true,"href":"https:\/\/www.altominho.tv\/site\/wp-json\/wp\/v2\/tags?post=95168"}],"curies":[{"name":"wp","href":"https:\/\/api.w.org\/{rel}","templated":true}]}}