{"id":95154,"date":"2023-08-07T15:01:53","date_gmt":"2023-08-07T14:01:53","guid":{"rendered":"https:\/\/www.altominho.tv\/site\/?p=95154"},"modified":"2023-08-07T15:01:57","modified_gmt":"2023-08-07T14:01:57","slug":"obra-no-cais-galego-do-ferry-caminha-a-guarda-concluida-este-mes","status":"publish","type":"post","link":"https:\/\/www.altominho.tv\/site\/2023\/08\/07\/obra-no-cais-galego-do-ferry-caminha-a-guarda-concluida-este-mes\/","title":{"rendered":"Obra no cais galego do ferry Caminha-A Guarda conclu\u00edda este m\u00eas"},"content":{"rendered":"<p>A Portos de Galicia revelou hoje que est\u00e1 prevista \u201cpara este m\u00eas\u201d a conclus\u00e3o da obra no porto da Pasaxe, em A Guarda, que levou \u00e0 suspens\u00e3o da travessia de \u2018ferryboat\u2019 entre Caminha e aquela localidade da Galiza.<\/p>\n<p>\u201cO objetivo das obras \u00e9 evitar o afundamento da atual estrutura e os riscos associados, nomeadamente o fim da atracagem no porto de Pasaxe, em A Guarda, onde se encontra o servi\u00e7o \u2018Xacobeo Transfer\u2019 operado pela Junta da Galiza para o transbordo de passageiros &#8211; em grande parte peregrinos do Caminho Portugu\u00eas [para Santiago de Compostela] &#8211; entre Portugal e Espanha\u201d, descreve o gabinete de comunica\u00e7\u00e3o da Conseller\u00eda del Mar da Junta da Galiza, na nota de imprensa enviada pela Portos de Galicia.<\/p>\n<p>No dia 1 de agosto, o presidente da C\u00e2mara de Caminha manifestou-se preocupado com a possibilidade de o assoreamento do rio Minho dificultar ou impedir a liga\u00e7\u00e3o por \u2018ferryboat\u2019 \u00e0 Galiza, mesmo aquando da conclus\u00e3o da obra no cais galego do munic\u00edpio de A Guarda.<\/p>\n<p>Na ocasi\u00e3o, tanto o presidente da C\u00e2mara de Caminha, como o munic\u00edpio de A Guarda disseram desconhecer a data prevista para a conclus\u00e3o da obra para repor a seguran\u00e7a no cais galego do \u2018ferry\u2019 Santa Rita de C\u00e1ssia, uma empreitada a cargo da Portos da Galiza.<\/p>\n<p>De acordo com Rui Lages, a quest\u00e3o \u00e9 que, mesmo com a obra conclu\u00edda, o rio est\u00e1 demasiado assoreado para permitir a navega\u00e7\u00e3o.<\/p>\n<p>Na nota de imprensa hoje enviada \u00e0 Lusa pela Portos de Galicia, a Conseller\u00eda del Mar indica que a Junta da Galiza investiu na repara\u00e7\u00e3o do cais de atracagem de A Guarda mais de 580 mil euros.<\/p>\n<p>Desde maio de 2022, a liga\u00e7\u00e3o atrav\u00e9s do \u2018ferryboat\u2019 est\u00e1 interrompida devido a \u201cproblemas graves\u201d no cais galego que impede a atraca\u00e7\u00e3o do \u2018ferry\u2019 na margem galega com o m\u00ednimo de seguran\u00e7a\u201d.<\/p>\n","protected":false},"excerpt":{"rendered":"<p>A Portos de Galicia revelou hoje que est\u00e1 prevista \u201cpara este m\u00eas\u201d a conclus\u00e3o da obra no porto da Pasaxe, em A Guarda, que levou \u00e0 suspens\u00e3o da travessia de \u2018ferryboat\u2019 entre Caminha e aquela localidade da Galiza. \u201cO objetivo das obras \u00e9 evitar o afundamento da atual estrutura e os riscos associados, nomeadamente o [&hellip;]<\/p>\n","protected":false},"author":13,"featured_media":94952,"comment_status":"closed","ping_status":"closed","sticky":false,"template":"","format":"standard","meta":{"_exactmetrics_skip_tracking":false,"_exactmetrics_sitenote_active":false,"_exactmetrics_sitenote_note":"","_exactmetrics_sitenote_category":0,"footnotes":""},"categories":[7],"tags":[27],"class_list":["post-95154","post","type-post","status-publish","format-standard","has-post-thumbnail","hentry","category-caminha","tag-sociedade"],"yoast_head":"<!-- This site is optimized with the Yoast SEO Premium plugin v27.4 (Yoast SEO v27.4) - https:\/\/yoast.com\/product\/yoast-seo-premium-wordpress\/ -->\n<title>Obra no cais galego do ferry Caminha-A Guarda conclu\u00edda este m\u00eas<\/title>\n<meta name=\"description\" content=\"A Portos de Galicia revelou hoje que est\u00e1 prevista \u201cpara este m\u00eas\u201d a conclus\u00e3o da obra no porto da Pasaxe, em A Guarda, que levou \u00e0 suspens\u00e3o da travessia de \u2018ferryboat\u2019 entre Caminha e aquela localidade da Galiza\" \/>\n<meta name=\"robots\" content=\"index, follow, max-snippet:-1, max-image-preview:large, max-video-preview:-1\" \/>\n<link rel=\"canonical\" href=\"https:\/\/www.altominho.tv\/site\/2023\/08\/07\/obra-no-cais-galego-do-ferry-caminha-a-guarda-concluida-este-mes\/\" \/>\n<meta property=\"og:locale\" content=\"pt_PT\" \/>\n<meta property=\"og:type\" content=\"article\" \/>\n<meta property=\"og:title\" content=\"Obra no cais galego do ferry Caminha-A Guarda conclu\u00edda este m\u00eas\" \/>\n<meta property=\"og:description\" content=\"A Portos de Galicia revelou hoje que est\u00e1 prevista \u201cpara este m\u00eas\u201d a conclus\u00e3o da obra no porto da Pasaxe, em A Guarda, que levou \u00e0 suspens\u00e3o da travessia de \u2018ferryboat\u2019 entre Caminha e aquela localidade da Galiza\" \/>\n<meta property=\"og:url\" content=\"https:\/\/www.altominho.tv\/site\/2023\/08\/07\/obra-no-cais-galego-do-ferry-caminha-a-guarda-concluida-este-mes\/\" \/>\n<meta property=\"og:site_name\" content=\"Altominho.tv\" \/>\n<meta property=\"article:publisher\" content=\"https:\/\/www.facebook.com\/altominhotv\" \/>\n<meta property=\"article:published_time\" content=\"2023-08-07T14:01:53+00:00\" \/>\n<meta property=\"article:modified_time\" content=\"2023-08-07T14:01:57+00:00\" \/>\n<meta property=\"og:image\" content=\"https:\/\/www.altominho.tv\/site\/wp-content\/uploads\/2023\/08\/caminha-e-a-guarda-740x470-1.jpeg\" \/>\n\t<meta property=\"og:image:width\" content=\"740\" \/>\n\t<meta property=\"og:image:height\" content=\"470\" \/>\n\t<meta property=\"og:image:type\" content=\"image\/jpeg\" \/>\n<meta name=\"author\" content=\"Lusa\" \/>\n<meta name=\"twitter:card\" content=\"summary_large_image\" \/>\n<meta name=\"twitter:creator\" content=\"@altominhoTV\" \/>\n<meta name=\"twitter:site\" content=\"@altominhoTV\" \/>\n<meta name=\"twitter:label1\" content=\"Escrito por\" \/>\n\t<meta name=\"twitter:data1\" content=\"Lusa\" \/>\n\t<meta name=\"twitter:label2\" content=\"Tempo estimado de leitura\" \/>\n\t<meta name=\"twitter:data2\" content=\"2 minutos\" \/>\n<script type=\"application\/ld+json\" class=\"yoast-schema-graph\">{\"@context\":\"https:\\\/\\\/schema.org\",\"@graph\":[{\"@type\":\"Article\",\"@id\":\"https:\\\/\\\/www.altominho.tv\\\/site\\\/2023\\\/08\\\/07\\\/obra-no-cais-galego-do-ferry-caminha-a-guarda-concluida-este-mes\\\/#article\",\"isPartOf\":{\"@id\":\"https:\\\/\\\/www.altominho.tv\\\/site\\\/2023\\\/08\\\/07\\\/obra-no-cais-galego-do-ferry-caminha-a-guarda-concluida-este-mes\\\/\"},\"author\":{\"name\":\"Lusa\",\"@id\":\"https:\\\/\\\/www.altominho.tv\\\/site\\\/#\\\/schema\\\/person\\\/63f693da3e1899361cbe955c46f3232e\"},\"headline\":\"Obra no cais galego do ferry Caminha-A Guarda conclu\u00edda este m\u00eas\",\"datePublished\":\"2023-08-07T14:01:53+00:00\",\"dateModified\":\"2023-08-07T14:01:57+00:00\",\"mainEntityOfPage\":{\"@id\":\"https:\\\/\\\/www.altominho.tv\\\/site\\\/2023\\\/08\\\/07\\\/obra-no-cais-galego-do-ferry-caminha-a-guarda-concluida-este-mes\\\/\"},\"wordCount\":336,\"image\":{\"@id\":\"https:\\\/\\\/www.altominho.tv\\\/site\\\/2023\\\/08\\\/07\\\/obra-no-cais-galego-do-ferry-caminha-a-guarda-concluida-este-mes\\\/#primaryimage\"},\"thumbnailUrl\":\"https:\\\/\\\/www.altominho.tv\\\/site\\\/wp-content\\\/uploads\\\/2023\\\/08\\\/caminha-e-a-guarda-740x470-1.jpeg\",\"keywords\":[\"Sociedade\"],\"articleSection\":[\"Caminha\"],\"inLanguage\":\"pt-PT\",\"copyrightYear\":\"2023\",\"copyrightHolder\":{\"@id\":\"https:\\\/\\\/www.altominho.tv\\\/site\\\/#organization\"}},{\"@type\":\"WebPage\",\"@id\":\"https:\\\/\\\/www.altominho.tv\\\/site\\\/2023\\\/08\\\/07\\\/obra-no-cais-galego-do-ferry-caminha-a-guarda-concluida-este-mes\\\/\",\"url\":\"https:\\\/\\\/www.altominho.tv\\\/site\\\/2023\\\/08\\\/07\\\/obra-no-cais-galego-do-ferry-caminha-a-guarda-concluida-este-mes\\\/\",\"name\":\"Obra no cais galego do ferry Caminha-A Guarda conclu\u00edda este m\u00eas\",\"isPartOf\":{\"@id\":\"https:\\\/\\\/www.altominho.tv\\\/site\\\/#website\"},\"primaryImageOfPage\":{\"@id\":\"https:\\\/\\\/www.altominho.tv\\\/site\\\/2023\\\/08\\\/07\\\/obra-no-cais-galego-do-ferry-caminha-a-guarda-concluida-este-mes\\\/#primaryimage\"},\"image\":{\"@id\":\"https:\\\/\\\/www.altominho.tv\\\/site\\\/2023\\\/08\\\/07\\\/obra-no-cais-galego-do-ferry-caminha-a-guarda-concluida-este-mes\\\/#primaryimage\"},\"thumbnailUrl\":\"https:\\\/\\\/www.altominho.tv\\\/site\\\/wp-content\\\/uploads\\\/2023\\\/08\\\/caminha-e-a-guarda-740x470-1.jpeg\",\"datePublished\":\"2023-08-07T14:01:53+00:00\",\"dateModified\":\"2023-08-07T14:01:57+00:00\",\"author\":{\"@id\":\"https:\\\/\\\/www.altominho.tv\\\/site\\\/#\\\/schema\\\/person\\\/63f693da3e1899361cbe955c46f3232e\"},\"description\":\"A Portos de Galicia revelou hoje que est\u00e1 prevista \u201cpara este m\u00eas\u201d a conclus\u00e3o da obra no porto da Pasaxe, em A Guarda, que levou \u00e0 suspens\u00e3o da travessia de \u2018ferryboat\u2019 entre Caminha e aquela localidade da Galiza\",\"breadcrumb\":{\"@id\":\"https:\\\/\\\/www.altominho.tv\\\/site\\\/2023\\\/08\\\/07\\\/obra-no-cais-galego-do-ferry-caminha-a-guarda-concluida-este-mes\\\/#breadcrumb\"},\"inLanguage\":\"pt-PT\",\"potentialAction\":[{\"@type\":\"ReadAction\",\"target\":[\"https:\\\/\\\/www.altominho.tv\\\/site\\\/2023\\\/08\\\/07\\\/obra-no-cais-galego-do-ferry-caminha-a-guarda-concluida-este-mes\\\/\"]}]},{\"@type\":\"ImageObject\",\"inLanguage\":\"pt-PT\",\"@id\":\"https:\\\/\\\/www.altominho.tv\\\/site\\\/2023\\\/08\\\/07\\\/obra-no-cais-galego-do-ferry-caminha-a-guarda-concluida-este-mes\\\/#primaryimage\",\"url\":\"https:\\\/\\\/www.altominho.tv\\\/site\\\/wp-content\\\/uploads\\\/2023\\\/08\\\/caminha-e-a-guarda-740x470-1.jpeg\",\"contentUrl\":\"https:\\\/\\\/www.altominho.tv\\\/site\\\/wp-content\\\/uploads\\\/2023\\\/08\\\/caminha-e-a-guarda-740x470-1.jpeg\",\"width\":740,\"height\":470},{\"@type\":\"BreadcrumbList\",\"@id\":\"https:\\\/\\\/www.altominho.tv\\\/site\\\/2023\\\/08\\\/07\\\/obra-no-cais-galego-do-ferry-caminha-a-guarda-concluida-este-mes\\\/#breadcrumb\",\"itemListElement\":[{\"@type\":\"ListItem\",\"position\":1,\"name\":\"In\u00edcio\",\"item\":\"https:\\\/\\\/www.altominho.tv\\\/site\\\/\"},{\"@type\":\"ListItem\",\"position\":2,\"name\":\"Obra no cais galego do ferry Caminha-A Guarda conclu\u00edda este m\u00eas\"}]},{\"@type\":\"WebSite\",\"@id\":\"https:\\\/\\\/www.altominho.tv\\\/site\\\/#website\",\"url\":\"https:\\\/\\\/www.altominho.tv\\\/site\\\/\",\"name\":\"Altominho.tv\",\"description\":\"A sua regi\u00e3o \u00e0 dist\u00e2ncia de um clique...\",\"potentialAction\":[{\"@type\":\"SearchAction\",\"target\":{\"@type\":\"EntryPoint\",\"urlTemplate\":\"https:\\\/\\\/www.altominho.tv\\\/site\\\/?s={search_term_string}\"},\"query-input\":{\"@type\":\"PropertyValueSpecification\",\"valueRequired\":true,\"valueName\":\"search_term_string\"}}],\"inLanguage\":\"pt-PT\"},{\"@type\":\"Person\",\"@id\":\"https:\\\/\\\/www.altominho.tv\\\/site\\\/#\\\/schema\\\/person\\\/63f693da3e1899361cbe955c46f3232e\",\"name\":\"Lusa\",\"image\":{\"@type\":\"ImageObject\",\"inLanguage\":\"pt-PT\",\"@id\":\"https:\\\/\\\/www.altominho.tv\\\/site\\\/wp-content\\\/uploads\\\/2019\\\/08\\\/LUSA_Logo.gif\",\"url\":\"https:\\\/\\\/www.altominho.tv\\\/site\\\/wp-content\\\/uploads\\\/2019\\\/08\\\/LUSA_Logo.gif\",\"contentUrl\":\"https:\\\/\\\/www.altominho.tv\\\/site\\\/wp-content\\\/uploads\\\/2019\\\/08\\\/LUSA_Logo.gif\",\"caption\":\"Lusa\"},\"sameAs\":[\"http:\\\/\\\/\\\/\\\/www.altominho.tv\\\/site\"],\"url\":\"https:\\\/\\\/www.altominho.tv\\\/site\\\/author\\\/lusa\\\/\"}]}<\/script>\n<!-- \/ Yoast SEO Premium plugin. -->","yoast_head_json":{"title":"Obra no cais galego do ferry Caminha-A Guarda conclu\u00edda este m\u00eas","description":"A Portos de Galicia revelou hoje que est\u00e1 prevista \u201cpara este m\u00eas\u201d a conclus\u00e3o da obra no porto da Pasaxe, em A Guarda, que levou \u00e0 suspens\u00e3o da travessia de \u2018ferryboat\u2019 entre Caminha e aquela localidade da Galiza","robots":{"index":"index","follow":"follow","max-snippet":"max-snippet:-1","max-image-preview":"max-image-preview:large","max-video-preview":"max-video-preview:-1"},"canonical":"https:\/\/www.altominho.tv\/site\/2023\/08\/07\/obra-no-cais-galego-do-ferry-caminha-a-guarda-concluida-este-mes\/","og_locale":"pt_PT","og_type":"article","og_title":"Obra no cais galego do ferry Caminha-A Guarda conclu\u00edda este m\u00eas","og_description":"A Portos de Galicia revelou hoje que est\u00e1 prevista \u201cpara este m\u00eas\u201d a conclus\u00e3o da obra no porto da Pasaxe, em A Guarda, que levou \u00e0 suspens\u00e3o da travessia de \u2018ferryboat\u2019 entre Caminha e aquela localidade da Galiza","og_url":"https:\/\/www.altominho.tv\/site\/2023\/08\/07\/obra-no-cais-galego-do-ferry-caminha-a-guarda-concluida-este-mes\/","og_site_name":"Altominho.tv","article_publisher":"https:\/\/www.facebook.com\/altominhotv","article_published_time":"2023-08-07T14:01:53+00:00","article_modified_time":"2023-08-07T14:01:57+00:00","og_image":[{"width":740,"height":470,"url":"https:\/\/www.altominho.tv\/site\/wp-content\/uploads\/2023\/08\/caminha-e-a-guarda-740x470-1.jpeg","type":"image\/jpeg"}],"author":"Lusa","twitter_card":"summary_large_image","twitter_creator":"@altominhoTV","twitter_site":"@altominhoTV","twitter_misc":{"Escrito por":"Lusa","Tempo estimado de leitura":"2 minutos"},"schema":{"@context":"https:\/\/schema.org","@graph":[{"@type":"Article","@id":"https:\/\/www.altominho.tv\/site\/2023\/08\/07\/obra-no-cais-galego-do-ferry-caminha-a-guarda-concluida-este-mes\/#article","isPartOf":{"@id":"https:\/\/www.altominho.tv\/site\/2023\/08\/07\/obra-no-cais-galego-do-ferry-caminha-a-guarda-concluida-este-mes\/"},"author":{"name":"Lusa","@id":"https:\/\/www.altominho.tv\/site\/#\/schema\/person\/63f693da3e1899361cbe955c46f3232e"},"headline":"Obra no cais galego do ferry Caminha-A Guarda conclu\u00edda este m\u00eas","datePublished":"2023-08-07T14:01:53+00:00","dateModified":"2023-08-07T14:01:57+00:00","mainEntityOfPage":{"@id":"https:\/\/www.altominho.tv\/site\/2023\/08\/07\/obra-no-cais-galego-do-ferry-caminha-a-guarda-concluida-este-mes\/"},"wordCount":336,"image":{"@id":"https:\/\/www.altominho.tv\/site\/2023\/08\/07\/obra-no-cais-galego-do-ferry-caminha-a-guarda-concluida-este-mes\/#primaryimage"},"thumbnailUrl":"https:\/\/www.altominho.tv\/site\/wp-content\/uploads\/2023\/08\/caminha-e-a-guarda-740x470-1.jpeg","keywords":["Sociedade"],"articleSection":["Caminha"],"inLanguage":"pt-PT","copyrightYear":"2023","copyrightHolder":{"@id":"https:\/\/www.altominho.tv\/site\/#organization"}},{"@type":"WebPage","@id":"https:\/\/www.altominho.tv\/site\/2023\/08\/07\/obra-no-cais-galego-do-ferry-caminha-a-guarda-concluida-este-mes\/","url":"https:\/\/www.altominho.tv\/site\/2023\/08\/07\/obra-no-cais-galego-do-ferry-caminha-a-guarda-concluida-este-mes\/","name":"Obra no cais galego do ferry Caminha-A Guarda conclu\u00edda este m\u00eas","isPartOf":{"@id":"https:\/\/www.altominho.tv\/site\/#website"},"primaryImageOfPage":{"@id":"https:\/\/www.altominho.tv\/site\/2023\/08\/07\/obra-no-cais-galego-do-ferry-caminha-a-guarda-concluida-este-mes\/#primaryimage"},"image":{"@id":"https:\/\/www.altominho.tv\/site\/2023\/08\/07\/obra-no-cais-galego-do-ferry-caminha-a-guarda-concluida-este-mes\/#primaryimage"},"thumbnailUrl":"https:\/\/www.altominho.tv\/site\/wp-content\/uploads\/2023\/08\/caminha-e-a-guarda-740x470-1.jpeg","datePublished":"2023-08-07T14:01:53+00:00","dateModified":"2023-08-07T14:01:57+00:00","author":{"@id":"https:\/\/www.altominho.tv\/site\/#\/schema\/person\/63f693da3e1899361cbe955c46f3232e"},"description":"A Portos de Galicia revelou hoje que est\u00e1 prevista \u201cpara este m\u00eas\u201d a conclus\u00e3o da obra no porto da Pasaxe, em A Guarda, que levou \u00e0 suspens\u00e3o da travessia de \u2018ferryboat\u2019 entre Caminha e aquela localidade da Galiza","breadcrumb":{"@id":"https:\/\/www.altominho.tv\/site\/2023\/08\/07\/obra-no-cais-galego-do-ferry-caminha-a-guarda-concluida-este-mes\/#breadcrumb"},"inLanguage":"pt-PT","potentialAction":[{"@type":"ReadAction","target":["https:\/\/www.altominho.tv\/site\/2023\/08\/07\/obra-no-cais-galego-do-ferry-caminha-a-guarda-concluida-este-mes\/"]}]},{"@type":"ImageObject","inLanguage":"pt-PT","@id":"https:\/\/www.altominho.tv\/site\/2023\/08\/07\/obra-no-cais-galego-do-ferry-caminha-a-guarda-concluida-este-mes\/#primaryimage","url":"https:\/\/www.altominho.tv\/site\/wp-content\/uploads\/2023\/08\/caminha-e-a-guarda-740x470-1.jpeg","contentUrl":"https:\/\/www.altominho.tv\/site\/wp-content\/uploads\/2023\/08\/caminha-e-a-guarda-740x470-1.jpeg","width":740,"height":470},{"@type":"BreadcrumbList","@id":"https:\/\/www.altominho.tv\/site\/2023\/08\/07\/obra-no-cais-galego-do-ferry-caminha-a-guarda-concluida-este-mes\/#breadcrumb","itemListElement":[{"@type":"ListItem","position":1,"name":"In\u00edcio","item":"https:\/\/www.altominho.tv\/site\/"},{"@type":"ListItem","position":2,"name":"Obra no cais galego do ferry Caminha-A Guarda conclu\u00edda este m\u00eas"}]},{"@type":"WebSite","@id":"https:\/\/www.altominho.tv\/site\/#website","url":"https:\/\/www.altominho.tv\/site\/","name":"Altominho.tv","description":"A sua regi\u00e3o \u00e0 dist\u00e2ncia de um clique...","potentialAction":[{"@type":"SearchAction","target":{"@type":"EntryPoint","urlTemplate":"https:\/\/www.altominho.tv\/site\/?s={search_term_string}"},"query-input":{"@type":"PropertyValueSpecification","valueRequired":true,"valueName":"search_term_string"}}],"inLanguage":"pt-PT"},{"@type":"Person","@id":"https:\/\/www.altominho.tv\/site\/#\/schema\/person\/63f693da3e1899361cbe955c46f3232e","name":"Lusa","image":{"@type":"ImageObject","inLanguage":"pt-PT","@id":"https:\/\/www.altominho.tv\/site\/wp-content\/uploads\/2019\/08\/LUSA_Logo.gif","url":"https:\/\/www.altominho.tv\/site\/wp-content\/uploads\/2019\/08\/LUSA_Logo.gif","contentUrl":"https:\/\/www.altominho.tv\/site\/wp-content\/uploads\/2019\/08\/LUSA_Logo.gif","caption":"Lusa"},"sameAs":["http:\/\/\/\/www.altominho.tv\/site"],"url":"https:\/\/www.altominho.tv\/site\/author\/lusa\/"}]}},"_links":{"self":[{"href":"https:\/\/www.altominho.tv\/site\/wp-json\/wp\/v2\/posts\/95154","targetHints":{"allow":["GET"]}}],"collection":[{"href":"https:\/\/www.altominho.tv\/site\/wp-json\/wp\/v2\/posts"}],"about":[{"href":"https:\/\/www.altominho.tv\/site\/wp-json\/wp\/v2\/types\/post"}],"author":[{"embeddable":true,"href":"https:\/\/www.altominho.tv\/site\/wp-json\/wp\/v2\/users\/13"}],"replies":[{"embeddable":true,"href":"https:\/\/www.altominho.tv\/site\/wp-json\/wp\/v2\/comments?post=95154"}],"version-history":[{"count":1,"href":"https:\/\/www.altominho.tv\/site\/wp-json\/wp\/v2\/posts\/95154\/revisions"}],"predecessor-version":[{"id":95155,"href":"https:\/\/www.altominho.tv\/site\/wp-json\/wp\/v2\/posts\/95154\/revisions\/95155"}],"wp:featuredmedia":[{"embeddable":true,"href":"https:\/\/www.altominho.tv\/site\/wp-json\/wp\/v2\/media\/94952"}],"wp:attachment":[{"href":"https:\/\/www.altominho.tv\/site\/wp-json\/wp\/v2\/media?parent=95154"}],"wp:term":[{"taxonomy":"category","embeddable":true,"href":"https:\/\/www.altominho.tv\/site\/wp-json\/wp\/v2\/categories?post=95154"},{"taxonomy":"post_tag","embeddable":true,"href":"https:\/\/www.altominho.tv\/site\/wp-json\/wp\/v2\/tags?post=95154"}],"curies":[{"name":"wp","href":"https:\/\/api.w.org\/{rel}","templated":true}]}}