{"id":94967,"date":"2023-08-02T11:18:27","date_gmt":"2023-08-02T10:18:27","guid":{"rendered":"https:\/\/www.altominho.tv\/site\/?p=94967"},"modified":"2023-08-02T11:18:31","modified_gmt":"2023-08-02T10:18:31","slug":"rede-saneamento-vilarelho-vai-ser-ampliada-para-servir-mais-casas-melhorar-ambiente","status":"publish","type":"post","link":"https:\/\/www.altominho.tv\/site\/2023\/08\/02\/rede-saneamento-vilarelho-vai-ser-ampliada-para-servir-mais-casas-melhorar-ambiente\/","title":{"rendered":"Rede de saneamento de Vilarelho vai ser ampliada para servir mais casas e melhorar o ambiente"},"content":{"rendered":"<p>O munic\u00edpio de Caminha tem em curso diversas interven\u00e7\u00f5es na \u00e1rea das infraestruturas, que est\u00e3o a ser levadas a cabo pela Adam \u2013 \u00c1guas do Alto Minho. O presidente da C\u00e2mara, Rui Lages, esteve na freguesia de Vilarelho para acompanhar as obras que &#8220;t\u00eam impacto na vida das fam\u00edlias e a n\u00edvel ambiental&#8221;.<\/p>\n<p>No \u00e2mbito da empreitada designada de \u201cExpans\u00e3o da rede de drenagem de \u00e1guas residuais &#8211; Munic\u00edpio de Caminha\u201d, inserida na Candidatura POCI-07-62H1-FEDER-181422\/ aviso 05\/REACT-EU\/2021, est\u00e1 prevista &#8220;a amplia\u00e7\u00e3o de rede de saneamento em v\u00e1rios arruamentos do munic\u00edpio de Caminha e a disponibiliza\u00e7\u00e3o do servi\u00e7o para os fogos habitacionais existentes, contribuindo para a prote\u00e7\u00e3o do ambiente e promo\u00e7\u00e3o da efici\u00eancia dos recursos h\u00eddricos&#8221;, deu nota a autarquia.<\/p>\n<p>Na freguesia de Vilarelho, os arruamentos visitados por Rui Lages foram a rua dos Carvalhos, a rua da Nossa Senhora da Encarna\u00e7\u00e3o e a rua do Olheiro.<\/p>\n<p>A empreitada contempla a instala\u00e7\u00e3o de &#8220;cerca de 890 metros de coletor de saneamento, 30 ramais domicili\u00e1rios e uma esta\u00e7\u00e3o elevat\u00f3ria&#8221;.<\/p>\n<p>O valor do investimento \u00e9 de 190 mil euros.<\/p>\n","protected":false},"excerpt":{"rendered":"<p>O munic\u00edpio de Caminha tem em curso diversas interven\u00e7\u00f5es na \u00e1rea das infraestruturas, que est\u00e3o a ser levadas a cabo pela Adam \u2013 \u00c1guas do Alto Minho. O presidente da C\u00e2mara, Rui Lages, esteve na freguesia de Vilarelho para acompanhar as obras que &#8220;t\u00eam impacto na vida das fam\u00edlias e a n\u00edvel ambiental&#8221;. No \u00e2mbito [&hellip;]<\/p>\n","protected":false},"author":1,"featured_media":94968,"comment_status":"closed","ping_status":"closed","sticky":false,"template":"","format":"standard","meta":{"_exactmetrics_skip_tracking":false,"_exactmetrics_sitenote_active":false,"_exactmetrics_sitenote_note":"","_exactmetrics_sitenote_category":0,"footnotes":""},"categories":[7],"tags":[27],"class_list":["post-94967","post","type-post","status-publish","format-standard","has-post-thumbnail","hentry","category-caminha","tag-sociedade"],"yoast_head":"<!-- This site is optimized with the Yoast SEO Premium plugin v27.4 (Yoast SEO v27.4) - https:\/\/yoast.com\/product\/yoast-seo-premium-wordpress\/ -->\n<title>Rede de saneamento de Vilarelho vai ser ampliada para servir mais casas e melhorar o ambiente<\/title>\n<meta name=\"description\" content=\"O munic\u00edpio de Caminha tem em curso diversas interven\u00e7\u00f5es na \u00e1rea das infraestruturas, que est\u00e3o a ser levadas a cabo pela Adam \u2013 \u00c1guas do Alto Minho. O presidente da C\u00e2mara, Rui Lages, esteve na freguesia de Vilarelho para acompanhar as obras que &quot;t\u00eam impacto na vida das fam\u00edlias e a n\u00edvel ambiental&quot;.\u00a0\" \/>\n<meta name=\"robots\" content=\"index, follow, max-snippet:-1, max-image-preview:large, max-video-preview:-1\" \/>\n<link rel=\"canonical\" href=\"https:\/\/www.altominho.tv\/site\/2023\/08\/02\/rede-saneamento-vilarelho-vai-ser-ampliada-para-servir-mais-casas-melhorar-ambiente\/\" \/>\n<meta property=\"og:locale\" content=\"pt_PT\" \/>\n<meta property=\"og:type\" content=\"article\" \/>\n<meta property=\"og:title\" content=\"Rede de saneamento de Vilarelho vai ser ampliada para servir mais casas e melhorar o ambiente\" \/>\n<meta property=\"og:description\" content=\"O munic\u00edpio de Caminha tem em curso diversas interven\u00e7\u00f5es na \u00e1rea das infraestruturas, que est\u00e3o a ser levadas a cabo pela Adam \u2013 \u00c1guas do Alto Minho. O presidente da C\u00e2mara, Rui Lages, esteve na freguesia de Vilarelho para acompanhar as obras que &quot;t\u00eam impacto na vida das fam\u00edlias e a n\u00edvel ambiental&quot;.\u00a0\" \/>\n<meta property=\"og:url\" content=\"https:\/\/www.altominho.tv\/site\/2023\/08\/02\/rede-saneamento-vilarelho-vai-ser-ampliada-para-servir-mais-casas-melhorar-ambiente\/\" \/>\n<meta property=\"og:site_name\" content=\"Altominho.tv\" \/>\n<meta property=\"article:publisher\" content=\"https:\/\/www.facebook.com\/altominhotv\" \/>\n<meta property=\"article:published_time\" content=\"2023-08-02T10:18:27+00:00\" \/>\n<meta property=\"article:modified_time\" content=\"2023-08-02T10:18:31+00:00\" \/>\n<meta property=\"og:image\" content=\"https:\/\/www.altominho.tv\/site\/wp-content\/uploads\/2023\/08\/Vilarelho-Caminha-1.jpg\" \/>\n\t<meta property=\"og:image:width\" content=\"1620\" \/>\n\t<meta property=\"og:image:height\" content=\"1080\" \/>\n\t<meta property=\"og:image:type\" content=\"image\/jpeg\" \/>\n<meta name=\"author\" content=\"Altominho.tv\" \/>\n<meta name=\"twitter:card\" content=\"summary_large_image\" \/>\n<meta name=\"twitter:creator\" content=\"@altominhoTV\" \/>\n<meta name=\"twitter:site\" content=\"@altominhoTV\" \/>\n<meta name=\"twitter:label1\" content=\"Escrito por\" \/>\n\t<meta name=\"twitter:data1\" content=\"Altominho.tv\" \/>\n\t<meta name=\"twitter:label2\" content=\"Tempo estimado de leitura\" \/>\n\t<meta name=\"twitter:data2\" content=\"1 minuto\" \/>\n<script type=\"application\/ld+json\" class=\"yoast-schema-graph\">{\"@context\":\"https:\\\/\\\/schema.org\",\"@graph\":[{\"@type\":\"Article\",\"@id\":\"https:\\\/\\\/www.altominho.tv\\\/site\\\/2023\\\/08\\\/02\\\/rede-saneamento-vilarelho-vai-ser-ampliada-para-servir-mais-casas-melhorar-ambiente\\\/#article\",\"isPartOf\":{\"@id\":\"https:\\\/\\\/www.altominho.tv\\\/site\\\/2023\\\/08\\\/02\\\/rede-saneamento-vilarelho-vai-ser-ampliada-para-servir-mais-casas-melhorar-ambiente\\\/\"},\"author\":{\"name\":\"Altominho.tv\",\"@id\":\"https:\\\/\\\/www.altominho.tv\\\/site\\\/#\\\/schema\\\/person\\\/4e536851627d7914baf3dac752b6af22\"},\"headline\":\"Rede de saneamento de Vilarelho vai ser ampliada para servir mais casas e melhorar o ambiente\",\"datePublished\":\"2023-08-02T10:18:27+00:00\",\"dateModified\":\"2023-08-02T10:18:31+00:00\",\"mainEntityOfPage\":{\"@id\":\"https:\\\/\\\/www.altominho.tv\\\/site\\\/2023\\\/08\\\/02\\\/rede-saneamento-vilarelho-vai-ser-ampliada-para-servir-mais-casas-melhorar-ambiente\\\/\"},\"wordCount\":213,\"image\":{\"@id\":\"https:\\\/\\\/www.altominho.tv\\\/site\\\/2023\\\/08\\\/02\\\/rede-saneamento-vilarelho-vai-ser-ampliada-para-servir-mais-casas-melhorar-ambiente\\\/#primaryimage\"},\"thumbnailUrl\":\"https:\\\/\\\/www.altominho.tv\\\/site\\\/wp-content\\\/uploads\\\/2023\\\/08\\\/Vilarelho-Caminha-1.jpg\",\"keywords\":[\"Sociedade\"],\"articleSection\":[\"Caminha\"],\"inLanguage\":\"pt-PT\",\"copyrightYear\":\"2023\",\"copyrightHolder\":{\"@id\":\"https:\\\/\\\/www.altominho.tv\\\/site\\\/#organization\"}},{\"@type\":\"WebPage\",\"@id\":\"https:\\\/\\\/www.altominho.tv\\\/site\\\/2023\\\/08\\\/02\\\/rede-saneamento-vilarelho-vai-ser-ampliada-para-servir-mais-casas-melhorar-ambiente\\\/\",\"url\":\"https:\\\/\\\/www.altominho.tv\\\/site\\\/2023\\\/08\\\/02\\\/rede-saneamento-vilarelho-vai-ser-ampliada-para-servir-mais-casas-melhorar-ambiente\\\/\",\"name\":\"Rede de saneamento de Vilarelho vai ser ampliada para servir mais casas e melhorar o ambiente\",\"isPartOf\":{\"@id\":\"https:\\\/\\\/www.altominho.tv\\\/site\\\/#website\"},\"primaryImageOfPage\":{\"@id\":\"https:\\\/\\\/www.altominho.tv\\\/site\\\/2023\\\/08\\\/02\\\/rede-saneamento-vilarelho-vai-ser-ampliada-para-servir-mais-casas-melhorar-ambiente\\\/#primaryimage\"},\"image\":{\"@id\":\"https:\\\/\\\/www.altominho.tv\\\/site\\\/2023\\\/08\\\/02\\\/rede-saneamento-vilarelho-vai-ser-ampliada-para-servir-mais-casas-melhorar-ambiente\\\/#primaryimage\"},\"thumbnailUrl\":\"https:\\\/\\\/www.altominho.tv\\\/site\\\/wp-content\\\/uploads\\\/2023\\\/08\\\/Vilarelho-Caminha-1.jpg\",\"datePublished\":\"2023-08-02T10:18:27+00:00\",\"dateModified\":\"2023-08-02T10:18:31+00:00\",\"author\":{\"@id\":\"https:\\\/\\\/www.altominho.tv\\\/site\\\/#\\\/schema\\\/person\\\/4e536851627d7914baf3dac752b6af22\"},\"description\":\"O munic\u00edpio de Caminha tem em curso diversas interven\u00e7\u00f5es na \u00e1rea das infraestruturas, que est\u00e3o a ser levadas a cabo pela Adam \u2013 \u00c1guas do Alto Minho. O presidente da C\u00e2mara, Rui Lages, esteve na freguesia de Vilarelho para acompanhar as obras que \\\"t\u00eam impacto na vida das fam\u00edlias e a n\u00edvel ambiental\\\".\u00a0\",\"breadcrumb\":{\"@id\":\"https:\\\/\\\/www.altominho.tv\\\/site\\\/2023\\\/08\\\/02\\\/rede-saneamento-vilarelho-vai-ser-ampliada-para-servir-mais-casas-melhorar-ambiente\\\/#breadcrumb\"},\"inLanguage\":\"pt-PT\",\"potentialAction\":[{\"@type\":\"ReadAction\",\"target\":[\"https:\\\/\\\/www.altominho.tv\\\/site\\\/2023\\\/08\\\/02\\\/rede-saneamento-vilarelho-vai-ser-ampliada-para-servir-mais-casas-melhorar-ambiente\\\/\"]}]},{\"@type\":\"ImageObject\",\"inLanguage\":\"pt-PT\",\"@id\":\"https:\\\/\\\/www.altominho.tv\\\/site\\\/2023\\\/08\\\/02\\\/rede-saneamento-vilarelho-vai-ser-ampliada-para-servir-mais-casas-melhorar-ambiente\\\/#primaryimage\",\"url\":\"https:\\\/\\\/www.altominho.tv\\\/site\\\/wp-content\\\/uploads\\\/2023\\\/08\\\/Vilarelho-Caminha-1.jpg\",\"contentUrl\":\"https:\\\/\\\/www.altominho.tv\\\/site\\\/wp-content\\\/uploads\\\/2023\\\/08\\\/Vilarelho-Caminha-1.jpg\",\"width\":1620,\"height\":1080},{\"@type\":\"BreadcrumbList\",\"@id\":\"https:\\\/\\\/www.altominho.tv\\\/site\\\/2023\\\/08\\\/02\\\/rede-saneamento-vilarelho-vai-ser-ampliada-para-servir-mais-casas-melhorar-ambiente\\\/#breadcrumb\",\"itemListElement\":[{\"@type\":\"ListItem\",\"position\":1,\"name\":\"In\u00edcio\",\"item\":\"https:\\\/\\\/www.altominho.tv\\\/site\\\/\"},{\"@type\":\"ListItem\",\"position\":2,\"name\":\"Rede de saneamento de Vilarelho vai ser ampliada para servir mais casas e melhorar o ambiente\"}]},{\"@type\":\"WebSite\",\"@id\":\"https:\\\/\\\/www.altominho.tv\\\/site\\\/#website\",\"url\":\"https:\\\/\\\/www.altominho.tv\\\/site\\\/\",\"name\":\"Altominho.tv\",\"description\":\"A sua regi\u00e3o \u00e0 dist\u00e2ncia de um clique...\",\"potentialAction\":[{\"@type\":\"SearchAction\",\"target\":{\"@type\":\"EntryPoint\",\"urlTemplate\":\"https:\\\/\\\/www.altominho.tv\\\/site\\\/?s={search_term_string}\"},\"query-input\":{\"@type\":\"PropertyValueSpecification\",\"valueRequired\":true,\"valueName\":\"search_term_string\"}}],\"inLanguage\":\"pt-PT\"},{\"@type\":\"Person\",\"@id\":\"https:\\\/\\\/www.altominho.tv\\\/site\\\/#\\\/schema\\\/person\\\/4e536851627d7914baf3dac752b6af22\",\"name\":\"Altominho.tv\",\"image\":{\"@type\":\"ImageObject\",\"inLanguage\":\"pt-PT\",\"@id\":\"https:\\\/\\\/www.altominho.tv\\\/site\\\/wp-content\\\/uploads\\\/2019\\\/11\\\/Logo_Avatar_2-150x150.jpg\",\"url\":\"https:\\\/\\\/www.altominho.tv\\\/site\\\/wp-content\\\/uploads\\\/2019\\\/11\\\/Logo_Avatar_2-150x150.jpg\",\"contentUrl\":\"https:\\\/\\\/www.altominho.tv\\\/site\\\/wp-content\\\/uploads\\\/2019\\\/11\\\/Logo_Avatar_2-150x150.jpg\",\"caption\":\"Altominho.tv\"},\"url\":\"https:\\\/\\\/www.altominho.tv\\\/site\\\/author\\\/altominhotv-tecnico\\\/\"}]}<\/script>\n<!-- \/ Yoast SEO Premium plugin. -->","yoast_head_json":{"title":"Rede de saneamento de Vilarelho vai ser ampliada para servir mais casas e melhorar o ambiente","description":"O munic\u00edpio de Caminha tem em curso diversas interven\u00e7\u00f5es na \u00e1rea das infraestruturas, que est\u00e3o a ser levadas a cabo pela Adam \u2013 \u00c1guas do Alto Minho. O presidente da C\u00e2mara, Rui Lages, esteve na freguesia de Vilarelho para acompanhar as obras que \"t\u00eam impacto na vida das fam\u00edlias e a n\u00edvel ambiental\".\u00a0","robots":{"index":"index","follow":"follow","max-snippet":"max-snippet:-1","max-image-preview":"max-image-preview:large","max-video-preview":"max-video-preview:-1"},"canonical":"https:\/\/www.altominho.tv\/site\/2023\/08\/02\/rede-saneamento-vilarelho-vai-ser-ampliada-para-servir-mais-casas-melhorar-ambiente\/","og_locale":"pt_PT","og_type":"article","og_title":"Rede de saneamento de Vilarelho vai ser ampliada para servir mais casas e melhorar o ambiente","og_description":"O munic\u00edpio de Caminha tem em curso diversas interven\u00e7\u00f5es na \u00e1rea das infraestruturas, que est\u00e3o a ser levadas a cabo pela Adam \u2013 \u00c1guas do Alto Minho. O presidente da C\u00e2mara, Rui Lages, esteve na freguesia de Vilarelho para acompanhar as obras que \"t\u00eam impacto na vida das fam\u00edlias e a n\u00edvel ambiental\".\u00a0","og_url":"https:\/\/www.altominho.tv\/site\/2023\/08\/02\/rede-saneamento-vilarelho-vai-ser-ampliada-para-servir-mais-casas-melhorar-ambiente\/","og_site_name":"Altominho.tv","article_publisher":"https:\/\/www.facebook.com\/altominhotv","article_published_time":"2023-08-02T10:18:27+00:00","article_modified_time":"2023-08-02T10:18:31+00:00","og_image":[{"width":1620,"height":1080,"url":"https:\/\/www.altominho.tv\/site\/wp-content\/uploads\/2023\/08\/Vilarelho-Caminha-1.jpg","type":"image\/jpeg"}],"author":"Altominho.tv","twitter_card":"summary_large_image","twitter_creator":"@altominhoTV","twitter_site":"@altominhoTV","twitter_misc":{"Escrito por":"Altominho.tv","Tempo estimado de leitura":"1 minuto"},"schema":{"@context":"https:\/\/schema.org","@graph":[{"@type":"Article","@id":"https:\/\/www.altominho.tv\/site\/2023\/08\/02\/rede-saneamento-vilarelho-vai-ser-ampliada-para-servir-mais-casas-melhorar-ambiente\/#article","isPartOf":{"@id":"https:\/\/www.altominho.tv\/site\/2023\/08\/02\/rede-saneamento-vilarelho-vai-ser-ampliada-para-servir-mais-casas-melhorar-ambiente\/"},"author":{"name":"Altominho.tv","@id":"https:\/\/www.altominho.tv\/site\/#\/schema\/person\/4e536851627d7914baf3dac752b6af22"},"headline":"Rede de saneamento de Vilarelho vai ser ampliada para servir mais casas e melhorar o ambiente","datePublished":"2023-08-02T10:18:27+00:00","dateModified":"2023-08-02T10:18:31+00:00","mainEntityOfPage":{"@id":"https:\/\/www.altominho.tv\/site\/2023\/08\/02\/rede-saneamento-vilarelho-vai-ser-ampliada-para-servir-mais-casas-melhorar-ambiente\/"},"wordCount":213,"image":{"@id":"https:\/\/www.altominho.tv\/site\/2023\/08\/02\/rede-saneamento-vilarelho-vai-ser-ampliada-para-servir-mais-casas-melhorar-ambiente\/#primaryimage"},"thumbnailUrl":"https:\/\/www.altominho.tv\/site\/wp-content\/uploads\/2023\/08\/Vilarelho-Caminha-1.jpg","keywords":["Sociedade"],"articleSection":["Caminha"],"inLanguage":"pt-PT","copyrightYear":"2023","copyrightHolder":{"@id":"https:\/\/www.altominho.tv\/site\/#organization"}},{"@type":"WebPage","@id":"https:\/\/www.altominho.tv\/site\/2023\/08\/02\/rede-saneamento-vilarelho-vai-ser-ampliada-para-servir-mais-casas-melhorar-ambiente\/","url":"https:\/\/www.altominho.tv\/site\/2023\/08\/02\/rede-saneamento-vilarelho-vai-ser-ampliada-para-servir-mais-casas-melhorar-ambiente\/","name":"Rede de saneamento de Vilarelho vai ser ampliada para servir mais casas e melhorar o ambiente","isPartOf":{"@id":"https:\/\/www.altominho.tv\/site\/#website"},"primaryImageOfPage":{"@id":"https:\/\/www.altominho.tv\/site\/2023\/08\/02\/rede-saneamento-vilarelho-vai-ser-ampliada-para-servir-mais-casas-melhorar-ambiente\/#primaryimage"},"image":{"@id":"https:\/\/www.altominho.tv\/site\/2023\/08\/02\/rede-saneamento-vilarelho-vai-ser-ampliada-para-servir-mais-casas-melhorar-ambiente\/#primaryimage"},"thumbnailUrl":"https:\/\/www.altominho.tv\/site\/wp-content\/uploads\/2023\/08\/Vilarelho-Caminha-1.jpg","datePublished":"2023-08-02T10:18:27+00:00","dateModified":"2023-08-02T10:18:31+00:00","author":{"@id":"https:\/\/www.altominho.tv\/site\/#\/schema\/person\/4e536851627d7914baf3dac752b6af22"},"description":"O munic\u00edpio de Caminha tem em curso diversas interven\u00e7\u00f5es na \u00e1rea das infraestruturas, que est\u00e3o a ser levadas a cabo pela Adam \u2013 \u00c1guas do Alto Minho. O presidente da C\u00e2mara, Rui Lages, esteve na freguesia de Vilarelho para acompanhar as obras que \"t\u00eam impacto na vida das fam\u00edlias e a n\u00edvel ambiental\".\u00a0","breadcrumb":{"@id":"https:\/\/www.altominho.tv\/site\/2023\/08\/02\/rede-saneamento-vilarelho-vai-ser-ampliada-para-servir-mais-casas-melhorar-ambiente\/#breadcrumb"},"inLanguage":"pt-PT","potentialAction":[{"@type":"ReadAction","target":["https:\/\/www.altominho.tv\/site\/2023\/08\/02\/rede-saneamento-vilarelho-vai-ser-ampliada-para-servir-mais-casas-melhorar-ambiente\/"]}]},{"@type":"ImageObject","inLanguage":"pt-PT","@id":"https:\/\/www.altominho.tv\/site\/2023\/08\/02\/rede-saneamento-vilarelho-vai-ser-ampliada-para-servir-mais-casas-melhorar-ambiente\/#primaryimage","url":"https:\/\/www.altominho.tv\/site\/wp-content\/uploads\/2023\/08\/Vilarelho-Caminha-1.jpg","contentUrl":"https:\/\/www.altominho.tv\/site\/wp-content\/uploads\/2023\/08\/Vilarelho-Caminha-1.jpg","width":1620,"height":1080},{"@type":"BreadcrumbList","@id":"https:\/\/www.altominho.tv\/site\/2023\/08\/02\/rede-saneamento-vilarelho-vai-ser-ampliada-para-servir-mais-casas-melhorar-ambiente\/#breadcrumb","itemListElement":[{"@type":"ListItem","position":1,"name":"In\u00edcio","item":"https:\/\/www.altominho.tv\/site\/"},{"@type":"ListItem","position":2,"name":"Rede de saneamento de Vilarelho vai ser ampliada para servir mais casas e melhorar o ambiente"}]},{"@type":"WebSite","@id":"https:\/\/www.altominho.tv\/site\/#website","url":"https:\/\/www.altominho.tv\/site\/","name":"Altominho.tv","description":"A sua regi\u00e3o \u00e0 dist\u00e2ncia de um clique...","potentialAction":[{"@type":"SearchAction","target":{"@type":"EntryPoint","urlTemplate":"https:\/\/www.altominho.tv\/site\/?s={search_term_string}"},"query-input":{"@type":"PropertyValueSpecification","valueRequired":true,"valueName":"search_term_string"}}],"inLanguage":"pt-PT"},{"@type":"Person","@id":"https:\/\/www.altominho.tv\/site\/#\/schema\/person\/4e536851627d7914baf3dac752b6af22","name":"Altominho.tv","image":{"@type":"ImageObject","inLanguage":"pt-PT","@id":"https:\/\/www.altominho.tv\/site\/wp-content\/uploads\/2019\/11\/Logo_Avatar_2-150x150.jpg","url":"https:\/\/www.altominho.tv\/site\/wp-content\/uploads\/2019\/11\/Logo_Avatar_2-150x150.jpg","contentUrl":"https:\/\/www.altominho.tv\/site\/wp-content\/uploads\/2019\/11\/Logo_Avatar_2-150x150.jpg","caption":"Altominho.tv"},"url":"https:\/\/www.altominho.tv\/site\/author\/altominhotv-tecnico\/"}]}},"_links":{"self":[{"href":"https:\/\/www.altominho.tv\/site\/wp-json\/wp\/v2\/posts\/94967","targetHints":{"allow":["GET"]}}],"collection":[{"href":"https:\/\/www.altominho.tv\/site\/wp-json\/wp\/v2\/posts"}],"about":[{"href":"https:\/\/www.altominho.tv\/site\/wp-json\/wp\/v2\/types\/post"}],"author":[{"embeddable":true,"href":"https:\/\/www.altominho.tv\/site\/wp-json\/wp\/v2\/users\/1"}],"replies":[{"embeddable":true,"href":"https:\/\/www.altominho.tv\/site\/wp-json\/wp\/v2\/comments?post=94967"}],"version-history":[{"count":1,"href":"https:\/\/www.altominho.tv\/site\/wp-json\/wp\/v2\/posts\/94967\/revisions"}],"predecessor-version":[{"id":94969,"href":"https:\/\/www.altominho.tv\/site\/wp-json\/wp\/v2\/posts\/94967\/revisions\/94969"}],"wp:featuredmedia":[{"embeddable":true,"href":"https:\/\/www.altominho.tv\/site\/wp-json\/wp\/v2\/media\/94968"}],"wp:attachment":[{"href":"https:\/\/www.altominho.tv\/site\/wp-json\/wp\/v2\/media?parent=94967"}],"wp:term":[{"taxonomy":"category","embeddable":true,"href":"https:\/\/www.altominho.tv\/site\/wp-json\/wp\/v2\/categories?post=94967"},{"taxonomy":"post_tag","embeddable":true,"href":"https:\/\/www.altominho.tv\/site\/wp-json\/wp\/v2\/tags?post=94967"}],"curies":[{"name":"wp","href":"https:\/\/api.w.org\/{rel}","templated":true}]}}