{"id":94949,"date":"2023-08-01T17:12:23","date_gmt":"2023-08-01T16:12:23","guid":{"rendered":"https:\/\/www.altominho.tv\/site\/?p=94949"},"modified":"2023-08-01T17:12:27","modified_gmt":"2023-08-01T16:12:27","slug":"camara-esta-preocupada-com-dificuldades-no-acesso-fluvial-a-galiza","status":"publish","type":"post","link":"https:\/\/www.altominho.tv\/site\/2023\/08\/01\/camara-esta-preocupada-com-dificuldades-no-acesso-fluvial-a-galiza\/","title":{"rendered":"C\u00e2mara est\u00e1 preocupada com dificuldades no acesso fluvial \u00e0 Galiza"},"content":{"rendered":"<p class=\"p1\">A C\u00e2mara de Caminha est\u00e1 preocupada que o assoreamento do rio Minho dificulte ou impe\u00e7a a liga\u00e7\u00e3o por \u2018ferryboat\u2019 \u00e0 Galiza, mesmo aquando da conclus\u00e3o da obra no cais galego do munic\u00edpio de A Guarda, revelou hoje o autarca.<\/p>\n<p class=\"p1\">\u201cDefendemos uma liga\u00e7\u00e3o regular e permanente por via fluvial e, at\u00e9 hoje de manh\u00e3, n\u00e3o tinha recebido qualquer indica\u00e7\u00e3o de quando estar\u00e1 conclu\u00edda a obra no cais do lado de Espanha. Desde a pandemia covid-19 que o \u2018ferryboat\u2019 n\u00e3o voltou a circular e, nestes anos de paragem, o rio ficou completamente assoreado, o que impede a circula\u00e7\u00e3o de um barco da dimens\u00e3o do Santa Rita de C\u00e1ssia\u201d, alertou Rui Lages.<\/p>\n<p class=\"p1\">O presidente da C\u00e2mara de Caminha e o munic\u00edpio de A Guarda afirmaram desconhecer a data prevista para a conclus\u00e3o da obra para repor a seguran\u00e7a no cais galego do \u2018ferry\u2019 Santa Rita de C\u00e1ssia, uma empreitada a cargo da Portos da Galiza.<\/p>\n<p class=\"p1\">De acordo com Rui Lages, a quest\u00e3o \u00e9 que, mesmo com a obra conclu\u00edda, o rio est\u00e1 demasiado assoreado para permitir a navega\u00e7\u00e3o.<\/p>\n<p class=\"p1\">Rui Lages notou ainda que o assoreamento naquela zona do rio Minho n\u00e3o \u00e9 um problema exclusivo desta autarquia, dizendo tamb\u00e9m respeito ao munic\u00edpio galego de A Guarda e aos Estados portugu\u00eas e espanhol, uma vez que se trata de um rio internacional.<\/p>\n<p class=\"p1\">Trata-se, explicou, \u201cde um primeiro passo para saber qual a quantidade de areia que ser\u00e1 preciso retirar do rio\u201d, faltando depois perceber \u201cque entidade pode fazer a dragagem, quais as autoriza\u00e7\u00f5es necess\u00e1rias e o financiamento dispon\u00edvel\u201d.<\/p>\n<p class=\"p1\">O autarca tem defendido a substitui\u00e7\u00e3o da atual embarca\u00e7\u00e3o, \u201ccom cerca de 30 anos\u201d, por um novo ve\u00edculo el\u00e9trico. \u201cA \u00e9poca de ver\u00e3o era sempre de maior aflu\u00eancia na liga\u00e7\u00e3o por \u2018ferryboat\u2019. Entendemos que este transporte deve ser uma prioridade\u201d, frisou.<\/p>\n<p class=\"p1\">O munic\u00edpio de A Guarda indicou, atrav\u00e9s do gabinete de imprensa, saber que os trabalhos de repara\u00e7\u00e3o do cais est\u00e3o a ser realizados, sem conseguir adiantar mais informa\u00e7\u00e3o.<\/p>\n<p class=\"p1\">O munic\u00edpio diz n\u00e3o ter indica\u00e7\u00f5es quanto \u00e0 conclus\u00e3o da empreitada, porque \u201cas obras de repara\u00e7\u00e3o do cais dos \u2018ferryboat\u2019 de A Guarda s\u00e3o da responsabilidade da entidade dos Portos da Galiza\u201d.<\/p>\n<p class=\"p1\">Desde maio de 2022, a liga\u00e7\u00e3o atrav\u00e9s do \u2018ferryboat\u2019 est\u00e1 interrompida devido a \u201cproblemas graves\u201d no cais galego que impede a atraca\u00e7\u00e3o do \u2018ferry\u2019 na margem galega com o m\u00ednimo de seguran\u00e7a\u201d.<\/p>\n","protected":false},"excerpt":{"rendered":"<p>A C\u00e2mara de Caminha est\u00e1 preocupada que o assoreamento do rio Minho dificulte ou impe\u00e7a a liga\u00e7\u00e3o por \u2018ferryboat\u2019 \u00e0 Galiza, mesmo aquando da conclus\u00e3o da obra no cais galego do munic\u00edpio de A Guarda, revelou hoje o autarca. \u201cDefendemos uma liga\u00e7\u00e3o regular e permanente por via fluvial e, at\u00e9 hoje de manh\u00e3, n\u00e3o tinha [&hellip;]<\/p>\n","protected":false},"author":28,"featured_media":94952,"comment_status":"closed","ping_status":"closed","sticky":false,"template":"","format":"standard","meta":{"_exactmetrics_skip_tracking":false,"_exactmetrics_sitenote_active":false,"_exactmetrics_sitenote_note":"","_exactmetrics_sitenote_category":0,"footnotes":""},"categories":[7],"tags":[27],"class_list":["post-94949","post","type-post","status-publish","format-standard","has-post-thumbnail","hentry","category-caminha","tag-sociedade"],"yoast_head":"<!-- This site is optimized with the Yoast SEO Premium plugin v27.4 (Yoast SEO v27.4) - https:\/\/yoast.com\/product\/yoast-seo-premium-wordpress\/ -->\n<title>C\u00e2mara est\u00e1 preocupada com dificuldades no acesso fluvial \u00e0 Galiza<\/title>\n<meta name=\"description\" content=\"A C\u00e2mara de Caminha est\u00e1 preocupada que o assoreamento do rio Minho dificulte ou impe\u00e7a a liga\u00e7\u00e3o por \u2018ferryboat\u2019 \u00e0 Galiza, mesmo aquando da conclus\u00e3o da obra no cais galego do munic\u00edpio de A Guarda, revelou hoje o autarca.\" \/>\n<meta name=\"robots\" content=\"index, follow, max-snippet:-1, max-image-preview:large, max-video-preview:-1\" \/>\n<link rel=\"canonical\" href=\"https:\/\/www.altominho.tv\/site\/2023\/08\/01\/camara-esta-preocupada-com-dificuldades-no-acesso-fluvial-a-galiza\/\" \/>\n<meta property=\"og:locale\" content=\"pt_PT\" \/>\n<meta property=\"og:type\" content=\"article\" \/>\n<meta property=\"og:title\" content=\"C\u00e2mara est\u00e1 preocupada com dificuldades no acesso fluvial \u00e0 Galiza\" \/>\n<meta property=\"og:description\" content=\"A C\u00e2mara de Caminha est\u00e1 preocupada que o assoreamento do rio Minho dificulte ou impe\u00e7a a liga\u00e7\u00e3o por \u2018ferryboat\u2019 \u00e0 Galiza, mesmo aquando da conclus\u00e3o da obra no cais galego do munic\u00edpio de A Guarda, revelou hoje o autarca.\" \/>\n<meta property=\"og:url\" content=\"https:\/\/www.altominho.tv\/site\/2023\/08\/01\/camara-esta-preocupada-com-dificuldades-no-acesso-fluvial-a-galiza\/\" \/>\n<meta property=\"og:site_name\" content=\"Altominho.tv\" \/>\n<meta property=\"article:publisher\" content=\"https:\/\/www.facebook.com\/altominhotv\" \/>\n<meta property=\"article:published_time\" content=\"2023-08-01T16:12:23+00:00\" \/>\n<meta property=\"article:modified_time\" content=\"2023-08-01T16:12:27+00:00\" \/>\n<meta property=\"og:image\" content=\"https:\/\/www.altominho.tv\/site\/wp-content\/uploads\/2023\/08\/caminha-e-a-guarda-740x470-1.jpeg\" \/>\n\t<meta property=\"og:image:width\" content=\"740\" \/>\n\t<meta property=\"og:image:height\" content=\"470\" \/>\n\t<meta property=\"og:image:type\" content=\"image\/jpeg\" \/>\n<meta name=\"author\" content=\"Beatriz Lira\" \/>\n<meta name=\"twitter:card\" content=\"summary_large_image\" \/>\n<meta name=\"twitter:creator\" content=\"@altominhoTV\" \/>\n<meta name=\"twitter:site\" content=\"@altominhoTV\" \/>\n<meta name=\"twitter:label1\" content=\"Escrito por\" \/>\n\t<meta name=\"twitter:data1\" content=\"Beatriz Lira\" \/>\n\t<meta name=\"twitter:label2\" content=\"Tempo estimado de leitura\" \/>\n\t<meta name=\"twitter:data2\" content=\"3 minutos\" \/>\n<script type=\"application\/ld+json\" class=\"yoast-schema-graph\">{\"@context\":\"https:\\\/\\\/schema.org\",\"@graph\":[{\"@type\":\"Article\",\"@id\":\"https:\\\/\\\/www.altominho.tv\\\/site\\\/2023\\\/08\\\/01\\\/camara-esta-preocupada-com-dificuldades-no-acesso-fluvial-a-galiza\\\/#article\",\"isPartOf\":{\"@id\":\"https:\\\/\\\/www.altominho.tv\\\/site\\\/2023\\\/08\\\/01\\\/camara-esta-preocupada-com-dificuldades-no-acesso-fluvial-a-galiza\\\/\"},\"author\":{\"name\":\"Beatriz Lira\",\"@id\":\"https:\\\/\\\/www.altominho.tv\\\/site\\\/#\\\/schema\\\/person\\\/f95a2097796cf4462fe1e476cddc40e4\"},\"headline\":\"C\u00e2mara est\u00e1 preocupada com dificuldades no acesso fluvial \u00e0 Galiza\",\"datePublished\":\"2023-08-01T16:12:23+00:00\",\"dateModified\":\"2023-08-01T16:12:27+00:00\",\"mainEntityOfPage\":{\"@id\":\"https:\\\/\\\/www.altominho.tv\\\/site\\\/2023\\\/08\\\/01\\\/camara-esta-preocupada-com-dificuldades-no-acesso-fluvial-a-galiza\\\/\"},\"wordCount\":442,\"image\":{\"@id\":\"https:\\\/\\\/www.altominho.tv\\\/site\\\/2023\\\/08\\\/01\\\/camara-esta-preocupada-com-dificuldades-no-acesso-fluvial-a-galiza\\\/#primaryimage\"},\"thumbnailUrl\":\"https:\\\/\\\/www.altominho.tv\\\/site\\\/wp-content\\\/uploads\\\/2023\\\/08\\\/caminha-e-a-guarda-740x470-1.jpeg\",\"keywords\":[\"Sociedade\"],\"articleSection\":[\"Caminha\"],\"inLanguage\":\"pt-PT\",\"copyrightYear\":\"2023\",\"copyrightHolder\":{\"@id\":\"https:\\\/\\\/www.altominho.tv\\\/site\\\/#organization\"}},{\"@type\":\"WebPage\",\"@id\":\"https:\\\/\\\/www.altominho.tv\\\/site\\\/2023\\\/08\\\/01\\\/camara-esta-preocupada-com-dificuldades-no-acesso-fluvial-a-galiza\\\/\",\"url\":\"https:\\\/\\\/www.altominho.tv\\\/site\\\/2023\\\/08\\\/01\\\/camara-esta-preocupada-com-dificuldades-no-acesso-fluvial-a-galiza\\\/\",\"name\":\"C\u00e2mara est\u00e1 preocupada com dificuldades no acesso fluvial \u00e0 Galiza\",\"isPartOf\":{\"@id\":\"https:\\\/\\\/www.altominho.tv\\\/site\\\/#website\"},\"primaryImageOfPage\":{\"@id\":\"https:\\\/\\\/www.altominho.tv\\\/site\\\/2023\\\/08\\\/01\\\/camara-esta-preocupada-com-dificuldades-no-acesso-fluvial-a-galiza\\\/#primaryimage\"},\"image\":{\"@id\":\"https:\\\/\\\/www.altominho.tv\\\/site\\\/2023\\\/08\\\/01\\\/camara-esta-preocupada-com-dificuldades-no-acesso-fluvial-a-galiza\\\/#primaryimage\"},\"thumbnailUrl\":\"https:\\\/\\\/www.altominho.tv\\\/site\\\/wp-content\\\/uploads\\\/2023\\\/08\\\/caminha-e-a-guarda-740x470-1.jpeg\",\"datePublished\":\"2023-08-01T16:12:23+00:00\",\"dateModified\":\"2023-08-01T16:12:27+00:00\",\"author\":{\"@id\":\"https:\\\/\\\/www.altominho.tv\\\/site\\\/#\\\/schema\\\/person\\\/f95a2097796cf4462fe1e476cddc40e4\"},\"description\":\"A C\u00e2mara de Caminha est\u00e1 preocupada que o assoreamento do rio Minho dificulte ou impe\u00e7a a liga\u00e7\u00e3o por \u2018ferryboat\u2019 \u00e0 Galiza, mesmo aquando da conclus\u00e3o da obra no cais galego do munic\u00edpio de A Guarda, revelou hoje o autarca.\",\"breadcrumb\":{\"@id\":\"https:\\\/\\\/www.altominho.tv\\\/site\\\/2023\\\/08\\\/01\\\/camara-esta-preocupada-com-dificuldades-no-acesso-fluvial-a-galiza\\\/#breadcrumb\"},\"inLanguage\":\"pt-PT\",\"potentialAction\":[{\"@type\":\"ReadAction\",\"target\":[\"https:\\\/\\\/www.altominho.tv\\\/site\\\/2023\\\/08\\\/01\\\/camara-esta-preocupada-com-dificuldades-no-acesso-fluvial-a-galiza\\\/\"]}]},{\"@type\":\"ImageObject\",\"inLanguage\":\"pt-PT\",\"@id\":\"https:\\\/\\\/www.altominho.tv\\\/site\\\/2023\\\/08\\\/01\\\/camara-esta-preocupada-com-dificuldades-no-acesso-fluvial-a-galiza\\\/#primaryimage\",\"url\":\"https:\\\/\\\/www.altominho.tv\\\/site\\\/wp-content\\\/uploads\\\/2023\\\/08\\\/caminha-e-a-guarda-740x470-1.jpeg\",\"contentUrl\":\"https:\\\/\\\/www.altominho.tv\\\/site\\\/wp-content\\\/uploads\\\/2023\\\/08\\\/caminha-e-a-guarda-740x470-1.jpeg\",\"width\":740,\"height\":470},{\"@type\":\"BreadcrumbList\",\"@id\":\"https:\\\/\\\/www.altominho.tv\\\/site\\\/2023\\\/08\\\/01\\\/camara-esta-preocupada-com-dificuldades-no-acesso-fluvial-a-galiza\\\/#breadcrumb\",\"itemListElement\":[{\"@type\":\"ListItem\",\"position\":1,\"name\":\"In\u00edcio\",\"item\":\"https:\\\/\\\/www.altominho.tv\\\/site\\\/\"},{\"@type\":\"ListItem\",\"position\":2,\"name\":\"C\u00e2mara est\u00e1 preocupada com dificuldades no acesso fluvial \u00e0 Galiza\"}]},{\"@type\":\"WebSite\",\"@id\":\"https:\\\/\\\/www.altominho.tv\\\/site\\\/#website\",\"url\":\"https:\\\/\\\/www.altominho.tv\\\/site\\\/\",\"name\":\"Altominho.tv\",\"description\":\"A sua regi\u00e3o \u00e0 dist\u00e2ncia de um clique...\",\"potentialAction\":[{\"@type\":\"SearchAction\",\"target\":{\"@type\":\"EntryPoint\",\"urlTemplate\":\"https:\\\/\\\/www.altominho.tv\\\/site\\\/?s={search_term_string}\"},\"query-input\":{\"@type\":\"PropertyValueSpecification\",\"valueRequired\":true,\"valueName\":\"search_term_string\"}}],\"inLanguage\":\"pt-PT\"},{\"@type\":\"Person\",\"@id\":\"https:\\\/\\\/www.altominho.tv\\\/site\\\/#\\\/schema\\\/person\\\/f95a2097796cf4462fe1e476cddc40e4\",\"name\":\"Beatriz Lira\",\"image\":{\"@type\":\"ImageObject\",\"inLanguage\":\"pt-PT\",\"@id\":\"https:\\\/\\\/www.altominho.tv\\\/site\\\/wp-content\\\/uploads\\\/2023\\\/03\\\/Screenshot_20230306-141220_Photos-150x150.jpg\",\"url\":\"https:\\\/\\\/www.altominho.tv\\\/site\\\/wp-content\\\/uploads\\\/2023\\\/03\\\/Screenshot_20230306-141220_Photos-150x150.jpg\",\"contentUrl\":\"https:\\\/\\\/www.altominho.tv\\\/site\\\/wp-content\\\/uploads\\\/2023\\\/03\\\/Screenshot_20230306-141220_Photos-150x150.jpg\",\"caption\":\"Beatriz Lira\"},\"url\":\"https:\\\/\\\/www.altominho.tv\\\/site\\\/author\\\/beatriz\\\/\"}]}<\/script>\n<!-- \/ Yoast SEO Premium plugin. -->","yoast_head_json":{"title":"C\u00e2mara est\u00e1 preocupada com dificuldades no acesso fluvial \u00e0 Galiza","description":"A C\u00e2mara de Caminha est\u00e1 preocupada que o assoreamento do rio Minho dificulte ou impe\u00e7a a liga\u00e7\u00e3o por \u2018ferryboat\u2019 \u00e0 Galiza, mesmo aquando da conclus\u00e3o da obra no cais galego do munic\u00edpio de A Guarda, revelou hoje o autarca.","robots":{"index":"index","follow":"follow","max-snippet":"max-snippet:-1","max-image-preview":"max-image-preview:large","max-video-preview":"max-video-preview:-1"},"canonical":"https:\/\/www.altominho.tv\/site\/2023\/08\/01\/camara-esta-preocupada-com-dificuldades-no-acesso-fluvial-a-galiza\/","og_locale":"pt_PT","og_type":"article","og_title":"C\u00e2mara est\u00e1 preocupada com dificuldades no acesso fluvial \u00e0 Galiza","og_description":"A C\u00e2mara de Caminha est\u00e1 preocupada que o assoreamento do rio Minho dificulte ou impe\u00e7a a liga\u00e7\u00e3o por \u2018ferryboat\u2019 \u00e0 Galiza, mesmo aquando da conclus\u00e3o da obra no cais galego do munic\u00edpio de A Guarda, revelou hoje o autarca.","og_url":"https:\/\/www.altominho.tv\/site\/2023\/08\/01\/camara-esta-preocupada-com-dificuldades-no-acesso-fluvial-a-galiza\/","og_site_name":"Altominho.tv","article_publisher":"https:\/\/www.facebook.com\/altominhotv","article_published_time":"2023-08-01T16:12:23+00:00","article_modified_time":"2023-08-01T16:12:27+00:00","og_image":[{"width":740,"height":470,"url":"https:\/\/www.altominho.tv\/site\/wp-content\/uploads\/2023\/08\/caminha-e-a-guarda-740x470-1.jpeg","type":"image\/jpeg"}],"author":"Beatriz Lira","twitter_card":"summary_large_image","twitter_creator":"@altominhoTV","twitter_site":"@altominhoTV","twitter_misc":{"Escrito por":"Beatriz Lira","Tempo estimado de leitura":"3 minutos"},"schema":{"@context":"https:\/\/schema.org","@graph":[{"@type":"Article","@id":"https:\/\/www.altominho.tv\/site\/2023\/08\/01\/camara-esta-preocupada-com-dificuldades-no-acesso-fluvial-a-galiza\/#article","isPartOf":{"@id":"https:\/\/www.altominho.tv\/site\/2023\/08\/01\/camara-esta-preocupada-com-dificuldades-no-acesso-fluvial-a-galiza\/"},"author":{"name":"Beatriz Lira","@id":"https:\/\/www.altominho.tv\/site\/#\/schema\/person\/f95a2097796cf4462fe1e476cddc40e4"},"headline":"C\u00e2mara est\u00e1 preocupada com dificuldades no acesso fluvial \u00e0 Galiza","datePublished":"2023-08-01T16:12:23+00:00","dateModified":"2023-08-01T16:12:27+00:00","mainEntityOfPage":{"@id":"https:\/\/www.altominho.tv\/site\/2023\/08\/01\/camara-esta-preocupada-com-dificuldades-no-acesso-fluvial-a-galiza\/"},"wordCount":442,"image":{"@id":"https:\/\/www.altominho.tv\/site\/2023\/08\/01\/camara-esta-preocupada-com-dificuldades-no-acesso-fluvial-a-galiza\/#primaryimage"},"thumbnailUrl":"https:\/\/www.altominho.tv\/site\/wp-content\/uploads\/2023\/08\/caminha-e-a-guarda-740x470-1.jpeg","keywords":["Sociedade"],"articleSection":["Caminha"],"inLanguage":"pt-PT","copyrightYear":"2023","copyrightHolder":{"@id":"https:\/\/www.altominho.tv\/site\/#organization"}},{"@type":"WebPage","@id":"https:\/\/www.altominho.tv\/site\/2023\/08\/01\/camara-esta-preocupada-com-dificuldades-no-acesso-fluvial-a-galiza\/","url":"https:\/\/www.altominho.tv\/site\/2023\/08\/01\/camara-esta-preocupada-com-dificuldades-no-acesso-fluvial-a-galiza\/","name":"C\u00e2mara est\u00e1 preocupada com dificuldades no acesso fluvial \u00e0 Galiza","isPartOf":{"@id":"https:\/\/www.altominho.tv\/site\/#website"},"primaryImageOfPage":{"@id":"https:\/\/www.altominho.tv\/site\/2023\/08\/01\/camara-esta-preocupada-com-dificuldades-no-acesso-fluvial-a-galiza\/#primaryimage"},"image":{"@id":"https:\/\/www.altominho.tv\/site\/2023\/08\/01\/camara-esta-preocupada-com-dificuldades-no-acesso-fluvial-a-galiza\/#primaryimage"},"thumbnailUrl":"https:\/\/www.altominho.tv\/site\/wp-content\/uploads\/2023\/08\/caminha-e-a-guarda-740x470-1.jpeg","datePublished":"2023-08-01T16:12:23+00:00","dateModified":"2023-08-01T16:12:27+00:00","author":{"@id":"https:\/\/www.altominho.tv\/site\/#\/schema\/person\/f95a2097796cf4462fe1e476cddc40e4"},"description":"A C\u00e2mara de Caminha est\u00e1 preocupada que o assoreamento do rio Minho dificulte ou impe\u00e7a a liga\u00e7\u00e3o por \u2018ferryboat\u2019 \u00e0 Galiza, mesmo aquando da conclus\u00e3o da obra no cais galego do munic\u00edpio de A Guarda, revelou hoje o autarca.","breadcrumb":{"@id":"https:\/\/www.altominho.tv\/site\/2023\/08\/01\/camara-esta-preocupada-com-dificuldades-no-acesso-fluvial-a-galiza\/#breadcrumb"},"inLanguage":"pt-PT","potentialAction":[{"@type":"ReadAction","target":["https:\/\/www.altominho.tv\/site\/2023\/08\/01\/camara-esta-preocupada-com-dificuldades-no-acesso-fluvial-a-galiza\/"]}]},{"@type":"ImageObject","inLanguage":"pt-PT","@id":"https:\/\/www.altominho.tv\/site\/2023\/08\/01\/camara-esta-preocupada-com-dificuldades-no-acesso-fluvial-a-galiza\/#primaryimage","url":"https:\/\/www.altominho.tv\/site\/wp-content\/uploads\/2023\/08\/caminha-e-a-guarda-740x470-1.jpeg","contentUrl":"https:\/\/www.altominho.tv\/site\/wp-content\/uploads\/2023\/08\/caminha-e-a-guarda-740x470-1.jpeg","width":740,"height":470},{"@type":"BreadcrumbList","@id":"https:\/\/www.altominho.tv\/site\/2023\/08\/01\/camara-esta-preocupada-com-dificuldades-no-acesso-fluvial-a-galiza\/#breadcrumb","itemListElement":[{"@type":"ListItem","position":1,"name":"In\u00edcio","item":"https:\/\/www.altominho.tv\/site\/"},{"@type":"ListItem","position":2,"name":"C\u00e2mara est\u00e1 preocupada com dificuldades no acesso fluvial \u00e0 Galiza"}]},{"@type":"WebSite","@id":"https:\/\/www.altominho.tv\/site\/#website","url":"https:\/\/www.altominho.tv\/site\/","name":"Altominho.tv","description":"A sua regi\u00e3o \u00e0 dist\u00e2ncia de um clique...","potentialAction":[{"@type":"SearchAction","target":{"@type":"EntryPoint","urlTemplate":"https:\/\/www.altominho.tv\/site\/?s={search_term_string}"},"query-input":{"@type":"PropertyValueSpecification","valueRequired":true,"valueName":"search_term_string"}}],"inLanguage":"pt-PT"},{"@type":"Person","@id":"https:\/\/www.altominho.tv\/site\/#\/schema\/person\/f95a2097796cf4462fe1e476cddc40e4","name":"Beatriz Lira","image":{"@type":"ImageObject","inLanguage":"pt-PT","@id":"https:\/\/www.altominho.tv\/site\/wp-content\/uploads\/2023\/03\/Screenshot_20230306-141220_Photos-150x150.jpg","url":"https:\/\/www.altominho.tv\/site\/wp-content\/uploads\/2023\/03\/Screenshot_20230306-141220_Photos-150x150.jpg","contentUrl":"https:\/\/www.altominho.tv\/site\/wp-content\/uploads\/2023\/03\/Screenshot_20230306-141220_Photos-150x150.jpg","caption":"Beatriz Lira"},"url":"https:\/\/www.altominho.tv\/site\/author\/beatriz\/"}]}},"_links":{"self":[{"href":"https:\/\/www.altominho.tv\/site\/wp-json\/wp\/v2\/posts\/94949","targetHints":{"allow":["GET"]}}],"collection":[{"href":"https:\/\/www.altominho.tv\/site\/wp-json\/wp\/v2\/posts"}],"about":[{"href":"https:\/\/www.altominho.tv\/site\/wp-json\/wp\/v2\/types\/post"}],"author":[{"embeddable":true,"href":"https:\/\/www.altominho.tv\/site\/wp-json\/wp\/v2\/users\/28"}],"replies":[{"embeddable":true,"href":"https:\/\/www.altominho.tv\/site\/wp-json\/wp\/v2\/comments?post=94949"}],"version-history":[{"count":1,"href":"https:\/\/www.altominho.tv\/site\/wp-json\/wp\/v2\/posts\/94949\/revisions"}],"predecessor-version":[{"id":94951,"href":"https:\/\/www.altominho.tv\/site\/wp-json\/wp\/v2\/posts\/94949\/revisions\/94951"}],"wp:featuredmedia":[{"embeddable":true,"href":"https:\/\/www.altominho.tv\/site\/wp-json\/wp\/v2\/media\/94952"}],"wp:attachment":[{"href":"https:\/\/www.altominho.tv\/site\/wp-json\/wp\/v2\/media?parent=94949"}],"wp:term":[{"taxonomy":"category","embeddable":true,"href":"https:\/\/www.altominho.tv\/site\/wp-json\/wp\/v2\/categories?post=94949"},{"taxonomy":"post_tag","embeddable":true,"href":"https:\/\/www.altominho.tv\/site\/wp-json\/wp\/v2\/tags?post=94949"}],"curies":[{"name":"wp","href":"https:\/\/api.w.org\/{rel}","templated":true}]}}