{"id":94928,"date":"2023-08-01T12:20:15","date_gmt":"2023-08-01T11:20:15","guid":{"rendered":"https:\/\/www.altominho.tv\/site\/?p=94928"},"modified":"2023-08-01T12:20:19","modified_gmt":"2023-08-01T11:20:19","slug":"32-filmes-no-festival-internacional-de-documentario-de-melgaco-ate-dia-6-de-agosto","status":"publish","type":"post","link":"https:\/\/www.altominho.tv\/site\/2023\/08\/01\/32-filmes-no-festival-internacional-de-documentario-de-melgaco-ate-dia-6-de-agosto\/","title":{"rendered":"32 filmes no Festival Internacional de Document\u00e1rio de Melga\u00e7o at\u00e9 dia 6 de agosto"},"content":{"rendered":"<p><iframe loading=\"lazy\" title=\"32 filmes no Festival Internacional de Document\u00e1rio de Melga\u00e7o at\u00e9 dia 6 de agosto | Altominho TV\" width=\"770\" height=\"433\" src=\"https:\/\/www.youtube.com\/embed\/ppSWyjOTLf4?feature=oembed\" frameborder=\"0\" allow=\"accelerometer; autoplay; clipboard-write; encrypted-media; gyroscope; picture-in-picture; web-share\" allowfullscreen><\/iframe><\/p>\n<p>O festival decorre sob o mote \u201cIdentidade, Mem\u00f3ria, Fronteira\u201d e, para al\u00e9m dos filmes, onde 10 s\u00e3o obras portuguesas, apresenta 22 longas-metragens e 10 curtas.<\/p>\n<p>At\u00e9 dia 6 de agosto, o cinema invade a vila de Melga\u00e7o, continuando a afirmar-se como uma marca cultural, mas tamb\u00e9m tur\u00edstica, no concelho.<\/p>\n","protected":false},"excerpt":{"rendered":"<p>O festival decorre sob o mote \u201cIdentidade, Mem\u00f3ria, Fronteira\u201d e, para al\u00e9m dos filmes, onde 10 s\u00e3o obras portuguesas, apresenta 22 longas-metragens e 10 curtas. At\u00e9 dia 6 de agosto, o cinema invade a vila de Melga\u00e7o, continuando a afirmar-se como uma marca cultural, mas tamb\u00e9m tur\u00edstica, no concelho.<\/p>\n","protected":false},"author":10,"featured_media":94929,"comment_status":"closed","ping_status":"closed","sticky":false,"template":"","format":"video","meta":{"_exactmetrics_skip_tracking":false,"_exactmetrics_sitenote_active":false,"_exactmetrics_sitenote_note":"","_exactmetrics_sitenote_category":0,"footnotes":""},"categories":[8],"tags":[19,24],"class_list":["post-94928","post","type-post","status-publish","format-video","has-post-thumbnail","hentry","category-melgaco","tag-cultura","tag-lazer","post_format-post-format-video"],"yoast_head":"<!-- This site is optimized with the Yoast SEO Premium plugin v27.4 (Yoast SEO v27.4) - https:\/\/yoast.com\/product\/yoast-seo-premium-wordpress\/ -->\n<title>32 filmes no Festival Internacional de Document\u00e1rio de Melga\u00e7o at\u00e9 dia 6 de agosto<\/title>\n<meta name=\"description\" content=\"O festival decorre sob o mote \u201cIdentidade, Mem\u00f3ria, Fronteira\u201d e, para al\u00e9m dos filmes, onde 10 s\u00e3o obras portuguesas, apresenta 22 longas-metragens e 10 curtas.\" \/>\n<meta name=\"robots\" content=\"index, follow, max-snippet:-1, max-image-preview:large, max-video-preview:-1\" \/>\n<link rel=\"canonical\" href=\"https:\/\/www.altominho.tv\/site\/2023\/08\/01\/32-filmes-no-festival-internacional-de-documentario-de-melgaco-ate-dia-6-de-agosto\/\" \/>\n<meta property=\"og:locale\" content=\"pt_PT\" \/>\n<meta property=\"og:type\" content=\"article\" \/>\n<meta property=\"og:title\" content=\"32 filmes no Festival Internacional de Document\u00e1rio de Melga\u00e7o at\u00e9 dia 6 de agosto\" \/>\n<meta property=\"og:description\" content=\"O festival decorre sob o mote \u201cIdentidade, Mem\u00f3ria, Fronteira\u201d e, para al\u00e9m dos filmes, onde 10 s\u00e3o obras portuguesas, apresenta 22 longas-metragens e 10 curtas.\" \/>\n<meta property=\"og:url\" content=\"https:\/\/www.altominho.tv\/site\/2023\/08\/01\/32-filmes-no-festival-internacional-de-documentario-de-melgaco-ate-dia-6-de-agosto\/\" \/>\n<meta property=\"og:site_name\" content=\"Altominho.tv\" \/>\n<meta property=\"article:publisher\" content=\"https:\/\/www.facebook.com\/altominhotv\" \/>\n<meta property=\"article:published_time\" content=\"2023-08-01T11:20:15+00:00\" \/>\n<meta property=\"article:modified_time\" content=\"2023-08-01T11:20:19+00:00\" \/>\n<meta property=\"og:image\" content=\"https:\/\/www.altominho.tv\/site\/wp-content\/uploads\/2023\/08\/MOOD.jpg\" \/>\n\t<meta property=\"og:image:width\" content=\"1920\" \/>\n\t<meta property=\"og:image:height\" content=\"1080\" \/>\n\t<meta property=\"og:image:type\" content=\"image\/jpeg\" \/>\n<meta name=\"author\" content=\"Andreia Barreiro\" \/>\n<meta name=\"twitter:card\" content=\"summary_large_image\" \/>\n<meta name=\"twitter:creator\" content=\"@altominhoTV\" \/>\n<meta name=\"twitter:site\" content=\"@altominhoTV\" \/>\n<meta name=\"twitter:label1\" content=\"Escrito por\" \/>\n\t<meta name=\"twitter:data1\" content=\"Andreia Barreiro\" \/>\n\t<meta name=\"twitter:label2\" content=\"Tempo estimado de leitura\" \/>\n\t<meta name=\"twitter:data2\" content=\"1 minuto\" \/>\n<script type=\"application\/ld+json\" class=\"yoast-schema-graph\">{\"@context\":\"https:\\\/\\\/schema.org\",\"@graph\":[{\"@type\":\"Article\",\"@id\":\"https:\\\/\\\/www.altominho.tv\\\/site\\\/2023\\\/08\\\/01\\\/32-filmes-no-festival-internacional-de-documentario-de-melgaco-ate-dia-6-de-agosto\\\/#article\",\"isPartOf\":{\"@id\":\"https:\\\/\\\/www.altominho.tv\\\/site\\\/2023\\\/08\\\/01\\\/32-filmes-no-festival-internacional-de-documentario-de-melgaco-ate-dia-6-de-agosto\\\/\"},\"author\":{\"name\":\"Andreia Barreiro\",\"@id\":\"https:\\\/\\\/www.altominho.tv\\\/site\\\/#\\\/schema\\\/person\\\/4fa0996d8841f9d6cbb84eb43c555c2c\"},\"headline\":\"32 filmes no Festival Internacional de Document\u00e1rio de Melga\u00e7o at\u00e9 dia 6 de agosto\",\"datePublished\":\"2023-08-01T11:20:15+00:00\",\"dateModified\":\"2023-08-01T11:20:19+00:00\",\"mainEntityOfPage\":{\"@id\":\"https:\\\/\\\/www.altominho.tv\\\/site\\\/2023\\\/08\\\/01\\\/32-filmes-no-festival-internacional-de-documentario-de-melgaco-ate-dia-6-de-agosto\\\/\"},\"wordCount\":71,\"image\":{\"@id\":\"https:\\\/\\\/www.altominho.tv\\\/site\\\/2023\\\/08\\\/01\\\/32-filmes-no-festival-internacional-de-documentario-de-melgaco-ate-dia-6-de-agosto\\\/#primaryimage\"},\"thumbnailUrl\":\"https:\\\/\\\/www.altominho.tv\\\/site\\\/wp-content\\\/uploads\\\/2023\\\/08\\\/MOOD.jpg\",\"keywords\":[\"Cultura\",\"Lazer\"],\"articleSection\":[\"Melga\u00e7o\"],\"inLanguage\":\"pt-PT\",\"copyrightYear\":\"2023\",\"copyrightHolder\":{\"@id\":\"https:\\\/\\\/www.altominho.tv\\\/site\\\/#organization\"}},{\"@type\":\"WebPage\",\"@id\":\"https:\\\/\\\/www.altominho.tv\\\/site\\\/2023\\\/08\\\/01\\\/32-filmes-no-festival-internacional-de-documentario-de-melgaco-ate-dia-6-de-agosto\\\/\",\"url\":\"https:\\\/\\\/www.altominho.tv\\\/site\\\/2023\\\/08\\\/01\\\/32-filmes-no-festival-internacional-de-documentario-de-melgaco-ate-dia-6-de-agosto\\\/\",\"name\":\"32 filmes no Festival Internacional de Document\u00e1rio de Melga\u00e7o at\u00e9 dia 6 de agosto\",\"isPartOf\":{\"@id\":\"https:\\\/\\\/www.altominho.tv\\\/site\\\/#website\"},\"primaryImageOfPage\":{\"@id\":\"https:\\\/\\\/www.altominho.tv\\\/site\\\/2023\\\/08\\\/01\\\/32-filmes-no-festival-internacional-de-documentario-de-melgaco-ate-dia-6-de-agosto\\\/#primaryimage\"},\"image\":{\"@id\":\"https:\\\/\\\/www.altominho.tv\\\/site\\\/2023\\\/08\\\/01\\\/32-filmes-no-festival-internacional-de-documentario-de-melgaco-ate-dia-6-de-agosto\\\/#primaryimage\"},\"thumbnailUrl\":\"https:\\\/\\\/www.altominho.tv\\\/site\\\/wp-content\\\/uploads\\\/2023\\\/08\\\/MOOD.jpg\",\"datePublished\":\"2023-08-01T11:20:15+00:00\",\"dateModified\":\"2023-08-01T11:20:19+00:00\",\"author\":{\"@id\":\"https:\\\/\\\/www.altominho.tv\\\/site\\\/#\\\/schema\\\/person\\\/4fa0996d8841f9d6cbb84eb43c555c2c\"},\"description\":\"O festival decorre sob o mote \u201cIdentidade, Mem\u00f3ria, Fronteira\u201d e, para al\u00e9m dos filmes, onde 10 s\u00e3o obras portuguesas, apresenta 22 longas-metragens e 10 curtas.\",\"breadcrumb\":{\"@id\":\"https:\\\/\\\/www.altominho.tv\\\/site\\\/2023\\\/08\\\/01\\\/32-filmes-no-festival-internacional-de-documentario-de-melgaco-ate-dia-6-de-agosto\\\/#breadcrumb\"},\"inLanguage\":\"pt-PT\",\"potentialAction\":[{\"@type\":\"ReadAction\",\"target\":[\"https:\\\/\\\/www.altominho.tv\\\/site\\\/2023\\\/08\\\/01\\\/32-filmes-no-festival-internacional-de-documentario-de-melgaco-ate-dia-6-de-agosto\\\/\"]}]},{\"@type\":\"ImageObject\",\"inLanguage\":\"pt-PT\",\"@id\":\"https:\\\/\\\/www.altominho.tv\\\/site\\\/2023\\\/08\\\/01\\\/32-filmes-no-festival-internacional-de-documentario-de-melgaco-ate-dia-6-de-agosto\\\/#primaryimage\",\"url\":\"https:\\\/\\\/www.altominho.tv\\\/site\\\/wp-content\\\/uploads\\\/2023\\\/08\\\/MOOD.jpg\",\"contentUrl\":\"https:\\\/\\\/www.altominho.tv\\\/site\\\/wp-content\\\/uploads\\\/2023\\\/08\\\/MOOD.jpg\",\"width\":1920,\"height\":1080},{\"@type\":\"BreadcrumbList\",\"@id\":\"https:\\\/\\\/www.altominho.tv\\\/site\\\/2023\\\/08\\\/01\\\/32-filmes-no-festival-internacional-de-documentario-de-melgaco-ate-dia-6-de-agosto\\\/#breadcrumb\",\"itemListElement\":[{\"@type\":\"ListItem\",\"position\":1,\"name\":\"In\u00edcio\",\"item\":\"https:\\\/\\\/www.altominho.tv\\\/site\\\/\"},{\"@type\":\"ListItem\",\"position\":2,\"name\":\"32 filmes no Festival Internacional de Document\u00e1rio de Melga\u00e7o at\u00e9 dia 6 de agosto\"}]},{\"@type\":\"WebSite\",\"@id\":\"https:\\\/\\\/www.altominho.tv\\\/site\\\/#website\",\"url\":\"https:\\\/\\\/www.altominho.tv\\\/site\\\/\",\"name\":\"Altominho.tv\",\"description\":\"A sua regi\u00e3o \u00e0 dist\u00e2ncia de um clique...\",\"potentialAction\":[{\"@type\":\"SearchAction\",\"target\":{\"@type\":\"EntryPoint\",\"urlTemplate\":\"https:\\\/\\\/www.altominho.tv\\\/site\\\/?s={search_term_string}\"},\"query-input\":{\"@type\":\"PropertyValueSpecification\",\"valueRequired\":true,\"valueName\":\"search_term_string\"}}],\"inLanguage\":\"pt-PT\"},{\"@type\":\"Person\",\"@id\":\"https:\\\/\\\/www.altominho.tv\\\/site\\\/#\\\/schema\\\/person\\\/4fa0996d8841f9d6cbb84eb43c555c2c\",\"name\":\"Andreia Barreiro\",\"image\":{\"@type\":\"ImageObject\",\"inLanguage\":\"pt-PT\",\"@id\":\"https:\\\/\\\/www.altominho.tv\\\/site\\\/wp-content\\\/uploads\\\/2021\\\/01\\\/132443895_3480358142084005_3574327946369834311_o-150x150.jpg\",\"url\":\"https:\\\/\\\/www.altominho.tv\\\/site\\\/wp-content\\\/uploads\\\/2021\\\/01\\\/132443895_3480358142084005_3574327946369834311_o-150x150.jpg\",\"contentUrl\":\"https:\\\/\\\/www.altominho.tv\\\/site\\\/wp-content\\\/uploads\\\/2021\\\/01\\\/132443895_3480358142084005_3574327946369834311_o-150x150.jpg\",\"caption\":\"Andreia Barreiro\"},\"url\":\"https:\\\/\\\/www.altominho.tv\\\/site\\\/author\\\/andreiabarreiro\\\/\"}]}<\/script>\n<meta property=\"og:video\" content=\"https:\/\/www.youtube.com\/embed\/ppSWyjOTLf4\" \/>\n<meta property=\"og:video:type\" content=\"text\/html\" \/>\n<meta property=\"og:video:duration\" content=\"97\" \/>\n<meta property=\"og:video:width\" content=\"480\" \/>\n<meta property=\"og:video:height\" content=\"270\" \/>\n<meta property=\"ya:ovs:adult\" content=\"false\" \/>\n<meta property=\"ya:ovs:upload_date\" content=\"2023-08-01T11:20:15+00:00\" \/>\n<meta property=\"ya:ovs:allow_embed\" content=\"true\" \/>\n<!-- \/ Yoast SEO Premium plugin. -->","yoast_head_json":{"title":"32 filmes no Festival Internacional de Document\u00e1rio de Melga\u00e7o at\u00e9 dia 6 de agosto","description":"O festival decorre sob o mote \u201cIdentidade, Mem\u00f3ria, Fronteira\u201d e, para al\u00e9m dos filmes, onde 10 s\u00e3o obras portuguesas, apresenta 22 longas-metragens e 10 curtas.","robots":{"index":"index","follow":"follow","max-snippet":"max-snippet:-1","max-image-preview":"max-image-preview:large","max-video-preview":"max-video-preview:-1"},"canonical":"https:\/\/www.altominho.tv\/site\/2023\/08\/01\/32-filmes-no-festival-internacional-de-documentario-de-melgaco-ate-dia-6-de-agosto\/","og_locale":"pt_PT","og_type":"article","og_title":"32 filmes no Festival Internacional de Document\u00e1rio de Melga\u00e7o at\u00e9 dia 6 de agosto","og_description":"O festival decorre sob o mote \u201cIdentidade, Mem\u00f3ria, Fronteira\u201d e, para al\u00e9m dos filmes, onde 10 s\u00e3o obras portuguesas, apresenta 22 longas-metragens e 10 curtas.","og_url":"https:\/\/www.altominho.tv\/site\/2023\/08\/01\/32-filmes-no-festival-internacional-de-documentario-de-melgaco-ate-dia-6-de-agosto\/","og_site_name":"Altominho.tv","article_publisher":"https:\/\/www.facebook.com\/altominhotv","article_published_time":"2023-08-01T11:20:15+00:00","article_modified_time":"2023-08-01T11:20:19+00:00","og_image":[{"width":1920,"height":1080,"url":"https:\/\/www.altominho.tv\/site\/wp-content\/uploads\/2023\/08\/MOOD.jpg","type":"image\/jpeg"}],"author":"Andreia Barreiro","twitter_card":"summary_large_image","twitter_creator":"@altominhoTV","twitter_site":"@altominhoTV","twitter_misc":{"Escrito por":"Andreia Barreiro","Tempo estimado de leitura":"1 minuto"},"schema":{"@context":"https:\/\/schema.org","@graph":[{"@type":"Article","@id":"https:\/\/www.altominho.tv\/site\/2023\/08\/01\/32-filmes-no-festival-internacional-de-documentario-de-melgaco-ate-dia-6-de-agosto\/#article","isPartOf":{"@id":"https:\/\/www.altominho.tv\/site\/2023\/08\/01\/32-filmes-no-festival-internacional-de-documentario-de-melgaco-ate-dia-6-de-agosto\/"},"author":{"name":"Andreia Barreiro","@id":"https:\/\/www.altominho.tv\/site\/#\/schema\/person\/4fa0996d8841f9d6cbb84eb43c555c2c"},"headline":"32 filmes no Festival Internacional de Document\u00e1rio de Melga\u00e7o at\u00e9 dia 6 de agosto","datePublished":"2023-08-01T11:20:15+00:00","dateModified":"2023-08-01T11:20:19+00:00","mainEntityOfPage":{"@id":"https:\/\/www.altominho.tv\/site\/2023\/08\/01\/32-filmes-no-festival-internacional-de-documentario-de-melgaco-ate-dia-6-de-agosto\/"},"wordCount":71,"image":{"@id":"https:\/\/www.altominho.tv\/site\/2023\/08\/01\/32-filmes-no-festival-internacional-de-documentario-de-melgaco-ate-dia-6-de-agosto\/#primaryimage"},"thumbnailUrl":"https:\/\/www.altominho.tv\/site\/wp-content\/uploads\/2023\/08\/MOOD.jpg","keywords":["Cultura","Lazer"],"articleSection":["Melga\u00e7o"],"inLanguage":"pt-PT","copyrightYear":"2023","copyrightHolder":{"@id":"https:\/\/www.altominho.tv\/site\/#organization"}},{"@type":"WebPage","@id":"https:\/\/www.altominho.tv\/site\/2023\/08\/01\/32-filmes-no-festival-internacional-de-documentario-de-melgaco-ate-dia-6-de-agosto\/","url":"https:\/\/www.altominho.tv\/site\/2023\/08\/01\/32-filmes-no-festival-internacional-de-documentario-de-melgaco-ate-dia-6-de-agosto\/","name":"32 filmes no Festival Internacional de Document\u00e1rio de Melga\u00e7o at\u00e9 dia 6 de agosto","isPartOf":{"@id":"https:\/\/www.altominho.tv\/site\/#website"},"primaryImageOfPage":{"@id":"https:\/\/www.altominho.tv\/site\/2023\/08\/01\/32-filmes-no-festival-internacional-de-documentario-de-melgaco-ate-dia-6-de-agosto\/#primaryimage"},"image":{"@id":"https:\/\/www.altominho.tv\/site\/2023\/08\/01\/32-filmes-no-festival-internacional-de-documentario-de-melgaco-ate-dia-6-de-agosto\/#primaryimage"},"thumbnailUrl":"https:\/\/www.altominho.tv\/site\/wp-content\/uploads\/2023\/08\/MOOD.jpg","datePublished":"2023-08-01T11:20:15+00:00","dateModified":"2023-08-01T11:20:19+00:00","author":{"@id":"https:\/\/www.altominho.tv\/site\/#\/schema\/person\/4fa0996d8841f9d6cbb84eb43c555c2c"},"description":"O festival decorre sob o mote \u201cIdentidade, Mem\u00f3ria, Fronteira\u201d e, para al\u00e9m dos filmes, onde 10 s\u00e3o obras portuguesas, apresenta 22 longas-metragens e 10 curtas.","breadcrumb":{"@id":"https:\/\/www.altominho.tv\/site\/2023\/08\/01\/32-filmes-no-festival-internacional-de-documentario-de-melgaco-ate-dia-6-de-agosto\/#breadcrumb"},"inLanguage":"pt-PT","potentialAction":[{"@type":"ReadAction","target":["https:\/\/www.altominho.tv\/site\/2023\/08\/01\/32-filmes-no-festival-internacional-de-documentario-de-melgaco-ate-dia-6-de-agosto\/"]}]},{"@type":"ImageObject","inLanguage":"pt-PT","@id":"https:\/\/www.altominho.tv\/site\/2023\/08\/01\/32-filmes-no-festival-internacional-de-documentario-de-melgaco-ate-dia-6-de-agosto\/#primaryimage","url":"https:\/\/www.altominho.tv\/site\/wp-content\/uploads\/2023\/08\/MOOD.jpg","contentUrl":"https:\/\/www.altominho.tv\/site\/wp-content\/uploads\/2023\/08\/MOOD.jpg","width":1920,"height":1080},{"@type":"BreadcrumbList","@id":"https:\/\/www.altominho.tv\/site\/2023\/08\/01\/32-filmes-no-festival-internacional-de-documentario-de-melgaco-ate-dia-6-de-agosto\/#breadcrumb","itemListElement":[{"@type":"ListItem","position":1,"name":"In\u00edcio","item":"https:\/\/www.altominho.tv\/site\/"},{"@type":"ListItem","position":2,"name":"32 filmes no Festival Internacional de Document\u00e1rio de Melga\u00e7o at\u00e9 dia 6 de agosto"}]},{"@type":"WebSite","@id":"https:\/\/www.altominho.tv\/site\/#website","url":"https:\/\/www.altominho.tv\/site\/","name":"Altominho.tv","description":"A sua regi\u00e3o \u00e0 dist\u00e2ncia de um clique...","potentialAction":[{"@type":"SearchAction","target":{"@type":"EntryPoint","urlTemplate":"https:\/\/www.altominho.tv\/site\/?s={search_term_string}"},"query-input":{"@type":"PropertyValueSpecification","valueRequired":true,"valueName":"search_term_string"}}],"inLanguage":"pt-PT"},{"@type":"Person","@id":"https:\/\/www.altominho.tv\/site\/#\/schema\/person\/4fa0996d8841f9d6cbb84eb43c555c2c","name":"Andreia Barreiro","image":{"@type":"ImageObject","inLanguage":"pt-PT","@id":"https:\/\/www.altominho.tv\/site\/wp-content\/uploads\/2021\/01\/132443895_3480358142084005_3574327946369834311_o-150x150.jpg","url":"https:\/\/www.altominho.tv\/site\/wp-content\/uploads\/2021\/01\/132443895_3480358142084005_3574327946369834311_o-150x150.jpg","contentUrl":"https:\/\/www.altominho.tv\/site\/wp-content\/uploads\/2021\/01\/132443895_3480358142084005_3574327946369834311_o-150x150.jpg","caption":"Andreia Barreiro"},"url":"https:\/\/www.altominho.tv\/site\/author\/andreiabarreiro\/"}]},"og_video":"https:\/\/www.youtube.com\/embed\/ppSWyjOTLf4","og_video_type":"text\/html","og_video_duration":"97","og_video_width":"480","og_video_height":"270","ya_ovs_adult":"false","ya_ovs_upload_date":"2023-08-01T11:20:15+00:00","ya_ovs_allow_embed":"true"},"_links":{"self":[{"href":"https:\/\/www.altominho.tv\/site\/wp-json\/wp\/v2\/posts\/94928","targetHints":{"allow":["GET"]}}],"collection":[{"href":"https:\/\/www.altominho.tv\/site\/wp-json\/wp\/v2\/posts"}],"about":[{"href":"https:\/\/www.altominho.tv\/site\/wp-json\/wp\/v2\/types\/post"}],"author":[{"embeddable":true,"href":"https:\/\/www.altominho.tv\/site\/wp-json\/wp\/v2\/users\/10"}],"replies":[{"embeddable":true,"href":"https:\/\/www.altominho.tv\/site\/wp-json\/wp\/v2\/comments?post=94928"}],"version-history":[{"count":1,"href":"https:\/\/www.altominho.tv\/site\/wp-json\/wp\/v2\/posts\/94928\/revisions"}],"predecessor-version":[{"id":94930,"href":"https:\/\/www.altominho.tv\/site\/wp-json\/wp\/v2\/posts\/94928\/revisions\/94930"}],"wp:featuredmedia":[{"embeddable":true,"href":"https:\/\/www.altominho.tv\/site\/wp-json\/wp\/v2\/media\/94929"}],"wp:attachment":[{"href":"https:\/\/www.altominho.tv\/site\/wp-json\/wp\/v2\/media?parent=94928"}],"wp:term":[{"taxonomy":"category","embeddable":true,"href":"https:\/\/www.altominho.tv\/site\/wp-json\/wp\/v2\/categories?post=94928"},{"taxonomy":"post_tag","embeddable":true,"href":"https:\/\/www.altominho.tv\/site\/wp-json\/wp\/v2\/tags?post=94928"}],"curies":[{"name":"wp","href":"https:\/\/api.w.org\/{rel}","templated":true}]}}