{"id":94845,"date":"2023-07-27T10:15:14","date_gmt":"2023-07-27T09:15:14","guid":{"rendered":"https:\/\/www.altominho.tv\/site\/?p=94845"},"modified":"2023-07-27T10:15:19","modified_gmt":"2023-07-27T09:15:19","slug":"eurocidade-tui-valenca-conquista-peregrinos","status":"publish","type":"post","link":"https:\/\/www.altominho.tv\/site\/2023\/07\/27\/eurocidade-tui-valenca-conquista-peregrinos\/","title":{"rendered":"Eurocidade Tui Valen\u00e7a\u00a0\u00e9 j\u00e1 o\u00a0segundo ponto de partida de todos os peregrinos"},"content":{"rendered":"<p>A\u00a0Eurocidade Tui-Valen\u00e7a\u00a0\u00e9 j\u00e1 o\u00a0segundo ponto de partida de todos os peregrinos que rumam at\u00e9 Santiago de Compostela, informou hoje a autarquia valenciana.<\/p>\n<p>Entre janeiro e julho, sa\u00edram desta Eurocidade, rumo a Santiago de Compostela, cerca de 21.000 peregrinos, refor\u00e7ando a segunda posi\u00e7\u00e3o no ranking de origem das peregrina\u00e7\u00f5es a seguir a Sarria (Galiza), com 58375 peregrinos. Em terceiro lugar surge o Porto, com 15698.<\/p>\n<p>O Caminho Portugu\u00eas (Central), este ano, consolida a posi\u00e7\u00e3o como o segundo percurso mais utilizado. J\u00e1 o Caminho da Costa posiciona-se em terceiro lugar.<\/p>\n<p>N\u00fameros muito positivos nestes dois percursos que tem a sua entrada na Galiza atrav\u00e9s da Eurocidade Tui.Valen\u00e7a, com a travessia da Ponte Internacional Centen\u00e1ria.<\/p>\n<p>Espanha, Alemanha, Estados Unidos, Portugal e It\u00e1lia est\u00e3o no top 5 dos pa\u00edses de origem dos peregrinos.<\/p>\n<p>A Eurocidade Tui.Valen\u00e7a \u00e9 a porta de entrada do Caminho Portugu\u00eas para Santiago de Compostela na Galiza. Um tra\u00e7ado onde confluem os peregrinos do Caminho Portugu\u00eas Central, do Caminho das Torres e do Caminho da Costa.<\/p>\n","protected":false},"excerpt":{"rendered":"<p>A\u00a0Eurocidade Tui-Valen\u00e7a\u00a0\u00e9 j\u00e1 o\u00a0segundo ponto de partida de todos os peregrinos que rumam at\u00e9 Santiago de Compostela, informou hoje a autarquia valenciana. Entre janeiro e julho, sa\u00edram desta Eurocidade, rumo a Santiago de Compostela, cerca de 21.000 peregrinos, refor\u00e7ando a segunda posi\u00e7\u00e3o no ranking de origem das peregrina\u00e7\u00f5es a seguir a Sarria (Galiza), com 58375 [&hellip;]<\/p>\n","protected":false},"author":1,"featured_media":94847,"comment_status":"closed","ping_status":"closed","sticky":false,"template":"","format":"standard","meta":{"_exactmetrics_skip_tracking":false,"footnotes":""},"categories":[13],"tags":[27],"class_list":["post-94845","post","type-post","status-publish","format-standard","has-post-thumbnail","hentry","category-valenca","tag-sociedade"],"yoast_head":"<!-- This site is optimized with the Yoast SEO Premium plugin v28.3 (Yoast SEO v28.3) - https:\/\/yoast.com\/product\/yoast-seo-premium-wordpress\/ -->\n<title>Eurocidade Tui Valen\u00e7a\u00a0\u00e9 j\u00e1 o\u00a0segundo ponto de partida de todos os peregrinos<\/title>\n<meta name=\"description\" content=\"A\u00a0Eurocidade Tui-Valen\u00e7a\u00a0\u00e9 j\u00e1 o\u00a0segundo ponto de partida de todos os peregrinos que rumam at\u00e9 Santiago de Compostela, informou hoje a autarquia valenciana.\" \/>\n<meta name=\"robots\" content=\"index, follow, max-snippet:-1, max-image-preview:large, max-video-preview:-1\" \/>\n<link rel=\"canonical\" href=\"https:\/\/www.altominho.tv\/site\/2023\/07\/27\/eurocidade-tui-valenca-conquista-peregrinos\/\" \/>\n<meta property=\"og:locale\" content=\"pt_PT\" \/>\n<meta property=\"og:type\" content=\"article\" \/>\n<meta property=\"og:title\" content=\"Eurocidade Tui Valen\u00e7a\u00a0\u00e9 j\u00e1 o\u00a0segundo ponto de partida de todos os peregrinos\" \/>\n<meta property=\"og:description\" content=\"A\u00a0Eurocidade Tui-Valen\u00e7a\u00a0\u00e9 j\u00e1 o\u00a0segundo ponto de partida de todos os peregrinos que rumam at\u00e9 Santiago de Compostela, informou hoje a autarquia valenciana.\" \/>\n<meta property=\"og:url\" content=\"https:\/\/www.altominho.tv\/site\/2023\/07\/27\/eurocidade-tui-valenca-conquista-peregrinos\/\" \/>\n<meta property=\"og:site_name\" content=\"Altominho.tv\" \/>\n<meta property=\"article:publisher\" content=\"https:\/\/www.facebook.com\/altominhotv\" \/>\n<meta property=\"article:published_time\" content=\"2023-07-27T09:15:14+00:00\" \/>\n<meta property=\"article:modified_time\" content=\"2023-07-27T09:15:19+00:00\" \/>\n<meta property=\"og:image\" content=\"https:\/\/www.altominho.tv\/site\/wp-content\/uploads\/2023\/07\/peregrinos-em-valenca.jpg\" \/>\n\t<meta property=\"og:image:width\" content=\"1696\" \/>\n\t<meta property=\"og:image:height\" content=\"993\" \/>\n\t<meta property=\"og:image:type\" content=\"image\/jpeg\" \/>\n<meta name=\"author\" content=\"Altominho.tv\" \/>\n<meta name=\"twitter:card\" content=\"summary_large_image\" \/>\n<meta name=\"twitter:creator\" content=\"@altominhoTV\" \/>\n<meta name=\"twitter:site\" content=\"@altominhoTV\" \/>\n<meta name=\"twitter:label1\" content=\"Escrito por\" \/>\n\t<meta name=\"twitter:data1\" content=\"Altominho.tv\" \/>\n\t<meta name=\"twitter:label2\" content=\"Tempo estimado de leitura\" \/>\n\t<meta name=\"twitter:data2\" content=\"1 minuto\" \/>\n<script type=\"application\/ld+json\" class=\"yoast-schema-graph\">{\"@context\":\"https:\\\/\\\/schema.org\",\"@graph\":[{\"@type\":\"Article\",\"@id\":\"https:\\\/\\\/www.altominho.tv\\\/site\\\/2023\\\/07\\\/27\\\/eurocidade-tui-valenca-conquista-peregrinos\\\/#article\",\"isPartOf\":{\"@id\":\"https:\\\/\\\/www.altominho.tv\\\/site\\\/2023\\\/07\\\/27\\\/eurocidade-tui-valenca-conquista-peregrinos\\\/\"},\"author\":{\"name\":\"Altominho.tv\",\"@id\":\"https:\\\/\\\/www.altominho.tv\\\/site\\\/#\\\/schema\\\/person\\\/4e536851627d7914baf3dac752b6af22\"},\"headline\":\"Eurocidade Tui Valen\u00e7a\u00a0\u00e9 j\u00e1 o\u00a0segundo ponto de partida de todos os peregrinos\",\"datePublished\":\"2023-07-27T09:15:14+00:00\",\"dateModified\":\"2023-07-27T09:15:19+00:00\",\"mainEntityOfPage\":{\"@id\":\"https:\\\/\\\/www.altominho.tv\\\/site\\\/2023\\\/07\\\/27\\\/eurocidade-tui-valenca-conquista-peregrinos\\\/\"},\"wordCount\":196,\"image\":{\"@id\":\"https:\\\/\\\/www.altominho.tv\\\/site\\\/2023\\\/07\\\/27\\\/eurocidade-tui-valenca-conquista-peregrinos\\\/#primaryimage\"},\"thumbnailUrl\":\"https:\\\/\\\/www.altominho.tv\\\/site\\\/wp-content\\\/uploads\\\/2023\\\/07\\\/peregrinos-em-valenca.jpg\",\"keywords\":[\"Sociedade\"],\"articleSection\":[\"Valen\u00e7a\"],\"inLanguage\":\"pt-PT\",\"copyrightYear\":\"2023\",\"copyrightHolder\":{\"@id\":\"https:\\\/\\\/www.altominho.tv\\\/site\\\/#organization\"}},{\"@type\":\"WebPage\",\"@id\":\"https:\\\/\\\/www.altominho.tv\\\/site\\\/2023\\\/07\\\/27\\\/eurocidade-tui-valenca-conquista-peregrinos\\\/\",\"url\":\"https:\\\/\\\/www.altominho.tv\\\/site\\\/2023\\\/07\\\/27\\\/eurocidade-tui-valenca-conquista-peregrinos\\\/\",\"name\":\"Eurocidade Tui Valen\u00e7a\u00a0\u00e9 j\u00e1 o\u00a0segundo ponto de partida de todos os peregrinos\",\"isPartOf\":{\"@id\":\"https:\\\/\\\/www.altominho.tv\\\/site\\\/#website\"},\"primaryImageOfPage\":{\"@id\":\"https:\\\/\\\/www.altominho.tv\\\/site\\\/2023\\\/07\\\/27\\\/eurocidade-tui-valenca-conquista-peregrinos\\\/#primaryimage\"},\"image\":{\"@id\":\"https:\\\/\\\/www.altominho.tv\\\/site\\\/2023\\\/07\\\/27\\\/eurocidade-tui-valenca-conquista-peregrinos\\\/#primaryimage\"},\"thumbnailUrl\":\"https:\\\/\\\/www.altominho.tv\\\/site\\\/wp-content\\\/uploads\\\/2023\\\/07\\\/peregrinos-em-valenca.jpg\",\"datePublished\":\"2023-07-27T09:15:14+00:00\",\"dateModified\":\"2023-07-27T09:15:19+00:00\",\"author\":{\"@id\":\"https:\\\/\\\/www.altominho.tv\\\/site\\\/#\\\/schema\\\/person\\\/4e536851627d7914baf3dac752b6af22\"},\"description\":\"A\u00a0Eurocidade Tui-Valen\u00e7a\u00a0\u00e9 j\u00e1 o\u00a0segundo ponto de partida de todos os peregrinos que rumam at\u00e9 Santiago de Compostela, informou hoje a autarquia valenciana.\",\"breadcrumb\":{\"@id\":\"https:\\\/\\\/www.altominho.tv\\\/site\\\/2023\\\/07\\\/27\\\/eurocidade-tui-valenca-conquista-peregrinos\\\/#breadcrumb\"},\"inLanguage\":\"pt-PT\",\"potentialAction\":[{\"@type\":\"ReadAction\",\"target\":[\"https:\\\/\\\/www.altominho.tv\\\/site\\\/2023\\\/07\\\/27\\\/eurocidade-tui-valenca-conquista-peregrinos\\\/\"]}]},{\"@type\":\"ImageObject\",\"inLanguage\":\"pt-PT\",\"@id\":\"https:\\\/\\\/www.altominho.tv\\\/site\\\/2023\\\/07\\\/27\\\/eurocidade-tui-valenca-conquista-peregrinos\\\/#primaryimage\",\"url\":\"https:\\\/\\\/www.altominho.tv\\\/site\\\/wp-content\\\/uploads\\\/2023\\\/07\\\/peregrinos-em-valenca.jpg\",\"contentUrl\":\"https:\\\/\\\/www.altominho.tv\\\/site\\\/wp-content\\\/uploads\\\/2023\\\/07\\\/peregrinos-em-valenca.jpg\",\"width\":1696,\"height\":993},{\"@type\":\"BreadcrumbList\",\"@id\":\"https:\\\/\\\/www.altominho.tv\\\/site\\\/2023\\\/07\\\/27\\\/eurocidade-tui-valenca-conquista-peregrinos\\\/#breadcrumb\",\"itemListElement\":[{\"@type\":\"ListItem\",\"position\":1,\"name\":\"In\u00edcio\",\"item\":\"https:\\\/\\\/www.altominho.tv\\\/site\\\/\"},{\"@type\":\"ListItem\",\"position\":2,\"name\":\"Eurocidade Tui Valen\u00e7a\u00a0\u00e9 j\u00e1 o\u00a0segundo ponto de partida de todos os peregrinos\"}]},{\"@type\":\"WebSite\",\"@id\":\"https:\\\/\\\/www.altominho.tv\\\/site\\\/#website\",\"url\":\"https:\\\/\\\/www.altominho.tv\\\/site\\\/\",\"name\":\"Altominho.tv\",\"description\":\"A sua regi\u00e3o \u00e0 dist\u00e2ncia de um clique...\",\"potentialAction\":[{\"@type\":\"SearchAction\",\"target\":{\"@type\":\"EntryPoint\",\"urlTemplate\":\"https:\\\/\\\/www.altominho.tv\\\/site\\\/?s={search_term_string}\"},\"query-input\":{\"@type\":\"PropertyValueSpecification\",\"valueRequired\":true,\"valueName\":\"search_term_string\"}}],\"inLanguage\":\"pt-PT\"},{\"@type\":\"Person\",\"@id\":\"https:\\\/\\\/www.altominho.tv\\\/site\\\/#\\\/schema\\\/person\\\/4e536851627d7914baf3dac752b6af22\",\"name\":\"Altominho.tv\",\"image\":{\"@type\":\"ImageObject\",\"inLanguage\":\"pt-PT\",\"@id\":\"https:\\\/\\\/www.altominho.tv\\\/site\\\/wp-content\\\/uploads\\\/2019\\\/11\\\/Logo_Avatar_2-150x150.jpg\",\"url\":\"https:\\\/\\\/www.altominho.tv\\\/site\\\/wp-content\\\/uploads\\\/2019\\\/11\\\/Logo_Avatar_2-150x150.jpg\",\"contentUrl\":\"https:\\\/\\\/www.altominho.tv\\\/site\\\/wp-content\\\/uploads\\\/2019\\\/11\\\/Logo_Avatar_2-150x150.jpg\",\"caption\":\"Altominho.tv\"},\"url\":\"https:\\\/\\\/www.altominho.tv\\\/site\\\/author\\\/altominhotv-tecnico\\\/\"}]}<\/script>\n<!-- \/ Yoast SEO Premium plugin. -->","yoast_head_json":{"title":"Eurocidade Tui Valen\u00e7a\u00a0\u00e9 j\u00e1 o\u00a0segundo ponto de partida de todos os peregrinos","description":"A\u00a0Eurocidade Tui-Valen\u00e7a\u00a0\u00e9 j\u00e1 o\u00a0segundo ponto de partida de todos os peregrinos que rumam at\u00e9 Santiago de Compostela, informou hoje a autarquia valenciana.","robots":{"index":"index","follow":"follow","max-snippet":"max-snippet:-1","max-image-preview":"max-image-preview:large","max-video-preview":"max-video-preview:-1"},"canonical":"https:\/\/www.altominho.tv\/site\/2023\/07\/27\/eurocidade-tui-valenca-conquista-peregrinos\/","og_locale":"pt_PT","og_type":"article","og_title":"Eurocidade Tui Valen\u00e7a\u00a0\u00e9 j\u00e1 o\u00a0segundo ponto de partida de todos os peregrinos","og_description":"A\u00a0Eurocidade Tui-Valen\u00e7a\u00a0\u00e9 j\u00e1 o\u00a0segundo ponto de partida de todos os peregrinos que rumam at\u00e9 Santiago de Compostela, informou hoje a autarquia valenciana.","og_url":"https:\/\/www.altominho.tv\/site\/2023\/07\/27\/eurocidade-tui-valenca-conquista-peregrinos\/","og_site_name":"Altominho.tv","article_publisher":"https:\/\/www.facebook.com\/altominhotv","article_published_time":"2023-07-27T09:15:14+00:00","article_modified_time":"2023-07-27T09:15:19+00:00","og_image":[{"width":1696,"height":993,"url":"https:\/\/www.altominho.tv\/site\/wp-content\/uploads\/2023\/07\/peregrinos-em-valenca.jpg","type":"image\/jpeg"}],"author":"Altominho.tv","twitter_card":"summary_large_image","twitter_creator":"@altominhoTV","twitter_site":"@altominhoTV","twitter_misc":{"Escrito por":"Altominho.tv","Tempo estimado de leitura":"1 minuto"},"schema":{"@context":"https:\/\/schema.org","@graph":[{"@type":"Article","@id":"https:\/\/www.altominho.tv\/site\/2023\/07\/27\/eurocidade-tui-valenca-conquista-peregrinos\/#article","isPartOf":{"@id":"https:\/\/www.altominho.tv\/site\/2023\/07\/27\/eurocidade-tui-valenca-conquista-peregrinos\/"},"author":{"name":"Altominho.tv","@id":"https:\/\/www.altominho.tv\/site\/#\/schema\/person\/4e536851627d7914baf3dac752b6af22"},"headline":"Eurocidade Tui Valen\u00e7a\u00a0\u00e9 j\u00e1 o\u00a0segundo ponto de partida de todos os peregrinos","datePublished":"2023-07-27T09:15:14+00:00","dateModified":"2023-07-27T09:15:19+00:00","mainEntityOfPage":{"@id":"https:\/\/www.altominho.tv\/site\/2023\/07\/27\/eurocidade-tui-valenca-conquista-peregrinos\/"},"wordCount":196,"image":{"@id":"https:\/\/www.altominho.tv\/site\/2023\/07\/27\/eurocidade-tui-valenca-conquista-peregrinos\/#primaryimage"},"thumbnailUrl":"https:\/\/www.altominho.tv\/site\/wp-content\/uploads\/2023\/07\/peregrinos-em-valenca.jpg","keywords":["Sociedade"],"articleSection":["Valen\u00e7a"],"inLanguage":"pt-PT","copyrightYear":"2023","copyrightHolder":{"@id":"https:\/\/www.altominho.tv\/site\/#organization"}},{"@type":"WebPage","@id":"https:\/\/www.altominho.tv\/site\/2023\/07\/27\/eurocidade-tui-valenca-conquista-peregrinos\/","url":"https:\/\/www.altominho.tv\/site\/2023\/07\/27\/eurocidade-tui-valenca-conquista-peregrinos\/","name":"Eurocidade Tui Valen\u00e7a\u00a0\u00e9 j\u00e1 o\u00a0segundo ponto de partida de todos os peregrinos","isPartOf":{"@id":"https:\/\/www.altominho.tv\/site\/#website"},"primaryImageOfPage":{"@id":"https:\/\/www.altominho.tv\/site\/2023\/07\/27\/eurocidade-tui-valenca-conquista-peregrinos\/#primaryimage"},"image":{"@id":"https:\/\/www.altominho.tv\/site\/2023\/07\/27\/eurocidade-tui-valenca-conquista-peregrinos\/#primaryimage"},"thumbnailUrl":"https:\/\/www.altominho.tv\/site\/wp-content\/uploads\/2023\/07\/peregrinos-em-valenca.jpg","datePublished":"2023-07-27T09:15:14+00:00","dateModified":"2023-07-27T09:15:19+00:00","author":{"@id":"https:\/\/www.altominho.tv\/site\/#\/schema\/person\/4e536851627d7914baf3dac752b6af22"},"description":"A\u00a0Eurocidade Tui-Valen\u00e7a\u00a0\u00e9 j\u00e1 o\u00a0segundo ponto de partida de todos os peregrinos que rumam at\u00e9 Santiago de Compostela, informou hoje a autarquia valenciana.","breadcrumb":{"@id":"https:\/\/www.altominho.tv\/site\/2023\/07\/27\/eurocidade-tui-valenca-conquista-peregrinos\/#breadcrumb"},"inLanguage":"pt-PT","potentialAction":[{"@type":"ReadAction","target":["https:\/\/www.altominho.tv\/site\/2023\/07\/27\/eurocidade-tui-valenca-conquista-peregrinos\/"]}]},{"@type":"ImageObject","inLanguage":"pt-PT","@id":"https:\/\/www.altominho.tv\/site\/2023\/07\/27\/eurocidade-tui-valenca-conquista-peregrinos\/#primaryimage","url":"https:\/\/www.altominho.tv\/site\/wp-content\/uploads\/2023\/07\/peregrinos-em-valenca.jpg","contentUrl":"https:\/\/www.altominho.tv\/site\/wp-content\/uploads\/2023\/07\/peregrinos-em-valenca.jpg","width":1696,"height":993},{"@type":"BreadcrumbList","@id":"https:\/\/www.altominho.tv\/site\/2023\/07\/27\/eurocidade-tui-valenca-conquista-peregrinos\/#breadcrumb","itemListElement":[{"@type":"ListItem","position":1,"name":"In\u00edcio","item":"https:\/\/www.altominho.tv\/site\/"},{"@type":"ListItem","position":2,"name":"Eurocidade Tui Valen\u00e7a\u00a0\u00e9 j\u00e1 o\u00a0segundo ponto de partida de todos os peregrinos"}]},{"@type":"WebSite","@id":"https:\/\/www.altominho.tv\/site\/#website","url":"https:\/\/www.altominho.tv\/site\/","name":"Altominho.tv","description":"A sua regi\u00e3o \u00e0 dist\u00e2ncia de um clique...","potentialAction":[{"@type":"SearchAction","target":{"@type":"EntryPoint","urlTemplate":"https:\/\/www.altominho.tv\/site\/?s={search_term_string}"},"query-input":{"@type":"PropertyValueSpecification","valueRequired":true,"valueName":"search_term_string"}}],"inLanguage":"pt-PT"},{"@type":"Person","@id":"https:\/\/www.altominho.tv\/site\/#\/schema\/person\/4e536851627d7914baf3dac752b6af22","name":"Altominho.tv","image":{"@type":"ImageObject","inLanguage":"pt-PT","@id":"https:\/\/www.altominho.tv\/site\/wp-content\/uploads\/2019\/11\/Logo_Avatar_2-150x150.jpg","url":"https:\/\/www.altominho.tv\/site\/wp-content\/uploads\/2019\/11\/Logo_Avatar_2-150x150.jpg","contentUrl":"https:\/\/www.altominho.tv\/site\/wp-content\/uploads\/2019\/11\/Logo_Avatar_2-150x150.jpg","caption":"Altominho.tv"},"url":"https:\/\/www.altominho.tv\/site\/author\/altominhotv-tecnico\/"}]}},"_links":{"self":[{"href":"https:\/\/www.altominho.tv\/site\/wp-json\/wp\/v2\/posts\/94845","targetHints":{"allow":["GET"]}}],"collection":[{"href":"https:\/\/www.altominho.tv\/site\/wp-json\/wp\/v2\/posts"}],"about":[{"href":"https:\/\/www.altominho.tv\/site\/wp-json\/wp\/v2\/types\/post"}],"author":[{"embeddable":true,"href":"https:\/\/www.altominho.tv\/site\/wp-json\/wp\/v2\/users\/1"}],"replies":[{"embeddable":true,"href":"https:\/\/www.altominho.tv\/site\/wp-json\/wp\/v2\/comments?post=94845"}],"version-history":[{"count":1,"href":"https:\/\/www.altominho.tv\/site\/wp-json\/wp\/v2\/posts\/94845\/revisions"}],"predecessor-version":[{"id":94848,"href":"https:\/\/www.altominho.tv\/site\/wp-json\/wp\/v2\/posts\/94845\/revisions\/94848"}],"wp:featuredmedia":[{"embeddable":true,"href":"https:\/\/www.altominho.tv\/site\/wp-json\/wp\/v2\/media\/94847"}],"wp:attachment":[{"href":"https:\/\/www.altominho.tv\/site\/wp-json\/wp\/v2\/media?parent=94845"}],"wp:term":[{"taxonomy":"category","embeddable":true,"href":"https:\/\/www.altominho.tv\/site\/wp-json\/wp\/v2\/categories?post=94845"},{"taxonomy":"post_tag","embeddable":true,"href":"https:\/\/www.altominho.tv\/site\/wp-json\/wp\/v2\/tags?post=94845"}],"curies":[{"name":"wp","href":"https:\/\/api.w.org\/{rel}","templated":true}]}}