{"id":94750,"date":"2023-07-24T15:04:19","date_gmt":"2023-07-24T14:04:19","guid":{"rendered":"https:\/\/www.altominho.tv\/site\/?p=94750"},"modified":"2023-07-24T15:07:25","modified_gmt":"2023-07-24T14:07:25","slug":"desporto-musica-e-convicio-marcam-dia-internacional-da-juventude","status":"publish","type":"post","link":"https:\/\/www.altominho.tv\/site\/2023\/07\/24\/desporto-musica-e-convicio-marcam-dia-internacional-da-juventude\/","title":{"rendered":"Desporto, m\u00fasica e conv\u00edvio marcam Dia Internacional da Juventude"},"content":{"rendered":"<p class=\"p1\">O Gabinete da Juventude da C\u00e2mara Municipal de Viana do Castelo organizou um programa para a tarde de 12 de agosto que ir\u00e1 acontecer na Praia Fluvial da Arga\u00e7osa, no Parque da Cidade e nos campos desportivos situados naquela zona da cidade.<\/p>\n<p class=\"p1\">Entre as 15h00 e as 19h00, a \u00e1rea do parque de merendas junto \u00e0 Praia da Arga\u00e7osa contar\u00e1 com o dinamismo das v\u00e1rias associa\u00e7\u00f5es juvenis que integram o Conselho Municipal da Juventude.<\/p>\n<p class=\"p1\">A proposta integra anima\u00e7\u00e3o com m\u00fasica (Neopop), uma campanha de recolha de roupa usada (em parceria com o CMIA), o Parque da Juventude com a presen\u00e7a de diversas associa\u00e7\u00f5es, desporto no campo de jogos (com a colabora\u00e7\u00e3o do Clube de Basquete de Viana e Voleibol Clube de Viana) e Skate Street Art (pela NorthPoint).<\/p>\n<p class=\"p1\">Junto ao Centro de Remo, entre as 15h00 e as 16h00 ser\u00e1 promovido SUP para Todos, em colabora\u00e7\u00e3o com a APPACDM de Viana do Castelo, a iniciativa Rumo ao Remo, com o Viana Remadores do Lima, e Kayak no Rio, com o Darque Kayak Clube.<\/p>\n<p class=\"p1\">Das 17h00 \u00e0s 18h00, acontece o Volley Show, pelo Voleibol Clube de Viana, e das 18h00 \u00e0s 19h00 o Dunk Contest, pelo Clube de Basquete de Viana.<\/p>\n<p class=\"p1\">Durante esse fim-de-semana, dias 12 e 13 de agosto, ser\u00e1 promovida uma campanha de recolha de roupa usada, em parceria com os Servi\u00e7os Municipalizados de Viana do Castelo, sendo que o contentor de madeira estar\u00e1 dispon\u00edvel no Parque Ecol\u00f3gico Urbano.<\/p>\n<p class=\"p1\">O Dia Internacional da Juventude celebra-se anualmente a 12 de agosto, com o objetivo de reconhecer o papel fundamental dos jovens nas sociedades. &#8220;Este dia afirma-se como uma oportunidade de chamar a aten\u00e7\u00e3o da comunidade internacional para as quest\u00f5es juvenis&#8221; descreve a autarquia.<\/p>\n","protected":false},"excerpt":{"rendered":"<p>O Gabinete da Juventude da C\u00e2mara Municipal de Viana do Castelo organizou um programa para a tarde de 12 de agosto que ir\u00e1 acontecer na Praia Fluvial da Arga\u00e7osa, no Parque da Cidade e nos campos desportivos situados naquela zona da cidade. Entre as 15h00 e as 19h00, a \u00e1rea do parque de merendas junto [&hellip;]<\/p>\n","protected":false},"author":28,"featured_media":94751,"comment_status":"closed","ping_status":"closed","sticky":false,"template":"","format":"standard","meta":{"_exactmetrics_skip_tracking":false,"footnotes":""},"categories":[14],"tags":[24,27],"class_list":["post-94750","post","type-post","status-publish","format-standard","has-post-thumbnail","hentry","category-viana-do-castelo","tag-lazer","tag-sociedade"],"yoast_head":"<!-- This site is optimized with the Yoast SEO Premium plugin v28.3 (Yoast SEO v28.3) - https:\/\/yoast.com\/product\/yoast-seo-premium-wordpress\/ -->\n<title>Desporto, m\u00fasica e conv\u00edvio marcam Dia Internacional da Juventude<\/title>\n<meta name=\"description\" content=\"O Gabinete da Juventude da C\u00e2mara Municipal de Viana do Castelo organizou um programa para a tarde de 12 de agosto que ir\u00e1 acontecer na Praia Fluvial da Arga\u00e7osa, no Parque da Cidade e nos campos desportivos situados naquela zona da cidade.\" \/>\n<meta name=\"robots\" content=\"index, follow, max-snippet:-1, max-image-preview:large, max-video-preview:-1\" \/>\n<link rel=\"canonical\" href=\"https:\/\/www.altominho.tv\/site\/2023\/07\/24\/desporto-musica-e-convicio-marcam-dia-internacional-da-juventude\/\" \/>\n<meta property=\"og:locale\" content=\"pt_PT\" \/>\n<meta property=\"og:type\" content=\"article\" \/>\n<meta property=\"og:title\" content=\"Desporto, m\u00fasica e conv\u00edvio marcam Dia Internacional da Juventude\" \/>\n<meta property=\"og:description\" content=\"O Gabinete da Juventude da C\u00e2mara Municipal de Viana do Castelo organizou um programa para a tarde de 12 de agosto que ir\u00e1 acontecer na Praia Fluvial da Arga\u00e7osa, no Parque da Cidade e nos campos desportivos situados naquela zona da cidade.\" \/>\n<meta property=\"og:url\" content=\"https:\/\/www.altominho.tv\/site\/2023\/07\/24\/desporto-musica-e-convicio-marcam-dia-internacional-da-juventude\/\" \/>\n<meta property=\"og:site_name\" content=\"Altominho.tv\" \/>\n<meta property=\"article:publisher\" content=\"https:\/\/www.facebook.com\/altominhotv\" \/>\n<meta property=\"article:published_time\" content=\"2023-07-24T14:04:19+00:00\" \/>\n<meta property=\"article:modified_time\" content=\"2023-07-24T14:07:25+00:00\" \/>\n<meta property=\"og:image\" content=\"https:\/\/www.altominho.tv\/site\/wp-content\/uploads\/2023\/07\/viana-do-castelo.jpeg\" \/>\n\t<meta property=\"og:image:width\" content=\"1280\" \/>\n\t<meta property=\"og:image:height\" content=\"720\" \/>\n\t<meta property=\"og:image:type\" content=\"image\/jpeg\" \/>\n<meta name=\"author\" content=\"Beatriz Lira\" \/>\n<meta name=\"twitter:card\" content=\"summary_large_image\" \/>\n<meta name=\"twitter:creator\" content=\"@altominhoTV\" \/>\n<meta name=\"twitter:site\" content=\"@altominhoTV\" \/>\n<meta name=\"twitter:label1\" content=\"Escrito por\" \/>\n\t<meta name=\"twitter:data1\" content=\"Beatriz Lira\" \/>\n\t<meta name=\"twitter:label2\" content=\"Tempo estimado de leitura\" \/>\n\t<meta name=\"twitter:data2\" content=\"2 minutos\" \/>\n<script type=\"application\/ld+json\" class=\"yoast-schema-graph\">{\"@context\":\"https:\\\/\\\/schema.org\",\"@graph\":[{\"@type\":\"Article\",\"@id\":\"https:\\\/\\\/www.altominho.tv\\\/site\\\/2023\\\/07\\\/24\\\/desporto-musica-e-convicio-marcam-dia-internacional-da-juventude\\\/#article\",\"isPartOf\":{\"@id\":\"https:\\\/\\\/www.altominho.tv\\\/site\\\/2023\\\/07\\\/24\\\/desporto-musica-e-convicio-marcam-dia-internacional-da-juventude\\\/\"},\"author\":{\"name\":\"Beatriz Lira\",\"@id\":\"https:\\\/\\\/www.altominho.tv\\\/site\\\/#\\\/schema\\\/person\\\/f95a2097796cf4462fe1e476cddc40e4\"},\"headline\":\"Desporto, m\u00fasica e conv\u00edvio marcam Dia Internacional da Juventude\",\"datePublished\":\"2023-07-24T14:04:19+00:00\",\"dateModified\":\"2023-07-24T14:07:25+00:00\",\"mainEntityOfPage\":{\"@id\":\"https:\\\/\\\/www.altominho.tv\\\/site\\\/2023\\\/07\\\/24\\\/desporto-musica-e-convicio-marcam-dia-internacional-da-juventude\\\/\"},\"wordCount\":305,\"image\":{\"@id\":\"https:\\\/\\\/www.altominho.tv\\\/site\\\/2023\\\/07\\\/24\\\/desporto-musica-e-convicio-marcam-dia-internacional-da-juventude\\\/#primaryimage\"},\"thumbnailUrl\":\"https:\\\/\\\/www.altominho.tv\\\/site\\\/wp-content\\\/uploads\\\/2023\\\/07\\\/viana-do-castelo.jpeg\",\"keywords\":[\"Lazer\",\"Sociedade\"],\"articleSection\":[\"Viana do Castelo\"],\"inLanguage\":\"pt-PT\",\"copyrightYear\":\"2023\",\"copyrightHolder\":{\"@id\":\"https:\\\/\\\/www.altominho.tv\\\/site\\\/#organization\"}},{\"@type\":\"WebPage\",\"@id\":\"https:\\\/\\\/www.altominho.tv\\\/site\\\/2023\\\/07\\\/24\\\/desporto-musica-e-convicio-marcam-dia-internacional-da-juventude\\\/\",\"url\":\"https:\\\/\\\/www.altominho.tv\\\/site\\\/2023\\\/07\\\/24\\\/desporto-musica-e-convicio-marcam-dia-internacional-da-juventude\\\/\",\"name\":\"Desporto, m\u00fasica e conv\u00edvio marcam Dia Internacional da Juventude\",\"isPartOf\":{\"@id\":\"https:\\\/\\\/www.altominho.tv\\\/site\\\/#website\"},\"primaryImageOfPage\":{\"@id\":\"https:\\\/\\\/www.altominho.tv\\\/site\\\/2023\\\/07\\\/24\\\/desporto-musica-e-convicio-marcam-dia-internacional-da-juventude\\\/#primaryimage\"},\"image\":{\"@id\":\"https:\\\/\\\/www.altominho.tv\\\/site\\\/2023\\\/07\\\/24\\\/desporto-musica-e-convicio-marcam-dia-internacional-da-juventude\\\/#primaryimage\"},\"thumbnailUrl\":\"https:\\\/\\\/www.altominho.tv\\\/site\\\/wp-content\\\/uploads\\\/2023\\\/07\\\/viana-do-castelo.jpeg\",\"datePublished\":\"2023-07-24T14:04:19+00:00\",\"dateModified\":\"2023-07-24T14:07:25+00:00\",\"author\":{\"@id\":\"https:\\\/\\\/www.altominho.tv\\\/site\\\/#\\\/schema\\\/person\\\/f95a2097796cf4462fe1e476cddc40e4\"},\"description\":\"O Gabinete da Juventude da C\u00e2mara Municipal de Viana do Castelo organizou um programa para a tarde de 12 de agosto que ir\u00e1 acontecer na Praia Fluvial da Arga\u00e7osa, no Parque da Cidade e nos campos desportivos situados naquela zona da cidade.\",\"breadcrumb\":{\"@id\":\"https:\\\/\\\/www.altominho.tv\\\/site\\\/2023\\\/07\\\/24\\\/desporto-musica-e-convicio-marcam-dia-internacional-da-juventude\\\/#breadcrumb\"},\"inLanguage\":\"pt-PT\",\"potentialAction\":[{\"@type\":\"ReadAction\",\"target\":[\"https:\\\/\\\/www.altominho.tv\\\/site\\\/2023\\\/07\\\/24\\\/desporto-musica-e-convicio-marcam-dia-internacional-da-juventude\\\/\"]}]},{\"@type\":\"ImageObject\",\"inLanguage\":\"pt-PT\",\"@id\":\"https:\\\/\\\/www.altominho.tv\\\/site\\\/2023\\\/07\\\/24\\\/desporto-musica-e-convicio-marcam-dia-internacional-da-juventude\\\/#primaryimage\",\"url\":\"https:\\\/\\\/www.altominho.tv\\\/site\\\/wp-content\\\/uploads\\\/2023\\\/07\\\/viana-do-castelo.jpeg\",\"contentUrl\":\"https:\\\/\\\/www.altominho.tv\\\/site\\\/wp-content\\\/uploads\\\/2023\\\/07\\\/viana-do-castelo.jpeg\",\"width\":1280,\"height\":720},{\"@type\":\"BreadcrumbList\",\"@id\":\"https:\\\/\\\/www.altominho.tv\\\/site\\\/2023\\\/07\\\/24\\\/desporto-musica-e-convicio-marcam-dia-internacional-da-juventude\\\/#breadcrumb\",\"itemListElement\":[{\"@type\":\"ListItem\",\"position\":1,\"name\":\"In\u00edcio\",\"item\":\"https:\\\/\\\/www.altominho.tv\\\/site\\\/\"},{\"@type\":\"ListItem\",\"position\":2,\"name\":\"Desporto, m\u00fasica e conv\u00edvio marcam Dia Internacional da Juventude\"}]},{\"@type\":\"WebSite\",\"@id\":\"https:\\\/\\\/www.altominho.tv\\\/site\\\/#website\",\"url\":\"https:\\\/\\\/www.altominho.tv\\\/site\\\/\",\"name\":\"Altominho.tv\",\"description\":\"A sua regi\u00e3o \u00e0 dist\u00e2ncia de um clique...\",\"potentialAction\":[{\"@type\":\"SearchAction\",\"target\":{\"@type\":\"EntryPoint\",\"urlTemplate\":\"https:\\\/\\\/www.altominho.tv\\\/site\\\/?s={search_term_string}\"},\"query-input\":{\"@type\":\"PropertyValueSpecification\",\"valueRequired\":true,\"valueName\":\"search_term_string\"}}],\"inLanguage\":\"pt-PT\"},{\"@type\":\"Person\",\"@id\":\"https:\\\/\\\/www.altominho.tv\\\/site\\\/#\\\/schema\\\/person\\\/f95a2097796cf4462fe1e476cddc40e4\",\"name\":\"Beatriz Lira\",\"image\":{\"@type\":\"ImageObject\",\"inLanguage\":\"pt-PT\",\"@id\":\"https:\\\/\\\/www.altominho.tv\\\/site\\\/wp-content\\\/uploads\\\/2023\\\/03\\\/Screenshot_20230306-141220_Photos-150x150.jpg\",\"url\":\"https:\\\/\\\/www.altominho.tv\\\/site\\\/wp-content\\\/uploads\\\/2023\\\/03\\\/Screenshot_20230306-141220_Photos-150x150.jpg\",\"contentUrl\":\"https:\\\/\\\/www.altominho.tv\\\/site\\\/wp-content\\\/uploads\\\/2023\\\/03\\\/Screenshot_20230306-141220_Photos-150x150.jpg\",\"caption\":\"Beatriz Lira\"},\"url\":\"https:\\\/\\\/www.altominho.tv\\\/site\\\/author\\\/beatriz\\\/\"}]}<\/script>\n<!-- \/ Yoast SEO Premium plugin. -->","yoast_head_json":{"title":"Desporto, m\u00fasica e conv\u00edvio marcam Dia Internacional da Juventude","description":"O Gabinete da Juventude da C\u00e2mara Municipal de Viana do Castelo organizou um programa para a tarde de 12 de agosto que ir\u00e1 acontecer na Praia Fluvial da Arga\u00e7osa, no Parque da Cidade e nos campos desportivos situados naquela zona da cidade.","robots":{"index":"index","follow":"follow","max-snippet":"max-snippet:-1","max-image-preview":"max-image-preview:large","max-video-preview":"max-video-preview:-1"},"canonical":"https:\/\/www.altominho.tv\/site\/2023\/07\/24\/desporto-musica-e-convicio-marcam-dia-internacional-da-juventude\/","og_locale":"pt_PT","og_type":"article","og_title":"Desporto, m\u00fasica e conv\u00edvio marcam Dia Internacional da Juventude","og_description":"O Gabinete da Juventude da C\u00e2mara Municipal de Viana do Castelo organizou um programa para a tarde de 12 de agosto que ir\u00e1 acontecer na Praia Fluvial da Arga\u00e7osa, no Parque da Cidade e nos campos desportivos situados naquela zona da cidade.","og_url":"https:\/\/www.altominho.tv\/site\/2023\/07\/24\/desporto-musica-e-convicio-marcam-dia-internacional-da-juventude\/","og_site_name":"Altominho.tv","article_publisher":"https:\/\/www.facebook.com\/altominhotv","article_published_time":"2023-07-24T14:04:19+00:00","article_modified_time":"2023-07-24T14:07:25+00:00","og_image":[{"width":1280,"height":720,"url":"https:\/\/www.altominho.tv\/site\/wp-content\/uploads\/2023\/07\/viana-do-castelo.jpeg","type":"image\/jpeg"}],"author":"Beatriz Lira","twitter_card":"summary_large_image","twitter_creator":"@altominhoTV","twitter_site":"@altominhoTV","twitter_misc":{"Escrito por":"Beatriz Lira","Tempo estimado de leitura":"2 minutos"},"schema":{"@context":"https:\/\/schema.org","@graph":[{"@type":"Article","@id":"https:\/\/www.altominho.tv\/site\/2023\/07\/24\/desporto-musica-e-convicio-marcam-dia-internacional-da-juventude\/#article","isPartOf":{"@id":"https:\/\/www.altominho.tv\/site\/2023\/07\/24\/desporto-musica-e-convicio-marcam-dia-internacional-da-juventude\/"},"author":{"name":"Beatriz Lira","@id":"https:\/\/www.altominho.tv\/site\/#\/schema\/person\/f95a2097796cf4462fe1e476cddc40e4"},"headline":"Desporto, m\u00fasica e conv\u00edvio marcam Dia Internacional da Juventude","datePublished":"2023-07-24T14:04:19+00:00","dateModified":"2023-07-24T14:07:25+00:00","mainEntityOfPage":{"@id":"https:\/\/www.altominho.tv\/site\/2023\/07\/24\/desporto-musica-e-convicio-marcam-dia-internacional-da-juventude\/"},"wordCount":305,"image":{"@id":"https:\/\/www.altominho.tv\/site\/2023\/07\/24\/desporto-musica-e-convicio-marcam-dia-internacional-da-juventude\/#primaryimage"},"thumbnailUrl":"https:\/\/www.altominho.tv\/site\/wp-content\/uploads\/2023\/07\/viana-do-castelo.jpeg","keywords":["Lazer","Sociedade"],"articleSection":["Viana do Castelo"],"inLanguage":"pt-PT","copyrightYear":"2023","copyrightHolder":{"@id":"https:\/\/www.altominho.tv\/site\/#organization"}},{"@type":"WebPage","@id":"https:\/\/www.altominho.tv\/site\/2023\/07\/24\/desporto-musica-e-convicio-marcam-dia-internacional-da-juventude\/","url":"https:\/\/www.altominho.tv\/site\/2023\/07\/24\/desporto-musica-e-convicio-marcam-dia-internacional-da-juventude\/","name":"Desporto, m\u00fasica e conv\u00edvio marcam Dia Internacional da Juventude","isPartOf":{"@id":"https:\/\/www.altominho.tv\/site\/#website"},"primaryImageOfPage":{"@id":"https:\/\/www.altominho.tv\/site\/2023\/07\/24\/desporto-musica-e-convicio-marcam-dia-internacional-da-juventude\/#primaryimage"},"image":{"@id":"https:\/\/www.altominho.tv\/site\/2023\/07\/24\/desporto-musica-e-convicio-marcam-dia-internacional-da-juventude\/#primaryimage"},"thumbnailUrl":"https:\/\/www.altominho.tv\/site\/wp-content\/uploads\/2023\/07\/viana-do-castelo.jpeg","datePublished":"2023-07-24T14:04:19+00:00","dateModified":"2023-07-24T14:07:25+00:00","author":{"@id":"https:\/\/www.altominho.tv\/site\/#\/schema\/person\/f95a2097796cf4462fe1e476cddc40e4"},"description":"O Gabinete da Juventude da C\u00e2mara Municipal de Viana do Castelo organizou um programa para a tarde de 12 de agosto que ir\u00e1 acontecer na Praia Fluvial da Arga\u00e7osa, no Parque da Cidade e nos campos desportivos situados naquela zona da cidade.","breadcrumb":{"@id":"https:\/\/www.altominho.tv\/site\/2023\/07\/24\/desporto-musica-e-convicio-marcam-dia-internacional-da-juventude\/#breadcrumb"},"inLanguage":"pt-PT","potentialAction":[{"@type":"ReadAction","target":["https:\/\/www.altominho.tv\/site\/2023\/07\/24\/desporto-musica-e-convicio-marcam-dia-internacional-da-juventude\/"]}]},{"@type":"ImageObject","inLanguage":"pt-PT","@id":"https:\/\/www.altominho.tv\/site\/2023\/07\/24\/desporto-musica-e-convicio-marcam-dia-internacional-da-juventude\/#primaryimage","url":"https:\/\/www.altominho.tv\/site\/wp-content\/uploads\/2023\/07\/viana-do-castelo.jpeg","contentUrl":"https:\/\/www.altominho.tv\/site\/wp-content\/uploads\/2023\/07\/viana-do-castelo.jpeg","width":1280,"height":720},{"@type":"BreadcrumbList","@id":"https:\/\/www.altominho.tv\/site\/2023\/07\/24\/desporto-musica-e-convicio-marcam-dia-internacional-da-juventude\/#breadcrumb","itemListElement":[{"@type":"ListItem","position":1,"name":"In\u00edcio","item":"https:\/\/www.altominho.tv\/site\/"},{"@type":"ListItem","position":2,"name":"Desporto, m\u00fasica e conv\u00edvio marcam Dia Internacional da Juventude"}]},{"@type":"WebSite","@id":"https:\/\/www.altominho.tv\/site\/#website","url":"https:\/\/www.altominho.tv\/site\/","name":"Altominho.tv","description":"A sua regi\u00e3o \u00e0 dist\u00e2ncia de um clique...","potentialAction":[{"@type":"SearchAction","target":{"@type":"EntryPoint","urlTemplate":"https:\/\/www.altominho.tv\/site\/?s={search_term_string}"},"query-input":{"@type":"PropertyValueSpecification","valueRequired":true,"valueName":"search_term_string"}}],"inLanguage":"pt-PT"},{"@type":"Person","@id":"https:\/\/www.altominho.tv\/site\/#\/schema\/person\/f95a2097796cf4462fe1e476cddc40e4","name":"Beatriz Lira","image":{"@type":"ImageObject","inLanguage":"pt-PT","@id":"https:\/\/www.altominho.tv\/site\/wp-content\/uploads\/2023\/03\/Screenshot_20230306-141220_Photos-150x150.jpg","url":"https:\/\/www.altominho.tv\/site\/wp-content\/uploads\/2023\/03\/Screenshot_20230306-141220_Photos-150x150.jpg","contentUrl":"https:\/\/www.altominho.tv\/site\/wp-content\/uploads\/2023\/03\/Screenshot_20230306-141220_Photos-150x150.jpg","caption":"Beatriz Lira"},"url":"https:\/\/www.altominho.tv\/site\/author\/beatriz\/"}]}},"_links":{"self":[{"href":"https:\/\/www.altominho.tv\/site\/wp-json\/wp\/v2\/posts\/94750","targetHints":{"allow":["GET"]}}],"collection":[{"href":"https:\/\/www.altominho.tv\/site\/wp-json\/wp\/v2\/posts"}],"about":[{"href":"https:\/\/www.altominho.tv\/site\/wp-json\/wp\/v2\/types\/post"}],"author":[{"embeddable":true,"href":"https:\/\/www.altominho.tv\/site\/wp-json\/wp\/v2\/users\/28"}],"replies":[{"embeddable":true,"href":"https:\/\/www.altominho.tv\/site\/wp-json\/wp\/v2\/comments?post=94750"}],"version-history":[{"count":2,"href":"https:\/\/www.altominho.tv\/site\/wp-json\/wp\/v2\/posts\/94750\/revisions"}],"predecessor-version":[{"id":94753,"href":"https:\/\/www.altominho.tv\/site\/wp-json\/wp\/v2\/posts\/94750\/revisions\/94753"}],"wp:featuredmedia":[{"embeddable":true,"href":"https:\/\/www.altominho.tv\/site\/wp-json\/wp\/v2\/media\/94751"}],"wp:attachment":[{"href":"https:\/\/www.altominho.tv\/site\/wp-json\/wp\/v2\/media?parent=94750"}],"wp:term":[{"taxonomy":"category","embeddable":true,"href":"https:\/\/www.altominho.tv\/site\/wp-json\/wp\/v2\/categories?post=94750"},{"taxonomy":"post_tag","embeddable":true,"href":"https:\/\/www.altominho.tv\/site\/wp-json\/wp\/v2\/tags?post=94750"}],"curies":[{"name":"wp","href":"https:\/\/api.w.org\/{rel}","templated":true}]}}