{"id":94740,"date":"2023-07-24T14:27:25","date_gmt":"2023-07-24T13:27:25","guid":{"rendered":"https:\/\/www.altominho.tv\/site\/?p=94740"},"modified":"2023-07-24T14:27:29","modified_gmt":"2023-07-24T13:27:29","slug":"valenca-celebra-dia-de-santiago-com-a-maior-seta-do-caminho","status":"publish","type":"post","link":"https:\/\/www.altominho.tv\/site\/2023\/07\/24\/valenca-celebra-dia-de-santiago-com-a-maior-seta-do-caminho\/","title":{"rendered":"Valen\u00e7a celebra dia de Santiago com a maior seta do Caminho"},"content":{"rendered":"<p class=\"p1\">Um bolo com 13 metros e 400 quilogramas, em forma de seta amarela, a apontar de Valen\u00e7a para Santiago de Compostela, marca a homenagem de Valen\u00e7a, aos peregrinos e ao Caminho Portugu\u00eas para Santiago, no Dia da Galiza e de Santiago.<\/p>\n<p class=\"p1\">Este dia celebra-se ter\u00e7a, 25 de julho e o\u00a0bolo vai ser elaborado por uma pastelaria de Valen\u00e7a.<\/p>\n<p class=\"p1\">A Pra\u00e7a da Rep\u00fablica, na Fortaleza, ser\u00e1 o palco para a instala\u00e7\u00e3o deste bolo gigante que ser\u00e1 distribu\u00eddo aos peregrinos e aos turistas, a partir das 11h00.<\/p>\n<p class=\"p1\">O Presidente da C\u00e2mara, Jos\u00e9 Manuel Carpinteira, descreve esta iniciativa como \u201csimb\u00f3lica, de demonstra\u00e7\u00e3o do carinho e acolhimento que Valen\u00e7a transmite aos peregrinos do Caminho Portugu\u00eas para Santiago\u201d.<\/p>\n<p>Neste dia, 25 de julho, comemora-se o feriado na Galiza e, peregrinos de todo o mundo deslocam-se a Santiago de Compostela para a festa de Santiago.<\/p>\n<p class=\"p1\">Valen\u00e7a \u00e9 ponto de passagem e converg\u00eancia de peregrinos de tr\u00eas caminhos para Santiago de Compostela: o Central, o da Costa e o das Torres.<\/p>\n","protected":false},"excerpt":{"rendered":"<p>Um bolo com 13 metros e 400 quilogramas, em forma de seta amarela, a apontar de Valen\u00e7a para Santiago de Compostela, marca a homenagem de Valen\u00e7a, aos peregrinos e ao Caminho Portugu\u00eas para Santiago, no Dia da Galiza e de Santiago. Este dia celebra-se ter\u00e7a, 25 de julho e o\u00a0bolo vai ser elaborado por uma [&hellip;]<\/p>\n","protected":false},"author":28,"featured_media":94741,"comment_status":"closed","ping_status":"closed","sticky":false,"template":"","format":"standard","meta":{"_exactmetrics_skip_tracking":false,"footnotes":""},"categories":[13],"tags":[27],"class_list":["post-94740","post","type-post","status-publish","format-standard","has-post-thumbnail","hentry","category-valenca","tag-sociedade"],"yoast_head":"<!-- This site is optimized with the Yoast SEO Premium plugin v28.3 (Yoast SEO v28.3) - https:\/\/yoast.com\/product\/yoast-seo-premium-wordpress\/ -->\n<title>Valen\u00e7a celebra dia de Santiago com a maior seta do Caminho<\/title>\n<meta name=\"description\" content=\"Um bolo com 13 metros e 400 quilogramas, em forma de seta amarela, a apontar de Valen\u00e7a para Santiago de Compostela, marca a homenagem de Valen\u00e7a, aos peregrinos e ao Caminho Portugu\u00eas para Santiago, no Dia da Galiza e de Santiago\" \/>\n<meta name=\"robots\" content=\"index, follow, max-snippet:-1, max-image-preview:large, max-video-preview:-1\" \/>\n<link rel=\"canonical\" href=\"https:\/\/www.altominho.tv\/site\/2023\/07\/24\/valenca-celebra-dia-de-santiago-com-a-maior-seta-do-caminho\/\" \/>\n<meta property=\"og:locale\" content=\"pt_PT\" \/>\n<meta property=\"og:type\" content=\"article\" \/>\n<meta property=\"og:title\" content=\"Valen\u00e7a celebra dia de Santiago com a maior seta do Caminho\" \/>\n<meta property=\"og:description\" content=\"Um bolo com 13 metros e 400 quilogramas, em forma de seta amarela, a apontar de Valen\u00e7a para Santiago de Compostela, marca a homenagem de Valen\u00e7a, aos peregrinos e ao Caminho Portugu\u00eas para Santiago, no Dia da Galiza e de Santiago\" \/>\n<meta property=\"og:url\" content=\"https:\/\/www.altominho.tv\/site\/2023\/07\/24\/valenca-celebra-dia-de-santiago-com-a-maior-seta-do-caminho\/\" \/>\n<meta property=\"og:site_name\" content=\"Altominho.tv\" \/>\n<meta property=\"article:publisher\" content=\"https:\/\/www.facebook.com\/altominhotv\" \/>\n<meta property=\"article:published_time\" content=\"2023-07-24T13:27:25+00:00\" \/>\n<meta property=\"article:modified_time\" content=\"2023-07-24T13:27:29+00:00\" \/>\n<meta property=\"og:image\" content=\"https:\/\/www.altominho.tv\/site\/wp-content\/uploads\/2023\/07\/SetaBoloValenca.jpg\" \/>\n\t<meta property=\"og:image:width\" content=\"2043\" \/>\n\t<meta property=\"og:image:height\" content=\"1204\" \/>\n\t<meta property=\"og:image:type\" content=\"image\/jpeg\" \/>\n<meta name=\"author\" content=\"Beatriz Lira\" \/>\n<meta name=\"twitter:card\" content=\"summary_large_image\" \/>\n<meta name=\"twitter:creator\" content=\"@altominhoTV\" \/>\n<meta name=\"twitter:site\" content=\"@altominhoTV\" \/>\n<meta name=\"twitter:label1\" content=\"Escrito por\" \/>\n\t<meta name=\"twitter:data1\" content=\"Beatriz Lira\" \/>\n\t<meta name=\"twitter:label2\" content=\"Tempo estimado de leitura\" \/>\n\t<meta name=\"twitter:data2\" content=\"1 minuto\" \/>\n<script type=\"application\/ld+json\" class=\"yoast-schema-graph\">{\"@context\":\"https:\\\/\\\/schema.org\",\"@graph\":[{\"@type\":\"Article\",\"@id\":\"https:\\\/\\\/www.altominho.tv\\\/site\\\/2023\\\/07\\\/24\\\/valenca-celebra-dia-de-santiago-com-a-maior-seta-do-caminho\\\/#article\",\"isPartOf\":{\"@id\":\"https:\\\/\\\/www.altominho.tv\\\/site\\\/2023\\\/07\\\/24\\\/valenca-celebra-dia-de-santiago-com-a-maior-seta-do-caminho\\\/\"},\"author\":{\"name\":\"Beatriz Lira\",\"@id\":\"https:\\\/\\\/www.altominho.tv\\\/site\\\/#\\\/schema\\\/person\\\/f95a2097796cf4462fe1e476cddc40e4\"},\"headline\":\"Valen\u00e7a celebra dia de Santiago com a maior seta do Caminho\",\"datePublished\":\"2023-07-24T13:27:25+00:00\",\"dateModified\":\"2023-07-24T13:27:29+00:00\",\"mainEntityOfPage\":{\"@id\":\"https:\\\/\\\/www.altominho.tv\\\/site\\\/2023\\\/07\\\/24\\\/valenca-celebra-dia-de-santiago-com-a-maior-seta-do-caminho\\\/\"},\"wordCount\":189,\"image\":{\"@id\":\"https:\\\/\\\/www.altominho.tv\\\/site\\\/2023\\\/07\\\/24\\\/valenca-celebra-dia-de-santiago-com-a-maior-seta-do-caminho\\\/#primaryimage\"},\"thumbnailUrl\":\"https:\\\/\\\/www.altominho.tv\\\/site\\\/wp-content\\\/uploads\\\/2023\\\/07\\\/SetaBoloValenca.jpg\",\"keywords\":[\"Sociedade\"],\"articleSection\":[\"Valen\u00e7a\"],\"inLanguage\":\"pt-PT\",\"copyrightYear\":\"2023\",\"copyrightHolder\":{\"@id\":\"https:\\\/\\\/www.altominho.tv\\\/site\\\/#organization\"}},{\"@type\":\"WebPage\",\"@id\":\"https:\\\/\\\/www.altominho.tv\\\/site\\\/2023\\\/07\\\/24\\\/valenca-celebra-dia-de-santiago-com-a-maior-seta-do-caminho\\\/\",\"url\":\"https:\\\/\\\/www.altominho.tv\\\/site\\\/2023\\\/07\\\/24\\\/valenca-celebra-dia-de-santiago-com-a-maior-seta-do-caminho\\\/\",\"name\":\"Valen\u00e7a celebra dia de Santiago com a maior seta do Caminho\",\"isPartOf\":{\"@id\":\"https:\\\/\\\/www.altominho.tv\\\/site\\\/#website\"},\"primaryImageOfPage\":{\"@id\":\"https:\\\/\\\/www.altominho.tv\\\/site\\\/2023\\\/07\\\/24\\\/valenca-celebra-dia-de-santiago-com-a-maior-seta-do-caminho\\\/#primaryimage\"},\"image\":{\"@id\":\"https:\\\/\\\/www.altominho.tv\\\/site\\\/2023\\\/07\\\/24\\\/valenca-celebra-dia-de-santiago-com-a-maior-seta-do-caminho\\\/#primaryimage\"},\"thumbnailUrl\":\"https:\\\/\\\/www.altominho.tv\\\/site\\\/wp-content\\\/uploads\\\/2023\\\/07\\\/SetaBoloValenca.jpg\",\"datePublished\":\"2023-07-24T13:27:25+00:00\",\"dateModified\":\"2023-07-24T13:27:29+00:00\",\"author\":{\"@id\":\"https:\\\/\\\/www.altominho.tv\\\/site\\\/#\\\/schema\\\/person\\\/f95a2097796cf4462fe1e476cddc40e4\"},\"description\":\"Um bolo com 13 metros e 400 quilogramas, em forma de seta amarela, a apontar de Valen\u00e7a para Santiago de Compostela, marca a homenagem de Valen\u00e7a, aos peregrinos e ao Caminho Portugu\u00eas para Santiago, no Dia da Galiza e de Santiago\",\"breadcrumb\":{\"@id\":\"https:\\\/\\\/www.altominho.tv\\\/site\\\/2023\\\/07\\\/24\\\/valenca-celebra-dia-de-santiago-com-a-maior-seta-do-caminho\\\/#breadcrumb\"},\"inLanguage\":\"pt-PT\",\"potentialAction\":[{\"@type\":\"ReadAction\",\"target\":[\"https:\\\/\\\/www.altominho.tv\\\/site\\\/2023\\\/07\\\/24\\\/valenca-celebra-dia-de-santiago-com-a-maior-seta-do-caminho\\\/\"]}]},{\"@type\":\"ImageObject\",\"inLanguage\":\"pt-PT\",\"@id\":\"https:\\\/\\\/www.altominho.tv\\\/site\\\/2023\\\/07\\\/24\\\/valenca-celebra-dia-de-santiago-com-a-maior-seta-do-caminho\\\/#primaryimage\",\"url\":\"https:\\\/\\\/www.altominho.tv\\\/site\\\/wp-content\\\/uploads\\\/2023\\\/07\\\/SetaBoloValenca.jpg\",\"contentUrl\":\"https:\\\/\\\/www.altominho.tv\\\/site\\\/wp-content\\\/uploads\\\/2023\\\/07\\\/SetaBoloValenca.jpg\",\"width\":2043,\"height\":1204},{\"@type\":\"BreadcrumbList\",\"@id\":\"https:\\\/\\\/www.altominho.tv\\\/site\\\/2023\\\/07\\\/24\\\/valenca-celebra-dia-de-santiago-com-a-maior-seta-do-caminho\\\/#breadcrumb\",\"itemListElement\":[{\"@type\":\"ListItem\",\"position\":1,\"name\":\"In\u00edcio\",\"item\":\"https:\\\/\\\/www.altominho.tv\\\/site\\\/\"},{\"@type\":\"ListItem\",\"position\":2,\"name\":\"Valen\u00e7a celebra dia de Santiago com a maior seta do Caminho\"}]},{\"@type\":\"WebSite\",\"@id\":\"https:\\\/\\\/www.altominho.tv\\\/site\\\/#website\",\"url\":\"https:\\\/\\\/www.altominho.tv\\\/site\\\/\",\"name\":\"Altominho.tv\",\"description\":\"A sua regi\u00e3o \u00e0 dist\u00e2ncia de um clique...\",\"potentialAction\":[{\"@type\":\"SearchAction\",\"target\":{\"@type\":\"EntryPoint\",\"urlTemplate\":\"https:\\\/\\\/www.altominho.tv\\\/site\\\/?s={search_term_string}\"},\"query-input\":{\"@type\":\"PropertyValueSpecification\",\"valueRequired\":true,\"valueName\":\"search_term_string\"}}],\"inLanguage\":\"pt-PT\"},{\"@type\":\"Person\",\"@id\":\"https:\\\/\\\/www.altominho.tv\\\/site\\\/#\\\/schema\\\/person\\\/f95a2097796cf4462fe1e476cddc40e4\",\"name\":\"Beatriz Lira\",\"image\":{\"@type\":\"ImageObject\",\"inLanguage\":\"pt-PT\",\"@id\":\"https:\\\/\\\/www.altominho.tv\\\/site\\\/wp-content\\\/uploads\\\/2023\\\/03\\\/Screenshot_20230306-141220_Photos-150x150.jpg\",\"url\":\"https:\\\/\\\/www.altominho.tv\\\/site\\\/wp-content\\\/uploads\\\/2023\\\/03\\\/Screenshot_20230306-141220_Photos-150x150.jpg\",\"contentUrl\":\"https:\\\/\\\/www.altominho.tv\\\/site\\\/wp-content\\\/uploads\\\/2023\\\/03\\\/Screenshot_20230306-141220_Photos-150x150.jpg\",\"caption\":\"Beatriz Lira\"},\"url\":\"https:\\\/\\\/www.altominho.tv\\\/site\\\/author\\\/beatriz\\\/\"}]}<\/script>\n<!-- \/ Yoast SEO Premium plugin. -->","yoast_head_json":{"title":"Valen\u00e7a celebra dia de Santiago com a maior seta do Caminho","description":"Um bolo com 13 metros e 400 quilogramas, em forma de seta amarela, a apontar de Valen\u00e7a para Santiago de Compostela, marca a homenagem de Valen\u00e7a, aos peregrinos e ao Caminho Portugu\u00eas para Santiago, no Dia da Galiza e de Santiago","robots":{"index":"index","follow":"follow","max-snippet":"max-snippet:-1","max-image-preview":"max-image-preview:large","max-video-preview":"max-video-preview:-1"},"canonical":"https:\/\/www.altominho.tv\/site\/2023\/07\/24\/valenca-celebra-dia-de-santiago-com-a-maior-seta-do-caminho\/","og_locale":"pt_PT","og_type":"article","og_title":"Valen\u00e7a celebra dia de Santiago com a maior seta do Caminho","og_description":"Um bolo com 13 metros e 400 quilogramas, em forma de seta amarela, a apontar de Valen\u00e7a para Santiago de Compostela, marca a homenagem de Valen\u00e7a, aos peregrinos e ao Caminho Portugu\u00eas para Santiago, no Dia da Galiza e de Santiago","og_url":"https:\/\/www.altominho.tv\/site\/2023\/07\/24\/valenca-celebra-dia-de-santiago-com-a-maior-seta-do-caminho\/","og_site_name":"Altominho.tv","article_publisher":"https:\/\/www.facebook.com\/altominhotv","article_published_time":"2023-07-24T13:27:25+00:00","article_modified_time":"2023-07-24T13:27:29+00:00","og_image":[{"width":2043,"height":1204,"url":"https:\/\/www.altominho.tv\/site\/wp-content\/uploads\/2023\/07\/SetaBoloValenca.jpg","type":"image\/jpeg"}],"author":"Beatriz Lira","twitter_card":"summary_large_image","twitter_creator":"@altominhoTV","twitter_site":"@altominhoTV","twitter_misc":{"Escrito por":"Beatriz Lira","Tempo estimado de leitura":"1 minuto"},"schema":{"@context":"https:\/\/schema.org","@graph":[{"@type":"Article","@id":"https:\/\/www.altominho.tv\/site\/2023\/07\/24\/valenca-celebra-dia-de-santiago-com-a-maior-seta-do-caminho\/#article","isPartOf":{"@id":"https:\/\/www.altominho.tv\/site\/2023\/07\/24\/valenca-celebra-dia-de-santiago-com-a-maior-seta-do-caminho\/"},"author":{"name":"Beatriz Lira","@id":"https:\/\/www.altominho.tv\/site\/#\/schema\/person\/f95a2097796cf4462fe1e476cddc40e4"},"headline":"Valen\u00e7a celebra dia de Santiago com a maior seta do Caminho","datePublished":"2023-07-24T13:27:25+00:00","dateModified":"2023-07-24T13:27:29+00:00","mainEntityOfPage":{"@id":"https:\/\/www.altominho.tv\/site\/2023\/07\/24\/valenca-celebra-dia-de-santiago-com-a-maior-seta-do-caminho\/"},"wordCount":189,"image":{"@id":"https:\/\/www.altominho.tv\/site\/2023\/07\/24\/valenca-celebra-dia-de-santiago-com-a-maior-seta-do-caminho\/#primaryimage"},"thumbnailUrl":"https:\/\/www.altominho.tv\/site\/wp-content\/uploads\/2023\/07\/SetaBoloValenca.jpg","keywords":["Sociedade"],"articleSection":["Valen\u00e7a"],"inLanguage":"pt-PT","copyrightYear":"2023","copyrightHolder":{"@id":"https:\/\/www.altominho.tv\/site\/#organization"}},{"@type":"WebPage","@id":"https:\/\/www.altominho.tv\/site\/2023\/07\/24\/valenca-celebra-dia-de-santiago-com-a-maior-seta-do-caminho\/","url":"https:\/\/www.altominho.tv\/site\/2023\/07\/24\/valenca-celebra-dia-de-santiago-com-a-maior-seta-do-caminho\/","name":"Valen\u00e7a celebra dia de Santiago com a maior seta do Caminho","isPartOf":{"@id":"https:\/\/www.altominho.tv\/site\/#website"},"primaryImageOfPage":{"@id":"https:\/\/www.altominho.tv\/site\/2023\/07\/24\/valenca-celebra-dia-de-santiago-com-a-maior-seta-do-caminho\/#primaryimage"},"image":{"@id":"https:\/\/www.altominho.tv\/site\/2023\/07\/24\/valenca-celebra-dia-de-santiago-com-a-maior-seta-do-caminho\/#primaryimage"},"thumbnailUrl":"https:\/\/www.altominho.tv\/site\/wp-content\/uploads\/2023\/07\/SetaBoloValenca.jpg","datePublished":"2023-07-24T13:27:25+00:00","dateModified":"2023-07-24T13:27:29+00:00","author":{"@id":"https:\/\/www.altominho.tv\/site\/#\/schema\/person\/f95a2097796cf4462fe1e476cddc40e4"},"description":"Um bolo com 13 metros e 400 quilogramas, em forma de seta amarela, a apontar de Valen\u00e7a para Santiago de Compostela, marca a homenagem de Valen\u00e7a, aos peregrinos e ao Caminho Portugu\u00eas para Santiago, no Dia da Galiza e de Santiago","breadcrumb":{"@id":"https:\/\/www.altominho.tv\/site\/2023\/07\/24\/valenca-celebra-dia-de-santiago-com-a-maior-seta-do-caminho\/#breadcrumb"},"inLanguage":"pt-PT","potentialAction":[{"@type":"ReadAction","target":["https:\/\/www.altominho.tv\/site\/2023\/07\/24\/valenca-celebra-dia-de-santiago-com-a-maior-seta-do-caminho\/"]}]},{"@type":"ImageObject","inLanguage":"pt-PT","@id":"https:\/\/www.altominho.tv\/site\/2023\/07\/24\/valenca-celebra-dia-de-santiago-com-a-maior-seta-do-caminho\/#primaryimage","url":"https:\/\/www.altominho.tv\/site\/wp-content\/uploads\/2023\/07\/SetaBoloValenca.jpg","contentUrl":"https:\/\/www.altominho.tv\/site\/wp-content\/uploads\/2023\/07\/SetaBoloValenca.jpg","width":2043,"height":1204},{"@type":"BreadcrumbList","@id":"https:\/\/www.altominho.tv\/site\/2023\/07\/24\/valenca-celebra-dia-de-santiago-com-a-maior-seta-do-caminho\/#breadcrumb","itemListElement":[{"@type":"ListItem","position":1,"name":"In\u00edcio","item":"https:\/\/www.altominho.tv\/site\/"},{"@type":"ListItem","position":2,"name":"Valen\u00e7a celebra dia de Santiago com a maior seta do Caminho"}]},{"@type":"WebSite","@id":"https:\/\/www.altominho.tv\/site\/#website","url":"https:\/\/www.altominho.tv\/site\/","name":"Altominho.tv","description":"A sua regi\u00e3o \u00e0 dist\u00e2ncia de um clique...","potentialAction":[{"@type":"SearchAction","target":{"@type":"EntryPoint","urlTemplate":"https:\/\/www.altominho.tv\/site\/?s={search_term_string}"},"query-input":{"@type":"PropertyValueSpecification","valueRequired":true,"valueName":"search_term_string"}}],"inLanguage":"pt-PT"},{"@type":"Person","@id":"https:\/\/www.altominho.tv\/site\/#\/schema\/person\/f95a2097796cf4462fe1e476cddc40e4","name":"Beatriz Lira","image":{"@type":"ImageObject","inLanguage":"pt-PT","@id":"https:\/\/www.altominho.tv\/site\/wp-content\/uploads\/2023\/03\/Screenshot_20230306-141220_Photos-150x150.jpg","url":"https:\/\/www.altominho.tv\/site\/wp-content\/uploads\/2023\/03\/Screenshot_20230306-141220_Photos-150x150.jpg","contentUrl":"https:\/\/www.altominho.tv\/site\/wp-content\/uploads\/2023\/03\/Screenshot_20230306-141220_Photos-150x150.jpg","caption":"Beatriz Lira"},"url":"https:\/\/www.altominho.tv\/site\/author\/beatriz\/"}]}},"_links":{"self":[{"href":"https:\/\/www.altominho.tv\/site\/wp-json\/wp\/v2\/posts\/94740","targetHints":{"allow":["GET"]}}],"collection":[{"href":"https:\/\/www.altominho.tv\/site\/wp-json\/wp\/v2\/posts"}],"about":[{"href":"https:\/\/www.altominho.tv\/site\/wp-json\/wp\/v2\/types\/post"}],"author":[{"embeddable":true,"href":"https:\/\/www.altominho.tv\/site\/wp-json\/wp\/v2\/users\/28"}],"replies":[{"embeddable":true,"href":"https:\/\/www.altominho.tv\/site\/wp-json\/wp\/v2\/comments?post=94740"}],"version-history":[{"count":1,"href":"https:\/\/www.altominho.tv\/site\/wp-json\/wp\/v2\/posts\/94740\/revisions"}],"predecessor-version":[{"id":94742,"href":"https:\/\/www.altominho.tv\/site\/wp-json\/wp\/v2\/posts\/94740\/revisions\/94742"}],"wp:featuredmedia":[{"embeddable":true,"href":"https:\/\/www.altominho.tv\/site\/wp-json\/wp\/v2\/media\/94741"}],"wp:attachment":[{"href":"https:\/\/www.altominho.tv\/site\/wp-json\/wp\/v2\/media?parent=94740"}],"wp:term":[{"taxonomy":"category","embeddable":true,"href":"https:\/\/www.altominho.tv\/site\/wp-json\/wp\/v2\/categories?post=94740"},{"taxonomy":"post_tag","embeddable":true,"href":"https:\/\/www.altominho.tv\/site\/wp-json\/wp\/v2\/tags?post=94740"}],"curies":[{"name":"wp","href":"https:\/\/api.w.org\/{rel}","templated":true}]}}