{"id":94729,"date":"2023-07-24T11:50:42","date_gmt":"2023-07-24T10:50:42","guid":{"rendered":"https:\/\/www.altominho.tv\/site\/?p=94729"},"modified":"2023-07-24T11:50:46","modified_gmt":"2023-07-24T10:50:46","slug":"folk-moncao-mundo-a-dancar-arranca-ja-este-sabado","status":"publish","type":"post","link":"https:\/\/www.altominho.tv\/site\/2023\/07\/24\/folk-moncao-mundo-a-dancar-arranca-ja-este-sabado\/","title":{"rendered":"&#8220;Folk Mon\u00e7\u00e3o &#8211; Mundo a Dan\u00e7ar&#8221; arranca j\u00e1 este s\u00e1bado"},"content":{"rendered":"<p class=\"p1\">Organizado pelo Grupo Folcl\u00f3rico da Casa do Povo de Barbeita, a 38\u00aa edi\u00e7\u00e3o do \u201cFolk Mon\u00e7\u00e3o \u2013 O Mundo a Dan\u00e7ar\u201d sobe ao palco entre 29 de julho e 6 de agosto, contando com espet\u00e1culos em 8 concelhos do Alto Minho e 2 da Galiza, protagonizados por grupos vindos da \u00c1frica do Sul, Argentina, Bol\u00edvia, Equador, Ge\u00f3rgia, M\u00e9xico, Portugal, Taiti, Ucr\u00e2nia e Venezuela.<\/p>\n<p class=\"p1\">As galas de abertura e encerramento, com a presen\u00e7a de grupos de todos os pa\u00edses, decorrem em Mon\u00e7\u00e3o, no recinto do Campo da Feira, nos dias 30 de julho, domingo, e 6 de agosto, domingo, estando previsto um espet\u00e1culo em Ponte do Mouro, Barbeita, com grupos de 4 pa\u00edses, no dia 29 de julho, s\u00e1bado.<\/p>\n<p class=\"p1\">Em Mon\u00e7\u00e3o, decorrer\u00e1, tamb\u00e9m, a rece\u00e7\u00e3o oficial aos grupos participantes, no Museu Alvarinho, no dia 31 de julho, segunda-feira, bem como o desfile de todos os grupos pela feira semanal e ruas do centro hist\u00f3rico, no dia 3 de agosto, quinta-feira.<\/p>\n<p class=\"p1\">Nos 9 dias de festival, os elementos dos grupos participantes, mais de tr\u00eas centenas, e os volunt\u00e1rios, perto de 120, ficam alojados na EB 2.3 de Mon\u00e7\u00e3o, em camas individuais colocadas nas salas de aulas. A alimenta\u00e7\u00e3o \u00e9 assegurada pelas funcion\u00e1rias do Munic\u00edpio de Mon\u00e7\u00e3o.<\/p>\n<p class=\"p1\">Reconhecido pelo CIOFF desde 2006, todos os espet\u00e1culos s\u00e3o gratuitos, tendo in\u00edcio \u00e0s 22h00. &#8220;Destinado a proporcionar momentos de prazer visual e musical a milhares de pessoas, a edi\u00e7\u00e3o deste ano promete, mais uma vez, encher de colorido e alegria a regi\u00e3o do Alto Minho e da Galiza&#8221; descreve a autarquia.<\/p>\n<p class=\"p1\">Este evento multicultural assume-se como um encontro de culturas e partilha de m\u00fasica, dan\u00e7a e afetos.<\/p>\n<p class=\"p1\">\u201cO Folk Mon\u00e7\u00e3o \u201cO Mundo a Dan\u00e7ar\u201d Nas palavras do presidente da C\u00e2mara, o &#8220;O Folk Mon\u00e7\u00e3o \u201cO Mundo a Dan\u00e7ar\u201d constitui um momento extraordin\u00e1rio de m\u00fasica e dan\u00e7a, representando uma maior proximidade entre os povos dos cinco continentes, atrav\u00e9s da diversidade cultural e da partilha de ideias, valores e conhecimentos\u201d.<\/p>\n","protected":false},"excerpt":{"rendered":"<p>Organizado pelo Grupo Folcl\u00f3rico da Casa do Povo de Barbeita, a 38\u00aa edi\u00e7\u00e3o do \u201cFolk Mon\u00e7\u00e3o \u2013 O Mundo a Dan\u00e7ar\u201d sobe ao palco entre 29 de julho e 6 de agosto, contando com espet\u00e1culos em 8 concelhos do Alto Minho e 2 da Galiza, protagonizados por grupos vindos da \u00c1frica do Sul, Argentina, Bol\u00edvia, [&hellip;]<\/p>\n","protected":false},"author":28,"featured_media":94732,"comment_status":"closed","ping_status":"closed","sticky":false,"template":"","format":"standard","meta":{"_exactmetrics_skip_tracking":false,"footnotes":""},"categories":[9],"tags":[19],"class_list":["post-94729","post","type-post","status-publish","format-standard","has-post-thumbnail","hentry","category-moncao","tag-cultura"],"yoast_head":"<!-- This site is optimized with the Yoast SEO Premium plugin v28.3 (Yoast SEO v28.3) - https:\/\/yoast.com\/product\/yoast-seo-premium-wordpress\/ -->\n<title>&quot;Folk Mon\u00e7\u00e3o - Mundo a Dan\u00e7ar&quot; arranca j\u00e1 este s\u00e1bado<\/title>\n<meta name=\"description\" content=\"Organizado pelo Grupo Folcl\u00f3rico da Casa do Povo de Barbeita, a 38\u00aa edi\u00e7\u00e3o do \u201cFolk Mon\u00e7\u00e3o \u2013 O Mundo a Dan\u00e7ar\u201d sobe ao palco entre 29 de julho e 6 de agosto, contando com espet\u00e1culos em 8 concelhos do Alto Minho e 2 da Galiza, protagonizados por grupos vindos da \u00c1frica do Sul, Argentina, Bol\u00edvia, Equador, Ge\u00f3rgia, M\u00e9xico, Portugal, Taiti, Ucr\u00e2nia e Venezuela.\" \/>\n<meta name=\"robots\" content=\"index, follow, max-snippet:-1, max-image-preview:large, max-video-preview:-1\" \/>\n<link rel=\"canonical\" href=\"https:\/\/www.altominho.tv\/site\/2023\/07\/24\/folk-moncao-mundo-a-dancar-arranca-ja-este-sabado\/\" \/>\n<meta property=\"og:locale\" content=\"pt_PT\" \/>\n<meta property=\"og:type\" content=\"article\" \/>\n<meta property=\"og:title\" content=\"&quot;Folk Mon\u00e7\u00e3o - Mundo a Dan\u00e7ar&quot; arranca j\u00e1 este s\u00e1bado\" \/>\n<meta property=\"og:description\" content=\"Organizado pelo Grupo Folcl\u00f3rico da Casa do Povo de Barbeita, a 38\u00aa edi\u00e7\u00e3o do \u201cFolk Mon\u00e7\u00e3o \u2013 O Mundo a Dan\u00e7ar\u201d sobe ao palco entre 29 de julho e 6 de agosto, contando com espet\u00e1culos em 8 concelhos do Alto Minho e 2 da Galiza, protagonizados por grupos vindos da \u00c1frica do Sul, Argentina, Bol\u00edvia, Equador, Ge\u00f3rgia, M\u00e9xico, Portugal, Taiti, Ucr\u00e2nia e Venezuela.\" \/>\n<meta property=\"og:url\" content=\"https:\/\/www.altominho.tv\/site\/2023\/07\/24\/folk-moncao-mundo-a-dancar-arranca-ja-este-sabado\/\" \/>\n<meta property=\"og:site_name\" content=\"Altominho.tv\" \/>\n<meta property=\"article:publisher\" content=\"https:\/\/www.facebook.com\/altominhotv\" \/>\n<meta property=\"article:published_time\" content=\"2023-07-24T10:50:42+00:00\" \/>\n<meta property=\"article:modified_time\" content=\"2023-07-24T10:50:46+00:00\" \/>\n<meta property=\"og:image\" content=\"https:\/\/www.altominho.tv\/site\/wp-content\/uploads\/2023\/07\/maxresdefault.jpeg\" \/>\n\t<meta property=\"og:image:width\" content=\"1280\" \/>\n\t<meta property=\"og:image:height\" content=\"720\" \/>\n\t<meta property=\"og:image:type\" content=\"image\/jpeg\" \/>\n<meta name=\"author\" content=\"Beatriz Lira\" \/>\n<meta name=\"twitter:card\" content=\"summary_large_image\" \/>\n<meta name=\"twitter:creator\" content=\"@altominhoTV\" \/>\n<meta name=\"twitter:site\" content=\"@altominhoTV\" \/>\n<meta name=\"twitter:label1\" content=\"Escrito por\" \/>\n\t<meta name=\"twitter:data1\" content=\"Beatriz Lira\" \/>\n\t<meta name=\"twitter:label2\" content=\"Tempo estimado de leitura\" \/>\n\t<meta name=\"twitter:data2\" content=\"2 minutos\" \/>\n<script type=\"application\/ld+json\" class=\"yoast-schema-graph\">{\"@context\":\"https:\\\/\\\/schema.org\",\"@graph\":[{\"@type\":\"Article\",\"@id\":\"https:\\\/\\\/www.altominho.tv\\\/site\\\/2023\\\/07\\\/24\\\/folk-moncao-mundo-a-dancar-arranca-ja-este-sabado\\\/#article\",\"isPartOf\":{\"@id\":\"https:\\\/\\\/www.altominho.tv\\\/site\\\/2023\\\/07\\\/24\\\/folk-moncao-mundo-a-dancar-arranca-ja-este-sabado\\\/\"},\"author\":{\"name\":\"Beatriz Lira\",\"@id\":\"https:\\\/\\\/www.altominho.tv\\\/site\\\/#\\\/schema\\\/person\\\/f95a2097796cf4462fe1e476cddc40e4\"},\"headline\":\"&#8220;Folk Mon\u00e7\u00e3o &#8211; Mundo a Dan\u00e7ar&#8221; arranca j\u00e1 este s\u00e1bado\",\"datePublished\":\"2023-07-24T10:50:42+00:00\",\"dateModified\":\"2023-07-24T10:50:46+00:00\",\"mainEntityOfPage\":{\"@id\":\"https:\\\/\\\/www.altominho.tv\\\/site\\\/2023\\\/07\\\/24\\\/folk-moncao-mundo-a-dancar-arranca-ja-este-sabado\\\/\"},\"wordCount\":360,\"image\":{\"@id\":\"https:\\\/\\\/www.altominho.tv\\\/site\\\/2023\\\/07\\\/24\\\/folk-moncao-mundo-a-dancar-arranca-ja-este-sabado\\\/#primaryimage\"},\"thumbnailUrl\":\"https:\\\/\\\/www.altominho.tv\\\/site\\\/wp-content\\\/uploads\\\/2023\\\/07\\\/maxresdefault.jpeg\",\"keywords\":[\"Cultura\"],\"articleSection\":[\"Mon\u00e7\u00e3o\"],\"inLanguage\":\"pt-PT\",\"copyrightYear\":\"2023\",\"copyrightHolder\":{\"@id\":\"https:\\\/\\\/www.altominho.tv\\\/site\\\/#organization\"}},{\"@type\":\"WebPage\",\"@id\":\"https:\\\/\\\/www.altominho.tv\\\/site\\\/2023\\\/07\\\/24\\\/folk-moncao-mundo-a-dancar-arranca-ja-este-sabado\\\/\",\"url\":\"https:\\\/\\\/www.altominho.tv\\\/site\\\/2023\\\/07\\\/24\\\/folk-moncao-mundo-a-dancar-arranca-ja-este-sabado\\\/\",\"name\":\"\\\"Folk Mon\u00e7\u00e3o - Mundo a Dan\u00e7ar\\\" arranca j\u00e1 este s\u00e1bado\",\"isPartOf\":{\"@id\":\"https:\\\/\\\/www.altominho.tv\\\/site\\\/#website\"},\"primaryImageOfPage\":{\"@id\":\"https:\\\/\\\/www.altominho.tv\\\/site\\\/2023\\\/07\\\/24\\\/folk-moncao-mundo-a-dancar-arranca-ja-este-sabado\\\/#primaryimage\"},\"image\":{\"@id\":\"https:\\\/\\\/www.altominho.tv\\\/site\\\/2023\\\/07\\\/24\\\/folk-moncao-mundo-a-dancar-arranca-ja-este-sabado\\\/#primaryimage\"},\"thumbnailUrl\":\"https:\\\/\\\/www.altominho.tv\\\/site\\\/wp-content\\\/uploads\\\/2023\\\/07\\\/maxresdefault.jpeg\",\"datePublished\":\"2023-07-24T10:50:42+00:00\",\"dateModified\":\"2023-07-24T10:50:46+00:00\",\"author\":{\"@id\":\"https:\\\/\\\/www.altominho.tv\\\/site\\\/#\\\/schema\\\/person\\\/f95a2097796cf4462fe1e476cddc40e4\"},\"description\":\"Organizado pelo Grupo Folcl\u00f3rico da Casa do Povo de Barbeita, a 38\u00aa edi\u00e7\u00e3o do \u201cFolk Mon\u00e7\u00e3o \u2013 O Mundo a Dan\u00e7ar\u201d sobe ao palco entre 29 de julho e 6 de agosto, contando com espet\u00e1culos em 8 concelhos do Alto Minho e 2 da Galiza, protagonizados por grupos vindos da \u00c1frica do Sul, Argentina, Bol\u00edvia, Equador, Ge\u00f3rgia, M\u00e9xico, Portugal, Taiti, Ucr\u00e2nia e Venezuela.\",\"breadcrumb\":{\"@id\":\"https:\\\/\\\/www.altominho.tv\\\/site\\\/2023\\\/07\\\/24\\\/folk-moncao-mundo-a-dancar-arranca-ja-este-sabado\\\/#breadcrumb\"},\"inLanguage\":\"pt-PT\",\"potentialAction\":[{\"@type\":\"ReadAction\",\"target\":[\"https:\\\/\\\/www.altominho.tv\\\/site\\\/2023\\\/07\\\/24\\\/folk-moncao-mundo-a-dancar-arranca-ja-este-sabado\\\/\"]}]},{\"@type\":\"ImageObject\",\"inLanguage\":\"pt-PT\",\"@id\":\"https:\\\/\\\/www.altominho.tv\\\/site\\\/2023\\\/07\\\/24\\\/folk-moncao-mundo-a-dancar-arranca-ja-este-sabado\\\/#primaryimage\",\"url\":\"https:\\\/\\\/www.altominho.tv\\\/site\\\/wp-content\\\/uploads\\\/2023\\\/07\\\/maxresdefault.jpeg\",\"contentUrl\":\"https:\\\/\\\/www.altominho.tv\\\/site\\\/wp-content\\\/uploads\\\/2023\\\/07\\\/maxresdefault.jpeg\",\"width\":1280,\"height\":720},{\"@type\":\"BreadcrumbList\",\"@id\":\"https:\\\/\\\/www.altominho.tv\\\/site\\\/2023\\\/07\\\/24\\\/folk-moncao-mundo-a-dancar-arranca-ja-este-sabado\\\/#breadcrumb\",\"itemListElement\":[{\"@type\":\"ListItem\",\"position\":1,\"name\":\"In\u00edcio\",\"item\":\"https:\\\/\\\/www.altominho.tv\\\/site\\\/\"},{\"@type\":\"ListItem\",\"position\":2,\"name\":\"&#8220;Folk Mon\u00e7\u00e3o &#8211; Mundo a Dan\u00e7ar&#8221; arranca j\u00e1 este s\u00e1bado\"}]},{\"@type\":\"WebSite\",\"@id\":\"https:\\\/\\\/www.altominho.tv\\\/site\\\/#website\",\"url\":\"https:\\\/\\\/www.altominho.tv\\\/site\\\/\",\"name\":\"Altominho.tv\",\"description\":\"A sua regi\u00e3o \u00e0 dist\u00e2ncia de um clique...\",\"potentialAction\":[{\"@type\":\"SearchAction\",\"target\":{\"@type\":\"EntryPoint\",\"urlTemplate\":\"https:\\\/\\\/www.altominho.tv\\\/site\\\/?s={search_term_string}\"},\"query-input\":{\"@type\":\"PropertyValueSpecification\",\"valueRequired\":true,\"valueName\":\"search_term_string\"}}],\"inLanguage\":\"pt-PT\"},{\"@type\":\"Person\",\"@id\":\"https:\\\/\\\/www.altominho.tv\\\/site\\\/#\\\/schema\\\/person\\\/f95a2097796cf4462fe1e476cddc40e4\",\"name\":\"Beatriz Lira\",\"image\":{\"@type\":\"ImageObject\",\"inLanguage\":\"pt-PT\",\"@id\":\"https:\\\/\\\/www.altominho.tv\\\/site\\\/wp-content\\\/uploads\\\/2023\\\/03\\\/Screenshot_20230306-141220_Photos-150x150.jpg\",\"url\":\"https:\\\/\\\/www.altominho.tv\\\/site\\\/wp-content\\\/uploads\\\/2023\\\/03\\\/Screenshot_20230306-141220_Photos-150x150.jpg\",\"contentUrl\":\"https:\\\/\\\/www.altominho.tv\\\/site\\\/wp-content\\\/uploads\\\/2023\\\/03\\\/Screenshot_20230306-141220_Photos-150x150.jpg\",\"caption\":\"Beatriz Lira\"},\"url\":\"https:\\\/\\\/www.altominho.tv\\\/site\\\/author\\\/beatriz\\\/\"}]}<\/script>\n<!-- \/ Yoast SEO Premium plugin. -->","yoast_head_json":{"title":"\"Folk Mon\u00e7\u00e3o - Mundo a Dan\u00e7ar\" arranca j\u00e1 este s\u00e1bado","description":"Organizado pelo Grupo Folcl\u00f3rico da Casa do Povo de Barbeita, a 38\u00aa edi\u00e7\u00e3o do \u201cFolk Mon\u00e7\u00e3o \u2013 O Mundo a Dan\u00e7ar\u201d sobe ao palco entre 29 de julho e 6 de agosto, contando com espet\u00e1culos em 8 concelhos do Alto Minho e 2 da Galiza, protagonizados por grupos vindos da \u00c1frica do Sul, Argentina, Bol\u00edvia, Equador, Ge\u00f3rgia, M\u00e9xico, Portugal, Taiti, Ucr\u00e2nia e Venezuela.","robots":{"index":"index","follow":"follow","max-snippet":"max-snippet:-1","max-image-preview":"max-image-preview:large","max-video-preview":"max-video-preview:-1"},"canonical":"https:\/\/www.altominho.tv\/site\/2023\/07\/24\/folk-moncao-mundo-a-dancar-arranca-ja-este-sabado\/","og_locale":"pt_PT","og_type":"article","og_title":"\"Folk Mon\u00e7\u00e3o - Mundo a Dan\u00e7ar\" arranca j\u00e1 este s\u00e1bado","og_description":"Organizado pelo Grupo Folcl\u00f3rico da Casa do Povo de Barbeita, a 38\u00aa edi\u00e7\u00e3o do \u201cFolk Mon\u00e7\u00e3o \u2013 O Mundo a Dan\u00e7ar\u201d sobe ao palco entre 29 de julho e 6 de agosto, contando com espet\u00e1culos em 8 concelhos do Alto Minho e 2 da Galiza, protagonizados por grupos vindos da \u00c1frica do Sul, Argentina, Bol\u00edvia, Equador, Ge\u00f3rgia, M\u00e9xico, Portugal, Taiti, Ucr\u00e2nia e Venezuela.","og_url":"https:\/\/www.altominho.tv\/site\/2023\/07\/24\/folk-moncao-mundo-a-dancar-arranca-ja-este-sabado\/","og_site_name":"Altominho.tv","article_publisher":"https:\/\/www.facebook.com\/altominhotv","article_published_time":"2023-07-24T10:50:42+00:00","article_modified_time":"2023-07-24T10:50:46+00:00","og_image":[{"width":1280,"height":720,"url":"https:\/\/www.altominho.tv\/site\/wp-content\/uploads\/2023\/07\/maxresdefault.jpeg","type":"image\/jpeg"}],"author":"Beatriz Lira","twitter_card":"summary_large_image","twitter_creator":"@altominhoTV","twitter_site":"@altominhoTV","twitter_misc":{"Escrito por":"Beatriz Lira","Tempo estimado de leitura":"2 minutos"},"schema":{"@context":"https:\/\/schema.org","@graph":[{"@type":"Article","@id":"https:\/\/www.altominho.tv\/site\/2023\/07\/24\/folk-moncao-mundo-a-dancar-arranca-ja-este-sabado\/#article","isPartOf":{"@id":"https:\/\/www.altominho.tv\/site\/2023\/07\/24\/folk-moncao-mundo-a-dancar-arranca-ja-este-sabado\/"},"author":{"name":"Beatriz Lira","@id":"https:\/\/www.altominho.tv\/site\/#\/schema\/person\/f95a2097796cf4462fe1e476cddc40e4"},"headline":"&#8220;Folk Mon\u00e7\u00e3o &#8211; Mundo a Dan\u00e7ar&#8221; arranca j\u00e1 este s\u00e1bado","datePublished":"2023-07-24T10:50:42+00:00","dateModified":"2023-07-24T10:50:46+00:00","mainEntityOfPage":{"@id":"https:\/\/www.altominho.tv\/site\/2023\/07\/24\/folk-moncao-mundo-a-dancar-arranca-ja-este-sabado\/"},"wordCount":360,"image":{"@id":"https:\/\/www.altominho.tv\/site\/2023\/07\/24\/folk-moncao-mundo-a-dancar-arranca-ja-este-sabado\/#primaryimage"},"thumbnailUrl":"https:\/\/www.altominho.tv\/site\/wp-content\/uploads\/2023\/07\/maxresdefault.jpeg","keywords":["Cultura"],"articleSection":["Mon\u00e7\u00e3o"],"inLanguage":"pt-PT","copyrightYear":"2023","copyrightHolder":{"@id":"https:\/\/www.altominho.tv\/site\/#organization"}},{"@type":"WebPage","@id":"https:\/\/www.altominho.tv\/site\/2023\/07\/24\/folk-moncao-mundo-a-dancar-arranca-ja-este-sabado\/","url":"https:\/\/www.altominho.tv\/site\/2023\/07\/24\/folk-moncao-mundo-a-dancar-arranca-ja-este-sabado\/","name":"\"Folk Mon\u00e7\u00e3o - Mundo a Dan\u00e7ar\" arranca j\u00e1 este s\u00e1bado","isPartOf":{"@id":"https:\/\/www.altominho.tv\/site\/#website"},"primaryImageOfPage":{"@id":"https:\/\/www.altominho.tv\/site\/2023\/07\/24\/folk-moncao-mundo-a-dancar-arranca-ja-este-sabado\/#primaryimage"},"image":{"@id":"https:\/\/www.altominho.tv\/site\/2023\/07\/24\/folk-moncao-mundo-a-dancar-arranca-ja-este-sabado\/#primaryimage"},"thumbnailUrl":"https:\/\/www.altominho.tv\/site\/wp-content\/uploads\/2023\/07\/maxresdefault.jpeg","datePublished":"2023-07-24T10:50:42+00:00","dateModified":"2023-07-24T10:50:46+00:00","author":{"@id":"https:\/\/www.altominho.tv\/site\/#\/schema\/person\/f95a2097796cf4462fe1e476cddc40e4"},"description":"Organizado pelo Grupo Folcl\u00f3rico da Casa do Povo de Barbeita, a 38\u00aa edi\u00e7\u00e3o do \u201cFolk Mon\u00e7\u00e3o \u2013 O Mundo a Dan\u00e7ar\u201d sobe ao palco entre 29 de julho e 6 de agosto, contando com espet\u00e1culos em 8 concelhos do Alto Minho e 2 da Galiza, protagonizados por grupos vindos da \u00c1frica do Sul, Argentina, Bol\u00edvia, Equador, Ge\u00f3rgia, M\u00e9xico, Portugal, Taiti, Ucr\u00e2nia e Venezuela.","breadcrumb":{"@id":"https:\/\/www.altominho.tv\/site\/2023\/07\/24\/folk-moncao-mundo-a-dancar-arranca-ja-este-sabado\/#breadcrumb"},"inLanguage":"pt-PT","potentialAction":[{"@type":"ReadAction","target":["https:\/\/www.altominho.tv\/site\/2023\/07\/24\/folk-moncao-mundo-a-dancar-arranca-ja-este-sabado\/"]}]},{"@type":"ImageObject","inLanguage":"pt-PT","@id":"https:\/\/www.altominho.tv\/site\/2023\/07\/24\/folk-moncao-mundo-a-dancar-arranca-ja-este-sabado\/#primaryimage","url":"https:\/\/www.altominho.tv\/site\/wp-content\/uploads\/2023\/07\/maxresdefault.jpeg","contentUrl":"https:\/\/www.altominho.tv\/site\/wp-content\/uploads\/2023\/07\/maxresdefault.jpeg","width":1280,"height":720},{"@type":"BreadcrumbList","@id":"https:\/\/www.altominho.tv\/site\/2023\/07\/24\/folk-moncao-mundo-a-dancar-arranca-ja-este-sabado\/#breadcrumb","itemListElement":[{"@type":"ListItem","position":1,"name":"In\u00edcio","item":"https:\/\/www.altominho.tv\/site\/"},{"@type":"ListItem","position":2,"name":"&#8220;Folk Mon\u00e7\u00e3o &#8211; Mundo a Dan\u00e7ar&#8221; arranca j\u00e1 este s\u00e1bado"}]},{"@type":"WebSite","@id":"https:\/\/www.altominho.tv\/site\/#website","url":"https:\/\/www.altominho.tv\/site\/","name":"Altominho.tv","description":"A sua regi\u00e3o \u00e0 dist\u00e2ncia de um clique...","potentialAction":[{"@type":"SearchAction","target":{"@type":"EntryPoint","urlTemplate":"https:\/\/www.altominho.tv\/site\/?s={search_term_string}"},"query-input":{"@type":"PropertyValueSpecification","valueRequired":true,"valueName":"search_term_string"}}],"inLanguage":"pt-PT"},{"@type":"Person","@id":"https:\/\/www.altominho.tv\/site\/#\/schema\/person\/f95a2097796cf4462fe1e476cddc40e4","name":"Beatriz Lira","image":{"@type":"ImageObject","inLanguage":"pt-PT","@id":"https:\/\/www.altominho.tv\/site\/wp-content\/uploads\/2023\/03\/Screenshot_20230306-141220_Photos-150x150.jpg","url":"https:\/\/www.altominho.tv\/site\/wp-content\/uploads\/2023\/03\/Screenshot_20230306-141220_Photos-150x150.jpg","contentUrl":"https:\/\/www.altominho.tv\/site\/wp-content\/uploads\/2023\/03\/Screenshot_20230306-141220_Photos-150x150.jpg","caption":"Beatriz Lira"},"url":"https:\/\/www.altominho.tv\/site\/author\/beatriz\/"}]}},"_links":{"self":[{"href":"https:\/\/www.altominho.tv\/site\/wp-json\/wp\/v2\/posts\/94729","targetHints":{"allow":["GET"]}}],"collection":[{"href":"https:\/\/www.altominho.tv\/site\/wp-json\/wp\/v2\/posts"}],"about":[{"href":"https:\/\/www.altominho.tv\/site\/wp-json\/wp\/v2\/types\/post"}],"author":[{"embeddable":true,"href":"https:\/\/www.altominho.tv\/site\/wp-json\/wp\/v2\/users\/28"}],"replies":[{"embeddable":true,"href":"https:\/\/www.altominho.tv\/site\/wp-json\/wp\/v2\/comments?post=94729"}],"version-history":[{"count":1,"href":"https:\/\/www.altominho.tv\/site\/wp-json\/wp\/v2\/posts\/94729\/revisions"}],"predecessor-version":[{"id":94733,"href":"https:\/\/www.altominho.tv\/site\/wp-json\/wp\/v2\/posts\/94729\/revisions\/94733"}],"wp:featuredmedia":[{"embeddable":true,"href":"https:\/\/www.altominho.tv\/site\/wp-json\/wp\/v2\/media\/94732"}],"wp:attachment":[{"href":"https:\/\/www.altominho.tv\/site\/wp-json\/wp\/v2\/media?parent=94729"}],"wp:term":[{"taxonomy":"category","embeddable":true,"href":"https:\/\/www.altominho.tv\/site\/wp-json\/wp\/v2\/categories?post=94729"},{"taxonomy":"post_tag","embeddable":true,"href":"https:\/\/www.altominho.tv\/site\/wp-json\/wp\/v2\/tags?post=94729"}],"curies":[{"name":"wp","href":"https:\/\/api.w.org\/{rel}","templated":true}]}}