{"id":94703,"date":"2023-07-22T17:33:16","date_gmt":"2023-07-22T16:33:16","guid":{"rendered":"https:\/\/www.altominho.tv\/site\/?p=94703"},"modified":"2023-07-22T17:33:19","modified_gmt":"2023-07-22T16:33:19","slug":"melgaco-traz-artistas-nacionais-no-mes-de-agosto","status":"publish","type":"post","link":"https:\/\/www.altominho.tv\/site\/2023\/07\/22\/melgaco-traz-artistas-nacionais-no-mes-de-agosto\/","title":{"rendered":"Melga\u00e7o traz artistas nacionais no m\u00eas de agosto"},"content":{"rendered":"<p>No \u00e2mbito da iniciativa Melga\u00e7o em Festa, que decorre de 4 a 15 de agosto, s\u00e3o v\u00e1rios os artistas nacionais que marcam presen\u00e7a no concelho mais a norte do pa\u00eds.<\/p>\n<p class=\"p1\">No dia 11 de agosto, e no Largo do Mercado Municipal, \u00e9 Wilson Honrado quem anima a noite e, logo no dia a seguir, \u00e9 a vez do concerto de Toy. J\u00e1 no dia 13 de agosto, sobe ao palco cuca Roseta. O m\u00fasico Mike da Gaita atua no Largo Hermenegildo Solheiro, ainda no dia 13.<\/p>\n<p>No fim do concerto de dia 13 de agosto, a C\u00e2mara Municipal proporciona um espet\u00e1culo piromusical no Castelo de Melga\u00e7o.<\/p>\n","protected":false},"excerpt":{"rendered":"<p>No \u00e2mbito da iniciativa Melga\u00e7o em Festa, que decorre de 4 a 15 de agosto, s\u00e3o v\u00e1rios os artistas nacionais que marcam presen\u00e7a no concelho mais a norte do pa\u00eds. No dia 11 de agosto, e no Largo do Mercado Municipal, \u00e9 Wilson Honrado quem anima a noite e, logo no dia a seguir, \u00e9 [&hellip;]<\/p>\n","protected":false},"author":28,"featured_media":92105,"comment_status":"closed","ping_status":"closed","sticky":false,"template":"","format":"standard","meta":{"_exactmetrics_skip_tracking":false,"_exactmetrics_sitenote_active":false,"_exactmetrics_sitenote_note":"","_exactmetrics_sitenote_category":0,"footnotes":""},"categories":[8],"tags":[19,27],"class_list":["post-94703","post","type-post","status-publish","format-standard","has-post-thumbnail","hentry","category-melgaco","tag-cultura","tag-sociedade"],"yoast_head":"<!-- This site is optimized with the Yoast SEO Premium plugin v27.4 (Yoast SEO v27.4) - https:\/\/yoast.com\/product\/yoast-seo-premium-wordpress\/ -->\n<title>Melga\u00e7o traz artistas nacionais no m\u00eas de agosto<\/title>\n<meta name=\"description\" content=\"No \u00e2mbito da iniciativa Melga\u00e7o em Festa, que decorre de 4 a 15 de agosto, s\u00e3o v\u00e1rios os artistas nacionais que marcam presen\u00e7a no concelho mais a norte do pa\u00eds\" \/>\n<meta name=\"robots\" content=\"index, follow, max-snippet:-1, max-image-preview:large, max-video-preview:-1\" \/>\n<link rel=\"canonical\" href=\"https:\/\/www.altominho.tv\/site\/2023\/07\/22\/melgaco-traz-artistas-nacionais-no-mes-de-agosto\/\" \/>\n<meta property=\"og:locale\" content=\"pt_PT\" \/>\n<meta property=\"og:type\" content=\"article\" \/>\n<meta property=\"og:title\" content=\"Melga\u00e7o traz artistas nacionais no m\u00eas de agosto\" \/>\n<meta property=\"og:description\" content=\"No \u00e2mbito da iniciativa Melga\u00e7o em Festa, que decorre de 4 a 15 de agosto, s\u00e3o v\u00e1rios os artistas nacionais que marcam presen\u00e7a no concelho mais a norte do pa\u00eds\" \/>\n<meta property=\"og:url\" content=\"https:\/\/www.altominho.tv\/site\/2023\/07\/22\/melgaco-traz-artistas-nacionais-no-mes-de-agosto\/\" \/>\n<meta property=\"og:site_name\" content=\"Altominho.tv\" \/>\n<meta property=\"article:publisher\" content=\"https:\/\/www.facebook.com\/altominhotv\" \/>\n<meta property=\"article:published_time\" content=\"2023-07-22T16:33:16+00:00\" \/>\n<meta property=\"article:modified_time\" content=\"2023-07-22T16:33:19+00:00\" \/>\n<meta property=\"og:image\" content=\"https:\/\/www.altominho.tv\/site\/wp-content\/uploads\/2023\/05\/melgaco-740x492-1.jpeg\" \/>\n\t<meta property=\"og:image:width\" content=\"740\" \/>\n\t<meta property=\"og:image:height\" content=\"492\" \/>\n\t<meta property=\"og:image:type\" content=\"image\/jpeg\" \/>\n<meta name=\"author\" content=\"Beatriz Lira\" \/>\n<meta name=\"twitter:card\" content=\"summary_large_image\" \/>\n<meta name=\"twitter:creator\" content=\"@altominhoTV\" \/>\n<meta name=\"twitter:site\" content=\"@altominhoTV\" \/>\n<meta name=\"twitter:label1\" content=\"Escrito por\" \/>\n\t<meta name=\"twitter:data1\" content=\"Beatriz Lira\" \/>\n\t<meta name=\"twitter:label2\" content=\"Tempo estimado de leitura\" \/>\n\t<meta name=\"twitter:data2\" content=\"1 minuto\" \/>\n<script type=\"application\/ld+json\" class=\"yoast-schema-graph\">{\"@context\":\"https:\\\/\\\/schema.org\",\"@graph\":[{\"@type\":\"Article\",\"@id\":\"https:\\\/\\\/www.altominho.tv\\\/site\\\/2023\\\/07\\\/22\\\/melgaco-traz-artistas-nacionais-no-mes-de-agosto\\\/#article\",\"isPartOf\":{\"@id\":\"https:\\\/\\\/www.altominho.tv\\\/site\\\/2023\\\/07\\\/22\\\/melgaco-traz-artistas-nacionais-no-mes-de-agosto\\\/\"},\"author\":{\"name\":\"Beatriz Lira\",\"@id\":\"https:\\\/\\\/www.altominho.tv\\\/site\\\/#\\\/schema\\\/person\\\/f95a2097796cf4462fe1e476cddc40e4\"},\"headline\":\"Melga\u00e7o traz artistas nacionais no m\u00eas de agosto\",\"datePublished\":\"2023-07-22T16:33:16+00:00\",\"dateModified\":\"2023-07-22T16:33:19+00:00\",\"mainEntityOfPage\":{\"@id\":\"https:\\\/\\\/www.altominho.tv\\\/site\\\/2023\\\/07\\\/22\\\/melgaco-traz-artistas-nacionais-no-mes-de-agosto\\\/\"},\"wordCount\":117,\"image\":{\"@id\":\"https:\\\/\\\/www.altominho.tv\\\/site\\\/2023\\\/07\\\/22\\\/melgaco-traz-artistas-nacionais-no-mes-de-agosto\\\/#primaryimage\"},\"thumbnailUrl\":\"https:\\\/\\\/www.altominho.tv\\\/site\\\/wp-content\\\/uploads\\\/2023\\\/05\\\/melgaco-740x492-1.jpeg\",\"keywords\":[\"Cultura\",\"Sociedade\"],\"articleSection\":[\"Melga\u00e7o\"],\"inLanguage\":\"pt-PT\",\"copyrightYear\":\"2023\",\"copyrightHolder\":{\"@id\":\"https:\\\/\\\/www.altominho.tv\\\/site\\\/#organization\"}},{\"@type\":\"WebPage\",\"@id\":\"https:\\\/\\\/www.altominho.tv\\\/site\\\/2023\\\/07\\\/22\\\/melgaco-traz-artistas-nacionais-no-mes-de-agosto\\\/\",\"url\":\"https:\\\/\\\/www.altominho.tv\\\/site\\\/2023\\\/07\\\/22\\\/melgaco-traz-artistas-nacionais-no-mes-de-agosto\\\/\",\"name\":\"Melga\u00e7o traz artistas nacionais no m\u00eas de agosto\",\"isPartOf\":{\"@id\":\"https:\\\/\\\/www.altominho.tv\\\/site\\\/#website\"},\"primaryImageOfPage\":{\"@id\":\"https:\\\/\\\/www.altominho.tv\\\/site\\\/2023\\\/07\\\/22\\\/melgaco-traz-artistas-nacionais-no-mes-de-agosto\\\/#primaryimage\"},\"image\":{\"@id\":\"https:\\\/\\\/www.altominho.tv\\\/site\\\/2023\\\/07\\\/22\\\/melgaco-traz-artistas-nacionais-no-mes-de-agosto\\\/#primaryimage\"},\"thumbnailUrl\":\"https:\\\/\\\/www.altominho.tv\\\/site\\\/wp-content\\\/uploads\\\/2023\\\/05\\\/melgaco-740x492-1.jpeg\",\"datePublished\":\"2023-07-22T16:33:16+00:00\",\"dateModified\":\"2023-07-22T16:33:19+00:00\",\"author\":{\"@id\":\"https:\\\/\\\/www.altominho.tv\\\/site\\\/#\\\/schema\\\/person\\\/f95a2097796cf4462fe1e476cddc40e4\"},\"description\":\"No \u00e2mbito da iniciativa Melga\u00e7o em Festa, que decorre de 4 a 15 de agosto, s\u00e3o v\u00e1rios os artistas nacionais que marcam presen\u00e7a no concelho mais a norte do pa\u00eds\",\"breadcrumb\":{\"@id\":\"https:\\\/\\\/www.altominho.tv\\\/site\\\/2023\\\/07\\\/22\\\/melgaco-traz-artistas-nacionais-no-mes-de-agosto\\\/#breadcrumb\"},\"inLanguage\":\"pt-PT\",\"potentialAction\":[{\"@type\":\"ReadAction\",\"target\":[\"https:\\\/\\\/www.altominho.tv\\\/site\\\/2023\\\/07\\\/22\\\/melgaco-traz-artistas-nacionais-no-mes-de-agosto\\\/\"]}]},{\"@type\":\"ImageObject\",\"inLanguage\":\"pt-PT\",\"@id\":\"https:\\\/\\\/www.altominho.tv\\\/site\\\/2023\\\/07\\\/22\\\/melgaco-traz-artistas-nacionais-no-mes-de-agosto\\\/#primaryimage\",\"url\":\"https:\\\/\\\/www.altominho.tv\\\/site\\\/wp-content\\\/uploads\\\/2023\\\/05\\\/melgaco-740x492-1.jpeg\",\"contentUrl\":\"https:\\\/\\\/www.altominho.tv\\\/site\\\/wp-content\\\/uploads\\\/2023\\\/05\\\/melgaco-740x492-1.jpeg\",\"width\":740,\"height\":492},{\"@type\":\"BreadcrumbList\",\"@id\":\"https:\\\/\\\/www.altominho.tv\\\/site\\\/2023\\\/07\\\/22\\\/melgaco-traz-artistas-nacionais-no-mes-de-agosto\\\/#breadcrumb\",\"itemListElement\":[{\"@type\":\"ListItem\",\"position\":1,\"name\":\"In\u00edcio\",\"item\":\"https:\\\/\\\/www.altominho.tv\\\/site\\\/\"},{\"@type\":\"ListItem\",\"position\":2,\"name\":\"Melga\u00e7o traz artistas nacionais no m\u00eas de agosto\"}]},{\"@type\":\"WebSite\",\"@id\":\"https:\\\/\\\/www.altominho.tv\\\/site\\\/#website\",\"url\":\"https:\\\/\\\/www.altominho.tv\\\/site\\\/\",\"name\":\"Altominho.tv\",\"description\":\"A sua regi\u00e3o \u00e0 dist\u00e2ncia de um clique...\",\"potentialAction\":[{\"@type\":\"SearchAction\",\"target\":{\"@type\":\"EntryPoint\",\"urlTemplate\":\"https:\\\/\\\/www.altominho.tv\\\/site\\\/?s={search_term_string}\"},\"query-input\":{\"@type\":\"PropertyValueSpecification\",\"valueRequired\":true,\"valueName\":\"search_term_string\"}}],\"inLanguage\":\"pt-PT\"},{\"@type\":\"Person\",\"@id\":\"https:\\\/\\\/www.altominho.tv\\\/site\\\/#\\\/schema\\\/person\\\/f95a2097796cf4462fe1e476cddc40e4\",\"name\":\"Beatriz Lira\",\"image\":{\"@type\":\"ImageObject\",\"inLanguage\":\"pt-PT\",\"@id\":\"https:\\\/\\\/www.altominho.tv\\\/site\\\/wp-content\\\/uploads\\\/2023\\\/03\\\/Screenshot_20230306-141220_Photos-150x150.jpg\",\"url\":\"https:\\\/\\\/www.altominho.tv\\\/site\\\/wp-content\\\/uploads\\\/2023\\\/03\\\/Screenshot_20230306-141220_Photos-150x150.jpg\",\"contentUrl\":\"https:\\\/\\\/www.altominho.tv\\\/site\\\/wp-content\\\/uploads\\\/2023\\\/03\\\/Screenshot_20230306-141220_Photos-150x150.jpg\",\"caption\":\"Beatriz Lira\"},\"url\":\"https:\\\/\\\/www.altominho.tv\\\/site\\\/author\\\/beatriz\\\/\"}]}<\/script>\n<!-- \/ Yoast SEO Premium plugin. -->","yoast_head_json":{"title":"Melga\u00e7o traz artistas nacionais no m\u00eas de agosto","description":"No \u00e2mbito da iniciativa Melga\u00e7o em Festa, que decorre de 4 a 15 de agosto, s\u00e3o v\u00e1rios os artistas nacionais que marcam presen\u00e7a no concelho mais a norte do pa\u00eds","robots":{"index":"index","follow":"follow","max-snippet":"max-snippet:-1","max-image-preview":"max-image-preview:large","max-video-preview":"max-video-preview:-1"},"canonical":"https:\/\/www.altominho.tv\/site\/2023\/07\/22\/melgaco-traz-artistas-nacionais-no-mes-de-agosto\/","og_locale":"pt_PT","og_type":"article","og_title":"Melga\u00e7o traz artistas nacionais no m\u00eas de agosto","og_description":"No \u00e2mbito da iniciativa Melga\u00e7o em Festa, que decorre de 4 a 15 de agosto, s\u00e3o v\u00e1rios os artistas nacionais que marcam presen\u00e7a no concelho mais a norte do pa\u00eds","og_url":"https:\/\/www.altominho.tv\/site\/2023\/07\/22\/melgaco-traz-artistas-nacionais-no-mes-de-agosto\/","og_site_name":"Altominho.tv","article_publisher":"https:\/\/www.facebook.com\/altominhotv","article_published_time":"2023-07-22T16:33:16+00:00","article_modified_time":"2023-07-22T16:33:19+00:00","og_image":[{"width":740,"height":492,"url":"https:\/\/www.altominho.tv\/site\/wp-content\/uploads\/2023\/05\/melgaco-740x492-1.jpeg","type":"image\/jpeg"}],"author":"Beatriz Lira","twitter_card":"summary_large_image","twitter_creator":"@altominhoTV","twitter_site":"@altominhoTV","twitter_misc":{"Escrito por":"Beatriz Lira","Tempo estimado de leitura":"1 minuto"},"schema":{"@context":"https:\/\/schema.org","@graph":[{"@type":"Article","@id":"https:\/\/www.altominho.tv\/site\/2023\/07\/22\/melgaco-traz-artistas-nacionais-no-mes-de-agosto\/#article","isPartOf":{"@id":"https:\/\/www.altominho.tv\/site\/2023\/07\/22\/melgaco-traz-artistas-nacionais-no-mes-de-agosto\/"},"author":{"name":"Beatriz Lira","@id":"https:\/\/www.altominho.tv\/site\/#\/schema\/person\/f95a2097796cf4462fe1e476cddc40e4"},"headline":"Melga\u00e7o traz artistas nacionais no m\u00eas de agosto","datePublished":"2023-07-22T16:33:16+00:00","dateModified":"2023-07-22T16:33:19+00:00","mainEntityOfPage":{"@id":"https:\/\/www.altominho.tv\/site\/2023\/07\/22\/melgaco-traz-artistas-nacionais-no-mes-de-agosto\/"},"wordCount":117,"image":{"@id":"https:\/\/www.altominho.tv\/site\/2023\/07\/22\/melgaco-traz-artistas-nacionais-no-mes-de-agosto\/#primaryimage"},"thumbnailUrl":"https:\/\/www.altominho.tv\/site\/wp-content\/uploads\/2023\/05\/melgaco-740x492-1.jpeg","keywords":["Cultura","Sociedade"],"articleSection":["Melga\u00e7o"],"inLanguage":"pt-PT","copyrightYear":"2023","copyrightHolder":{"@id":"https:\/\/www.altominho.tv\/site\/#organization"}},{"@type":"WebPage","@id":"https:\/\/www.altominho.tv\/site\/2023\/07\/22\/melgaco-traz-artistas-nacionais-no-mes-de-agosto\/","url":"https:\/\/www.altominho.tv\/site\/2023\/07\/22\/melgaco-traz-artistas-nacionais-no-mes-de-agosto\/","name":"Melga\u00e7o traz artistas nacionais no m\u00eas de agosto","isPartOf":{"@id":"https:\/\/www.altominho.tv\/site\/#website"},"primaryImageOfPage":{"@id":"https:\/\/www.altominho.tv\/site\/2023\/07\/22\/melgaco-traz-artistas-nacionais-no-mes-de-agosto\/#primaryimage"},"image":{"@id":"https:\/\/www.altominho.tv\/site\/2023\/07\/22\/melgaco-traz-artistas-nacionais-no-mes-de-agosto\/#primaryimage"},"thumbnailUrl":"https:\/\/www.altominho.tv\/site\/wp-content\/uploads\/2023\/05\/melgaco-740x492-1.jpeg","datePublished":"2023-07-22T16:33:16+00:00","dateModified":"2023-07-22T16:33:19+00:00","author":{"@id":"https:\/\/www.altominho.tv\/site\/#\/schema\/person\/f95a2097796cf4462fe1e476cddc40e4"},"description":"No \u00e2mbito da iniciativa Melga\u00e7o em Festa, que decorre de 4 a 15 de agosto, s\u00e3o v\u00e1rios os artistas nacionais que marcam presen\u00e7a no concelho mais a norte do pa\u00eds","breadcrumb":{"@id":"https:\/\/www.altominho.tv\/site\/2023\/07\/22\/melgaco-traz-artistas-nacionais-no-mes-de-agosto\/#breadcrumb"},"inLanguage":"pt-PT","potentialAction":[{"@type":"ReadAction","target":["https:\/\/www.altominho.tv\/site\/2023\/07\/22\/melgaco-traz-artistas-nacionais-no-mes-de-agosto\/"]}]},{"@type":"ImageObject","inLanguage":"pt-PT","@id":"https:\/\/www.altominho.tv\/site\/2023\/07\/22\/melgaco-traz-artistas-nacionais-no-mes-de-agosto\/#primaryimage","url":"https:\/\/www.altominho.tv\/site\/wp-content\/uploads\/2023\/05\/melgaco-740x492-1.jpeg","contentUrl":"https:\/\/www.altominho.tv\/site\/wp-content\/uploads\/2023\/05\/melgaco-740x492-1.jpeg","width":740,"height":492},{"@type":"BreadcrumbList","@id":"https:\/\/www.altominho.tv\/site\/2023\/07\/22\/melgaco-traz-artistas-nacionais-no-mes-de-agosto\/#breadcrumb","itemListElement":[{"@type":"ListItem","position":1,"name":"In\u00edcio","item":"https:\/\/www.altominho.tv\/site\/"},{"@type":"ListItem","position":2,"name":"Melga\u00e7o traz artistas nacionais no m\u00eas de agosto"}]},{"@type":"WebSite","@id":"https:\/\/www.altominho.tv\/site\/#website","url":"https:\/\/www.altominho.tv\/site\/","name":"Altominho.tv","description":"A sua regi\u00e3o \u00e0 dist\u00e2ncia de um clique...","potentialAction":[{"@type":"SearchAction","target":{"@type":"EntryPoint","urlTemplate":"https:\/\/www.altominho.tv\/site\/?s={search_term_string}"},"query-input":{"@type":"PropertyValueSpecification","valueRequired":true,"valueName":"search_term_string"}}],"inLanguage":"pt-PT"},{"@type":"Person","@id":"https:\/\/www.altominho.tv\/site\/#\/schema\/person\/f95a2097796cf4462fe1e476cddc40e4","name":"Beatriz Lira","image":{"@type":"ImageObject","inLanguage":"pt-PT","@id":"https:\/\/www.altominho.tv\/site\/wp-content\/uploads\/2023\/03\/Screenshot_20230306-141220_Photos-150x150.jpg","url":"https:\/\/www.altominho.tv\/site\/wp-content\/uploads\/2023\/03\/Screenshot_20230306-141220_Photos-150x150.jpg","contentUrl":"https:\/\/www.altominho.tv\/site\/wp-content\/uploads\/2023\/03\/Screenshot_20230306-141220_Photos-150x150.jpg","caption":"Beatriz Lira"},"url":"https:\/\/www.altominho.tv\/site\/author\/beatriz\/"}]}},"_links":{"self":[{"href":"https:\/\/www.altominho.tv\/site\/wp-json\/wp\/v2\/posts\/94703","targetHints":{"allow":["GET"]}}],"collection":[{"href":"https:\/\/www.altominho.tv\/site\/wp-json\/wp\/v2\/posts"}],"about":[{"href":"https:\/\/www.altominho.tv\/site\/wp-json\/wp\/v2\/types\/post"}],"author":[{"embeddable":true,"href":"https:\/\/www.altominho.tv\/site\/wp-json\/wp\/v2\/users\/28"}],"replies":[{"embeddable":true,"href":"https:\/\/www.altominho.tv\/site\/wp-json\/wp\/v2\/comments?post=94703"}],"version-history":[{"count":2,"href":"https:\/\/www.altominho.tv\/site\/wp-json\/wp\/v2\/posts\/94703\/revisions"}],"predecessor-version":[{"id":94705,"href":"https:\/\/www.altominho.tv\/site\/wp-json\/wp\/v2\/posts\/94703\/revisions\/94705"}],"wp:featuredmedia":[{"embeddable":true,"href":"https:\/\/www.altominho.tv\/site\/wp-json\/wp\/v2\/media\/92105"}],"wp:attachment":[{"href":"https:\/\/www.altominho.tv\/site\/wp-json\/wp\/v2\/media?parent=94703"}],"wp:term":[{"taxonomy":"category","embeddable":true,"href":"https:\/\/www.altominho.tv\/site\/wp-json\/wp\/v2\/categories?post=94703"},{"taxonomy":"post_tag","embeddable":true,"href":"https:\/\/www.altominho.tv\/site\/wp-json\/wp\/v2\/tags?post=94703"}],"curies":[{"name":"wp","href":"https:\/\/api.w.org\/{rel}","templated":true}]}}