{"id":94662,"date":"2023-07-21T15:00:40","date_gmt":"2023-07-21T14:00:40","guid":{"rendered":"https:\/\/www.altominho.tv\/site\/?p=94662"},"modified":"2023-07-21T15:10:21","modified_gmt":"2023-07-21T14:10:21","slug":"jovem-21-anos-detido-por-trafico-drogas-em-caminha","status":"publish","type":"post","link":"https:\/\/www.altominho.tv\/site\/2023\/07\/21\/jovem-21-anos-detido-por-trafico-drogas-em-caminha\/","title":{"rendered":"Jovem de 21 anos detido por tr\u00e1fico de drogas em Caminha"},"content":{"rendered":"<p>O Comando Territorial de Viana do Castelo, atrav\u00e9s do Posto Territorial de Caminha, ontem, deteve um jovem de 21 anos por tr\u00e1fico de estupefacientes, no concelho de Caminha.<\/p>\n<p>No \u00e2mbito de uma a\u00e7\u00e3o de patrulhamento, os militares da Guarda abordaram uma viatura, que circulava na via p\u00fablica, cujo condutor manifestou um &#8220;comportamento suspeito e de nervosismo&#8221;. Na sequ\u00eancia da fiscaliza\u00e7\u00e3o foi poss\u00edvel apurar que o indiv\u00edduo se encontrava na posse de produtos estupefacientes, tendo sido, posteriormente, realizada uma busca domicili\u00e1ria.<\/p>\n<p>Durante a a\u00e7\u00e3o foram apreendidas &#8220;410 doses de haxixe, uma balan\u00e7a de precis\u00e3o, um telem\u00f3vel e 135 euros em numer\u00e1rio&#8221;.<\/p>\n<p>O suspeito foi detido e constitu\u00eddo arguido e os factos foram comunicados ao Tribunal de Judicial de&nbsp;Caminha.<\/p>\n","protected":false},"excerpt":{"rendered":"<p>O Comando Territorial de Viana do Castelo, atrav\u00e9s do Posto Territorial de Caminha, ontem, deteve um jovem de 21 anos por tr\u00e1fico de estupefacientes, no concelho de Caminha. No \u00e2mbito de uma a\u00e7\u00e3o de patrulhamento, os militares da Guarda abordaram uma viatura, que circulava na via p\u00fablica, cujo condutor manifestou um &#8220;comportamento suspeito e de [&hellip;]<\/p>\n","protected":false},"author":1,"featured_media":94663,"comment_status":"closed","ping_status":"closed","sticky":false,"template":"","format":"standard","meta":{"_exactmetrics_skip_tracking":false,"_exactmetrics_sitenote_active":false,"_exactmetrics_sitenote_note":"","_exactmetrics_sitenote_category":0,"footnotes":""},"categories":[7],"tags":[],"class_list":["post-94662","post","type-post","status-publish","format-standard","has-post-thumbnail","hentry","category-caminha"],"yoast_head":"<!-- This site is optimized with the Yoast SEO Premium plugin v27.4 (Yoast SEO v27.4) - https:\/\/yoast.com\/product\/yoast-seo-premium-wordpress\/ -->\n<title>Jovem de 21 anos detido por tr\u00e1fico de drogas em Caminha<\/title>\n<meta name=\"description\" content=\"O Comando Territorial de Viana do Castelo, atrav\u00e9s do\u00a0Posto Territorial de\u00a0Caminha, no dia\u00a020\u00a0de\u00a0julho, deteve um jovem de 21\u00a0anos por tr\u00e1fico de estupefacientes, no concelho de\u00a0Caminha.\" \/>\n<meta name=\"robots\" content=\"index, follow, max-snippet:-1, max-image-preview:large, max-video-preview:-1\" \/>\n<link rel=\"canonical\" href=\"https:\/\/www.altominho.tv\/site\/2023\/07\/21\/jovem-21-anos-detido-por-trafico-drogas-em-caminha\/\" \/>\n<meta property=\"og:locale\" content=\"pt_PT\" \/>\n<meta property=\"og:type\" content=\"article\" \/>\n<meta property=\"og:title\" content=\"Jovem de 21 anos detido por tr\u00e1fico de drogas em Caminha\" \/>\n<meta property=\"og:description\" content=\"O Comando Territorial de Viana do Castelo, atrav\u00e9s do\u00a0Posto Territorial de\u00a0Caminha, no dia\u00a020\u00a0de\u00a0julho, deteve um jovem de 21\u00a0anos por tr\u00e1fico de estupefacientes, no concelho de\u00a0Caminha.\" \/>\n<meta property=\"og:url\" content=\"https:\/\/www.altominho.tv\/site\/2023\/07\/21\/jovem-21-anos-detido-por-trafico-drogas-em-caminha\/\" \/>\n<meta property=\"og:site_name\" content=\"Altominho.tv\" \/>\n<meta property=\"article:publisher\" content=\"https:\/\/www.facebook.com\/altominhotv\" \/>\n<meta property=\"article:published_time\" content=\"2023-07-21T14:00:40+00:00\" \/>\n<meta property=\"article:modified_time\" content=\"2023-07-21T14:10:21+00:00\" \/>\n<meta property=\"og:image\" content=\"https:\/\/www.altominho.tv\/site\/wp-content\/uploads\/2023\/07\/GNR-Viana-do-Castelo-Apreensao-1.jpg\" \/>\n\t<meta property=\"og:image:width\" content=\"1042\" \/>\n\t<meta property=\"og:image:height\" content=\"883\" \/>\n\t<meta property=\"og:image:type\" content=\"image\/jpeg\" \/>\n<meta name=\"author\" content=\"Altominho.tv\" \/>\n<meta name=\"twitter:card\" content=\"summary_large_image\" \/>\n<meta name=\"twitter:creator\" content=\"@altominhoTV\" \/>\n<meta name=\"twitter:site\" content=\"@altominhoTV\" \/>\n<meta name=\"twitter:label1\" content=\"Escrito por\" \/>\n\t<meta name=\"twitter:data1\" content=\"Altominho.tv\" \/>\n\t<meta name=\"twitter:label2\" content=\"Tempo estimado de leitura\" \/>\n\t<meta name=\"twitter:data2\" content=\"1 minuto\" \/>\n<script type=\"application\/ld+json\" class=\"yoast-schema-graph\">{\"@context\":\"https:\\\/\\\/schema.org\",\"@graph\":[{\"@type\":\"Article\",\"@id\":\"https:\\\/\\\/www.altominho.tv\\\/site\\\/2023\\\/07\\\/21\\\/jovem-21-anos-detido-por-trafico-drogas-em-caminha\\\/#article\",\"isPartOf\":{\"@id\":\"https:\\\/\\\/www.altominho.tv\\\/site\\\/2023\\\/07\\\/21\\\/jovem-21-anos-detido-por-trafico-drogas-em-caminha\\\/\"},\"author\":{\"name\":\"Altominho.tv\",\"@id\":\"https:\\\/\\\/www.altominho.tv\\\/site\\\/#\\\/schema\\\/person\\\/4e536851627d7914baf3dac752b6af22\"},\"headline\":\"Jovem de 21 anos detido por tr\u00e1fico de drogas em Caminha\",\"datePublished\":\"2023-07-21T14:00:40+00:00\",\"dateModified\":\"2023-07-21T14:10:21+00:00\",\"mainEntityOfPage\":{\"@id\":\"https:\\\/\\\/www.altominho.tv\\\/site\\\/2023\\\/07\\\/21\\\/jovem-21-anos-detido-por-trafico-drogas-em-caminha\\\/\"},\"wordCount\":142,\"image\":{\"@id\":\"https:\\\/\\\/www.altominho.tv\\\/site\\\/2023\\\/07\\\/21\\\/jovem-21-anos-detido-por-trafico-drogas-em-caminha\\\/#primaryimage\"},\"thumbnailUrl\":\"https:\\\/\\\/www.altominho.tv\\\/site\\\/wp-content\\\/uploads\\\/2023\\\/07\\\/GNR-Viana-do-Castelo-Apreensao-1.jpg\",\"articleSection\":[\"Caminha\"],\"inLanguage\":\"pt-PT\",\"copyrightYear\":\"2023\",\"copyrightHolder\":{\"@id\":\"https:\\\/\\\/www.altominho.tv\\\/site\\\/#organization\"}},{\"@type\":\"WebPage\",\"@id\":\"https:\\\/\\\/www.altominho.tv\\\/site\\\/2023\\\/07\\\/21\\\/jovem-21-anos-detido-por-trafico-drogas-em-caminha\\\/\",\"url\":\"https:\\\/\\\/www.altominho.tv\\\/site\\\/2023\\\/07\\\/21\\\/jovem-21-anos-detido-por-trafico-drogas-em-caminha\\\/\",\"name\":\"Jovem de 21 anos detido por tr\u00e1fico de drogas em Caminha\",\"isPartOf\":{\"@id\":\"https:\\\/\\\/www.altominho.tv\\\/site\\\/#website\"},\"primaryImageOfPage\":{\"@id\":\"https:\\\/\\\/www.altominho.tv\\\/site\\\/2023\\\/07\\\/21\\\/jovem-21-anos-detido-por-trafico-drogas-em-caminha\\\/#primaryimage\"},\"image\":{\"@id\":\"https:\\\/\\\/www.altominho.tv\\\/site\\\/2023\\\/07\\\/21\\\/jovem-21-anos-detido-por-trafico-drogas-em-caminha\\\/#primaryimage\"},\"thumbnailUrl\":\"https:\\\/\\\/www.altominho.tv\\\/site\\\/wp-content\\\/uploads\\\/2023\\\/07\\\/GNR-Viana-do-Castelo-Apreensao-1.jpg\",\"datePublished\":\"2023-07-21T14:00:40+00:00\",\"dateModified\":\"2023-07-21T14:10:21+00:00\",\"author\":{\"@id\":\"https:\\\/\\\/www.altominho.tv\\\/site\\\/#\\\/schema\\\/person\\\/4e536851627d7914baf3dac752b6af22\"},\"description\":\"O Comando Territorial de Viana do Castelo, atrav\u00e9s do\u00a0Posto Territorial de\u00a0Caminha, no dia\u00a020\u00a0de\u00a0julho, deteve um jovem de 21\u00a0anos por tr\u00e1fico de estupefacientes, no concelho de\u00a0Caminha.\",\"breadcrumb\":{\"@id\":\"https:\\\/\\\/www.altominho.tv\\\/site\\\/2023\\\/07\\\/21\\\/jovem-21-anos-detido-por-trafico-drogas-em-caminha\\\/#breadcrumb\"},\"inLanguage\":\"pt-PT\",\"potentialAction\":[{\"@type\":\"ReadAction\",\"target\":[\"https:\\\/\\\/www.altominho.tv\\\/site\\\/2023\\\/07\\\/21\\\/jovem-21-anos-detido-por-trafico-drogas-em-caminha\\\/\"]}]},{\"@type\":\"ImageObject\",\"inLanguage\":\"pt-PT\",\"@id\":\"https:\\\/\\\/www.altominho.tv\\\/site\\\/2023\\\/07\\\/21\\\/jovem-21-anos-detido-por-trafico-drogas-em-caminha\\\/#primaryimage\",\"url\":\"https:\\\/\\\/www.altominho.tv\\\/site\\\/wp-content\\\/uploads\\\/2023\\\/07\\\/GNR-Viana-do-Castelo-Apreensao-1.jpg\",\"contentUrl\":\"https:\\\/\\\/www.altominho.tv\\\/site\\\/wp-content\\\/uploads\\\/2023\\\/07\\\/GNR-Viana-do-Castelo-Apreensao-1.jpg\",\"width\":1042,\"height\":883},{\"@type\":\"BreadcrumbList\",\"@id\":\"https:\\\/\\\/www.altominho.tv\\\/site\\\/2023\\\/07\\\/21\\\/jovem-21-anos-detido-por-trafico-drogas-em-caminha\\\/#breadcrumb\",\"itemListElement\":[{\"@type\":\"ListItem\",\"position\":1,\"name\":\"In\u00edcio\",\"item\":\"https:\\\/\\\/www.altominho.tv\\\/site\\\/\"},{\"@type\":\"ListItem\",\"position\":2,\"name\":\"Jovem de 21 anos detido por tr\u00e1fico de drogas em Caminha\"}]},{\"@type\":\"WebSite\",\"@id\":\"https:\\\/\\\/www.altominho.tv\\\/site\\\/#website\",\"url\":\"https:\\\/\\\/www.altominho.tv\\\/site\\\/\",\"name\":\"Altominho.tv\",\"description\":\"A sua regi\u00e3o \u00e0 dist\u00e2ncia de um clique...\",\"potentialAction\":[{\"@type\":\"SearchAction\",\"target\":{\"@type\":\"EntryPoint\",\"urlTemplate\":\"https:\\\/\\\/www.altominho.tv\\\/site\\\/?s={search_term_string}\"},\"query-input\":{\"@type\":\"PropertyValueSpecification\",\"valueRequired\":true,\"valueName\":\"search_term_string\"}}],\"inLanguage\":\"pt-PT\"},{\"@type\":\"Person\",\"@id\":\"https:\\\/\\\/www.altominho.tv\\\/site\\\/#\\\/schema\\\/person\\\/4e536851627d7914baf3dac752b6af22\",\"name\":\"Altominho.tv\",\"image\":{\"@type\":\"ImageObject\",\"inLanguage\":\"pt-PT\",\"@id\":\"https:\\\/\\\/www.altominho.tv\\\/site\\\/wp-content\\\/uploads\\\/2019\\\/11\\\/Logo_Avatar_2-150x150.jpg\",\"url\":\"https:\\\/\\\/www.altominho.tv\\\/site\\\/wp-content\\\/uploads\\\/2019\\\/11\\\/Logo_Avatar_2-150x150.jpg\",\"contentUrl\":\"https:\\\/\\\/www.altominho.tv\\\/site\\\/wp-content\\\/uploads\\\/2019\\\/11\\\/Logo_Avatar_2-150x150.jpg\",\"caption\":\"Altominho.tv\"},\"url\":\"https:\\\/\\\/www.altominho.tv\\\/site\\\/author\\\/altominhotv-tecnico\\\/\"}]}<\/script>\n<!-- \/ Yoast SEO Premium plugin. -->","yoast_head_json":{"title":"Jovem de 21 anos detido por tr\u00e1fico de drogas em Caminha","description":"O Comando Territorial de Viana do Castelo, atrav\u00e9s do\u00a0Posto Territorial de\u00a0Caminha, no dia\u00a020\u00a0de\u00a0julho, deteve um jovem de 21\u00a0anos por tr\u00e1fico de estupefacientes, no concelho de\u00a0Caminha.","robots":{"index":"index","follow":"follow","max-snippet":"max-snippet:-1","max-image-preview":"max-image-preview:large","max-video-preview":"max-video-preview:-1"},"canonical":"https:\/\/www.altominho.tv\/site\/2023\/07\/21\/jovem-21-anos-detido-por-trafico-drogas-em-caminha\/","og_locale":"pt_PT","og_type":"article","og_title":"Jovem de 21 anos detido por tr\u00e1fico de drogas em Caminha","og_description":"O Comando Territorial de Viana do Castelo, atrav\u00e9s do\u00a0Posto Territorial de\u00a0Caminha, no dia\u00a020\u00a0de\u00a0julho, deteve um jovem de 21\u00a0anos por tr\u00e1fico de estupefacientes, no concelho de\u00a0Caminha.","og_url":"https:\/\/www.altominho.tv\/site\/2023\/07\/21\/jovem-21-anos-detido-por-trafico-drogas-em-caminha\/","og_site_name":"Altominho.tv","article_publisher":"https:\/\/www.facebook.com\/altominhotv","article_published_time":"2023-07-21T14:00:40+00:00","article_modified_time":"2023-07-21T14:10:21+00:00","og_image":[{"width":1042,"height":883,"url":"https:\/\/www.altominho.tv\/site\/wp-content\/uploads\/2023\/07\/GNR-Viana-do-Castelo-Apreensao-1.jpg","type":"image\/jpeg"}],"author":"Altominho.tv","twitter_card":"summary_large_image","twitter_creator":"@altominhoTV","twitter_site":"@altominhoTV","twitter_misc":{"Escrito por":"Altominho.tv","Tempo estimado de leitura":"1 minuto"},"schema":{"@context":"https:\/\/schema.org","@graph":[{"@type":"Article","@id":"https:\/\/www.altominho.tv\/site\/2023\/07\/21\/jovem-21-anos-detido-por-trafico-drogas-em-caminha\/#article","isPartOf":{"@id":"https:\/\/www.altominho.tv\/site\/2023\/07\/21\/jovem-21-anos-detido-por-trafico-drogas-em-caminha\/"},"author":{"name":"Altominho.tv","@id":"https:\/\/www.altominho.tv\/site\/#\/schema\/person\/4e536851627d7914baf3dac752b6af22"},"headline":"Jovem de 21 anos detido por tr\u00e1fico de drogas em Caminha","datePublished":"2023-07-21T14:00:40+00:00","dateModified":"2023-07-21T14:10:21+00:00","mainEntityOfPage":{"@id":"https:\/\/www.altominho.tv\/site\/2023\/07\/21\/jovem-21-anos-detido-por-trafico-drogas-em-caminha\/"},"wordCount":142,"image":{"@id":"https:\/\/www.altominho.tv\/site\/2023\/07\/21\/jovem-21-anos-detido-por-trafico-drogas-em-caminha\/#primaryimage"},"thumbnailUrl":"https:\/\/www.altominho.tv\/site\/wp-content\/uploads\/2023\/07\/GNR-Viana-do-Castelo-Apreensao-1.jpg","articleSection":["Caminha"],"inLanguage":"pt-PT","copyrightYear":"2023","copyrightHolder":{"@id":"https:\/\/www.altominho.tv\/site\/#organization"}},{"@type":"WebPage","@id":"https:\/\/www.altominho.tv\/site\/2023\/07\/21\/jovem-21-anos-detido-por-trafico-drogas-em-caminha\/","url":"https:\/\/www.altominho.tv\/site\/2023\/07\/21\/jovem-21-anos-detido-por-trafico-drogas-em-caminha\/","name":"Jovem de 21 anos detido por tr\u00e1fico de drogas em Caminha","isPartOf":{"@id":"https:\/\/www.altominho.tv\/site\/#website"},"primaryImageOfPage":{"@id":"https:\/\/www.altominho.tv\/site\/2023\/07\/21\/jovem-21-anos-detido-por-trafico-drogas-em-caminha\/#primaryimage"},"image":{"@id":"https:\/\/www.altominho.tv\/site\/2023\/07\/21\/jovem-21-anos-detido-por-trafico-drogas-em-caminha\/#primaryimage"},"thumbnailUrl":"https:\/\/www.altominho.tv\/site\/wp-content\/uploads\/2023\/07\/GNR-Viana-do-Castelo-Apreensao-1.jpg","datePublished":"2023-07-21T14:00:40+00:00","dateModified":"2023-07-21T14:10:21+00:00","author":{"@id":"https:\/\/www.altominho.tv\/site\/#\/schema\/person\/4e536851627d7914baf3dac752b6af22"},"description":"O Comando Territorial de Viana do Castelo, atrav\u00e9s do\u00a0Posto Territorial de\u00a0Caminha, no dia\u00a020\u00a0de\u00a0julho, deteve um jovem de 21\u00a0anos por tr\u00e1fico de estupefacientes, no concelho de\u00a0Caminha.","breadcrumb":{"@id":"https:\/\/www.altominho.tv\/site\/2023\/07\/21\/jovem-21-anos-detido-por-trafico-drogas-em-caminha\/#breadcrumb"},"inLanguage":"pt-PT","potentialAction":[{"@type":"ReadAction","target":["https:\/\/www.altominho.tv\/site\/2023\/07\/21\/jovem-21-anos-detido-por-trafico-drogas-em-caminha\/"]}]},{"@type":"ImageObject","inLanguage":"pt-PT","@id":"https:\/\/www.altominho.tv\/site\/2023\/07\/21\/jovem-21-anos-detido-por-trafico-drogas-em-caminha\/#primaryimage","url":"https:\/\/www.altominho.tv\/site\/wp-content\/uploads\/2023\/07\/GNR-Viana-do-Castelo-Apreensao-1.jpg","contentUrl":"https:\/\/www.altominho.tv\/site\/wp-content\/uploads\/2023\/07\/GNR-Viana-do-Castelo-Apreensao-1.jpg","width":1042,"height":883},{"@type":"BreadcrumbList","@id":"https:\/\/www.altominho.tv\/site\/2023\/07\/21\/jovem-21-anos-detido-por-trafico-drogas-em-caminha\/#breadcrumb","itemListElement":[{"@type":"ListItem","position":1,"name":"In\u00edcio","item":"https:\/\/www.altominho.tv\/site\/"},{"@type":"ListItem","position":2,"name":"Jovem de 21 anos detido por tr\u00e1fico de drogas em Caminha"}]},{"@type":"WebSite","@id":"https:\/\/www.altominho.tv\/site\/#website","url":"https:\/\/www.altominho.tv\/site\/","name":"Altominho.tv","description":"A sua regi\u00e3o \u00e0 dist\u00e2ncia de um clique...","potentialAction":[{"@type":"SearchAction","target":{"@type":"EntryPoint","urlTemplate":"https:\/\/www.altominho.tv\/site\/?s={search_term_string}"},"query-input":{"@type":"PropertyValueSpecification","valueRequired":true,"valueName":"search_term_string"}}],"inLanguage":"pt-PT"},{"@type":"Person","@id":"https:\/\/www.altominho.tv\/site\/#\/schema\/person\/4e536851627d7914baf3dac752b6af22","name":"Altominho.tv","image":{"@type":"ImageObject","inLanguage":"pt-PT","@id":"https:\/\/www.altominho.tv\/site\/wp-content\/uploads\/2019\/11\/Logo_Avatar_2-150x150.jpg","url":"https:\/\/www.altominho.tv\/site\/wp-content\/uploads\/2019\/11\/Logo_Avatar_2-150x150.jpg","contentUrl":"https:\/\/www.altominho.tv\/site\/wp-content\/uploads\/2019\/11\/Logo_Avatar_2-150x150.jpg","caption":"Altominho.tv"},"url":"https:\/\/www.altominho.tv\/site\/author\/altominhotv-tecnico\/"}]}},"_links":{"self":[{"href":"https:\/\/www.altominho.tv\/site\/wp-json\/wp\/v2\/posts\/94662","targetHints":{"allow":["GET"]}}],"collection":[{"href":"https:\/\/www.altominho.tv\/site\/wp-json\/wp\/v2\/posts"}],"about":[{"href":"https:\/\/www.altominho.tv\/site\/wp-json\/wp\/v2\/types\/post"}],"author":[{"embeddable":true,"href":"https:\/\/www.altominho.tv\/site\/wp-json\/wp\/v2\/users\/1"}],"replies":[{"embeddable":true,"href":"https:\/\/www.altominho.tv\/site\/wp-json\/wp\/v2\/comments?post=94662"}],"version-history":[{"count":4,"href":"https:\/\/www.altominho.tv\/site\/wp-json\/wp\/v2\/posts\/94662\/revisions"}],"predecessor-version":[{"id":94668,"href":"https:\/\/www.altominho.tv\/site\/wp-json\/wp\/v2\/posts\/94662\/revisions\/94668"}],"wp:featuredmedia":[{"embeddable":true,"href":"https:\/\/www.altominho.tv\/site\/wp-json\/wp\/v2\/media\/94663"}],"wp:attachment":[{"href":"https:\/\/www.altominho.tv\/site\/wp-json\/wp\/v2\/media?parent=94662"}],"wp:term":[{"taxonomy":"category","embeddable":true,"href":"https:\/\/www.altominho.tv\/site\/wp-json\/wp\/v2\/categories?post=94662"},{"taxonomy":"post_tag","embeddable":true,"href":"https:\/\/www.altominho.tv\/site\/wp-json\/wp\/v2\/tags?post=94662"}],"curies":[{"name":"wp","href":"https:\/\/api.w.org\/{rel}","templated":true}]}}