{"id":94650,"date":"2023-07-21T12:17:34","date_gmt":"2023-07-21T11:17:34","guid":{"rendered":"https:\/\/www.altominho.tv\/site\/?p=94650"},"modified":"2023-07-21T12:17:39","modified_gmt":"2023-07-21T11:17:39","slug":"camara-caminha-vai-investir-430-mil-euros-transportes-escolar-proximo-ano-letivo","status":"publish","type":"post","link":"https:\/\/www.altominho.tv\/site\/2023\/07\/21\/camara-caminha-vai-investir-430-mil-euros-transportes-escolar-proximo-ano-letivo\/","title":{"rendered":"C\u00e2mara de Caminha vai investir 430 mil euros em transportes escolares no pr\u00f3ximo ano letivo"},"content":{"rendered":"<p>O munic\u00edpio de Caminha, segundo o Plano de Transportes Escolares, vai assegurar o transporte escolar a 800 alunos no ano letivo 2023\/2024, o que implica um investimento de 430 mil euros. A proposta foi aprovada na \u00faltima reuni\u00e3o do executivo.<\/p>\n<p>O Plano de Transportes Escolares constitui &#8220;o instrumento de gest\u00e3o por excel\u00eancia desta atividade e tem como objetivo potencializar os recursos existentes, procurando criar solu\u00e7\u00f5es cada vez mais ajustadas \u00e0s necessidades e realidades do Munic\u00edpio de Caminha&#8221;, revelou a autarquia em comunicado.<\/p>\n<p>O documento define &#8220;os circuitos necess\u00e1rios ao transporte dos alunos, o modo como ir\u00e3o ser executadas e o n\u00famero de alunos a transportar&#8221;.<\/p>\n<p>Assim, de acordo com o documento, no pr\u00f3ximo ano &#8220;est\u00e1 previsto transportar 800 alunos dos diferentes ciclos de ensino (pr\u00e9-escolar, 1\u00ba, 2\u00ba, 3\u00ba ciclos e secund\u00e1rio), o que significa que implica uma despesa previsional de 430 mil euros&#8221;.<\/p>\n<p>Os transportes escolares ser\u00e3o assegurados &#8220;maioritariamente pelas carreiras p\u00fablicas regulares em funcionamento&#8221;, na \u00e1rea do munic\u00edpio. S\u00e3o igualmente assegurados pela Uni\u00e3o de Freguesias, Juntas de Freguesia e Associa\u00e7\u00f5es, &#8220;enquanto entidades parceiras e mediante a atribui\u00e7\u00e3o de verbas correspondentes&#8221;, o transporte aos alunos que vivem a mais de tr\u00eas quil\u00f3metros do estabelecimento de ensino.<\/p>\n","protected":false},"excerpt":{"rendered":"<p>O munic\u00edpio de Caminha, segundo o Plano de Transportes Escolares, vai assegurar o transporte escolar a 800 alunos no ano letivo 2023\/2024, o que implica um investimento de 430 mil euros. A proposta foi aprovada na \u00faltima reuni\u00e3o do executivo. O Plano de Transportes Escolares constitui &#8220;o instrumento de gest\u00e3o por excel\u00eancia desta atividade e [&hellip;]<\/p>\n","protected":false},"author":29,"featured_media":94651,"comment_status":"closed","ping_status":"closed","sticky":false,"template":"","format":"standard","meta":{"_exactmetrics_skip_tracking":false,"_exactmetrics_sitenote_active":false,"_exactmetrics_sitenote_note":"","_exactmetrics_sitenote_category":0,"footnotes":""},"categories":[7],"tags":[27],"class_list":["post-94650","post","type-post","status-publish","format-standard","has-post-thumbnail","hentry","category-caminha","tag-sociedade"],"yoast_head":"<!-- This site is optimized with the Yoast SEO Premium plugin v27.4 (Yoast SEO v27.4) - https:\/\/yoast.com\/product\/yoast-seo-premium-wordpress\/ -->\n<title>C\u00e2mara de Caminha vai investir 430 mil euros em transportes escolares no pr\u00f3ximo ano letivo<\/title>\n<meta name=\"description\" content=\"O munic\u00edpio de Caminha, segundo o Plano de Transportes Escolares, vai assegurar o transporte escolar a 800 alunos no ano letivo 2023\/2024, o que implica um investimento de 430 mil euros. A proposta foi aprovada na \u00faltima reuni\u00e3o do executivo.\" \/>\n<meta name=\"robots\" content=\"index, follow, max-snippet:-1, max-image-preview:large, max-video-preview:-1\" \/>\n<link rel=\"canonical\" href=\"https:\/\/www.altominho.tv\/site\/2023\/07\/21\/camara-caminha-vai-investir-430-mil-euros-transportes-escolar-proximo-ano-letivo\/\" \/>\n<meta property=\"og:locale\" content=\"pt_PT\" \/>\n<meta property=\"og:type\" content=\"article\" \/>\n<meta property=\"og:title\" content=\"C\u00e2mara de Caminha vai investir 430 mil euros em transportes escolares no pr\u00f3ximo ano letivo\" \/>\n<meta property=\"og:description\" content=\"O munic\u00edpio de Caminha, segundo o Plano de Transportes Escolares, vai assegurar o transporte escolar a 800 alunos no ano letivo 2023\/2024, o que implica um investimento de 430 mil euros. A proposta foi aprovada na \u00faltima reuni\u00e3o do executivo.\" \/>\n<meta property=\"og:url\" content=\"https:\/\/www.altominho.tv\/site\/2023\/07\/21\/camara-caminha-vai-investir-430-mil-euros-transportes-escolar-proximo-ano-letivo\/\" \/>\n<meta property=\"og:site_name\" content=\"Altominho.tv\" \/>\n<meta property=\"article:publisher\" content=\"https:\/\/www.facebook.com\/altominhotv\" \/>\n<meta property=\"article:published_time\" content=\"2023-07-21T11:17:34+00:00\" \/>\n<meta property=\"article:modified_time\" content=\"2023-07-21T11:17:39+00:00\" \/>\n<meta property=\"og:image\" content=\"https:\/\/www.altominho.tv\/site\/wp-content\/uploads\/2023\/07\/Transportes-Escolares.jpg\" \/>\n\t<meta property=\"og:image:width\" content=\"1200\" \/>\n\t<meta property=\"og:image:height\" content=\"630\" \/>\n\t<meta property=\"og:image:type\" content=\"image\/jpeg\" \/>\n<meta name=\"author\" content=\"Juliana Soares\" \/>\n<meta name=\"twitter:card\" content=\"summary_large_image\" \/>\n<meta name=\"twitter:creator\" content=\"@altominhoTV\" \/>\n<meta name=\"twitter:site\" content=\"@altominhoTV\" \/>\n<meta name=\"twitter:label1\" content=\"Escrito por\" \/>\n\t<meta name=\"twitter:data1\" content=\"Juliana Soares\" \/>\n\t<meta name=\"twitter:label2\" content=\"Tempo estimado de leitura\" \/>\n\t<meta name=\"twitter:data2\" content=\"2 minutos\" \/>\n<script type=\"application\/ld+json\" class=\"yoast-schema-graph\">{\"@context\":\"https:\\\/\\\/schema.org\",\"@graph\":[{\"@type\":\"Article\",\"@id\":\"https:\\\/\\\/www.altominho.tv\\\/site\\\/2023\\\/07\\\/21\\\/camara-caminha-vai-investir-430-mil-euros-transportes-escolar-proximo-ano-letivo\\\/#article\",\"isPartOf\":{\"@id\":\"https:\\\/\\\/www.altominho.tv\\\/site\\\/2023\\\/07\\\/21\\\/camara-caminha-vai-investir-430-mil-euros-transportes-escolar-proximo-ano-letivo\\\/\"},\"author\":{\"name\":\"Juliana Soares\",\"@id\":\"https:\\\/\\\/www.altominho.tv\\\/site\\\/#\\\/schema\\\/person\\\/fd922cf16ebbbd1fff2019e656be940c\"},\"headline\":\"C\u00e2mara de Caminha vai investir 430 mil euros em transportes escolares no pr\u00f3ximo ano letivo\",\"datePublished\":\"2023-07-21T11:17:34+00:00\",\"dateModified\":\"2023-07-21T11:17:39+00:00\",\"mainEntityOfPage\":{\"@id\":\"https:\\\/\\\/www.altominho.tv\\\/site\\\/2023\\\/07\\\/21\\\/camara-caminha-vai-investir-430-mil-euros-transportes-escolar-proximo-ano-letivo\\\/\"},\"wordCount\":225,\"image\":{\"@id\":\"https:\\\/\\\/www.altominho.tv\\\/site\\\/2023\\\/07\\\/21\\\/camara-caminha-vai-investir-430-mil-euros-transportes-escolar-proximo-ano-letivo\\\/#primaryimage\"},\"thumbnailUrl\":\"https:\\\/\\\/www.altominho.tv\\\/site\\\/wp-content\\\/uploads\\\/2023\\\/07\\\/Transportes-Escolares.jpg\",\"keywords\":[\"Sociedade\"],\"articleSection\":[\"Caminha\"],\"inLanguage\":\"pt-PT\",\"copyrightYear\":\"2023\",\"copyrightHolder\":{\"@id\":\"https:\\\/\\\/www.altominho.tv\\\/site\\\/#organization\"}},{\"@type\":\"WebPage\",\"@id\":\"https:\\\/\\\/www.altominho.tv\\\/site\\\/2023\\\/07\\\/21\\\/camara-caminha-vai-investir-430-mil-euros-transportes-escolar-proximo-ano-letivo\\\/\",\"url\":\"https:\\\/\\\/www.altominho.tv\\\/site\\\/2023\\\/07\\\/21\\\/camara-caminha-vai-investir-430-mil-euros-transportes-escolar-proximo-ano-letivo\\\/\",\"name\":\"C\u00e2mara de Caminha vai investir 430 mil euros em transportes escolares no pr\u00f3ximo ano letivo\",\"isPartOf\":{\"@id\":\"https:\\\/\\\/www.altominho.tv\\\/site\\\/#website\"},\"primaryImageOfPage\":{\"@id\":\"https:\\\/\\\/www.altominho.tv\\\/site\\\/2023\\\/07\\\/21\\\/camara-caminha-vai-investir-430-mil-euros-transportes-escolar-proximo-ano-letivo\\\/#primaryimage\"},\"image\":{\"@id\":\"https:\\\/\\\/www.altominho.tv\\\/site\\\/2023\\\/07\\\/21\\\/camara-caminha-vai-investir-430-mil-euros-transportes-escolar-proximo-ano-letivo\\\/#primaryimage\"},\"thumbnailUrl\":\"https:\\\/\\\/www.altominho.tv\\\/site\\\/wp-content\\\/uploads\\\/2023\\\/07\\\/Transportes-Escolares.jpg\",\"datePublished\":\"2023-07-21T11:17:34+00:00\",\"dateModified\":\"2023-07-21T11:17:39+00:00\",\"author\":{\"@id\":\"https:\\\/\\\/www.altominho.tv\\\/site\\\/#\\\/schema\\\/person\\\/fd922cf16ebbbd1fff2019e656be940c\"},\"description\":\"O munic\u00edpio de Caminha, segundo o Plano de Transportes Escolares, vai assegurar o transporte escolar a 800 alunos no ano letivo 2023\\\/2024, o que implica um investimento de 430 mil euros. A proposta foi aprovada na \u00faltima reuni\u00e3o do executivo.\",\"breadcrumb\":{\"@id\":\"https:\\\/\\\/www.altominho.tv\\\/site\\\/2023\\\/07\\\/21\\\/camara-caminha-vai-investir-430-mil-euros-transportes-escolar-proximo-ano-letivo\\\/#breadcrumb\"},\"inLanguage\":\"pt-PT\",\"potentialAction\":[{\"@type\":\"ReadAction\",\"target\":[\"https:\\\/\\\/www.altominho.tv\\\/site\\\/2023\\\/07\\\/21\\\/camara-caminha-vai-investir-430-mil-euros-transportes-escolar-proximo-ano-letivo\\\/\"]}]},{\"@type\":\"ImageObject\",\"inLanguage\":\"pt-PT\",\"@id\":\"https:\\\/\\\/www.altominho.tv\\\/site\\\/2023\\\/07\\\/21\\\/camara-caminha-vai-investir-430-mil-euros-transportes-escolar-proximo-ano-letivo\\\/#primaryimage\",\"url\":\"https:\\\/\\\/www.altominho.tv\\\/site\\\/wp-content\\\/uploads\\\/2023\\\/07\\\/Transportes-Escolares.jpg\",\"contentUrl\":\"https:\\\/\\\/www.altominho.tv\\\/site\\\/wp-content\\\/uploads\\\/2023\\\/07\\\/Transportes-Escolares.jpg\",\"width\":1200,\"height\":630},{\"@type\":\"BreadcrumbList\",\"@id\":\"https:\\\/\\\/www.altominho.tv\\\/site\\\/2023\\\/07\\\/21\\\/camara-caminha-vai-investir-430-mil-euros-transportes-escolar-proximo-ano-letivo\\\/#breadcrumb\",\"itemListElement\":[{\"@type\":\"ListItem\",\"position\":1,\"name\":\"In\u00edcio\",\"item\":\"https:\\\/\\\/www.altominho.tv\\\/site\\\/\"},{\"@type\":\"ListItem\",\"position\":2,\"name\":\"C\u00e2mara de Caminha vai investir 430 mil euros em transportes escolares no pr\u00f3ximo ano letivo\"}]},{\"@type\":\"WebSite\",\"@id\":\"https:\\\/\\\/www.altominho.tv\\\/site\\\/#website\",\"url\":\"https:\\\/\\\/www.altominho.tv\\\/site\\\/\",\"name\":\"Altominho.tv\",\"description\":\"A sua regi\u00e3o \u00e0 dist\u00e2ncia de um clique...\",\"potentialAction\":[{\"@type\":\"SearchAction\",\"target\":{\"@type\":\"EntryPoint\",\"urlTemplate\":\"https:\\\/\\\/www.altominho.tv\\\/site\\\/?s={search_term_string}\"},\"query-input\":{\"@type\":\"PropertyValueSpecification\",\"valueRequired\":true,\"valueName\":\"search_term_string\"}}],\"inLanguage\":\"pt-PT\"},{\"@type\":\"Person\",\"@id\":\"https:\\\/\\\/www.altominho.tv\\\/site\\\/#\\\/schema\\\/person\\\/fd922cf16ebbbd1fff2019e656be940c\",\"name\":\"Juliana Soares\",\"image\":{\"@type\":\"ImageObject\",\"inLanguage\":\"pt-PT\",\"@id\":\"https:\\\/\\\/www.altominho.tv\\\/site\\\/wp-content\\\/uploads\\\/2023\\\/07\\\/Foto_Juliana-150x150.jpg\",\"url\":\"https:\\\/\\\/www.altominho.tv\\\/site\\\/wp-content\\\/uploads\\\/2023\\\/07\\\/Foto_Juliana-150x150.jpg\",\"contentUrl\":\"https:\\\/\\\/www.altominho.tv\\\/site\\\/wp-content\\\/uploads\\\/2023\\\/07\\\/Foto_Juliana-150x150.jpg\",\"caption\":\"Juliana Soares\"},\"url\":\"https:\\\/\\\/www.altominho.tv\\\/site\\\/author\\\/julianasoares\\\/\"}]}<\/script>\n<!-- \/ Yoast SEO Premium plugin. -->","yoast_head_json":{"title":"C\u00e2mara de Caminha vai investir 430 mil euros em transportes escolares no pr\u00f3ximo ano letivo","description":"O munic\u00edpio de Caminha, segundo o Plano de Transportes Escolares, vai assegurar o transporte escolar a 800 alunos no ano letivo 2023\/2024, o que implica um investimento de 430 mil euros. A proposta foi aprovada na \u00faltima reuni\u00e3o do executivo.","robots":{"index":"index","follow":"follow","max-snippet":"max-snippet:-1","max-image-preview":"max-image-preview:large","max-video-preview":"max-video-preview:-1"},"canonical":"https:\/\/www.altominho.tv\/site\/2023\/07\/21\/camara-caminha-vai-investir-430-mil-euros-transportes-escolar-proximo-ano-letivo\/","og_locale":"pt_PT","og_type":"article","og_title":"C\u00e2mara de Caminha vai investir 430 mil euros em transportes escolares no pr\u00f3ximo ano letivo","og_description":"O munic\u00edpio de Caminha, segundo o Plano de Transportes Escolares, vai assegurar o transporte escolar a 800 alunos no ano letivo 2023\/2024, o que implica um investimento de 430 mil euros. A proposta foi aprovada na \u00faltima reuni\u00e3o do executivo.","og_url":"https:\/\/www.altominho.tv\/site\/2023\/07\/21\/camara-caminha-vai-investir-430-mil-euros-transportes-escolar-proximo-ano-letivo\/","og_site_name":"Altominho.tv","article_publisher":"https:\/\/www.facebook.com\/altominhotv","article_published_time":"2023-07-21T11:17:34+00:00","article_modified_time":"2023-07-21T11:17:39+00:00","og_image":[{"width":1200,"height":630,"url":"https:\/\/www.altominho.tv\/site\/wp-content\/uploads\/2023\/07\/Transportes-Escolares.jpg","type":"image\/jpeg"}],"author":"Juliana Soares","twitter_card":"summary_large_image","twitter_creator":"@altominhoTV","twitter_site":"@altominhoTV","twitter_misc":{"Escrito por":"Juliana Soares","Tempo estimado de leitura":"2 minutos"},"schema":{"@context":"https:\/\/schema.org","@graph":[{"@type":"Article","@id":"https:\/\/www.altominho.tv\/site\/2023\/07\/21\/camara-caminha-vai-investir-430-mil-euros-transportes-escolar-proximo-ano-letivo\/#article","isPartOf":{"@id":"https:\/\/www.altominho.tv\/site\/2023\/07\/21\/camara-caminha-vai-investir-430-mil-euros-transportes-escolar-proximo-ano-letivo\/"},"author":{"name":"Juliana Soares","@id":"https:\/\/www.altominho.tv\/site\/#\/schema\/person\/fd922cf16ebbbd1fff2019e656be940c"},"headline":"C\u00e2mara de Caminha vai investir 430 mil euros em transportes escolares no pr\u00f3ximo ano letivo","datePublished":"2023-07-21T11:17:34+00:00","dateModified":"2023-07-21T11:17:39+00:00","mainEntityOfPage":{"@id":"https:\/\/www.altominho.tv\/site\/2023\/07\/21\/camara-caminha-vai-investir-430-mil-euros-transportes-escolar-proximo-ano-letivo\/"},"wordCount":225,"image":{"@id":"https:\/\/www.altominho.tv\/site\/2023\/07\/21\/camara-caminha-vai-investir-430-mil-euros-transportes-escolar-proximo-ano-letivo\/#primaryimage"},"thumbnailUrl":"https:\/\/www.altominho.tv\/site\/wp-content\/uploads\/2023\/07\/Transportes-Escolares.jpg","keywords":["Sociedade"],"articleSection":["Caminha"],"inLanguage":"pt-PT","copyrightYear":"2023","copyrightHolder":{"@id":"https:\/\/www.altominho.tv\/site\/#organization"}},{"@type":"WebPage","@id":"https:\/\/www.altominho.tv\/site\/2023\/07\/21\/camara-caminha-vai-investir-430-mil-euros-transportes-escolar-proximo-ano-letivo\/","url":"https:\/\/www.altominho.tv\/site\/2023\/07\/21\/camara-caminha-vai-investir-430-mil-euros-transportes-escolar-proximo-ano-letivo\/","name":"C\u00e2mara de Caminha vai investir 430 mil euros em transportes escolares no pr\u00f3ximo ano letivo","isPartOf":{"@id":"https:\/\/www.altominho.tv\/site\/#website"},"primaryImageOfPage":{"@id":"https:\/\/www.altominho.tv\/site\/2023\/07\/21\/camara-caminha-vai-investir-430-mil-euros-transportes-escolar-proximo-ano-letivo\/#primaryimage"},"image":{"@id":"https:\/\/www.altominho.tv\/site\/2023\/07\/21\/camara-caminha-vai-investir-430-mil-euros-transportes-escolar-proximo-ano-letivo\/#primaryimage"},"thumbnailUrl":"https:\/\/www.altominho.tv\/site\/wp-content\/uploads\/2023\/07\/Transportes-Escolares.jpg","datePublished":"2023-07-21T11:17:34+00:00","dateModified":"2023-07-21T11:17:39+00:00","author":{"@id":"https:\/\/www.altominho.tv\/site\/#\/schema\/person\/fd922cf16ebbbd1fff2019e656be940c"},"description":"O munic\u00edpio de Caminha, segundo o Plano de Transportes Escolares, vai assegurar o transporte escolar a 800 alunos no ano letivo 2023\/2024, o que implica um investimento de 430 mil euros. A proposta foi aprovada na \u00faltima reuni\u00e3o do executivo.","breadcrumb":{"@id":"https:\/\/www.altominho.tv\/site\/2023\/07\/21\/camara-caminha-vai-investir-430-mil-euros-transportes-escolar-proximo-ano-letivo\/#breadcrumb"},"inLanguage":"pt-PT","potentialAction":[{"@type":"ReadAction","target":["https:\/\/www.altominho.tv\/site\/2023\/07\/21\/camara-caminha-vai-investir-430-mil-euros-transportes-escolar-proximo-ano-letivo\/"]}]},{"@type":"ImageObject","inLanguage":"pt-PT","@id":"https:\/\/www.altominho.tv\/site\/2023\/07\/21\/camara-caminha-vai-investir-430-mil-euros-transportes-escolar-proximo-ano-letivo\/#primaryimage","url":"https:\/\/www.altominho.tv\/site\/wp-content\/uploads\/2023\/07\/Transportes-Escolares.jpg","contentUrl":"https:\/\/www.altominho.tv\/site\/wp-content\/uploads\/2023\/07\/Transportes-Escolares.jpg","width":1200,"height":630},{"@type":"BreadcrumbList","@id":"https:\/\/www.altominho.tv\/site\/2023\/07\/21\/camara-caminha-vai-investir-430-mil-euros-transportes-escolar-proximo-ano-letivo\/#breadcrumb","itemListElement":[{"@type":"ListItem","position":1,"name":"In\u00edcio","item":"https:\/\/www.altominho.tv\/site\/"},{"@type":"ListItem","position":2,"name":"C\u00e2mara de Caminha vai investir 430 mil euros em transportes escolares no pr\u00f3ximo ano letivo"}]},{"@type":"WebSite","@id":"https:\/\/www.altominho.tv\/site\/#website","url":"https:\/\/www.altominho.tv\/site\/","name":"Altominho.tv","description":"A sua regi\u00e3o \u00e0 dist\u00e2ncia de um clique...","potentialAction":[{"@type":"SearchAction","target":{"@type":"EntryPoint","urlTemplate":"https:\/\/www.altominho.tv\/site\/?s={search_term_string}"},"query-input":{"@type":"PropertyValueSpecification","valueRequired":true,"valueName":"search_term_string"}}],"inLanguage":"pt-PT"},{"@type":"Person","@id":"https:\/\/www.altominho.tv\/site\/#\/schema\/person\/fd922cf16ebbbd1fff2019e656be940c","name":"Juliana Soares","image":{"@type":"ImageObject","inLanguage":"pt-PT","@id":"https:\/\/www.altominho.tv\/site\/wp-content\/uploads\/2023\/07\/Foto_Juliana-150x150.jpg","url":"https:\/\/www.altominho.tv\/site\/wp-content\/uploads\/2023\/07\/Foto_Juliana-150x150.jpg","contentUrl":"https:\/\/www.altominho.tv\/site\/wp-content\/uploads\/2023\/07\/Foto_Juliana-150x150.jpg","caption":"Juliana Soares"},"url":"https:\/\/www.altominho.tv\/site\/author\/julianasoares\/"}]}},"_links":{"self":[{"href":"https:\/\/www.altominho.tv\/site\/wp-json\/wp\/v2\/posts\/94650","targetHints":{"allow":["GET"]}}],"collection":[{"href":"https:\/\/www.altominho.tv\/site\/wp-json\/wp\/v2\/posts"}],"about":[{"href":"https:\/\/www.altominho.tv\/site\/wp-json\/wp\/v2\/types\/post"}],"author":[{"embeddable":true,"href":"https:\/\/www.altominho.tv\/site\/wp-json\/wp\/v2\/users\/29"}],"replies":[{"embeddable":true,"href":"https:\/\/www.altominho.tv\/site\/wp-json\/wp\/v2\/comments?post=94650"}],"version-history":[{"count":1,"href":"https:\/\/www.altominho.tv\/site\/wp-json\/wp\/v2\/posts\/94650\/revisions"}],"predecessor-version":[{"id":94652,"href":"https:\/\/www.altominho.tv\/site\/wp-json\/wp\/v2\/posts\/94650\/revisions\/94652"}],"wp:featuredmedia":[{"embeddable":true,"href":"https:\/\/www.altominho.tv\/site\/wp-json\/wp\/v2\/media\/94651"}],"wp:attachment":[{"href":"https:\/\/www.altominho.tv\/site\/wp-json\/wp\/v2\/media?parent=94650"}],"wp:term":[{"taxonomy":"category","embeddable":true,"href":"https:\/\/www.altominho.tv\/site\/wp-json\/wp\/v2\/categories?post=94650"},{"taxonomy":"post_tag","embeddable":true,"href":"https:\/\/www.altominho.tv\/site\/wp-json\/wp\/v2\/tags?post=94650"}],"curies":[{"name":"wp","href":"https:\/\/api.w.org\/{rel}","templated":true}]}}