{"id":94628,"date":"2023-07-21T10:08:58","date_gmt":"2023-07-21T09:08:58","guid":{"rendered":"https:\/\/www.altominho.tv\/site\/?p=94628"},"modified":"2023-07-21T10:09:02","modified_gmt":"2023-07-21T09:09:02","slug":"caminha-regressa-idade-media-26-a-30-julho","status":"publish","type":"post","link":"https:\/\/www.altominho.tv\/site\/2023\/07\/21\/caminha-regressa-idade-media-26-a-30-julho\/","title":{"rendered":"Caminha regressa \u00e0 Idade M\u00e9dia de 26 a 30 de julho"},"content":{"rendered":"<p>O munic\u00edpio de Caminha vai realizar, de 26 a 30 de julho, mais uma edi\u00e7\u00e3o da &#8220;Caminha Medieval&#8221; que, este ano, est\u00e1 subordinada ao tema &#8220;El Rey D.Dinis&#8221;.<\/p>\n<p>&#8220;No centro hist\u00f3rico da vila j\u00e1 se trabalha para que na pr\u00f3xima quarta-feira, dia 26 de julho, as ruas estejam decoradas para acolherem mais uma edi\u00e7\u00e3o daquela que j\u00e1 \u00e9 uma refer\u00eancia no panorama das Feira Medievais&#8221;, deu nota a autarquia.<\/p>\n<p>O mercado medieval vai ser &#8220;atrativo, composto por mercadores, taberneiros e artes\u00e3os&#8221;. O visitante vai encontrar &#8220;os mais variados petiscos medievais, produtos arom\u00e1ticos, bijuteria, artesanato, couro, bras\u00f5es de fam\u00edlia, brinquedos medievais, entre muitos outros artigos.<\/p>\n<p>Durante os cinco dias, a programa\u00e7\u00e3o \u00e9 variada e contar\u00e1 com espet\u00e1culos de fogo, teatro de rua, aves, acampamento civil e militar, oficinas e jogos para os mais novos, entre outros espet\u00e1culos.<\/p>\n<p>Nos pr\u00f3ximos dias, o munic\u00edpio de Caminha anunciar\u00e1 o programa completo.<\/p>\n","protected":false},"excerpt":{"rendered":"<p>O munic\u00edpio de Caminha vai realizar, de 26 a 30 de julho, mais uma edi\u00e7\u00e3o da &#8220;Caminha Medieval&#8221; que, este ano, est\u00e1 subordinada ao tema &#8220;El Rey D.Dinis&#8221;. &#8220;No centro hist\u00f3rico da vila j\u00e1 se trabalha para que na pr\u00f3xima quarta-feira, dia 26 de julho, as ruas estejam decoradas para acolherem mais uma edi\u00e7\u00e3o daquela [&hellip;]<\/p>\n","protected":false},"author":1,"featured_media":94631,"comment_status":"closed","ping_status":"closed","sticky":false,"template":"","format":"standard","meta":{"_exactmetrics_skip_tracking":false,"_exactmetrics_sitenote_active":false,"_exactmetrics_sitenote_note":"","_exactmetrics_sitenote_category":0,"footnotes":""},"categories":[7],"tags":[19,24,27],"class_list":["post-94628","post","type-post","status-publish","format-standard","has-post-thumbnail","hentry","category-caminha","tag-cultura","tag-lazer","tag-sociedade"],"yoast_head":"<!-- This site is optimized with the Yoast SEO Premium plugin v27.5 (Yoast SEO v27.5) - https:\/\/yoast.com\/product\/yoast-seo-premium-wordpress\/ -->\n<title>Caminha regressa \u00e0 Idade M\u00e9dia de 26 a 30 de julho<\/title>\n<meta name=\"description\" content=\"O munic\u00edpio de Caminha vai realizar, de 26 a 30 de julho, mais uma edi\u00e7\u00e3o da &quot;Caminha Medieval&quot; que, este ano, est\u00e1 subordinada ao tema &quot;El Rey D.Dinis&quot;.\" \/>\n<meta name=\"robots\" content=\"index, follow, max-snippet:-1, max-image-preview:large, max-video-preview:-1\" \/>\n<link rel=\"canonical\" href=\"https:\/\/www.altominho.tv\/site\/2023\/07\/21\/caminha-regressa-idade-media-26-a-30-julho\/\" \/>\n<meta property=\"og:locale\" content=\"pt_PT\" \/>\n<meta property=\"og:type\" content=\"article\" \/>\n<meta property=\"og:title\" content=\"Caminha regressa \u00e0 Idade M\u00e9dia de 26 a 30 de julho\" \/>\n<meta property=\"og:description\" content=\"O munic\u00edpio de Caminha vai realizar, de 26 a 30 de julho, mais uma edi\u00e7\u00e3o da &quot;Caminha Medieval&quot; que, este ano, est\u00e1 subordinada ao tema &quot;El Rey D.Dinis&quot;.\" \/>\n<meta property=\"og:url\" content=\"https:\/\/www.altominho.tv\/site\/2023\/07\/21\/caminha-regressa-idade-media-26-a-30-julho\/\" \/>\n<meta property=\"og:site_name\" content=\"Altominho.tv\" \/>\n<meta property=\"article:publisher\" content=\"https:\/\/www.facebook.com\/altominhotv\" \/>\n<meta property=\"article:published_time\" content=\"2023-07-21T09:08:58+00:00\" \/>\n<meta property=\"article:modified_time\" content=\"2023-07-21T09:09:02+00:00\" \/>\n<meta property=\"og:image\" content=\"https:\/\/www.altominho.tv\/site\/wp-content\/uploads\/2023\/07\/IMG-20230721-WA0000.jpg\" \/>\n\t<meta property=\"og:image:width\" content=\"2040\" \/>\n\t<meta property=\"og:image:height\" content=\"1536\" \/>\n\t<meta property=\"og:image:type\" content=\"image\/jpeg\" \/>\n<meta name=\"author\" content=\"Altominho.tv\" \/>\n<meta name=\"twitter:card\" content=\"summary_large_image\" \/>\n<meta name=\"twitter:creator\" content=\"@altominhoTV\" \/>\n<meta name=\"twitter:site\" content=\"@altominhoTV\" \/>\n<meta name=\"twitter:label1\" content=\"Escrito por\" \/>\n\t<meta name=\"twitter:data1\" content=\"Altominho.tv\" \/>\n\t<meta name=\"twitter:label2\" content=\"Tempo estimado de leitura\" \/>\n\t<meta name=\"twitter:data2\" content=\"1 minuto\" \/>\n<script type=\"application\/ld+json\" class=\"yoast-schema-graph\">{\"@context\":\"https:\\\/\\\/schema.org\",\"@graph\":[{\"@type\":\"Article\",\"@id\":\"https:\\\/\\\/www.altominho.tv\\\/site\\\/2023\\\/07\\\/21\\\/caminha-regressa-idade-media-26-a-30-julho\\\/#article\",\"isPartOf\":{\"@id\":\"https:\\\/\\\/www.altominho.tv\\\/site\\\/2023\\\/07\\\/21\\\/caminha-regressa-idade-media-26-a-30-julho\\\/\"},\"author\":{\"name\":\"Altominho.tv\",\"@id\":\"https:\\\/\\\/www.altominho.tv\\\/site\\\/#\\\/schema\\\/person\\\/4e536851627d7914baf3dac752b6af22\"},\"headline\":\"Caminha regressa \u00e0 Idade M\u00e9dia de 26 a 30 de julho\",\"datePublished\":\"2023-07-21T09:08:58+00:00\",\"dateModified\":\"2023-07-21T09:09:02+00:00\",\"mainEntityOfPage\":{\"@id\":\"https:\\\/\\\/www.altominho.tv\\\/site\\\/2023\\\/07\\\/21\\\/caminha-regressa-idade-media-26-a-30-julho\\\/\"},\"wordCount\":167,\"image\":{\"@id\":\"https:\\\/\\\/www.altominho.tv\\\/site\\\/2023\\\/07\\\/21\\\/caminha-regressa-idade-media-26-a-30-julho\\\/#primaryimage\"},\"thumbnailUrl\":\"https:\\\/\\\/www.altominho.tv\\\/site\\\/wp-content\\\/uploads\\\/2023\\\/07\\\/IMG-20230721-WA0000.jpg\",\"keywords\":[\"Cultura\",\"Lazer\",\"Sociedade\"],\"articleSection\":[\"Caminha\"],\"inLanguage\":\"pt-PT\",\"copyrightYear\":\"2023\",\"copyrightHolder\":{\"@id\":\"https:\\\/\\\/www.altominho.tv\\\/site\\\/#organization\"}},{\"@type\":\"WebPage\",\"@id\":\"https:\\\/\\\/www.altominho.tv\\\/site\\\/2023\\\/07\\\/21\\\/caminha-regressa-idade-media-26-a-30-julho\\\/\",\"url\":\"https:\\\/\\\/www.altominho.tv\\\/site\\\/2023\\\/07\\\/21\\\/caminha-regressa-idade-media-26-a-30-julho\\\/\",\"name\":\"Caminha regressa \u00e0 Idade M\u00e9dia de 26 a 30 de julho\",\"isPartOf\":{\"@id\":\"https:\\\/\\\/www.altominho.tv\\\/site\\\/#website\"},\"primaryImageOfPage\":{\"@id\":\"https:\\\/\\\/www.altominho.tv\\\/site\\\/2023\\\/07\\\/21\\\/caminha-regressa-idade-media-26-a-30-julho\\\/#primaryimage\"},\"image\":{\"@id\":\"https:\\\/\\\/www.altominho.tv\\\/site\\\/2023\\\/07\\\/21\\\/caminha-regressa-idade-media-26-a-30-julho\\\/#primaryimage\"},\"thumbnailUrl\":\"https:\\\/\\\/www.altominho.tv\\\/site\\\/wp-content\\\/uploads\\\/2023\\\/07\\\/IMG-20230721-WA0000.jpg\",\"datePublished\":\"2023-07-21T09:08:58+00:00\",\"dateModified\":\"2023-07-21T09:09:02+00:00\",\"author\":{\"@id\":\"https:\\\/\\\/www.altominho.tv\\\/site\\\/#\\\/schema\\\/person\\\/4e536851627d7914baf3dac752b6af22\"},\"description\":\"O munic\u00edpio de Caminha vai realizar, de 26 a 30 de julho, mais uma edi\u00e7\u00e3o da \\\"Caminha Medieval\\\" que, este ano, est\u00e1 subordinada ao tema \\\"El Rey D.Dinis\\\".\",\"breadcrumb\":{\"@id\":\"https:\\\/\\\/www.altominho.tv\\\/site\\\/2023\\\/07\\\/21\\\/caminha-regressa-idade-media-26-a-30-julho\\\/#breadcrumb\"},\"inLanguage\":\"pt-PT\",\"potentialAction\":[{\"@type\":\"ReadAction\",\"target\":[\"https:\\\/\\\/www.altominho.tv\\\/site\\\/2023\\\/07\\\/21\\\/caminha-regressa-idade-media-26-a-30-julho\\\/\"]}]},{\"@type\":\"ImageObject\",\"inLanguage\":\"pt-PT\",\"@id\":\"https:\\\/\\\/www.altominho.tv\\\/site\\\/2023\\\/07\\\/21\\\/caminha-regressa-idade-media-26-a-30-julho\\\/#primaryimage\",\"url\":\"https:\\\/\\\/www.altominho.tv\\\/site\\\/wp-content\\\/uploads\\\/2023\\\/07\\\/IMG-20230721-WA0000.jpg\",\"contentUrl\":\"https:\\\/\\\/www.altominho.tv\\\/site\\\/wp-content\\\/uploads\\\/2023\\\/07\\\/IMG-20230721-WA0000.jpg\",\"width\":2040,\"height\":1536},{\"@type\":\"BreadcrumbList\",\"@id\":\"https:\\\/\\\/www.altominho.tv\\\/site\\\/2023\\\/07\\\/21\\\/caminha-regressa-idade-media-26-a-30-julho\\\/#breadcrumb\",\"itemListElement\":[{\"@type\":\"ListItem\",\"position\":1,\"name\":\"In\u00edcio\",\"item\":\"https:\\\/\\\/www.altominho.tv\\\/site\\\/\"},{\"@type\":\"ListItem\",\"position\":2,\"name\":\"Caminha regressa \u00e0 Idade M\u00e9dia de 26 a 30 de julho\"}]},{\"@type\":\"WebSite\",\"@id\":\"https:\\\/\\\/www.altominho.tv\\\/site\\\/#website\",\"url\":\"https:\\\/\\\/www.altominho.tv\\\/site\\\/\",\"name\":\"Altominho.tv\",\"description\":\"A sua regi\u00e3o \u00e0 dist\u00e2ncia de um clique...\",\"potentialAction\":[{\"@type\":\"SearchAction\",\"target\":{\"@type\":\"EntryPoint\",\"urlTemplate\":\"https:\\\/\\\/www.altominho.tv\\\/site\\\/?s={search_term_string}\"},\"query-input\":{\"@type\":\"PropertyValueSpecification\",\"valueRequired\":true,\"valueName\":\"search_term_string\"}}],\"inLanguage\":\"pt-PT\"},{\"@type\":\"Person\",\"@id\":\"https:\\\/\\\/www.altominho.tv\\\/site\\\/#\\\/schema\\\/person\\\/4e536851627d7914baf3dac752b6af22\",\"name\":\"Altominho.tv\",\"image\":{\"@type\":\"ImageObject\",\"inLanguage\":\"pt-PT\",\"@id\":\"https:\\\/\\\/www.altominho.tv\\\/site\\\/wp-content\\\/uploads\\\/2019\\\/11\\\/Logo_Avatar_2-150x150.jpg\",\"url\":\"https:\\\/\\\/www.altominho.tv\\\/site\\\/wp-content\\\/uploads\\\/2019\\\/11\\\/Logo_Avatar_2-150x150.jpg\",\"contentUrl\":\"https:\\\/\\\/www.altominho.tv\\\/site\\\/wp-content\\\/uploads\\\/2019\\\/11\\\/Logo_Avatar_2-150x150.jpg\",\"caption\":\"Altominho.tv\"},\"url\":\"https:\\\/\\\/www.altominho.tv\\\/site\\\/author\\\/altominhotv-tecnico\\\/\"}]}<\/script>\n<!-- \/ Yoast SEO Premium plugin. -->","yoast_head_json":{"title":"Caminha regressa \u00e0 Idade M\u00e9dia de 26 a 30 de julho","description":"O munic\u00edpio de Caminha vai realizar, de 26 a 30 de julho, mais uma edi\u00e7\u00e3o da \"Caminha Medieval\" que, este ano, est\u00e1 subordinada ao tema \"El Rey D.Dinis\".","robots":{"index":"index","follow":"follow","max-snippet":"max-snippet:-1","max-image-preview":"max-image-preview:large","max-video-preview":"max-video-preview:-1"},"canonical":"https:\/\/www.altominho.tv\/site\/2023\/07\/21\/caminha-regressa-idade-media-26-a-30-julho\/","og_locale":"pt_PT","og_type":"article","og_title":"Caminha regressa \u00e0 Idade M\u00e9dia de 26 a 30 de julho","og_description":"O munic\u00edpio de Caminha vai realizar, de 26 a 30 de julho, mais uma edi\u00e7\u00e3o da \"Caminha Medieval\" que, este ano, est\u00e1 subordinada ao tema \"El Rey D.Dinis\".","og_url":"https:\/\/www.altominho.tv\/site\/2023\/07\/21\/caminha-regressa-idade-media-26-a-30-julho\/","og_site_name":"Altominho.tv","article_publisher":"https:\/\/www.facebook.com\/altominhotv","article_published_time":"2023-07-21T09:08:58+00:00","article_modified_time":"2023-07-21T09:09:02+00:00","og_image":[{"width":2040,"height":1536,"url":"https:\/\/www.altominho.tv\/site\/wp-content\/uploads\/2023\/07\/IMG-20230721-WA0000.jpg","type":"image\/jpeg"}],"author":"Altominho.tv","twitter_card":"summary_large_image","twitter_creator":"@altominhoTV","twitter_site":"@altominhoTV","twitter_misc":{"Escrito por":"Altominho.tv","Tempo estimado de leitura":"1 minuto"},"schema":{"@context":"https:\/\/schema.org","@graph":[{"@type":"Article","@id":"https:\/\/www.altominho.tv\/site\/2023\/07\/21\/caminha-regressa-idade-media-26-a-30-julho\/#article","isPartOf":{"@id":"https:\/\/www.altominho.tv\/site\/2023\/07\/21\/caminha-regressa-idade-media-26-a-30-julho\/"},"author":{"name":"Altominho.tv","@id":"https:\/\/www.altominho.tv\/site\/#\/schema\/person\/4e536851627d7914baf3dac752b6af22"},"headline":"Caminha regressa \u00e0 Idade M\u00e9dia de 26 a 30 de julho","datePublished":"2023-07-21T09:08:58+00:00","dateModified":"2023-07-21T09:09:02+00:00","mainEntityOfPage":{"@id":"https:\/\/www.altominho.tv\/site\/2023\/07\/21\/caminha-regressa-idade-media-26-a-30-julho\/"},"wordCount":167,"image":{"@id":"https:\/\/www.altominho.tv\/site\/2023\/07\/21\/caminha-regressa-idade-media-26-a-30-julho\/#primaryimage"},"thumbnailUrl":"https:\/\/www.altominho.tv\/site\/wp-content\/uploads\/2023\/07\/IMG-20230721-WA0000.jpg","keywords":["Cultura","Lazer","Sociedade"],"articleSection":["Caminha"],"inLanguage":"pt-PT","copyrightYear":"2023","copyrightHolder":{"@id":"https:\/\/www.altominho.tv\/site\/#organization"}},{"@type":"WebPage","@id":"https:\/\/www.altominho.tv\/site\/2023\/07\/21\/caminha-regressa-idade-media-26-a-30-julho\/","url":"https:\/\/www.altominho.tv\/site\/2023\/07\/21\/caminha-regressa-idade-media-26-a-30-julho\/","name":"Caminha regressa \u00e0 Idade M\u00e9dia de 26 a 30 de julho","isPartOf":{"@id":"https:\/\/www.altominho.tv\/site\/#website"},"primaryImageOfPage":{"@id":"https:\/\/www.altominho.tv\/site\/2023\/07\/21\/caminha-regressa-idade-media-26-a-30-julho\/#primaryimage"},"image":{"@id":"https:\/\/www.altominho.tv\/site\/2023\/07\/21\/caminha-regressa-idade-media-26-a-30-julho\/#primaryimage"},"thumbnailUrl":"https:\/\/www.altominho.tv\/site\/wp-content\/uploads\/2023\/07\/IMG-20230721-WA0000.jpg","datePublished":"2023-07-21T09:08:58+00:00","dateModified":"2023-07-21T09:09:02+00:00","author":{"@id":"https:\/\/www.altominho.tv\/site\/#\/schema\/person\/4e536851627d7914baf3dac752b6af22"},"description":"O munic\u00edpio de Caminha vai realizar, de 26 a 30 de julho, mais uma edi\u00e7\u00e3o da \"Caminha Medieval\" que, este ano, est\u00e1 subordinada ao tema \"El Rey D.Dinis\".","breadcrumb":{"@id":"https:\/\/www.altominho.tv\/site\/2023\/07\/21\/caminha-regressa-idade-media-26-a-30-julho\/#breadcrumb"},"inLanguage":"pt-PT","potentialAction":[{"@type":"ReadAction","target":["https:\/\/www.altominho.tv\/site\/2023\/07\/21\/caminha-regressa-idade-media-26-a-30-julho\/"]}]},{"@type":"ImageObject","inLanguage":"pt-PT","@id":"https:\/\/www.altominho.tv\/site\/2023\/07\/21\/caminha-regressa-idade-media-26-a-30-julho\/#primaryimage","url":"https:\/\/www.altominho.tv\/site\/wp-content\/uploads\/2023\/07\/IMG-20230721-WA0000.jpg","contentUrl":"https:\/\/www.altominho.tv\/site\/wp-content\/uploads\/2023\/07\/IMG-20230721-WA0000.jpg","width":2040,"height":1536},{"@type":"BreadcrumbList","@id":"https:\/\/www.altominho.tv\/site\/2023\/07\/21\/caminha-regressa-idade-media-26-a-30-julho\/#breadcrumb","itemListElement":[{"@type":"ListItem","position":1,"name":"In\u00edcio","item":"https:\/\/www.altominho.tv\/site\/"},{"@type":"ListItem","position":2,"name":"Caminha regressa \u00e0 Idade M\u00e9dia de 26 a 30 de julho"}]},{"@type":"WebSite","@id":"https:\/\/www.altominho.tv\/site\/#website","url":"https:\/\/www.altominho.tv\/site\/","name":"Altominho.tv","description":"A sua regi\u00e3o \u00e0 dist\u00e2ncia de um clique...","potentialAction":[{"@type":"SearchAction","target":{"@type":"EntryPoint","urlTemplate":"https:\/\/www.altominho.tv\/site\/?s={search_term_string}"},"query-input":{"@type":"PropertyValueSpecification","valueRequired":true,"valueName":"search_term_string"}}],"inLanguage":"pt-PT"},{"@type":"Person","@id":"https:\/\/www.altominho.tv\/site\/#\/schema\/person\/4e536851627d7914baf3dac752b6af22","name":"Altominho.tv","image":{"@type":"ImageObject","inLanguage":"pt-PT","@id":"https:\/\/www.altominho.tv\/site\/wp-content\/uploads\/2019\/11\/Logo_Avatar_2-150x150.jpg","url":"https:\/\/www.altominho.tv\/site\/wp-content\/uploads\/2019\/11\/Logo_Avatar_2-150x150.jpg","contentUrl":"https:\/\/www.altominho.tv\/site\/wp-content\/uploads\/2019\/11\/Logo_Avatar_2-150x150.jpg","caption":"Altominho.tv"},"url":"https:\/\/www.altominho.tv\/site\/author\/altominhotv-tecnico\/"}]}},"_links":{"self":[{"href":"https:\/\/www.altominho.tv\/site\/wp-json\/wp\/v2\/posts\/94628","targetHints":{"allow":["GET"]}}],"collection":[{"href":"https:\/\/www.altominho.tv\/site\/wp-json\/wp\/v2\/posts"}],"about":[{"href":"https:\/\/www.altominho.tv\/site\/wp-json\/wp\/v2\/types\/post"}],"author":[{"embeddable":true,"href":"https:\/\/www.altominho.tv\/site\/wp-json\/wp\/v2\/users\/1"}],"replies":[{"embeddable":true,"href":"https:\/\/www.altominho.tv\/site\/wp-json\/wp\/v2\/comments?post=94628"}],"version-history":[{"count":1,"href":"https:\/\/www.altominho.tv\/site\/wp-json\/wp\/v2\/posts\/94628\/revisions"}],"predecessor-version":[{"id":94633,"href":"https:\/\/www.altominho.tv\/site\/wp-json\/wp\/v2\/posts\/94628\/revisions\/94633"}],"wp:featuredmedia":[{"embeddable":true,"href":"https:\/\/www.altominho.tv\/site\/wp-json\/wp\/v2\/media\/94631"}],"wp:attachment":[{"href":"https:\/\/www.altominho.tv\/site\/wp-json\/wp\/v2\/media?parent=94628"}],"wp:term":[{"taxonomy":"category","embeddable":true,"href":"https:\/\/www.altominho.tv\/site\/wp-json\/wp\/v2\/categories?post=94628"},{"taxonomy":"post_tag","embeddable":true,"href":"https:\/\/www.altominho.tv\/site\/wp-json\/wp\/v2\/tags?post=94628"}],"curies":[{"name":"wp","href":"https:\/\/api.w.org\/{rel}","templated":true}]}}