{"id":94619,"date":"2023-07-21T09:15:04","date_gmt":"2023-07-21T08:15:04","guid":{"rendered":"https:\/\/www.altominho.tv\/site\/?p=94619"},"modified":"2023-07-21T09:47:39","modified_gmt":"2023-07-21T08:47:39","slug":"projeto-aerotec-atlas-municipio-arcuense-para-construir-aeronave-que-reconhece-pessoas-ou-incendios","status":"publish","type":"post","link":"https:\/\/www.altominho.tv\/site\/2023\/07\/21\/projeto-aerotec-atlas-municipio-arcuense-para-construir-aeronave-que-reconhece-pessoas-ou-incendios\/","title":{"rendered":"Projeto @aerotec.atlas no munic\u00edpio arcuense para construir aeronave que reconhece pessoas ou inc\u00eandios"},"content":{"rendered":"<p>O projeto @aerotec.atlas veio ao munic\u00edpio de Arcos de Valdevez como parte da miss\u00e3o de monitoriza\u00e7\u00e3o florestal, que tem como objetivo &#8220;construir uma aeronave completamente aut\u00f3noma&#8221; com a capacidade de recolher imagens e reconhecer pessoas ou inc\u00eandios, enviando esta informa\u00e7\u00e3o e a localiza\u00e7\u00e3o \u00e0s entidades competentes, deu nota a autarquia.<\/p>\n<p>Este projeto conta com o apoio da C\u00e2mara Municipal, \u00e9 a segunda vez que se desloca ao concelho e \u00e9 da autoria do N\u00facleo de Estudantes de Engenharia Aeroespacial) do Instituto Superior T\u00e9cnico.<\/p>\n<p>O projeto &#8220;centra-se no design, constru\u00e7\u00e3o e otimiza\u00e7\u00e3o de aeronaves para participar em competi\u00e7\u00f5es internacionais e para monitoriza\u00e7\u00e3o florestal&#8221;, revelou o munic\u00edpio em comunicado.<\/p>\n","protected":false},"excerpt":{"rendered":"<p>O projeto @aerotec.atlas veio ao munic\u00edpio de Arcos de Valdevez como parte da miss\u00e3o de monitoriza\u00e7\u00e3o florestal, que tem como objetivo &#8220;construir uma aeronave completamente aut\u00f3noma&#8221; com a capacidade de recolher imagens e reconhecer pessoas ou inc\u00eandios, enviando esta informa\u00e7\u00e3o e a localiza\u00e7\u00e3o \u00e0s entidades competentes, deu nota a autarquia. Este projeto conta com o [&hellip;]<\/p>\n","protected":false},"author":1,"featured_media":94620,"comment_status":"closed","ping_status":"closed","sticky":false,"template":"","format":"standard","meta":{"_exactmetrics_skip_tracking":false,"_exactmetrics_sitenote_active":false,"_exactmetrics_sitenote_note":"","_exactmetrics_sitenote_category":0,"footnotes":""},"categories":[2],"tags":[27],"class_list":["post-94619","post","type-post","status-publish","format-standard","has-post-thumbnail","hentry","category-arcos-de-valdevez","tag-sociedade"],"yoast_head":"<!-- This site is optimized with the Yoast SEO Premium plugin v27.4 (Yoast SEO v27.4) - https:\/\/yoast.com\/product\/yoast-seo-premium-wordpress\/ -->\n<title>Projeto @aerotec.atlas no munic\u00edpio arcuense para construir aeronave que reconhece pessoas ou inc\u00eandios<\/title>\n<meta name=\"description\" content=\"O projeto @aerotec.atlas veio ao munic\u00edpio de Arcos de Valdevez como parte da miss\u00e3o de monitoriza\u00e7\u00e3o florestal, que tem como objetivo &quot;construir uma aeronave completamente aut\u00f3noma&quot; com a capacidade de recolher imagens e reconhecer pessoas ou inc\u00eandios, enviando esta informa\u00e7\u00e3o e a localiza\u00e7\u00e3o \u00e0s entidades competentes.\" \/>\n<meta name=\"robots\" content=\"index, follow, max-snippet:-1, max-image-preview:large, max-video-preview:-1\" \/>\n<link rel=\"canonical\" href=\"https:\/\/www.altominho.tv\/site\/2023\/07\/21\/projeto-aerotec-atlas-municipio-arcuense-para-construir-aeronave-que-reconhece-pessoas-ou-incendios\/\" \/>\n<meta property=\"og:locale\" content=\"pt_PT\" \/>\n<meta property=\"og:type\" content=\"article\" \/>\n<meta property=\"og:title\" content=\"Projeto @aerotec.atlas no munic\u00edpio arcuense para construir aeronave que reconhece pessoas ou inc\u00eandios\" \/>\n<meta property=\"og:description\" content=\"O projeto @aerotec.atlas veio ao munic\u00edpio de Arcos de Valdevez como parte da miss\u00e3o de monitoriza\u00e7\u00e3o florestal, que tem como objetivo &quot;construir uma aeronave completamente aut\u00f3noma&quot; com a capacidade de recolher imagens e reconhecer pessoas ou inc\u00eandios, enviando esta informa\u00e7\u00e3o e a localiza\u00e7\u00e3o \u00e0s entidades competentes.\" \/>\n<meta property=\"og:url\" content=\"https:\/\/www.altominho.tv\/site\/2023\/07\/21\/projeto-aerotec-atlas-municipio-arcuense-para-construir-aeronave-que-reconhece-pessoas-ou-incendios\/\" \/>\n<meta property=\"og:site_name\" content=\"Altominho.tv\" \/>\n<meta property=\"article:publisher\" content=\"https:\/\/www.facebook.com\/altominhotv\" \/>\n<meta property=\"article:published_time\" content=\"2023-07-21T08:15:04+00:00\" \/>\n<meta property=\"article:modified_time\" content=\"2023-07-21T08:47:39+00:00\" \/>\n<meta property=\"og:image\" content=\"https:\/\/www.altominho.tv\/site\/wp-content\/uploads\/2023\/07\/aerotec-atlas-2.jpg\" \/>\n\t<meta property=\"og:image:width\" content=\"1296\" \/>\n\t<meta property=\"og:image:height\" content=\"864\" \/>\n\t<meta property=\"og:image:type\" content=\"image\/jpeg\" \/>\n<meta name=\"author\" content=\"Altominho.tv\" \/>\n<meta name=\"twitter:card\" content=\"summary_large_image\" \/>\n<meta name=\"twitter:creator\" content=\"@altominhoTV\" \/>\n<meta name=\"twitter:site\" content=\"@altominhoTV\" \/>\n<meta name=\"twitter:label1\" content=\"Escrito por\" \/>\n\t<meta name=\"twitter:data1\" content=\"Altominho.tv\" \/>\n\t<meta name=\"twitter:label2\" content=\"Tempo estimado de leitura\" \/>\n\t<meta name=\"twitter:data2\" content=\"1 minuto\" \/>\n<script type=\"application\/ld+json\" class=\"yoast-schema-graph\">{\"@context\":\"https:\\\/\\\/schema.org\",\"@graph\":[{\"@type\":\"Article\",\"@id\":\"https:\\\/\\\/www.altominho.tv\\\/site\\\/2023\\\/07\\\/21\\\/projeto-aerotec-atlas-municipio-arcuense-para-construir-aeronave-que-reconhece-pessoas-ou-incendios\\\/#article\",\"isPartOf\":{\"@id\":\"https:\\\/\\\/www.altominho.tv\\\/site\\\/2023\\\/07\\\/21\\\/projeto-aerotec-atlas-municipio-arcuense-para-construir-aeronave-que-reconhece-pessoas-ou-incendios\\\/\"},\"author\":{\"name\":\"Altominho.tv\",\"@id\":\"https:\\\/\\\/www.altominho.tv\\\/site\\\/#\\\/schema\\\/person\\\/4e536851627d7914baf3dac752b6af22\"},\"headline\":\"Projeto @aerotec.atlas no munic\u00edpio arcuense para construir aeronave que reconhece pessoas ou inc\u00eandios\",\"datePublished\":\"2023-07-21T08:15:04+00:00\",\"dateModified\":\"2023-07-21T08:47:39+00:00\",\"mainEntityOfPage\":{\"@id\":\"https:\\\/\\\/www.altominho.tv\\\/site\\\/2023\\\/07\\\/21\\\/projeto-aerotec-atlas-municipio-arcuense-para-construir-aeronave-que-reconhece-pessoas-ou-incendios\\\/\"},\"wordCount\":137,\"image\":{\"@id\":\"https:\\\/\\\/www.altominho.tv\\\/site\\\/2023\\\/07\\\/21\\\/projeto-aerotec-atlas-municipio-arcuense-para-construir-aeronave-que-reconhece-pessoas-ou-incendios\\\/#primaryimage\"},\"thumbnailUrl\":\"https:\\\/\\\/www.altominho.tv\\\/site\\\/wp-content\\\/uploads\\\/2023\\\/07\\\/aerotec-atlas-2.jpg\",\"keywords\":[\"Sociedade\"],\"articleSection\":[\"Arcos de Valdevez\"],\"inLanguage\":\"pt-PT\",\"copyrightYear\":\"2023\",\"copyrightHolder\":{\"@id\":\"https:\\\/\\\/www.altominho.tv\\\/site\\\/#organization\"}},{\"@type\":\"WebPage\",\"@id\":\"https:\\\/\\\/www.altominho.tv\\\/site\\\/2023\\\/07\\\/21\\\/projeto-aerotec-atlas-municipio-arcuense-para-construir-aeronave-que-reconhece-pessoas-ou-incendios\\\/\",\"url\":\"https:\\\/\\\/www.altominho.tv\\\/site\\\/2023\\\/07\\\/21\\\/projeto-aerotec-atlas-municipio-arcuense-para-construir-aeronave-que-reconhece-pessoas-ou-incendios\\\/\",\"name\":\"Projeto @aerotec.atlas no munic\u00edpio arcuense para construir aeronave que reconhece pessoas ou inc\u00eandios\",\"isPartOf\":{\"@id\":\"https:\\\/\\\/www.altominho.tv\\\/site\\\/#website\"},\"primaryImageOfPage\":{\"@id\":\"https:\\\/\\\/www.altominho.tv\\\/site\\\/2023\\\/07\\\/21\\\/projeto-aerotec-atlas-municipio-arcuense-para-construir-aeronave-que-reconhece-pessoas-ou-incendios\\\/#primaryimage\"},\"image\":{\"@id\":\"https:\\\/\\\/www.altominho.tv\\\/site\\\/2023\\\/07\\\/21\\\/projeto-aerotec-atlas-municipio-arcuense-para-construir-aeronave-que-reconhece-pessoas-ou-incendios\\\/#primaryimage\"},\"thumbnailUrl\":\"https:\\\/\\\/www.altominho.tv\\\/site\\\/wp-content\\\/uploads\\\/2023\\\/07\\\/aerotec-atlas-2.jpg\",\"datePublished\":\"2023-07-21T08:15:04+00:00\",\"dateModified\":\"2023-07-21T08:47:39+00:00\",\"author\":{\"@id\":\"https:\\\/\\\/www.altominho.tv\\\/site\\\/#\\\/schema\\\/person\\\/4e536851627d7914baf3dac752b6af22\"},\"description\":\"O projeto @aerotec.atlas veio ao munic\u00edpio de Arcos de Valdevez como parte da miss\u00e3o de monitoriza\u00e7\u00e3o florestal, que tem como objetivo \\\"construir uma aeronave completamente aut\u00f3noma\\\" com a capacidade de recolher imagens e reconhecer pessoas ou inc\u00eandios, enviando esta informa\u00e7\u00e3o e a localiza\u00e7\u00e3o \u00e0s entidades competentes.\",\"breadcrumb\":{\"@id\":\"https:\\\/\\\/www.altominho.tv\\\/site\\\/2023\\\/07\\\/21\\\/projeto-aerotec-atlas-municipio-arcuense-para-construir-aeronave-que-reconhece-pessoas-ou-incendios\\\/#breadcrumb\"},\"inLanguage\":\"pt-PT\",\"potentialAction\":[{\"@type\":\"ReadAction\",\"target\":[\"https:\\\/\\\/www.altominho.tv\\\/site\\\/2023\\\/07\\\/21\\\/projeto-aerotec-atlas-municipio-arcuense-para-construir-aeronave-que-reconhece-pessoas-ou-incendios\\\/\"]}]},{\"@type\":\"ImageObject\",\"inLanguage\":\"pt-PT\",\"@id\":\"https:\\\/\\\/www.altominho.tv\\\/site\\\/2023\\\/07\\\/21\\\/projeto-aerotec-atlas-municipio-arcuense-para-construir-aeronave-que-reconhece-pessoas-ou-incendios\\\/#primaryimage\",\"url\":\"https:\\\/\\\/www.altominho.tv\\\/site\\\/wp-content\\\/uploads\\\/2023\\\/07\\\/aerotec-atlas-2.jpg\",\"contentUrl\":\"https:\\\/\\\/www.altominho.tv\\\/site\\\/wp-content\\\/uploads\\\/2023\\\/07\\\/aerotec-atlas-2.jpg\",\"width\":1296,\"height\":864},{\"@type\":\"BreadcrumbList\",\"@id\":\"https:\\\/\\\/www.altominho.tv\\\/site\\\/2023\\\/07\\\/21\\\/projeto-aerotec-atlas-municipio-arcuense-para-construir-aeronave-que-reconhece-pessoas-ou-incendios\\\/#breadcrumb\",\"itemListElement\":[{\"@type\":\"ListItem\",\"position\":1,\"name\":\"In\u00edcio\",\"item\":\"https:\\\/\\\/www.altominho.tv\\\/site\\\/\"},{\"@type\":\"ListItem\",\"position\":2,\"name\":\"Projeto @aerotec.atlas no munic\u00edpio arcuense para construir aeronave que reconhece pessoas ou inc\u00eandios\"}]},{\"@type\":\"WebSite\",\"@id\":\"https:\\\/\\\/www.altominho.tv\\\/site\\\/#website\",\"url\":\"https:\\\/\\\/www.altominho.tv\\\/site\\\/\",\"name\":\"Altominho.tv\",\"description\":\"A sua regi\u00e3o \u00e0 dist\u00e2ncia de um clique...\",\"potentialAction\":[{\"@type\":\"SearchAction\",\"target\":{\"@type\":\"EntryPoint\",\"urlTemplate\":\"https:\\\/\\\/www.altominho.tv\\\/site\\\/?s={search_term_string}\"},\"query-input\":{\"@type\":\"PropertyValueSpecification\",\"valueRequired\":true,\"valueName\":\"search_term_string\"}}],\"inLanguage\":\"pt-PT\"},{\"@type\":\"Person\",\"@id\":\"https:\\\/\\\/www.altominho.tv\\\/site\\\/#\\\/schema\\\/person\\\/4e536851627d7914baf3dac752b6af22\",\"name\":\"Altominho.tv\",\"image\":{\"@type\":\"ImageObject\",\"inLanguage\":\"pt-PT\",\"@id\":\"https:\\\/\\\/www.altominho.tv\\\/site\\\/wp-content\\\/uploads\\\/2019\\\/11\\\/Logo_Avatar_2-150x150.jpg\",\"url\":\"https:\\\/\\\/www.altominho.tv\\\/site\\\/wp-content\\\/uploads\\\/2019\\\/11\\\/Logo_Avatar_2-150x150.jpg\",\"contentUrl\":\"https:\\\/\\\/www.altominho.tv\\\/site\\\/wp-content\\\/uploads\\\/2019\\\/11\\\/Logo_Avatar_2-150x150.jpg\",\"caption\":\"Altominho.tv\"},\"url\":\"https:\\\/\\\/www.altominho.tv\\\/site\\\/author\\\/altominhotv-tecnico\\\/\"}]}<\/script>\n<!-- \/ Yoast SEO Premium plugin. -->","yoast_head_json":{"title":"Projeto @aerotec.atlas no munic\u00edpio arcuense para construir aeronave que reconhece pessoas ou inc\u00eandios","description":"O projeto @aerotec.atlas veio ao munic\u00edpio de Arcos de Valdevez como parte da miss\u00e3o de monitoriza\u00e7\u00e3o florestal, que tem como objetivo \"construir uma aeronave completamente aut\u00f3noma\" com a capacidade de recolher imagens e reconhecer pessoas ou inc\u00eandios, enviando esta informa\u00e7\u00e3o e a localiza\u00e7\u00e3o \u00e0s entidades competentes.","robots":{"index":"index","follow":"follow","max-snippet":"max-snippet:-1","max-image-preview":"max-image-preview:large","max-video-preview":"max-video-preview:-1"},"canonical":"https:\/\/www.altominho.tv\/site\/2023\/07\/21\/projeto-aerotec-atlas-municipio-arcuense-para-construir-aeronave-que-reconhece-pessoas-ou-incendios\/","og_locale":"pt_PT","og_type":"article","og_title":"Projeto @aerotec.atlas no munic\u00edpio arcuense para construir aeronave que reconhece pessoas ou inc\u00eandios","og_description":"O projeto @aerotec.atlas veio ao munic\u00edpio de Arcos de Valdevez como parte da miss\u00e3o de monitoriza\u00e7\u00e3o florestal, que tem como objetivo \"construir uma aeronave completamente aut\u00f3noma\" com a capacidade de recolher imagens e reconhecer pessoas ou inc\u00eandios, enviando esta informa\u00e7\u00e3o e a localiza\u00e7\u00e3o \u00e0s entidades competentes.","og_url":"https:\/\/www.altominho.tv\/site\/2023\/07\/21\/projeto-aerotec-atlas-municipio-arcuense-para-construir-aeronave-que-reconhece-pessoas-ou-incendios\/","og_site_name":"Altominho.tv","article_publisher":"https:\/\/www.facebook.com\/altominhotv","article_published_time":"2023-07-21T08:15:04+00:00","article_modified_time":"2023-07-21T08:47:39+00:00","og_image":[{"width":1296,"height":864,"url":"https:\/\/www.altominho.tv\/site\/wp-content\/uploads\/2023\/07\/aerotec-atlas-2.jpg","type":"image\/jpeg"}],"author":"Altominho.tv","twitter_card":"summary_large_image","twitter_creator":"@altominhoTV","twitter_site":"@altominhoTV","twitter_misc":{"Escrito por":"Altominho.tv","Tempo estimado de leitura":"1 minuto"},"schema":{"@context":"https:\/\/schema.org","@graph":[{"@type":"Article","@id":"https:\/\/www.altominho.tv\/site\/2023\/07\/21\/projeto-aerotec-atlas-municipio-arcuense-para-construir-aeronave-que-reconhece-pessoas-ou-incendios\/#article","isPartOf":{"@id":"https:\/\/www.altominho.tv\/site\/2023\/07\/21\/projeto-aerotec-atlas-municipio-arcuense-para-construir-aeronave-que-reconhece-pessoas-ou-incendios\/"},"author":{"name":"Altominho.tv","@id":"https:\/\/www.altominho.tv\/site\/#\/schema\/person\/4e536851627d7914baf3dac752b6af22"},"headline":"Projeto @aerotec.atlas no munic\u00edpio arcuense para construir aeronave que reconhece pessoas ou inc\u00eandios","datePublished":"2023-07-21T08:15:04+00:00","dateModified":"2023-07-21T08:47:39+00:00","mainEntityOfPage":{"@id":"https:\/\/www.altominho.tv\/site\/2023\/07\/21\/projeto-aerotec-atlas-municipio-arcuense-para-construir-aeronave-que-reconhece-pessoas-ou-incendios\/"},"wordCount":137,"image":{"@id":"https:\/\/www.altominho.tv\/site\/2023\/07\/21\/projeto-aerotec-atlas-municipio-arcuense-para-construir-aeronave-que-reconhece-pessoas-ou-incendios\/#primaryimage"},"thumbnailUrl":"https:\/\/www.altominho.tv\/site\/wp-content\/uploads\/2023\/07\/aerotec-atlas-2.jpg","keywords":["Sociedade"],"articleSection":["Arcos de Valdevez"],"inLanguage":"pt-PT","copyrightYear":"2023","copyrightHolder":{"@id":"https:\/\/www.altominho.tv\/site\/#organization"}},{"@type":"WebPage","@id":"https:\/\/www.altominho.tv\/site\/2023\/07\/21\/projeto-aerotec-atlas-municipio-arcuense-para-construir-aeronave-que-reconhece-pessoas-ou-incendios\/","url":"https:\/\/www.altominho.tv\/site\/2023\/07\/21\/projeto-aerotec-atlas-municipio-arcuense-para-construir-aeronave-que-reconhece-pessoas-ou-incendios\/","name":"Projeto @aerotec.atlas no munic\u00edpio arcuense para construir aeronave que reconhece pessoas ou inc\u00eandios","isPartOf":{"@id":"https:\/\/www.altominho.tv\/site\/#website"},"primaryImageOfPage":{"@id":"https:\/\/www.altominho.tv\/site\/2023\/07\/21\/projeto-aerotec-atlas-municipio-arcuense-para-construir-aeronave-que-reconhece-pessoas-ou-incendios\/#primaryimage"},"image":{"@id":"https:\/\/www.altominho.tv\/site\/2023\/07\/21\/projeto-aerotec-atlas-municipio-arcuense-para-construir-aeronave-que-reconhece-pessoas-ou-incendios\/#primaryimage"},"thumbnailUrl":"https:\/\/www.altominho.tv\/site\/wp-content\/uploads\/2023\/07\/aerotec-atlas-2.jpg","datePublished":"2023-07-21T08:15:04+00:00","dateModified":"2023-07-21T08:47:39+00:00","author":{"@id":"https:\/\/www.altominho.tv\/site\/#\/schema\/person\/4e536851627d7914baf3dac752b6af22"},"description":"O projeto @aerotec.atlas veio ao munic\u00edpio de Arcos de Valdevez como parte da miss\u00e3o de monitoriza\u00e7\u00e3o florestal, que tem como objetivo \"construir uma aeronave completamente aut\u00f3noma\" com a capacidade de recolher imagens e reconhecer pessoas ou inc\u00eandios, enviando esta informa\u00e7\u00e3o e a localiza\u00e7\u00e3o \u00e0s entidades competentes.","breadcrumb":{"@id":"https:\/\/www.altominho.tv\/site\/2023\/07\/21\/projeto-aerotec-atlas-municipio-arcuense-para-construir-aeronave-que-reconhece-pessoas-ou-incendios\/#breadcrumb"},"inLanguage":"pt-PT","potentialAction":[{"@type":"ReadAction","target":["https:\/\/www.altominho.tv\/site\/2023\/07\/21\/projeto-aerotec-atlas-municipio-arcuense-para-construir-aeronave-que-reconhece-pessoas-ou-incendios\/"]}]},{"@type":"ImageObject","inLanguage":"pt-PT","@id":"https:\/\/www.altominho.tv\/site\/2023\/07\/21\/projeto-aerotec-atlas-municipio-arcuense-para-construir-aeronave-que-reconhece-pessoas-ou-incendios\/#primaryimage","url":"https:\/\/www.altominho.tv\/site\/wp-content\/uploads\/2023\/07\/aerotec-atlas-2.jpg","contentUrl":"https:\/\/www.altominho.tv\/site\/wp-content\/uploads\/2023\/07\/aerotec-atlas-2.jpg","width":1296,"height":864},{"@type":"BreadcrumbList","@id":"https:\/\/www.altominho.tv\/site\/2023\/07\/21\/projeto-aerotec-atlas-municipio-arcuense-para-construir-aeronave-que-reconhece-pessoas-ou-incendios\/#breadcrumb","itemListElement":[{"@type":"ListItem","position":1,"name":"In\u00edcio","item":"https:\/\/www.altominho.tv\/site\/"},{"@type":"ListItem","position":2,"name":"Projeto @aerotec.atlas no munic\u00edpio arcuense para construir aeronave que reconhece pessoas ou inc\u00eandios"}]},{"@type":"WebSite","@id":"https:\/\/www.altominho.tv\/site\/#website","url":"https:\/\/www.altominho.tv\/site\/","name":"Altominho.tv","description":"A sua regi\u00e3o \u00e0 dist\u00e2ncia de um clique...","potentialAction":[{"@type":"SearchAction","target":{"@type":"EntryPoint","urlTemplate":"https:\/\/www.altominho.tv\/site\/?s={search_term_string}"},"query-input":{"@type":"PropertyValueSpecification","valueRequired":true,"valueName":"search_term_string"}}],"inLanguage":"pt-PT"},{"@type":"Person","@id":"https:\/\/www.altominho.tv\/site\/#\/schema\/person\/4e536851627d7914baf3dac752b6af22","name":"Altominho.tv","image":{"@type":"ImageObject","inLanguage":"pt-PT","@id":"https:\/\/www.altominho.tv\/site\/wp-content\/uploads\/2019\/11\/Logo_Avatar_2-150x150.jpg","url":"https:\/\/www.altominho.tv\/site\/wp-content\/uploads\/2019\/11\/Logo_Avatar_2-150x150.jpg","contentUrl":"https:\/\/www.altominho.tv\/site\/wp-content\/uploads\/2019\/11\/Logo_Avatar_2-150x150.jpg","caption":"Altominho.tv"},"url":"https:\/\/www.altominho.tv\/site\/author\/altominhotv-tecnico\/"}]}},"_links":{"self":[{"href":"https:\/\/www.altominho.tv\/site\/wp-json\/wp\/v2\/posts\/94619","targetHints":{"allow":["GET"]}}],"collection":[{"href":"https:\/\/www.altominho.tv\/site\/wp-json\/wp\/v2\/posts"}],"about":[{"href":"https:\/\/www.altominho.tv\/site\/wp-json\/wp\/v2\/types\/post"}],"author":[{"embeddable":true,"href":"https:\/\/www.altominho.tv\/site\/wp-json\/wp\/v2\/users\/1"}],"replies":[{"embeddable":true,"href":"https:\/\/www.altominho.tv\/site\/wp-json\/wp\/v2\/comments?post=94619"}],"version-history":[{"count":3,"href":"https:\/\/www.altominho.tv\/site\/wp-json\/wp\/v2\/posts\/94619\/revisions"}],"predecessor-version":[{"id":94627,"href":"https:\/\/www.altominho.tv\/site\/wp-json\/wp\/v2\/posts\/94619\/revisions\/94627"}],"wp:featuredmedia":[{"embeddable":true,"href":"https:\/\/www.altominho.tv\/site\/wp-json\/wp\/v2\/media\/94620"}],"wp:attachment":[{"href":"https:\/\/www.altominho.tv\/site\/wp-json\/wp\/v2\/media?parent=94619"}],"wp:term":[{"taxonomy":"category","embeddable":true,"href":"https:\/\/www.altominho.tv\/site\/wp-json\/wp\/v2\/categories?post=94619"},{"taxonomy":"post_tag","embeddable":true,"href":"https:\/\/www.altominho.tv\/site\/wp-json\/wp\/v2\/tags?post=94619"}],"curies":[{"name":"wp","href":"https:\/\/api.w.org\/{rel}","templated":true}]}}