{"id":94610,"date":"2023-07-20T17:56:09","date_gmt":"2023-07-20T16:56:09","guid":{"rendered":"https:\/\/www.altominho.tv\/site\/?p=94610"},"modified":"2023-07-20T17:56:12","modified_gmt":"2023-07-20T16:56:12","slug":"homem-23-anos-constituido-arguido-por-furto-em-residencia-caminha","status":"publish","type":"post","link":"https:\/\/www.altominho.tv\/site\/2023\/07\/20\/homem-23-anos-constituido-arguido-por-furto-em-residencia-caminha\/","title":{"rendered":"Homem de 23 anos constitu\u00eddo arguido por furto em resid\u00eancia em Caminha"},"content":{"rendered":"<p>O Comando Territorial de Viana do Castelo, atrav\u00e9s do N\u00facleo de Investiga\u00e7\u00e3o Criminal (NIC) de Viana do Castelo, no dia 16 de julho, constituiu arguido um homem com 23 anos por furto, no concelho de Caminha.<\/p>\n<p>No \u00e2mbito da den\u00fancia de um furto em resid\u00eancia, onde o suspeito aproveitou a aus\u00eancia dos propriet\u00e1rios para realizar o il\u00edcito, os militares da Guarda realizaram dilig\u00eancias policiais que levaram \u00e0 identifica\u00e7\u00e3o do suspeito e \u00e0 realiza\u00e7\u00e3o de uma busca domicili\u00e1ria que culminou com a recupera\u00e7\u00e3o dos bens furtados, tendo sido apreendida uma arma de fogo e um computador port\u00e1til.<\/p>\n<p class=\"m_-4440419529287089818wordsection1\">O suspeito foi constitu\u00eddo arguido e os factos foram comunicados ao Tribunal Judicial de Caminha.<u><\/u><u><\/u><\/p>\n","protected":false},"excerpt":{"rendered":"<p>O Comando Territorial de Viana do Castelo, atrav\u00e9s do N\u00facleo de Investiga\u00e7\u00e3o Criminal (NIC) de Viana do Castelo, no dia 16 de julho, constituiu arguido um homem com 23 anos por furto, no concelho de Caminha. No \u00e2mbito da den\u00fancia de um furto em resid\u00eancia, onde o suspeito aproveitou a aus\u00eancia dos propriet\u00e1rios para realizar [&hellip;]<\/p>\n","protected":false},"author":29,"featured_media":94611,"comment_status":"closed","ping_status":"closed","sticky":false,"template":"","format":"standard","meta":{"_exactmetrics_skip_tracking":false,"_exactmetrics_sitenote_active":false,"_exactmetrics_sitenote_note":"","_exactmetrics_sitenote_category":0,"footnotes":""},"categories":[7],"tags":[],"class_list":["post-94610","post","type-post","status-publish","format-standard","has-post-thumbnail","hentry","category-caminha"],"yoast_head":"<!-- This site is optimized with the Yoast SEO Premium plugin v27.5 (Yoast SEO v27.5) - https:\/\/yoast.com\/product\/yoast-seo-premium-wordpress\/ -->\n<title>Homem de 23 anos constitu\u00eddo arguido por furto em resid\u00eancia em Caminha<\/title>\n<meta name=\"description\" content=\"O Comando Territorial de Viana do Castelo, atrav\u00e9s do N\u00facleo de Investiga\u00e7\u00e3o Criminal (NIC) de Viana do Castelo, no dia 16 de julho, constituiu arguido um homem com 23 anos por furto, no concelho de Caminha.\" \/>\n<meta name=\"robots\" content=\"index, follow, max-snippet:-1, max-image-preview:large, max-video-preview:-1\" \/>\n<link rel=\"canonical\" href=\"https:\/\/www.altominho.tv\/site\/2023\/07\/20\/homem-23-anos-constituido-arguido-por-furto-em-residencia-caminha\/\" \/>\n<meta property=\"og:locale\" content=\"pt_PT\" \/>\n<meta property=\"og:type\" content=\"article\" \/>\n<meta property=\"og:title\" content=\"Homem de 23 anos constitu\u00eddo arguido por furto em resid\u00eancia em Caminha\" \/>\n<meta property=\"og:description\" content=\"O Comando Territorial de Viana do Castelo, atrav\u00e9s do N\u00facleo de Investiga\u00e7\u00e3o Criminal (NIC) de Viana do Castelo, no dia 16 de julho, constituiu arguido um homem com 23 anos por furto, no concelho de Caminha.\" \/>\n<meta property=\"og:url\" content=\"https:\/\/www.altominho.tv\/site\/2023\/07\/20\/homem-23-anos-constituido-arguido-por-furto-em-residencia-caminha\/\" \/>\n<meta property=\"og:site_name\" content=\"Altominho.tv\" \/>\n<meta property=\"article:publisher\" content=\"https:\/\/www.facebook.com\/altominhotv\" \/>\n<meta property=\"article:published_time\" content=\"2023-07-20T16:56:09+00:00\" \/>\n<meta property=\"article:modified_time\" content=\"2023-07-20T16:56:12+00:00\" \/>\n<meta property=\"og:image\" content=\"https:\/\/www.altominho.tv\/site\/wp-content\/uploads\/2023\/07\/GNR-Viana-do-Castelo-Apreensao.jpg\" \/>\n\t<meta property=\"og:image:width\" content=\"1498\" \/>\n\t<meta property=\"og:image:height\" content=\"1124\" \/>\n\t<meta property=\"og:image:type\" content=\"image\/jpeg\" \/>\n<meta name=\"author\" content=\"Juliana Soares\" \/>\n<meta name=\"twitter:card\" content=\"summary_large_image\" \/>\n<meta name=\"twitter:creator\" content=\"@altominhoTV\" \/>\n<meta name=\"twitter:site\" content=\"@altominhoTV\" \/>\n<meta name=\"twitter:label1\" content=\"Escrito por\" \/>\n\t<meta name=\"twitter:data1\" content=\"Juliana Soares\" \/>\n\t<meta name=\"twitter:label2\" content=\"Tempo estimado de leitura\" \/>\n\t<meta name=\"twitter:data2\" content=\"1 minuto\" \/>\n<script type=\"application\/ld+json\" class=\"yoast-schema-graph\">{\"@context\":\"https:\\\/\\\/schema.org\",\"@graph\":[{\"@type\":\"Article\",\"@id\":\"https:\\\/\\\/www.altominho.tv\\\/site\\\/2023\\\/07\\\/20\\\/homem-23-anos-constituido-arguido-por-furto-em-residencia-caminha\\\/#article\",\"isPartOf\":{\"@id\":\"https:\\\/\\\/www.altominho.tv\\\/site\\\/2023\\\/07\\\/20\\\/homem-23-anos-constituido-arguido-por-furto-em-residencia-caminha\\\/\"},\"author\":{\"name\":\"Juliana Soares\",\"@id\":\"https:\\\/\\\/www.altominho.tv\\\/site\\\/#\\\/schema\\\/person\\\/fd922cf16ebbbd1fff2019e656be940c\"},\"headline\":\"Homem de 23 anos constitu\u00eddo arguido por furto em resid\u00eancia em Caminha\",\"datePublished\":\"2023-07-20T16:56:09+00:00\",\"dateModified\":\"2023-07-20T16:56:12+00:00\",\"mainEntityOfPage\":{\"@id\":\"https:\\\/\\\/www.altominho.tv\\\/site\\\/2023\\\/07\\\/20\\\/homem-23-anos-constituido-arguido-por-furto-em-residencia-caminha\\\/\"},\"wordCount\":135,\"image\":{\"@id\":\"https:\\\/\\\/www.altominho.tv\\\/site\\\/2023\\\/07\\\/20\\\/homem-23-anos-constituido-arguido-por-furto-em-residencia-caminha\\\/#primaryimage\"},\"thumbnailUrl\":\"https:\\\/\\\/www.altominho.tv\\\/site\\\/wp-content\\\/uploads\\\/2023\\\/07\\\/GNR-Viana-do-Castelo-Apreensao.jpg\",\"articleSection\":[\"Caminha\"],\"inLanguage\":\"pt-PT\",\"copyrightYear\":\"2023\",\"copyrightHolder\":{\"@id\":\"https:\\\/\\\/www.altominho.tv\\\/site\\\/#organization\"}},{\"@type\":\"WebPage\",\"@id\":\"https:\\\/\\\/www.altominho.tv\\\/site\\\/2023\\\/07\\\/20\\\/homem-23-anos-constituido-arguido-por-furto-em-residencia-caminha\\\/\",\"url\":\"https:\\\/\\\/www.altominho.tv\\\/site\\\/2023\\\/07\\\/20\\\/homem-23-anos-constituido-arguido-por-furto-em-residencia-caminha\\\/\",\"name\":\"Homem de 23 anos constitu\u00eddo arguido por furto em resid\u00eancia em Caminha\",\"isPartOf\":{\"@id\":\"https:\\\/\\\/www.altominho.tv\\\/site\\\/#website\"},\"primaryImageOfPage\":{\"@id\":\"https:\\\/\\\/www.altominho.tv\\\/site\\\/2023\\\/07\\\/20\\\/homem-23-anos-constituido-arguido-por-furto-em-residencia-caminha\\\/#primaryimage\"},\"image\":{\"@id\":\"https:\\\/\\\/www.altominho.tv\\\/site\\\/2023\\\/07\\\/20\\\/homem-23-anos-constituido-arguido-por-furto-em-residencia-caminha\\\/#primaryimage\"},\"thumbnailUrl\":\"https:\\\/\\\/www.altominho.tv\\\/site\\\/wp-content\\\/uploads\\\/2023\\\/07\\\/GNR-Viana-do-Castelo-Apreensao.jpg\",\"datePublished\":\"2023-07-20T16:56:09+00:00\",\"dateModified\":\"2023-07-20T16:56:12+00:00\",\"author\":{\"@id\":\"https:\\\/\\\/www.altominho.tv\\\/site\\\/#\\\/schema\\\/person\\\/fd922cf16ebbbd1fff2019e656be940c\"},\"description\":\"O Comando Territorial de Viana do Castelo, atrav\u00e9s do N\u00facleo de Investiga\u00e7\u00e3o Criminal (NIC) de Viana do Castelo, no dia 16 de julho, constituiu arguido um homem com 23 anos por furto, no concelho de Caminha.\",\"breadcrumb\":{\"@id\":\"https:\\\/\\\/www.altominho.tv\\\/site\\\/2023\\\/07\\\/20\\\/homem-23-anos-constituido-arguido-por-furto-em-residencia-caminha\\\/#breadcrumb\"},\"inLanguage\":\"pt-PT\",\"potentialAction\":[{\"@type\":\"ReadAction\",\"target\":[\"https:\\\/\\\/www.altominho.tv\\\/site\\\/2023\\\/07\\\/20\\\/homem-23-anos-constituido-arguido-por-furto-em-residencia-caminha\\\/\"]}]},{\"@type\":\"ImageObject\",\"inLanguage\":\"pt-PT\",\"@id\":\"https:\\\/\\\/www.altominho.tv\\\/site\\\/2023\\\/07\\\/20\\\/homem-23-anos-constituido-arguido-por-furto-em-residencia-caminha\\\/#primaryimage\",\"url\":\"https:\\\/\\\/www.altominho.tv\\\/site\\\/wp-content\\\/uploads\\\/2023\\\/07\\\/GNR-Viana-do-Castelo-Apreensao.jpg\",\"contentUrl\":\"https:\\\/\\\/www.altominho.tv\\\/site\\\/wp-content\\\/uploads\\\/2023\\\/07\\\/GNR-Viana-do-Castelo-Apreensao.jpg\",\"width\":1498,\"height\":1124},{\"@type\":\"BreadcrumbList\",\"@id\":\"https:\\\/\\\/www.altominho.tv\\\/site\\\/2023\\\/07\\\/20\\\/homem-23-anos-constituido-arguido-por-furto-em-residencia-caminha\\\/#breadcrumb\",\"itemListElement\":[{\"@type\":\"ListItem\",\"position\":1,\"name\":\"In\u00edcio\",\"item\":\"https:\\\/\\\/www.altominho.tv\\\/site\\\/\"},{\"@type\":\"ListItem\",\"position\":2,\"name\":\"Homem de 23 anos constitu\u00eddo arguido por furto em resid\u00eancia em Caminha\"}]},{\"@type\":\"WebSite\",\"@id\":\"https:\\\/\\\/www.altominho.tv\\\/site\\\/#website\",\"url\":\"https:\\\/\\\/www.altominho.tv\\\/site\\\/\",\"name\":\"Altominho.tv\",\"description\":\"A sua regi\u00e3o \u00e0 dist\u00e2ncia de um clique...\",\"potentialAction\":[{\"@type\":\"SearchAction\",\"target\":{\"@type\":\"EntryPoint\",\"urlTemplate\":\"https:\\\/\\\/www.altominho.tv\\\/site\\\/?s={search_term_string}\"},\"query-input\":{\"@type\":\"PropertyValueSpecification\",\"valueRequired\":true,\"valueName\":\"search_term_string\"}}],\"inLanguage\":\"pt-PT\"},{\"@type\":\"Person\",\"@id\":\"https:\\\/\\\/www.altominho.tv\\\/site\\\/#\\\/schema\\\/person\\\/fd922cf16ebbbd1fff2019e656be940c\",\"name\":\"Juliana Soares\",\"image\":{\"@type\":\"ImageObject\",\"inLanguage\":\"pt-PT\",\"@id\":\"https:\\\/\\\/www.altominho.tv\\\/site\\\/wp-content\\\/uploads\\\/2023\\\/07\\\/Foto_Juliana-150x150.jpg\",\"url\":\"https:\\\/\\\/www.altominho.tv\\\/site\\\/wp-content\\\/uploads\\\/2023\\\/07\\\/Foto_Juliana-150x150.jpg\",\"contentUrl\":\"https:\\\/\\\/www.altominho.tv\\\/site\\\/wp-content\\\/uploads\\\/2023\\\/07\\\/Foto_Juliana-150x150.jpg\",\"caption\":\"Juliana Soares\"},\"url\":\"https:\\\/\\\/www.altominho.tv\\\/site\\\/author\\\/julianasoares\\\/\"}]}<\/script>\n<!-- \/ Yoast SEO Premium plugin. -->","yoast_head_json":{"title":"Homem de 23 anos constitu\u00eddo arguido por furto em resid\u00eancia em Caminha","description":"O Comando Territorial de Viana do Castelo, atrav\u00e9s do N\u00facleo de Investiga\u00e7\u00e3o Criminal (NIC) de Viana do Castelo, no dia 16 de julho, constituiu arguido um homem com 23 anos por furto, no concelho de Caminha.","robots":{"index":"index","follow":"follow","max-snippet":"max-snippet:-1","max-image-preview":"max-image-preview:large","max-video-preview":"max-video-preview:-1"},"canonical":"https:\/\/www.altominho.tv\/site\/2023\/07\/20\/homem-23-anos-constituido-arguido-por-furto-em-residencia-caminha\/","og_locale":"pt_PT","og_type":"article","og_title":"Homem de 23 anos constitu\u00eddo arguido por furto em resid\u00eancia em Caminha","og_description":"O Comando Territorial de Viana do Castelo, atrav\u00e9s do N\u00facleo de Investiga\u00e7\u00e3o Criminal (NIC) de Viana do Castelo, no dia 16 de julho, constituiu arguido um homem com 23 anos por furto, no concelho de Caminha.","og_url":"https:\/\/www.altominho.tv\/site\/2023\/07\/20\/homem-23-anos-constituido-arguido-por-furto-em-residencia-caminha\/","og_site_name":"Altominho.tv","article_publisher":"https:\/\/www.facebook.com\/altominhotv","article_published_time":"2023-07-20T16:56:09+00:00","article_modified_time":"2023-07-20T16:56:12+00:00","og_image":[{"width":1498,"height":1124,"url":"https:\/\/www.altominho.tv\/site\/wp-content\/uploads\/2023\/07\/GNR-Viana-do-Castelo-Apreensao.jpg","type":"image\/jpeg"}],"author":"Juliana Soares","twitter_card":"summary_large_image","twitter_creator":"@altominhoTV","twitter_site":"@altominhoTV","twitter_misc":{"Escrito por":"Juliana Soares","Tempo estimado de leitura":"1 minuto"},"schema":{"@context":"https:\/\/schema.org","@graph":[{"@type":"Article","@id":"https:\/\/www.altominho.tv\/site\/2023\/07\/20\/homem-23-anos-constituido-arguido-por-furto-em-residencia-caminha\/#article","isPartOf":{"@id":"https:\/\/www.altominho.tv\/site\/2023\/07\/20\/homem-23-anos-constituido-arguido-por-furto-em-residencia-caminha\/"},"author":{"name":"Juliana Soares","@id":"https:\/\/www.altominho.tv\/site\/#\/schema\/person\/fd922cf16ebbbd1fff2019e656be940c"},"headline":"Homem de 23 anos constitu\u00eddo arguido por furto em resid\u00eancia em Caminha","datePublished":"2023-07-20T16:56:09+00:00","dateModified":"2023-07-20T16:56:12+00:00","mainEntityOfPage":{"@id":"https:\/\/www.altominho.tv\/site\/2023\/07\/20\/homem-23-anos-constituido-arguido-por-furto-em-residencia-caminha\/"},"wordCount":135,"image":{"@id":"https:\/\/www.altominho.tv\/site\/2023\/07\/20\/homem-23-anos-constituido-arguido-por-furto-em-residencia-caminha\/#primaryimage"},"thumbnailUrl":"https:\/\/www.altominho.tv\/site\/wp-content\/uploads\/2023\/07\/GNR-Viana-do-Castelo-Apreensao.jpg","articleSection":["Caminha"],"inLanguage":"pt-PT","copyrightYear":"2023","copyrightHolder":{"@id":"https:\/\/www.altominho.tv\/site\/#organization"}},{"@type":"WebPage","@id":"https:\/\/www.altominho.tv\/site\/2023\/07\/20\/homem-23-anos-constituido-arguido-por-furto-em-residencia-caminha\/","url":"https:\/\/www.altominho.tv\/site\/2023\/07\/20\/homem-23-anos-constituido-arguido-por-furto-em-residencia-caminha\/","name":"Homem de 23 anos constitu\u00eddo arguido por furto em resid\u00eancia em Caminha","isPartOf":{"@id":"https:\/\/www.altominho.tv\/site\/#website"},"primaryImageOfPage":{"@id":"https:\/\/www.altominho.tv\/site\/2023\/07\/20\/homem-23-anos-constituido-arguido-por-furto-em-residencia-caminha\/#primaryimage"},"image":{"@id":"https:\/\/www.altominho.tv\/site\/2023\/07\/20\/homem-23-anos-constituido-arguido-por-furto-em-residencia-caminha\/#primaryimage"},"thumbnailUrl":"https:\/\/www.altominho.tv\/site\/wp-content\/uploads\/2023\/07\/GNR-Viana-do-Castelo-Apreensao.jpg","datePublished":"2023-07-20T16:56:09+00:00","dateModified":"2023-07-20T16:56:12+00:00","author":{"@id":"https:\/\/www.altominho.tv\/site\/#\/schema\/person\/fd922cf16ebbbd1fff2019e656be940c"},"description":"O Comando Territorial de Viana do Castelo, atrav\u00e9s do N\u00facleo de Investiga\u00e7\u00e3o Criminal (NIC) de Viana do Castelo, no dia 16 de julho, constituiu arguido um homem com 23 anos por furto, no concelho de Caminha.","breadcrumb":{"@id":"https:\/\/www.altominho.tv\/site\/2023\/07\/20\/homem-23-anos-constituido-arguido-por-furto-em-residencia-caminha\/#breadcrumb"},"inLanguage":"pt-PT","potentialAction":[{"@type":"ReadAction","target":["https:\/\/www.altominho.tv\/site\/2023\/07\/20\/homem-23-anos-constituido-arguido-por-furto-em-residencia-caminha\/"]}]},{"@type":"ImageObject","inLanguage":"pt-PT","@id":"https:\/\/www.altominho.tv\/site\/2023\/07\/20\/homem-23-anos-constituido-arguido-por-furto-em-residencia-caminha\/#primaryimage","url":"https:\/\/www.altominho.tv\/site\/wp-content\/uploads\/2023\/07\/GNR-Viana-do-Castelo-Apreensao.jpg","contentUrl":"https:\/\/www.altominho.tv\/site\/wp-content\/uploads\/2023\/07\/GNR-Viana-do-Castelo-Apreensao.jpg","width":1498,"height":1124},{"@type":"BreadcrumbList","@id":"https:\/\/www.altominho.tv\/site\/2023\/07\/20\/homem-23-anos-constituido-arguido-por-furto-em-residencia-caminha\/#breadcrumb","itemListElement":[{"@type":"ListItem","position":1,"name":"In\u00edcio","item":"https:\/\/www.altominho.tv\/site\/"},{"@type":"ListItem","position":2,"name":"Homem de 23 anos constitu\u00eddo arguido por furto em resid\u00eancia em Caminha"}]},{"@type":"WebSite","@id":"https:\/\/www.altominho.tv\/site\/#website","url":"https:\/\/www.altominho.tv\/site\/","name":"Altominho.tv","description":"A sua regi\u00e3o \u00e0 dist\u00e2ncia de um clique...","potentialAction":[{"@type":"SearchAction","target":{"@type":"EntryPoint","urlTemplate":"https:\/\/www.altominho.tv\/site\/?s={search_term_string}"},"query-input":{"@type":"PropertyValueSpecification","valueRequired":true,"valueName":"search_term_string"}}],"inLanguage":"pt-PT"},{"@type":"Person","@id":"https:\/\/www.altominho.tv\/site\/#\/schema\/person\/fd922cf16ebbbd1fff2019e656be940c","name":"Juliana Soares","image":{"@type":"ImageObject","inLanguage":"pt-PT","@id":"https:\/\/www.altominho.tv\/site\/wp-content\/uploads\/2023\/07\/Foto_Juliana-150x150.jpg","url":"https:\/\/www.altominho.tv\/site\/wp-content\/uploads\/2023\/07\/Foto_Juliana-150x150.jpg","contentUrl":"https:\/\/www.altominho.tv\/site\/wp-content\/uploads\/2023\/07\/Foto_Juliana-150x150.jpg","caption":"Juliana Soares"},"url":"https:\/\/www.altominho.tv\/site\/author\/julianasoares\/"}]}},"_links":{"self":[{"href":"https:\/\/www.altominho.tv\/site\/wp-json\/wp\/v2\/posts\/94610","targetHints":{"allow":["GET"]}}],"collection":[{"href":"https:\/\/www.altominho.tv\/site\/wp-json\/wp\/v2\/posts"}],"about":[{"href":"https:\/\/www.altominho.tv\/site\/wp-json\/wp\/v2\/types\/post"}],"author":[{"embeddable":true,"href":"https:\/\/www.altominho.tv\/site\/wp-json\/wp\/v2\/users\/29"}],"replies":[{"embeddable":true,"href":"https:\/\/www.altominho.tv\/site\/wp-json\/wp\/v2\/comments?post=94610"}],"version-history":[{"count":1,"href":"https:\/\/www.altominho.tv\/site\/wp-json\/wp\/v2\/posts\/94610\/revisions"}],"predecessor-version":[{"id":94612,"href":"https:\/\/www.altominho.tv\/site\/wp-json\/wp\/v2\/posts\/94610\/revisions\/94612"}],"wp:featuredmedia":[{"embeddable":true,"href":"https:\/\/www.altominho.tv\/site\/wp-json\/wp\/v2\/media\/94611"}],"wp:attachment":[{"href":"https:\/\/www.altominho.tv\/site\/wp-json\/wp\/v2\/media?parent=94610"}],"wp:term":[{"taxonomy":"category","embeddable":true,"href":"https:\/\/www.altominho.tv\/site\/wp-json\/wp\/v2\/categories?post=94610"},{"taxonomy":"post_tag","embeddable":true,"href":"https:\/\/www.altominho.tv\/site\/wp-json\/wp\/v2\/tags?post=94610"}],"curies":[{"name":"wp","href":"https:\/\/api.w.org\/{rel}","templated":true}]}}