{"id":94580,"date":"2023-07-20T15:16:29","date_gmt":"2023-07-20T14:16:29","guid":{"rendered":"https:\/\/www.altominho.tv\/site\/?p=94580"},"modified":"2023-07-20T15:49:38","modified_gmt":"2023-07-20T14:49:38","slug":"melgaco-by-night-esta-regresso-dia-05-agosto","status":"publish","type":"post","link":"https:\/\/www.altominho.tv\/site\/2023\/07\/20\/melgaco-by-night-esta-regresso-dia-05-agosto\/","title":{"rendered":"Melga\u00e7o By Night est\u00e1 de regresso no dia 05 de agosto"},"content":{"rendered":"<p>O Melga\u00e7o By Night est\u00e1 de regresso no dia 05 de agosto para a segunda edi\u00e7\u00e3o. O evento &#8220;emocionante e desafiador&#8221;, que acontece na vila de Melga\u00e7o, pretende &#8220;atrair entusiastas da aventura e amantes da natureza para explorar a regi\u00e3o sob o brilho do luar&#8221;, l\u00ea-se no comunicado enviado pela autarquia.<\/p>\n<p>Para este evento, as propostas s\u00e3o uma corrida de 10 milhas (aproximadamente 15 quil\u00f3metros) e uma caminhada de 5 milhas (aproximadamente oito quil\u00f3metros).<\/p>\n<p>O evento, que na primeira edi\u00e7\u00e3o contou com a participa\u00e7\u00e3o de cerca de uma centena de atletas, pretende dinamizar a pr\u00e1tica desportiva. &#8220;O Melga\u00e7o By Night valoriza o fair-play, n\u00e3o tendo como objetivo ser um evento de competi\u00e7\u00e3o, mas sim um momento de conv\u00edvio e partilha. \u00c9 uma oportunidade para atletas, de diferentes n\u00edveis, se unirem e compartilharem a paix\u00e3o pela pr\u00e1tica desportiva&#8221;.<\/p>\n<p>Todos os participantes &#8220;ter\u00e3o a oportunidade de passar por locais emblem\u00e1ticos, como o casco hist\u00f3rico e o Castelo de Melga\u00e7o, o Centro de Est\u00e1gios de Melga\u00e7o, as margens do rio Minho, os lugares do Louridal e Ourada, que enriquecer\u00e3o a experi\u00eancia, permitindo que os atletas desfrutem da beleza natural e da hist\u00f3ria da regi\u00e3o&#8221;.<\/p>\n<p>A divers\u00e3o come\u00e7a e termina no Largo Hermenegildo Solheiro, em frente \u00e0 C\u00e2mara Municipal de Melga\u00e7o. A partida da corrida e da caminhada acontece pelas 21h30. O secretariado do evento funcionar\u00e1 entre as 18h30 e as 21h00 do dia da prova, no quartel dos Bombeiros Volunt\u00e1rios de Melga\u00e7o.<\/p>\n<p>Ap\u00f3s a conclus\u00e3o das provas, haver\u00e1 um conv\u00edvio final, onde os participantes poder\u00e3o &#8220;celebrar as suas conquistas e viver momentos de confraterniza\u00e7\u00e3o&#8221;.<\/p>\n<p>As inscri\u00e7\u00f5es, individuais ou em equipa, podem ser efetuadas at\u00e9 ao dia 04 de agosto. A corrida tem o valor de 15 euros e a caminhada de 10 euros.<\/p>\n<p>A iniciativa \u00e9 organizada pela Melsport \u2013 Melga\u00e7o, Desporto e Lazer, EM e conta com o apoio do Munic\u00edpio de Melga\u00e7o.<\/p>\n","protected":false},"excerpt":{"rendered":"<p>O Melga\u00e7o By Night est\u00e1 de regresso no dia 05 de agosto para a segunda edi\u00e7\u00e3o. O evento &#8220;emocionante e desafiador&#8221;, que acontece na vila de Melga\u00e7o, pretende &#8220;atrair entusiastas da aventura e amantes da natureza para explorar a regi\u00e3o sob o brilho do luar&#8221;, l\u00ea-se no comunicado enviado pela autarquia. Para este evento, as [&hellip;]<\/p>\n","protected":false},"author":29,"featured_media":94586,"comment_status":"closed","ping_status":"closed","sticky":false,"template":"","format":"standard","meta":{"_exactmetrics_skip_tracking":false,"_exactmetrics_sitenote_active":false,"_exactmetrics_sitenote_note":"","_exactmetrics_sitenote_category":0,"footnotes":""},"categories":[8],"tags":[24,27],"class_list":["post-94580","post","type-post","status-publish","format-standard","has-post-thumbnail","hentry","category-melgaco","tag-lazer","tag-sociedade"],"yoast_head":"<!-- This site is optimized with the Yoast SEO Premium plugin v27.4 (Yoast SEO v27.4) - https:\/\/yoast.com\/product\/yoast-seo-premium-wordpress\/ -->\n<title>Melga\u00e7o By Night est\u00e1 de regresso no dia 05 de agosto<\/title>\n<meta name=\"description\" content=\"O Melga\u00e7o By Night est\u00e1 de regresso no dia 05 de agosto para a segunda edi\u00e7\u00e3o. O evento &quot;emocionante e desafiador&quot;, que acontece na vila de Melga\u00e7o, pretende &quot;atrair entusiastas da aventura e amantes da natureza para explorar a regi\u00e3o sob o brilho do luar&quot;, l\u00ea-se no comunicado enviado pela autarquia.\" \/>\n<meta name=\"robots\" content=\"index, follow, max-snippet:-1, max-image-preview:large, max-video-preview:-1\" \/>\n<link rel=\"canonical\" href=\"https:\/\/www.altominho.tv\/site\/2023\/07\/20\/melgaco-by-night-esta-regresso-dia-05-agosto\/\" \/>\n<meta property=\"og:locale\" content=\"pt_PT\" \/>\n<meta property=\"og:type\" content=\"article\" \/>\n<meta property=\"og:title\" content=\"Melga\u00e7o By Night est\u00e1 de regresso no dia 05 de agosto\" \/>\n<meta property=\"og:description\" content=\"O Melga\u00e7o By Night est\u00e1 de regresso no dia 05 de agosto para a segunda edi\u00e7\u00e3o. O evento &quot;emocionante e desafiador&quot;, que acontece na vila de Melga\u00e7o, pretende &quot;atrair entusiastas da aventura e amantes da natureza para explorar a regi\u00e3o sob o brilho do luar&quot;, l\u00ea-se no comunicado enviado pela autarquia.\" \/>\n<meta property=\"og:url\" content=\"https:\/\/www.altominho.tv\/site\/2023\/07\/20\/melgaco-by-night-esta-regresso-dia-05-agosto\/\" \/>\n<meta property=\"og:site_name\" content=\"Altominho.tv\" \/>\n<meta property=\"article:publisher\" content=\"https:\/\/www.facebook.com\/altominhotv\" \/>\n<meta property=\"article:published_time\" content=\"2023-07-20T14:16:29+00:00\" \/>\n<meta property=\"article:modified_time\" content=\"2023-07-20T14:49:38+00:00\" \/>\n<meta property=\"og:image\" content=\"https:\/\/www.altominho.tv\/site\/wp-content\/uploads\/2023\/07\/melgaco-by-night-centro-estagios-melgaco-1-1-scaled.jpg\" \/>\n\t<meta property=\"og:image:width\" content=\"2560\" \/>\n\t<meta property=\"og:image:height\" content=\"1707\" \/>\n\t<meta property=\"og:image:type\" content=\"image\/jpeg\" \/>\n<meta name=\"author\" content=\"Juliana Soares\" \/>\n<meta name=\"twitter:card\" content=\"summary_large_image\" \/>\n<meta name=\"twitter:creator\" content=\"@altominhoTV\" \/>\n<meta name=\"twitter:site\" content=\"@altominhoTV\" \/>\n<meta name=\"twitter:label1\" content=\"Escrito por\" \/>\n\t<meta name=\"twitter:data1\" content=\"Juliana Soares\" \/>\n\t<meta name=\"twitter:label2\" content=\"Tempo estimado de leitura\" \/>\n\t<meta name=\"twitter:data2\" content=\"2 minutos\" \/>\n<script type=\"application\/ld+json\" class=\"yoast-schema-graph\">{\"@context\":\"https:\\\/\\\/schema.org\",\"@graph\":[{\"@type\":\"Article\",\"@id\":\"https:\\\/\\\/www.altominho.tv\\\/site\\\/2023\\\/07\\\/20\\\/melgaco-by-night-esta-regresso-dia-05-agosto\\\/#article\",\"isPartOf\":{\"@id\":\"https:\\\/\\\/www.altominho.tv\\\/site\\\/2023\\\/07\\\/20\\\/melgaco-by-night-esta-regresso-dia-05-agosto\\\/\"},\"author\":{\"name\":\"Juliana Soares\",\"@id\":\"https:\\\/\\\/www.altominho.tv\\\/site\\\/#\\\/schema\\\/person\\\/fd922cf16ebbbd1fff2019e656be940c\"},\"headline\":\"Melga\u00e7o By Night est\u00e1 de regresso no dia 05 de agosto\",\"datePublished\":\"2023-07-20T14:16:29+00:00\",\"dateModified\":\"2023-07-20T14:49:38+00:00\",\"mainEntityOfPage\":{\"@id\":\"https:\\\/\\\/www.altominho.tv\\\/site\\\/2023\\\/07\\\/20\\\/melgaco-by-night-esta-regresso-dia-05-agosto\\\/\"},\"wordCount\":354,\"image\":{\"@id\":\"https:\\\/\\\/www.altominho.tv\\\/site\\\/2023\\\/07\\\/20\\\/melgaco-by-night-esta-regresso-dia-05-agosto\\\/#primaryimage\"},\"thumbnailUrl\":\"https:\\\/\\\/www.altominho.tv\\\/site\\\/wp-content\\\/uploads\\\/2023\\\/07\\\/melgaco-by-night-centro-estagios-melgaco-1-1-scaled.jpg\",\"keywords\":[\"Lazer\",\"Sociedade\"],\"articleSection\":[\"Melga\u00e7o\"],\"inLanguage\":\"pt-PT\",\"copyrightYear\":\"2023\",\"copyrightHolder\":{\"@id\":\"https:\\\/\\\/www.altominho.tv\\\/site\\\/#organization\"}},{\"@type\":\"WebPage\",\"@id\":\"https:\\\/\\\/www.altominho.tv\\\/site\\\/2023\\\/07\\\/20\\\/melgaco-by-night-esta-regresso-dia-05-agosto\\\/\",\"url\":\"https:\\\/\\\/www.altominho.tv\\\/site\\\/2023\\\/07\\\/20\\\/melgaco-by-night-esta-regresso-dia-05-agosto\\\/\",\"name\":\"Melga\u00e7o By Night est\u00e1 de regresso no dia 05 de agosto\",\"isPartOf\":{\"@id\":\"https:\\\/\\\/www.altominho.tv\\\/site\\\/#website\"},\"primaryImageOfPage\":{\"@id\":\"https:\\\/\\\/www.altominho.tv\\\/site\\\/2023\\\/07\\\/20\\\/melgaco-by-night-esta-regresso-dia-05-agosto\\\/#primaryimage\"},\"image\":{\"@id\":\"https:\\\/\\\/www.altominho.tv\\\/site\\\/2023\\\/07\\\/20\\\/melgaco-by-night-esta-regresso-dia-05-agosto\\\/#primaryimage\"},\"thumbnailUrl\":\"https:\\\/\\\/www.altominho.tv\\\/site\\\/wp-content\\\/uploads\\\/2023\\\/07\\\/melgaco-by-night-centro-estagios-melgaco-1-1-scaled.jpg\",\"datePublished\":\"2023-07-20T14:16:29+00:00\",\"dateModified\":\"2023-07-20T14:49:38+00:00\",\"author\":{\"@id\":\"https:\\\/\\\/www.altominho.tv\\\/site\\\/#\\\/schema\\\/person\\\/fd922cf16ebbbd1fff2019e656be940c\"},\"description\":\"O Melga\u00e7o By Night est\u00e1 de regresso no dia 05 de agosto para a segunda edi\u00e7\u00e3o. O evento \\\"emocionante e desafiador\\\", que acontece na vila de Melga\u00e7o, pretende \\\"atrair entusiastas da aventura e amantes da natureza para explorar a regi\u00e3o sob o brilho do luar\\\", l\u00ea-se no comunicado enviado pela autarquia.\",\"breadcrumb\":{\"@id\":\"https:\\\/\\\/www.altominho.tv\\\/site\\\/2023\\\/07\\\/20\\\/melgaco-by-night-esta-regresso-dia-05-agosto\\\/#breadcrumb\"},\"inLanguage\":\"pt-PT\",\"potentialAction\":[{\"@type\":\"ReadAction\",\"target\":[\"https:\\\/\\\/www.altominho.tv\\\/site\\\/2023\\\/07\\\/20\\\/melgaco-by-night-esta-regresso-dia-05-agosto\\\/\"]}]},{\"@type\":\"ImageObject\",\"inLanguage\":\"pt-PT\",\"@id\":\"https:\\\/\\\/www.altominho.tv\\\/site\\\/2023\\\/07\\\/20\\\/melgaco-by-night-esta-regresso-dia-05-agosto\\\/#primaryimage\",\"url\":\"https:\\\/\\\/www.altominho.tv\\\/site\\\/wp-content\\\/uploads\\\/2023\\\/07\\\/melgaco-by-night-centro-estagios-melgaco-1-1-scaled.jpg\",\"contentUrl\":\"https:\\\/\\\/www.altominho.tv\\\/site\\\/wp-content\\\/uploads\\\/2023\\\/07\\\/melgaco-by-night-centro-estagios-melgaco-1-1-scaled.jpg\",\"width\":2560,\"height\":1707},{\"@type\":\"BreadcrumbList\",\"@id\":\"https:\\\/\\\/www.altominho.tv\\\/site\\\/2023\\\/07\\\/20\\\/melgaco-by-night-esta-regresso-dia-05-agosto\\\/#breadcrumb\",\"itemListElement\":[{\"@type\":\"ListItem\",\"position\":1,\"name\":\"In\u00edcio\",\"item\":\"https:\\\/\\\/www.altominho.tv\\\/site\\\/\"},{\"@type\":\"ListItem\",\"position\":2,\"name\":\"Melga\u00e7o By Night est\u00e1 de regresso no dia 05 de agosto\"}]},{\"@type\":\"WebSite\",\"@id\":\"https:\\\/\\\/www.altominho.tv\\\/site\\\/#website\",\"url\":\"https:\\\/\\\/www.altominho.tv\\\/site\\\/\",\"name\":\"Altominho.tv\",\"description\":\"A sua regi\u00e3o \u00e0 dist\u00e2ncia de um clique...\",\"potentialAction\":[{\"@type\":\"SearchAction\",\"target\":{\"@type\":\"EntryPoint\",\"urlTemplate\":\"https:\\\/\\\/www.altominho.tv\\\/site\\\/?s={search_term_string}\"},\"query-input\":{\"@type\":\"PropertyValueSpecification\",\"valueRequired\":true,\"valueName\":\"search_term_string\"}}],\"inLanguage\":\"pt-PT\"},{\"@type\":\"Person\",\"@id\":\"https:\\\/\\\/www.altominho.tv\\\/site\\\/#\\\/schema\\\/person\\\/fd922cf16ebbbd1fff2019e656be940c\",\"name\":\"Juliana Soares\",\"image\":{\"@type\":\"ImageObject\",\"inLanguage\":\"pt-PT\",\"@id\":\"https:\\\/\\\/www.altominho.tv\\\/site\\\/wp-content\\\/uploads\\\/2023\\\/07\\\/Foto_Juliana-150x150.jpg\",\"url\":\"https:\\\/\\\/www.altominho.tv\\\/site\\\/wp-content\\\/uploads\\\/2023\\\/07\\\/Foto_Juliana-150x150.jpg\",\"contentUrl\":\"https:\\\/\\\/www.altominho.tv\\\/site\\\/wp-content\\\/uploads\\\/2023\\\/07\\\/Foto_Juliana-150x150.jpg\",\"caption\":\"Juliana Soares\"},\"url\":\"https:\\\/\\\/www.altominho.tv\\\/site\\\/author\\\/julianasoares\\\/\"}]}<\/script>\n<!-- \/ Yoast SEO Premium plugin. -->","yoast_head_json":{"title":"Melga\u00e7o By Night est\u00e1 de regresso no dia 05 de agosto","description":"O Melga\u00e7o By Night est\u00e1 de regresso no dia 05 de agosto para a segunda edi\u00e7\u00e3o. O evento \"emocionante e desafiador\", que acontece na vila de Melga\u00e7o, pretende \"atrair entusiastas da aventura e amantes da natureza para explorar a regi\u00e3o sob o brilho do luar\", l\u00ea-se no comunicado enviado pela autarquia.","robots":{"index":"index","follow":"follow","max-snippet":"max-snippet:-1","max-image-preview":"max-image-preview:large","max-video-preview":"max-video-preview:-1"},"canonical":"https:\/\/www.altominho.tv\/site\/2023\/07\/20\/melgaco-by-night-esta-regresso-dia-05-agosto\/","og_locale":"pt_PT","og_type":"article","og_title":"Melga\u00e7o By Night est\u00e1 de regresso no dia 05 de agosto","og_description":"O Melga\u00e7o By Night est\u00e1 de regresso no dia 05 de agosto para a segunda edi\u00e7\u00e3o. O evento \"emocionante e desafiador\", que acontece na vila de Melga\u00e7o, pretende \"atrair entusiastas da aventura e amantes da natureza para explorar a regi\u00e3o sob o brilho do luar\", l\u00ea-se no comunicado enviado pela autarquia.","og_url":"https:\/\/www.altominho.tv\/site\/2023\/07\/20\/melgaco-by-night-esta-regresso-dia-05-agosto\/","og_site_name":"Altominho.tv","article_publisher":"https:\/\/www.facebook.com\/altominhotv","article_published_time":"2023-07-20T14:16:29+00:00","article_modified_time":"2023-07-20T14:49:38+00:00","og_image":[{"width":2560,"height":1707,"url":"https:\/\/www.altominho.tv\/site\/wp-content\/uploads\/2023\/07\/melgaco-by-night-centro-estagios-melgaco-1-1-scaled.jpg","type":"image\/jpeg"}],"author":"Juliana Soares","twitter_card":"summary_large_image","twitter_creator":"@altominhoTV","twitter_site":"@altominhoTV","twitter_misc":{"Escrito por":"Juliana Soares","Tempo estimado de leitura":"2 minutos"},"schema":{"@context":"https:\/\/schema.org","@graph":[{"@type":"Article","@id":"https:\/\/www.altominho.tv\/site\/2023\/07\/20\/melgaco-by-night-esta-regresso-dia-05-agosto\/#article","isPartOf":{"@id":"https:\/\/www.altominho.tv\/site\/2023\/07\/20\/melgaco-by-night-esta-regresso-dia-05-agosto\/"},"author":{"name":"Juliana Soares","@id":"https:\/\/www.altominho.tv\/site\/#\/schema\/person\/fd922cf16ebbbd1fff2019e656be940c"},"headline":"Melga\u00e7o By Night est\u00e1 de regresso no dia 05 de agosto","datePublished":"2023-07-20T14:16:29+00:00","dateModified":"2023-07-20T14:49:38+00:00","mainEntityOfPage":{"@id":"https:\/\/www.altominho.tv\/site\/2023\/07\/20\/melgaco-by-night-esta-regresso-dia-05-agosto\/"},"wordCount":354,"image":{"@id":"https:\/\/www.altominho.tv\/site\/2023\/07\/20\/melgaco-by-night-esta-regresso-dia-05-agosto\/#primaryimage"},"thumbnailUrl":"https:\/\/www.altominho.tv\/site\/wp-content\/uploads\/2023\/07\/melgaco-by-night-centro-estagios-melgaco-1-1-scaled.jpg","keywords":["Lazer","Sociedade"],"articleSection":["Melga\u00e7o"],"inLanguage":"pt-PT","copyrightYear":"2023","copyrightHolder":{"@id":"https:\/\/www.altominho.tv\/site\/#organization"}},{"@type":"WebPage","@id":"https:\/\/www.altominho.tv\/site\/2023\/07\/20\/melgaco-by-night-esta-regresso-dia-05-agosto\/","url":"https:\/\/www.altominho.tv\/site\/2023\/07\/20\/melgaco-by-night-esta-regresso-dia-05-agosto\/","name":"Melga\u00e7o By Night est\u00e1 de regresso no dia 05 de agosto","isPartOf":{"@id":"https:\/\/www.altominho.tv\/site\/#website"},"primaryImageOfPage":{"@id":"https:\/\/www.altominho.tv\/site\/2023\/07\/20\/melgaco-by-night-esta-regresso-dia-05-agosto\/#primaryimage"},"image":{"@id":"https:\/\/www.altominho.tv\/site\/2023\/07\/20\/melgaco-by-night-esta-regresso-dia-05-agosto\/#primaryimage"},"thumbnailUrl":"https:\/\/www.altominho.tv\/site\/wp-content\/uploads\/2023\/07\/melgaco-by-night-centro-estagios-melgaco-1-1-scaled.jpg","datePublished":"2023-07-20T14:16:29+00:00","dateModified":"2023-07-20T14:49:38+00:00","author":{"@id":"https:\/\/www.altominho.tv\/site\/#\/schema\/person\/fd922cf16ebbbd1fff2019e656be940c"},"description":"O Melga\u00e7o By Night est\u00e1 de regresso no dia 05 de agosto para a segunda edi\u00e7\u00e3o. O evento \"emocionante e desafiador\", que acontece na vila de Melga\u00e7o, pretende \"atrair entusiastas da aventura e amantes da natureza para explorar a regi\u00e3o sob o brilho do luar\", l\u00ea-se no comunicado enviado pela autarquia.","breadcrumb":{"@id":"https:\/\/www.altominho.tv\/site\/2023\/07\/20\/melgaco-by-night-esta-regresso-dia-05-agosto\/#breadcrumb"},"inLanguage":"pt-PT","potentialAction":[{"@type":"ReadAction","target":["https:\/\/www.altominho.tv\/site\/2023\/07\/20\/melgaco-by-night-esta-regresso-dia-05-agosto\/"]}]},{"@type":"ImageObject","inLanguage":"pt-PT","@id":"https:\/\/www.altominho.tv\/site\/2023\/07\/20\/melgaco-by-night-esta-regresso-dia-05-agosto\/#primaryimage","url":"https:\/\/www.altominho.tv\/site\/wp-content\/uploads\/2023\/07\/melgaco-by-night-centro-estagios-melgaco-1-1-scaled.jpg","contentUrl":"https:\/\/www.altominho.tv\/site\/wp-content\/uploads\/2023\/07\/melgaco-by-night-centro-estagios-melgaco-1-1-scaled.jpg","width":2560,"height":1707},{"@type":"BreadcrumbList","@id":"https:\/\/www.altominho.tv\/site\/2023\/07\/20\/melgaco-by-night-esta-regresso-dia-05-agosto\/#breadcrumb","itemListElement":[{"@type":"ListItem","position":1,"name":"In\u00edcio","item":"https:\/\/www.altominho.tv\/site\/"},{"@type":"ListItem","position":2,"name":"Melga\u00e7o By Night est\u00e1 de regresso no dia 05 de agosto"}]},{"@type":"WebSite","@id":"https:\/\/www.altominho.tv\/site\/#website","url":"https:\/\/www.altominho.tv\/site\/","name":"Altominho.tv","description":"A sua regi\u00e3o \u00e0 dist\u00e2ncia de um clique...","potentialAction":[{"@type":"SearchAction","target":{"@type":"EntryPoint","urlTemplate":"https:\/\/www.altominho.tv\/site\/?s={search_term_string}"},"query-input":{"@type":"PropertyValueSpecification","valueRequired":true,"valueName":"search_term_string"}}],"inLanguage":"pt-PT"},{"@type":"Person","@id":"https:\/\/www.altominho.tv\/site\/#\/schema\/person\/fd922cf16ebbbd1fff2019e656be940c","name":"Juliana Soares","image":{"@type":"ImageObject","inLanguage":"pt-PT","@id":"https:\/\/www.altominho.tv\/site\/wp-content\/uploads\/2023\/07\/Foto_Juliana-150x150.jpg","url":"https:\/\/www.altominho.tv\/site\/wp-content\/uploads\/2023\/07\/Foto_Juliana-150x150.jpg","contentUrl":"https:\/\/www.altominho.tv\/site\/wp-content\/uploads\/2023\/07\/Foto_Juliana-150x150.jpg","caption":"Juliana Soares"},"url":"https:\/\/www.altominho.tv\/site\/author\/julianasoares\/"}]}},"_links":{"self":[{"href":"https:\/\/www.altominho.tv\/site\/wp-json\/wp\/v2\/posts\/94580","targetHints":{"allow":["GET"]}}],"collection":[{"href":"https:\/\/www.altominho.tv\/site\/wp-json\/wp\/v2\/posts"}],"about":[{"href":"https:\/\/www.altominho.tv\/site\/wp-json\/wp\/v2\/types\/post"}],"author":[{"embeddable":true,"href":"https:\/\/www.altominho.tv\/site\/wp-json\/wp\/v2\/users\/29"}],"replies":[{"embeddable":true,"href":"https:\/\/www.altominho.tv\/site\/wp-json\/wp\/v2\/comments?post=94580"}],"version-history":[{"count":1,"href":"https:\/\/www.altominho.tv\/site\/wp-json\/wp\/v2\/posts\/94580\/revisions"}],"predecessor-version":[{"id":94582,"href":"https:\/\/www.altominho.tv\/site\/wp-json\/wp\/v2\/posts\/94580\/revisions\/94582"}],"wp:featuredmedia":[{"embeddable":true,"href":"https:\/\/www.altominho.tv\/site\/wp-json\/wp\/v2\/media\/94586"}],"wp:attachment":[{"href":"https:\/\/www.altominho.tv\/site\/wp-json\/wp\/v2\/media?parent=94580"}],"wp:term":[{"taxonomy":"category","embeddable":true,"href":"https:\/\/www.altominho.tv\/site\/wp-json\/wp\/v2\/categories?post=94580"},{"taxonomy":"post_tag","embeddable":true,"href":"https:\/\/www.altominho.tv\/site\/wp-json\/wp\/v2\/tags?post=94580"}],"curies":[{"name":"wp","href":"https:\/\/api.w.org\/{rel}","templated":true}]}}