{"id":94573,"date":"2023-07-20T14:34:32","date_gmt":"2023-07-20T13:34:32","guid":{"rendered":"https:\/\/www.altominho.tv\/site\/?p=94573"},"modified":"2023-07-20T14:34:54","modified_gmt":"2023-07-20T13:34:54","slug":"festival-documentario-melgaco-com-32-filmes-concurso-nona-edicao","status":"publish","type":"post","link":"https:\/\/www.altominho.tv\/site\/2023\/07\/20\/festival-documentario-melgaco-com-32-filmes-concurso-nona-edicao\/","title":{"rendered":"Festival de Document\u00e1rio de Melga\u00e7o com 32 filmes a concurso na nona edi\u00e7\u00e3o"},"content":{"rendered":"<p>A nona edi\u00e7\u00e3o do Festival Internacional de Document\u00e1rio de Melga\u00e7o, o MDoc, ter\u00e1 a concurso 32 filmes, 10 deles portugueses, na edi\u00e7\u00e3o que decorre de 31 de julho a 06 de agosto, segundo o programa hoje apresentado.<\/p>\n<p>Sob o mote \u201cIdentidade, Mem\u00f3ria, Fronteira\u201d, o MDoc continua a focar-se na n\u00e3o-fic\u00e7\u00e3o para \u201cpromover o filme de document\u00e1rio e contribuir para um arquivo audiovisual e fotogr\u00e1fico do territ\u00f3rio de Melga\u00e7o\u201d, explicou Carlos Eduardo Viana, da associa\u00e7\u00e3o &#8216;Ao Norte&#8217; que organiza o festival com a autarquia local.<\/p>\n<p>O festival foi apresentado no Espa\u00e7o Mira, no Porto, com a participa\u00e7\u00e3o do presidente da autarquia de Melga\u00e7o, no distrito de Viana do Castelo, Manuel Baptista, bem como \u00c1lvaro Domingues, Jos\u00e9 da Silva Ribeiro e Jorge Campos, que coordenam outras sec\u00e7\u00f5es do evento.<\/p>\n<p>Ao todo, s\u00e3o 32 filmes, 22 longas-metragens e 10 curtas, a concurso, com 10 obras portuguesas, al\u00e9m dos programas paralelos e de forma\u00e7\u00e3o que tamb\u00e9m abrangem os v\u00e1rios dias de evento.<\/p>\n<p>Na sele\u00e7\u00e3o de 22 longas-metragens est\u00e3o obras de 15 pa\u00edses diferentes, com destaque para \u201cAll That Beathes\u201d, do indiano Shaunak Sen, nomeado aos \u00d3scares deste ano, dois filmes estreados no festival de Berlim e ainda \u201cThe Visitors\u201d, de Veronika Liskov\u00e1, integrado na programa\u00e7\u00e3o em Locarno.<\/p>\n<p>O iraniano \u201cSilent House\u201d, de Farnaz Jurabchian e Mohammadreza Jurabchian, \u00e9 outro dos destaques da programa\u00e7\u00e3o, com \u201cum retrato intimista de uma casa e uma fam\u00edlia\u201d.<\/p>\n<p>\u201cH\u00e1 um pequeno foco sobre o Ir\u00e3o. Vamos ter c\u00e1 um filme, \u2018Silent House\u2019, que percorre desde os anos 1970 at\u00e9 \u00e0 atualidade, toda a Hist\u00f3ria do Ir\u00e3o a partir de uma casa, de tr\u00eas gera\u00e7\u00f5es\u201d, comentou Carlos Eduardo Viana, diretor do MDoc.<\/p>\n<p>A representa\u00e7\u00e3o nacional cabe a Catarina Alves Costa, com \u201cMargot\u201d, \u201cTrilogia dos Vales\u201d, de Nuno Alves e Filipe Barreiro, \u201cThe Invisible Hands\u201d, de Hugo Santos, \u201cTerrit\u00f3rios Ocupados\u201d, de Jos\u00e9 Vieira, \u201cAs Ma\u00e7as Azuis\u201d, de Ricardo Leite\u201d, \u201cCes\u00e1ria \u00c9vora\u201d, de Ana Sofia Fonseca, e \u201cAstrakan 79\u201d, de Catarina Mour\u00e3o.<\/p>\n<p>No que toca \u00e0s curtas e m\u00e9dias-metragens, \u201c2720\u201d, de Basil da Cunha, \u00e9 um dos destaques nacionais, ap\u00f3s o realizador ser premiado pela realiza\u00e7\u00e3o no Festival Curtas Vila do Conde, j\u00e1 este m\u00eas.<\/p>\n<p>A sele\u00e7\u00e3o fica completa, na representa\u00e7\u00e3o portuguesa, com \u201cTanganhom\u201d, de V\u00edtor Covelo, e \u201cDeath of a Mountain\u201d, de Nuno Escudeiro, incluindo os internacionais \u201cWill You Look At Me\u201d, de Shuli Huang, \u201cBudapest Silo\u201d, de Zs\u00f3fia Paczolay, e \u201cTaxibol\u201d, de Tommaso Santambrogio, entre outros.<\/p>\n<p>Em paralelo, a sec\u00e7\u00e3o \u201cQuem somos os que aqui estamos?\u201d inclui uma apresenta\u00e7\u00e3o de livro sobre as freguesias de Castro Laboreiro e Lamas de Mouro e apresenta um trabalho de fotografia de Jo\u00e3o Gigant sobre Alvaredo.<\/p>\n<p>Esta freguesia \u00e9 o foco das resid\u00eancias Plano Frontal, de cinema documental e fotografia, que produzir\u00e1 quatro filmes e tr\u00eas trabalhos fotogr\u00e1ficos sobre o territ\u00f3rio, e no mesmo programa ser\u00e3o apresentadas em estreia as obras realizadas em 2022.<\/p>\n<p>O curso de ver\u00e3o Fora de Campo, uma oficina de realiza\u00e7\u00e3o de cinema com telem\u00f3vel, uma aula de Maythem Ridha, uma exposi\u00e7\u00e3o sobre o cinema alem\u00e3o entre os anos 1910 e 1930, e o Salto a Melga\u00e7o, uma agrega\u00e7\u00e3o de destaques program\u00e1ticos em dois dias para quem n\u00e3o pode estar no local todos os dias, s\u00e3o outros dos destaques.<\/p>\n<p>Ser\u00e3o atribu\u00eddos os Pr\u00e9mios Jean-Loup Passek \u00e0 melhor &#8216;longa&#8217; internacional, \u00e0 melhor &#8216;curta&#8217; e ao melhor document\u00e1rio portugu\u00eas, al\u00e9m de outros galard\u00f5es, para o melhor cartaz de cinema e o Pr\u00e9mio D. Quixote atribu\u00eddo pela Federa\u00e7\u00e3o Internacional de Cineclubes.<\/p>\n<p>Em 2022, \u201cFour Seasons in a Day\u201d, da belga Annabel Verbeke, venceu o pr\u00e9mio principal do evento, com \u201cNo T\u00e1xi de Jack\u201d, de Susana Nobre, a vencer o galard\u00e3o de Melhor Document\u00e1rio Portugu\u00eas.<\/p>\n<p>Os pr\u00e9mios homenageiam Jean-Loup Passek (1936-2016), cr\u00edtico franc\u00eas, antigo respons\u00e1vel no Centro Georges Pompidou, em Paris, que ajudou a estabelecer o Museu de Cinema de Melga\u00e7o, em parceria com o Festival de Cinema de La Rochelle, que dirigiu.<\/p>\n<p>O festival \u00e9 organizado pela associa\u00e7\u00e3o &#8216;Ao Norte&#8217; com a C\u00e2mara Municipal de Melga\u00e7o e vai decorrer de 31 de julho a 06 de agosto.<\/p>\n","protected":false},"excerpt":{"rendered":"<p>A nona edi\u00e7\u00e3o do Festival Internacional de Document\u00e1rio de Melga\u00e7o, o MDoc, ter\u00e1 a concurso 32 filmes, 10 deles portugueses, na edi\u00e7\u00e3o que decorre de 31 de julho a 06 de agosto, segundo o programa hoje apresentado. Sob o mote \u201cIdentidade, Mem\u00f3ria, Fronteira\u201d, o MDoc continua a focar-se na n\u00e3o-fic\u00e7\u00e3o para \u201cpromover o filme de [&hellip;]<\/p>\n","protected":false},"author":13,"featured_media":94574,"comment_status":"closed","ping_status":"closed","sticky":false,"template":"","format":"standard","meta":{"_exactmetrics_skip_tracking":false,"_exactmetrics_sitenote_active":false,"_exactmetrics_sitenote_note":"","_exactmetrics_sitenote_category":0,"footnotes":""},"categories":[8],"tags":[19,27],"class_list":["post-94573","post","type-post","status-publish","format-standard","has-post-thumbnail","hentry","category-melgaco","tag-cultura","tag-sociedade"],"yoast_head":"<!-- This site is optimized with the Yoast SEO Premium plugin v27.4 (Yoast SEO v27.4) - https:\/\/yoast.com\/product\/yoast-seo-premium-wordpress\/ -->\n<title>Festival de Document\u00e1rio de Melga\u00e7o com 32 filmes a concurso na nona edi\u00e7\u00e3o<\/title>\n<meta name=\"description\" content=\"A nona edi\u00e7\u00e3o do Festival Internacional de Document\u00e1rio de Melga\u00e7o, o MDoc, ter\u00e1 a concurso 32 filmes, 10 deles portugueses, na edi\u00e7\u00e3o que decorre de 31 de julho a 06 de agosto, segundo o programa hoje apresentado.\" \/>\n<meta name=\"robots\" content=\"index, follow, max-snippet:-1, max-image-preview:large, max-video-preview:-1\" \/>\n<link rel=\"canonical\" href=\"https:\/\/www.altominho.tv\/site\/2023\/07\/20\/festival-documentario-melgaco-com-32-filmes-concurso-nona-edicao\/\" \/>\n<meta property=\"og:locale\" content=\"pt_PT\" \/>\n<meta property=\"og:type\" content=\"article\" \/>\n<meta property=\"og:title\" content=\"Festival de Document\u00e1rio de Melga\u00e7o com 32 filmes a concurso na nona edi\u00e7\u00e3o\" \/>\n<meta property=\"og:description\" content=\"A nona edi\u00e7\u00e3o do Festival Internacional de Document\u00e1rio de Melga\u00e7o, o MDoc, ter\u00e1 a concurso 32 filmes, 10 deles portugueses, na edi\u00e7\u00e3o que decorre de 31 de julho a 06 de agosto, segundo o programa hoje apresentado.\" \/>\n<meta property=\"og:url\" content=\"https:\/\/www.altominho.tv\/site\/2023\/07\/20\/festival-documentario-melgaco-com-32-filmes-concurso-nona-edicao\/\" \/>\n<meta property=\"og:site_name\" content=\"Altominho.tv\" \/>\n<meta property=\"article:publisher\" content=\"https:\/\/www.facebook.com\/altominhotv\" \/>\n<meta property=\"article:published_time\" content=\"2023-07-20T13:34:32+00:00\" \/>\n<meta property=\"article:modified_time\" content=\"2023-07-20T13:34:54+00:00\" \/>\n<meta property=\"og:image\" content=\"https:\/\/www.altominho.tv\/site\/wp-content\/uploads\/2023\/07\/melgaco.jpg\" \/>\n\t<meta property=\"og:image:width\" content=\"1000\" \/>\n\t<meta property=\"og:image:height\" content=\"500\" \/>\n\t<meta property=\"og:image:type\" content=\"image\/jpeg\" \/>\n<meta name=\"author\" content=\"Lusa\" \/>\n<meta name=\"twitter:card\" content=\"summary_large_image\" \/>\n<meta name=\"twitter:creator\" content=\"@altominhoTV\" \/>\n<meta name=\"twitter:site\" content=\"@altominhoTV\" \/>\n<meta name=\"twitter:label1\" content=\"Escrito por\" \/>\n\t<meta name=\"twitter:data1\" content=\"Lusa\" \/>\n\t<meta name=\"twitter:label2\" content=\"Tempo estimado de leitura\" \/>\n\t<meta name=\"twitter:data2\" content=\"4 minutos\" \/>\n<script type=\"application\/ld+json\" class=\"yoast-schema-graph\">{\"@context\":\"https:\\\/\\\/schema.org\",\"@graph\":[{\"@type\":\"Article\",\"@id\":\"https:\\\/\\\/www.altominho.tv\\\/site\\\/2023\\\/07\\\/20\\\/festival-documentario-melgaco-com-32-filmes-concurso-nona-edicao\\\/#article\",\"isPartOf\":{\"@id\":\"https:\\\/\\\/www.altominho.tv\\\/site\\\/2023\\\/07\\\/20\\\/festival-documentario-melgaco-com-32-filmes-concurso-nona-edicao\\\/\"},\"author\":{\"name\":\"Lusa\",\"@id\":\"https:\\\/\\\/www.altominho.tv\\\/site\\\/#\\\/schema\\\/person\\\/63f693da3e1899361cbe955c46f3232e\"},\"headline\":\"Festival de Document\u00e1rio de Melga\u00e7o com 32 filmes a concurso na nona edi\u00e7\u00e3o\",\"datePublished\":\"2023-07-20T13:34:32+00:00\",\"dateModified\":\"2023-07-20T13:34:54+00:00\",\"mainEntityOfPage\":{\"@id\":\"https:\\\/\\\/www.altominho.tv\\\/site\\\/2023\\\/07\\\/20\\\/festival-documentario-melgaco-com-32-filmes-concurso-nona-edicao\\\/\"},\"wordCount\":739,\"image\":{\"@id\":\"https:\\\/\\\/www.altominho.tv\\\/site\\\/2023\\\/07\\\/20\\\/festival-documentario-melgaco-com-32-filmes-concurso-nona-edicao\\\/#primaryimage\"},\"thumbnailUrl\":\"https:\\\/\\\/www.altominho.tv\\\/site\\\/wp-content\\\/uploads\\\/2023\\\/07\\\/melgaco.jpg\",\"keywords\":[\"Cultura\",\"Sociedade\"],\"articleSection\":[\"Melga\u00e7o\"],\"inLanguage\":\"pt-PT\",\"copyrightYear\":\"2023\",\"copyrightHolder\":{\"@id\":\"https:\\\/\\\/www.altominho.tv\\\/site\\\/#organization\"}},{\"@type\":\"WebPage\",\"@id\":\"https:\\\/\\\/www.altominho.tv\\\/site\\\/2023\\\/07\\\/20\\\/festival-documentario-melgaco-com-32-filmes-concurso-nona-edicao\\\/\",\"url\":\"https:\\\/\\\/www.altominho.tv\\\/site\\\/2023\\\/07\\\/20\\\/festival-documentario-melgaco-com-32-filmes-concurso-nona-edicao\\\/\",\"name\":\"Festival de Document\u00e1rio de Melga\u00e7o com 32 filmes a concurso na nona edi\u00e7\u00e3o\",\"isPartOf\":{\"@id\":\"https:\\\/\\\/www.altominho.tv\\\/site\\\/#website\"},\"primaryImageOfPage\":{\"@id\":\"https:\\\/\\\/www.altominho.tv\\\/site\\\/2023\\\/07\\\/20\\\/festival-documentario-melgaco-com-32-filmes-concurso-nona-edicao\\\/#primaryimage\"},\"image\":{\"@id\":\"https:\\\/\\\/www.altominho.tv\\\/site\\\/2023\\\/07\\\/20\\\/festival-documentario-melgaco-com-32-filmes-concurso-nona-edicao\\\/#primaryimage\"},\"thumbnailUrl\":\"https:\\\/\\\/www.altominho.tv\\\/site\\\/wp-content\\\/uploads\\\/2023\\\/07\\\/melgaco.jpg\",\"datePublished\":\"2023-07-20T13:34:32+00:00\",\"dateModified\":\"2023-07-20T13:34:54+00:00\",\"author\":{\"@id\":\"https:\\\/\\\/www.altominho.tv\\\/site\\\/#\\\/schema\\\/person\\\/63f693da3e1899361cbe955c46f3232e\"},\"description\":\"A nona edi\u00e7\u00e3o do Festival Internacional de Document\u00e1rio de Melga\u00e7o, o MDoc, ter\u00e1 a concurso 32 filmes, 10 deles portugueses, na edi\u00e7\u00e3o que decorre de 31 de julho a 06 de agosto, segundo o programa hoje apresentado.\",\"breadcrumb\":{\"@id\":\"https:\\\/\\\/www.altominho.tv\\\/site\\\/2023\\\/07\\\/20\\\/festival-documentario-melgaco-com-32-filmes-concurso-nona-edicao\\\/#breadcrumb\"},\"inLanguage\":\"pt-PT\",\"potentialAction\":[{\"@type\":\"ReadAction\",\"target\":[\"https:\\\/\\\/www.altominho.tv\\\/site\\\/2023\\\/07\\\/20\\\/festival-documentario-melgaco-com-32-filmes-concurso-nona-edicao\\\/\"]}]},{\"@type\":\"ImageObject\",\"inLanguage\":\"pt-PT\",\"@id\":\"https:\\\/\\\/www.altominho.tv\\\/site\\\/2023\\\/07\\\/20\\\/festival-documentario-melgaco-com-32-filmes-concurso-nona-edicao\\\/#primaryimage\",\"url\":\"https:\\\/\\\/www.altominho.tv\\\/site\\\/wp-content\\\/uploads\\\/2023\\\/07\\\/melgaco.jpg\",\"contentUrl\":\"https:\\\/\\\/www.altominho.tv\\\/site\\\/wp-content\\\/uploads\\\/2023\\\/07\\\/melgaco.jpg\",\"width\":1000,\"height\":500},{\"@type\":\"BreadcrumbList\",\"@id\":\"https:\\\/\\\/www.altominho.tv\\\/site\\\/2023\\\/07\\\/20\\\/festival-documentario-melgaco-com-32-filmes-concurso-nona-edicao\\\/#breadcrumb\",\"itemListElement\":[{\"@type\":\"ListItem\",\"position\":1,\"name\":\"In\u00edcio\",\"item\":\"https:\\\/\\\/www.altominho.tv\\\/site\\\/\"},{\"@type\":\"ListItem\",\"position\":2,\"name\":\"Festival de Document\u00e1rio de Melga\u00e7o com 32 filmes a concurso na nona edi\u00e7\u00e3o\"}]},{\"@type\":\"WebSite\",\"@id\":\"https:\\\/\\\/www.altominho.tv\\\/site\\\/#website\",\"url\":\"https:\\\/\\\/www.altominho.tv\\\/site\\\/\",\"name\":\"Altominho.tv\",\"description\":\"A sua regi\u00e3o \u00e0 dist\u00e2ncia de um clique...\",\"potentialAction\":[{\"@type\":\"SearchAction\",\"target\":{\"@type\":\"EntryPoint\",\"urlTemplate\":\"https:\\\/\\\/www.altominho.tv\\\/site\\\/?s={search_term_string}\"},\"query-input\":{\"@type\":\"PropertyValueSpecification\",\"valueRequired\":true,\"valueName\":\"search_term_string\"}}],\"inLanguage\":\"pt-PT\"},{\"@type\":\"Person\",\"@id\":\"https:\\\/\\\/www.altominho.tv\\\/site\\\/#\\\/schema\\\/person\\\/63f693da3e1899361cbe955c46f3232e\",\"name\":\"Lusa\",\"image\":{\"@type\":\"ImageObject\",\"inLanguage\":\"pt-PT\",\"@id\":\"https:\\\/\\\/www.altominho.tv\\\/site\\\/wp-content\\\/uploads\\\/2019\\\/08\\\/LUSA_Logo.gif\",\"url\":\"https:\\\/\\\/www.altominho.tv\\\/site\\\/wp-content\\\/uploads\\\/2019\\\/08\\\/LUSA_Logo.gif\",\"contentUrl\":\"https:\\\/\\\/www.altominho.tv\\\/site\\\/wp-content\\\/uploads\\\/2019\\\/08\\\/LUSA_Logo.gif\",\"caption\":\"Lusa\"},\"sameAs\":[\"http:\\\/\\\/\\\/\\\/www.altominho.tv\\\/site\"],\"url\":\"https:\\\/\\\/www.altominho.tv\\\/site\\\/author\\\/lusa\\\/\"}]}<\/script>\n<!-- \/ Yoast SEO Premium plugin. -->","yoast_head_json":{"title":"Festival de Document\u00e1rio de Melga\u00e7o com 32 filmes a concurso na nona edi\u00e7\u00e3o","description":"A nona edi\u00e7\u00e3o do Festival Internacional de Document\u00e1rio de Melga\u00e7o, o MDoc, ter\u00e1 a concurso 32 filmes, 10 deles portugueses, na edi\u00e7\u00e3o que decorre de 31 de julho a 06 de agosto, segundo o programa hoje apresentado.","robots":{"index":"index","follow":"follow","max-snippet":"max-snippet:-1","max-image-preview":"max-image-preview:large","max-video-preview":"max-video-preview:-1"},"canonical":"https:\/\/www.altominho.tv\/site\/2023\/07\/20\/festival-documentario-melgaco-com-32-filmes-concurso-nona-edicao\/","og_locale":"pt_PT","og_type":"article","og_title":"Festival de Document\u00e1rio de Melga\u00e7o com 32 filmes a concurso na nona edi\u00e7\u00e3o","og_description":"A nona edi\u00e7\u00e3o do Festival Internacional de Document\u00e1rio de Melga\u00e7o, o MDoc, ter\u00e1 a concurso 32 filmes, 10 deles portugueses, na edi\u00e7\u00e3o que decorre de 31 de julho a 06 de agosto, segundo o programa hoje apresentado.","og_url":"https:\/\/www.altominho.tv\/site\/2023\/07\/20\/festival-documentario-melgaco-com-32-filmes-concurso-nona-edicao\/","og_site_name":"Altominho.tv","article_publisher":"https:\/\/www.facebook.com\/altominhotv","article_published_time":"2023-07-20T13:34:32+00:00","article_modified_time":"2023-07-20T13:34:54+00:00","og_image":[{"width":1000,"height":500,"url":"https:\/\/www.altominho.tv\/site\/wp-content\/uploads\/2023\/07\/melgaco.jpg","type":"image\/jpeg"}],"author":"Lusa","twitter_card":"summary_large_image","twitter_creator":"@altominhoTV","twitter_site":"@altominhoTV","twitter_misc":{"Escrito por":"Lusa","Tempo estimado de leitura":"4 minutos"},"schema":{"@context":"https:\/\/schema.org","@graph":[{"@type":"Article","@id":"https:\/\/www.altominho.tv\/site\/2023\/07\/20\/festival-documentario-melgaco-com-32-filmes-concurso-nona-edicao\/#article","isPartOf":{"@id":"https:\/\/www.altominho.tv\/site\/2023\/07\/20\/festival-documentario-melgaco-com-32-filmes-concurso-nona-edicao\/"},"author":{"name":"Lusa","@id":"https:\/\/www.altominho.tv\/site\/#\/schema\/person\/63f693da3e1899361cbe955c46f3232e"},"headline":"Festival de Document\u00e1rio de Melga\u00e7o com 32 filmes a concurso na nona edi\u00e7\u00e3o","datePublished":"2023-07-20T13:34:32+00:00","dateModified":"2023-07-20T13:34:54+00:00","mainEntityOfPage":{"@id":"https:\/\/www.altominho.tv\/site\/2023\/07\/20\/festival-documentario-melgaco-com-32-filmes-concurso-nona-edicao\/"},"wordCount":739,"image":{"@id":"https:\/\/www.altominho.tv\/site\/2023\/07\/20\/festival-documentario-melgaco-com-32-filmes-concurso-nona-edicao\/#primaryimage"},"thumbnailUrl":"https:\/\/www.altominho.tv\/site\/wp-content\/uploads\/2023\/07\/melgaco.jpg","keywords":["Cultura","Sociedade"],"articleSection":["Melga\u00e7o"],"inLanguage":"pt-PT","copyrightYear":"2023","copyrightHolder":{"@id":"https:\/\/www.altominho.tv\/site\/#organization"}},{"@type":"WebPage","@id":"https:\/\/www.altominho.tv\/site\/2023\/07\/20\/festival-documentario-melgaco-com-32-filmes-concurso-nona-edicao\/","url":"https:\/\/www.altominho.tv\/site\/2023\/07\/20\/festival-documentario-melgaco-com-32-filmes-concurso-nona-edicao\/","name":"Festival de Document\u00e1rio de Melga\u00e7o com 32 filmes a concurso na nona edi\u00e7\u00e3o","isPartOf":{"@id":"https:\/\/www.altominho.tv\/site\/#website"},"primaryImageOfPage":{"@id":"https:\/\/www.altominho.tv\/site\/2023\/07\/20\/festival-documentario-melgaco-com-32-filmes-concurso-nona-edicao\/#primaryimage"},"image":{"@id":"https:\/\/www.altominho.tv\/site\/2023\/07\/20\/festival-documentario-melgaco-com-32-filmes-concurso-nona-edicao\/#primaryimage"},"thumbnailUrl":"https:\/\/www.altominho.tv\/site\/wp-content\/uploads\/2023\/07\/melgaco.jpg","datePublished":"2023-07-20T13:34:32+00:00","dateModified":"2023-07-20T13:34:54+00:00","author":{"@id":"https:\/\/www.altominho.tv\/site\/#\/schema\/person\/63f693da3e1899361cbe955c46f3232e"},"description":"A nona edi\u00e7\u00e3o do Festival Internacional de Document\u00e1rio de Melga\u00e7o, o MDoc, ter\u00e1 a concurso 32 filmes, 10 deles portugueses, na edi\u00e7\u00e3o que decorre de 31 de julho a 06 de agosto, segundo o programa hoje apresentado.","breadcrumb":{"@id":"https:\/\/www.altominho.tv\/site\/2023\/07\/20\/festival-documentario-melgaco-com-32-filmes-concurso-nona-edicao\/#breadcrumb"},"inLanguage":"pt-PT","potentialAction":[{"@type":"ReadAction","target":["https:\/\/www.altominho.tv\/site\/2023\/07\/20\/festival-documentario-melgaco-com-32-filmes-concurso-nona-edicao\/"]}]},{"@type":"ImageObject","inLanguage":"pt-PT","@id":"https:\/\/www.altominho.tv\/site\/2023\/07\/20\/festival-documentario-melgaco-com-32-filmes-concurso-nona-edicao\/#primaryimage","url":"https:\/\/www.altominho.tv\/site\/wp-content\/uploads\/2023\/07\/melgaco.jpg","contentUrl":"https:\/\/www.altominho.tv\/site\/wp-content\/uploads\/2023\/07\/melgaco.jpg","width":1000,"height":500},{"@type":"BreadcrumbList","@id":"https:\/\/www.altominho.tv\/site\/2023\/07\/20\/festival-documentario-melgaco-com-32-filmes-concurso-nona-edicao\/#breadcrumb","itemListElement":[{"@type":"ListItem","position":1,"name":"In\u00edcio","item":"https:\/\/www.altominho.tv\/site\/"},{"@type":"ListItem","position":2,"name":"Festival de Document\u00e1rio de Melga\u00e7o com 32 filmes a concurso na nona edi\u00e7\u00e3o"}]},{"@type":"WebSite","@id":"https:\/\/www.altominho.tv\/site\/#website","url":"https:\/\/www.altominho.tv\/site\/","name":"Altominho.tv","description":"A sua regi\u00e3o \u00e0 dist\u00e2ncia de um clique...","potentialAction":[{"@type":"SearchAction","target":{"@type":"EntryPoint","urlTemplate":"https:\/\/www.altominho.tv\/site\/?s={search_term_string}"},"query-input":{"@type":"PropertyValueSpecification","valueRequired":true,"valueName":"search_term_string"}}],"inLanguage":"pt-PT"},{"@type":"Person","@id":"https:\/\/www.altominho.tv\/site\/#\/schema\/person\/63f693da3e1899361cbe955c46f3232e","name":"Lusa","image":{"@type":"ImageObject","inLanguage":"pt-PT","@id":"https:\/\/www.altominho.tv\/site\/wp-content\/uploads\/2019\/08\/LUSA_Logo.gif","url":"https:\/\/www.altominho.tv\/site\/wp-content\/uploads\/2019\/08\/LUSA_Logo.gif","contentUrl":"https:\/\/www.altominho.tv\/site\/wp-content\/uploads\/2019\/08\/LUSA_Logo.gif","caption":"Lusa"},"sameAs":["http:\/\/\/\/www.altominho.tv\/site"],"url":"https:\/\/www.altominho.tv\/site\/author\/lusa\/"}]}},"_links":{"self":[{"href":"https:\/\/www.altominho.tv\/site\/wp-json\/wp\/v2\/posts\/94573","targetHints":{"allow":["GET"]}}],"collection":[{"href":"https:\/\/www.altominho.tv\/site\/wp-json\/wp\/v2\/posts"}],"about":[{"href":"https:\/\/www.altominho.tv\/site\/wp-json\/wp\/v2\/types\/post"}],"author":[{"embeddable":true,"href":"https:\/\/www.altominho.tv\/site\/wp-json\/wp\/v2\/users\/13"}],"replies":[{"embeddable":true,"href":"https:\/\/www.altominho.tv\/site\/wp-json\/wp\/v2\/comments?post=94573"}],"version-history":[{"count":1,"href":"https:\/\/www.altominho.tv\/site\/wp-json\/wp\/v2\/posts\/94573\/revisions"}],"predecessor-version":[{"id":94575,"href":"https:\/\/www.altominho.tv\/site\/wp-json\/wp\/v2\/posts\/94573\/revisions\/94575"}],"wp:featuredmedia":[{"embeddable":true,"href":"https:\/\/www.altominho.tv\/site\/wp-json\/wp\/v2\/media\/94574"}],"wp:attachment":[{"href":"https:\/\/www.altominho.tv\/site\/wp-json\/wp\/v2\/media?parent=94573"}],"wp:term":[{"taxonomy":"category","embeddable":true,"href":"https:\/\/www.altominho.tv\/site\/wp-json\/wp\/v2\/categories?post=94573"},{"taxonomy":"post_tag","embeddable":true,"href":"https:\/\/www.altominho.tv\/site\/wp-json\/wp\/v2\/tags?post=94573"}],"curies":[{"name":"wp","href":"https:\/\/api.w.org\/{rel}","templated":true}]}}