{"id":94562,"date":"2023-07-20T11:46:20","date_gmt":"2023-07-20T10:46:20","guid":{"rendered":"https:\/\/www.altominho.tv\/site\/?p=94562"},"modified":"2023-07-20T11:46:24","modified_gmt":"2023-07-20T10:46:24","slug":"municipio-arcuense-aprovou-colocar-hasta-publica-seis-espacos-comerciais","status":"publish","type":"post","link":"https:\/\/www.altominho.tv\/site\/2023\/07\/20\/municipio-arcuense-aprovou-colocar-hasta-publica-seis-espacos-comerciais\/","title":{"rendered":"Munic\u00edpio arcuense aprovou colocar em hasta p\u00fablica seis espa\u00e7os comerciais"},"content":{"rendered":"<p>A C\u00e2mara Municipal de Arcos de Valdevez aprovou colocar em hasta p\u00fablica diversos edif\u00edcios municipais, destinados \u00e0 promo\u00e7\u00e3o e comercializa\u00e7\u00e3o de produtos locais, restaura\u00e7\u00e3o e bar.<\/p>\n<p>Uma primeira hasta p\u00fablica refere-se \u00e0 adjudica\u00e7\u00e3o dos novos quatro espa\u00e7os comerciais na Avenida Reconto de Valdevez (Esplanadas do Vez), destinados a estabelecimentos de degusta\u00e7\u00e3o e comercializa\u00e7\u00e3o de produtos locais do Cat\u00e1logo de Produtos \u201cTerras do Vez \u2013 Sabores e Tradi\u00e7\u00f5es\u201d, bem como de brindes promocionais alusivos aos motivos tur\u00edsticos do concelho (merchandising).<\/p>\n<p>Foi tamb\u00e9m aprovada a abertura de procedimento de hasta p\u00fablica para a adjudica\u00e7\u00e3o do espa\u00e7o destinado a estabelecimento de restaura\u00e7\u00e3o, onde funcionou o antigo matadouro municipal, na Avenida da Rep\u00fablica.<\/p>\n<p>Por \u00faltimo, foi aprovada a hasta p\u00fablica do espa\u00e7o existente na feira quinzenal, destinado a Bar.<\/p>\n<p>Estas hastas p\u00fablicas decorrer\u00e3o todas no dia 02 de agosto e com estes procedimentos a C\u00e2mara Municipal pretende &#8220;dinamizar a economia, promover a cria\u00e7\u00e3o de emprego e divulgar os produtos locais, contribuindo para a cria\u00e7\u00e3o de emprego e rendimento e a fixa\u00e7\u00e3o e atra\u00e7\u00e3o de pessoas e investimento&#8221;.<\/p>\n","protected":false},"excerpt":{"rendered":"<p>A C\u00e2mara Municipal de Arcos de Valdevez aprovou colocar em hasta p\u00fablica diversos edif\u00edcios municipais, destinados \u00e0 promo\u00e7\u00e3o e comercializa\u00e7\u00e3o de produtos locais, restaura\u00e7\u00e3o e bar. Uma primeira hasta p\u00fablica refere-se \u00e0 adjudica\u00e7\u00e3o dos novos quatro espa\u00e7os comerciais na Avenida Reconto de Valdevez (Esplanadas do Vez), destinados a estabelecimentos de degusta\u00e7\u00e3o e comercializa\u00e7\u00e3o de produtos [&hellip;]<\/p>\n","protected":false},"author":29,"featured_media":94563,"comment_status":"closed","ping_status":"closed","sticky":false,"template":"","format":"standard","meta":{"_exactmetrics_skip_tracking":false,"_exactmetrics_sitenote_active":false,"_exactmetrics_sitenote_note":"","_exactmetrics_sitenote_category":0,"footnotes":""},"categories":[2],"tags":[21,27],"class_list":["post-94562","post","type-post","status-publish","format-standard","has-post-thumbnail","hentry","category-arcos-de-valdevez","tag-economia","tag-sociedade"],"yoast_head":"<!-- This site is optimized with the Yoast SEO Premium plugin v27.4 (Yoast SEO v27.4) - https:\/\/yoast.com\/product\/yoast-seo-premium-wordpress\/ -->\n<title>Munic\u00edpio arcuense aprovou colocar em hasta p\u00fablica seis espa\u00e7os comerciais<\/title>\n<meta name=\"description\" content=\"A C\u00e2mara Municipal de Arcos de Valdevez aprovou colocar em hasta p\u00fablica diversos edif\u00edcios municipais destinados \u00e0 promo\u00e7\u00e3o e comercializa\u00e7\u00e3o de produtos locais, restaura\u00e7\u00e3o e bar.\" \/>\n<meta name=\"robots\" content=\"index, follow, max-snippet:-1, max-image-preview:large, max-video-preview:-1\" \/>\n<link rel=\"canonical\" href=\"https:\/\/www.altominho.tv\/site\/2023\/07\/20\/municipio-arcuense-aprovou-colocar-hasta-publica-seis-espacos-comerciais\/\" \/>\n<meta property=\"og:locale\" content=\"pt_PT\" \/>\n<meta property=\"og:type\" content=\"article\" \/>\n<meta property=\"og:title\" content=\"Munic\u00edpio arcuense aprovou colocar em hasta p\u00fablica seis espa\u00e7os comerciais\" \/>\n<meta property=\"og:description\" content=\"A C\u00e2mara Municipal de Arcos de Valdevez aprovou colocar em hasta p\u00fablica diversos edif\u00edcios municipais destinados \u00e0 promo\u00e7\u00e3o e comercializa\u00e7\u00e3o de produtos locais, restaura\u00e7\u00e3o e bar.\" \/>\n<meta property=\"og:url\" content=\"https:\/\/www.altominho.tv\/site\/2023\/07\/20\/municipio-arcuense-aprovou-colocar-hasta-publica-seis-espacos-comerciais\/\" \/>\n<meta property=\"og:site_name\" content=\"Altominho.tv\" \/>\n<meta property=\"article:publisher\" content=\"https:\/\/www.facebook.com\/altominhotv\" \/>\n<meta property=\"article:published_time\" content=\"2023-07-20T10:46:20+00:00\" \/>\n<meta property=\"article:modified_time\" content=\"2023-07-20T10:46:24+00:00\" \/>\n<meta property=\"og:image\" content=\"https:\/\/www.altominho.tv\/site\/wp-content\/uploads\/2023\/07\/matadouro-1.jpg\" \/>\n\t<meta property=\"og:image:width\" content=\"1800\" \/>\n\t<meta property=\"og:image:height\" content=\"1200\" \/>\n\t<meta property=\"og:image:type\" content=\"image\/jpeg\" \/>\n<meta name=\"author\" content=\"Juliana Soares\" \/>\n<meta name=\"twitter:card\" content=\"summary_large_image\" \/>\n<meta name=\"twitter:creator\" content=\"@altominhoTV\" \/>\n<meta name=\"twitter:site\" content=\"@altominhoTV\" \/>\n<meta name=\"twitter:label1\" content=\"Escrito por\" \/>\n\t<meta name=\"twitter:data1\" content=\"Juliana Soares\" \/>\n\t<meta name=\"twitter:label2\" content=\"Tempo estimado de leitura\" \/>\n\t<meta name=\"twitter:data2\" content=\"1 minuto\" \/>\n<script type=\"application\/ld+json\" class=\"yoast-schema-graph\">{\"@context\":\"https:\\\/\\\/schema.org\",\"@graph\":[{\"@type\":\"Article\",\"@id\":\"https:\\\/\\\/www.altominho.tv\\\/site\\\/2023\\\/07\\\/20\\\/municipio-arcuense-aprovou-colocar-hasta-publica-seis-espacos-comerciais\\\/#article\",\"isPartOf\":{\"@id\":\"https:\\\/\\\/www.altominho.tv\\\/site\\\/2023\\\/07\\\/20\\\/municipio-arcuense-aprovou-colocar-hasta-publica-seis-espacos-comerciais\\\/\"},\"author\":{\"name\":\"Juliana Soares\",\"@id\":\"https:\\\/\\\/www.altominho.tv\\\/site\\\/#\\\/schema\\\/person\\\/fd922cf16ebbbd1fff2019e656be940c\"},\"headline\":\"Munic\u00edpio arcuense aprovou colocar em hasta p\u00fablica seis espa\u00e7os comerciais\",\"datePublished\":\"2023-07-20T10:46:20+00:00\",\"dateModified\":\"2023-07-20T10:46:24+00:00\",\"mainEntityOfPage\":{\"@id\":\"https:\\\/\\\/www.altominho.tv\\\/site\\\/2023\\\/07\\\/20\\\/municipio-arcuense-aprovou-colocar-hasta-publica-seis-espacos-comerciais\\\/\"},\"wordCount\":211,\"image\":{\"@id\":\"https:\\\/\\\/www.altominho.tv\\\/site\\\/2023\\\/07\\\/20\\\/municipio-arcuense-aprovou-colocar-hasta-publica-seis-espacos-comerciais\\\/#primaryimage\"},\"thumbnailUrl\":\"https:\\\/\\\/www.altominho.tv\\\/site\\\/wp-content\\\/uploads\\\/2023\\\/07\\\/matadouro-1.jpg\",\"keywords\":[\"Economia\",\"Sociedade\"],\"articleSection\":[\"Arcos de Valdevez\"],\"inLanguage\":\"pt-PT\",\"copyrightYear\":\"2023\",\"copyrightHolder\":{\"@id\":\"https:\\\/\\\/www.altominho.tv\\\/site\\\/#organization\"}},{\"@type\":\"WebPage\",\"@id\":\"https:\\\/\\\/www.altominho.tv\\\/site\\\/2023\\\/07\\\/20\\\/municipio-arcuense-aprovou-colocar-hasta-publica-seis-espacos-comerciais\\\/\",\"url\":\"https:\\\/\\\/www.altominho.tv\\\/site\\\/2023\\\/07\\\/20\\\/municipio-arcuense-aprovou-colocar-hasta-publica-seis-espacos-comerciais\\\/\",\"name\":\"Munic\u00edpio arcuense aprovou colocar em hasta p\u00fablica seis espa\u00e7os comerciais\",\"isPartOf\":{\"@id\":\"https:\\\/\\\/www.altominho.tv\\\/site\\\/#website\"},\"primaryImageOfPage\":{\"@id\":\"https:\\\/\\\/www.altominho.tv\\\/site\\\/2023\\\/07\\\/20\\\/municipio-arcuense-aprovou-colocar-hasta-publica-seis-espacos-comerciais\\\/#primaryimage\"},\"image\":{\"@id\":\"https:\\\/\\\/www.altominho.tv\\\/site\\\/2023\\\/07\\\/20\\\/municipio-arcuense-aprovou-colocar-hasta-publica-seis-espacos-comerciais\\\/#primaryimage\"},\"thumbnailUrl\":\"https:\\\/\\\/www.altominho.tv\\\/site\\\/wp-content\\\/uploads\\\/2023\\\/07\\\/matadouro-1.jpg\",\"datePublished\":\"2023-07-20T10:46:20+00:00\",\"dateModified\":\"2023-07-20T10:46:24+00:00\",\"author\":{\"@id\":\"https:\\\/\\\/www.altominho.tv\\\/site\\\/#\\\/schema\\\/person\\\/fd922cf16ebbbd1fff2019e656be940c\"},\"description\":\"A C\u00e2mara Municipal de Arcos de Valdevez aprovou colocar em hasta p\u00fablica diversos edif\u00edcios municipais destinados \u00e0 promo\u00e7\u00e3o e comercializa\u00e7\u00e3o de produtos locais, restaura\u00e7\u00e3o e bar.\",\"breadcrumb\":{\"@id\":\"https:\\\/\\\/www.altominho.tv\\\/site\\\/2023\\\/07\\\/20\\\/municipio-arcuense-aprovou-colocar-hasta-publica-seis-espacos-comerciais\\\/#breadcrumb\"},\"inLanguage\":\"pt-PT\",\"potentialAction\":[{\"@type\":\"ReadAction\",\"target\":[\"https:\\\/\\\/www.altominho.tv\\\/site\\\/2023\\\/07\\\/20\\\/municipio-arcuense-aprovou-colocar-hasta-publica-seis-espacos-comerciais\\\/\"]}]},{\"@type\":\"ImageObject\",\"inLanguage\":\"pt-PT\",\"@id\":\"https:\\\/\\\/www.altominho.tv\\\/site\\\/2023\\\/07\\\/20\\\/municipio-arcuense-aprovou-colocar-hasta-publica-seis-espacos-comerciais\\\/#primaryimage\",\"url\":\"https:\\\/\\\/www.altominho.tv\\\/site\\\/wp-content\\\/uploads\\\/2023\\\/07\\\/matadouro-1.jpg\",\"contentUrl\":\"https:\\\/\\\/www.altominho.tv\\\/site\\\/wp-content\\\/uploads\\\/2023\\\/07\\\/matadouro-1.jpg\",\"width\":1800,\"height\":1200},{\"@type\":\"BreadcrumbList\",\"@id\":\"https:\\\/\\\/www.altominho.tv\\\/site\\\/2023\\\/07\\\/20\\\/municipio-arcuense-aprovou-colocar-hasta-publica-seis-espacos-comerciais\\\/#breadcrumb\",\"itemListElement\":[{\"@type\":\"ListItem\",\"position\":1,\"name\":\"In\u00edcio\",\"item\":\"https:\\\/\\\/www.altominho.tv\\\/site\\\/\"},{\"@type\":\"ListItem\",\"position\":2,\"name\":\"Munic\u00edpio arcuense aprovou colocar em hasta p\u00fablica seis espa\u00e7os comerciais\"}]},{\"@type\":\"WebSite\",\"@id\":\"https:\\\/\\\/www.altominho.tv\\\/site\\\/#website\",\"url\":\"https:\\\/\\\/www.altominho.tv\\\/site\\\/\",\"name\":\"Altominho.tv\",\"description\":\"A sua regi\u00e3o \u00e0 dist\u00e2ncia de um clique...\",\"potentialAction\":[{\"@type\":\"SearchAction\",\"target\":{\"@type\":\"EntryPoint\",\"urlTemplate\":\"https:\\\/\\\/www.altominho.tv\\\/site\\\/?s={search_term_string}\"},\"query-input\":{\"@type\":\"PropertyValueSpecification\",\"valueRequired\":true,\"valueName\":\"search_term_string\"}}],\"inLanguage\":\"pt-PT\"},{\"@type\":\"Person\",\"@id\":\"https:\\\/\\\/www.altominho.tv\\\/site\\\/#\\\/schema\\\/person\\\/fd922cf16ebbbd1fff2019e656be940c\",\"name\":\"Juliana Soares\",\"image\":{\"@type\":\"ImageObject\",\"inLanguage\":\"pt-PT\",\"@id\":\"https:\\\/\\\/www.altominho.tv\\\/site\\\/wp-content\\\/uploads\\\/2023\\\/07\\\/Foto_Juliana-150x150.jpg\",\"url\":\"https:\\\/\\\/www.altominho.tv\\\/site\\\/wp-content\\\/uploads\\\/2023\\\/07\\\/Foto_Juliana-150x150.jpg\",\"contentUrl\":\"https:\\\/\\\/www.altominho.tv\\\/site\\\/wp-content\\\/uploads\\\/2023\\\/07\\\/Foto_Juliana-150x150.jpg\",\"caption\":\"Juliana Soares\"},\"url\":\"https:\\\/\\\/www.altominho.tv\\\/site\\\/author\\\/julianasoares\\\/\"}]}<\/script>\n<!-- \/ Yoast SEO Premium plugin. -->","yoast_head_json":{"title":"Munic\u00edpio arcuense aprovou colocar em hasta p\u00fablica seis espa\u00e7os comerciais","description":"A C\u00e2mara Municipal de Arcos de Valdevez aprovou colocar em hasta p\u00fablica diversos edif\u00edcios municipais destinados \u00e0 promo\u00e7\u00e3o e comercializa\u00e7\u00e3o de produtos locais, restaura\u00e7\u00e3o e bar.","robots":{"index":"index","follow":"follow","max-snippet":"max-snippet:-1","max-image-preview":"max-image-preview:large","max-video-preview":"max-video-preview:-1"},"canonical":"https:\/\/www.altominho.tv\/site\/2023\/07\/20\/municipio-arcuense-aprovou-colocar-hasta-publica-seis-espacos-comerciais\/","og_locale":"pt_PT","og_type":"article","og_title":"Munic\u00edpio arcuense aprovou colocar em hasta p\u00fablica seis espa\u00e7os comerciais","og_description":"A C\u00e2mara Municipal de Arcos de Valdevez aprovou colocar em hasta p\u00fablica diversos edif\u00edcios municipais destinados \u00e0 promo\u00e7\u00e3o e comercializa\u00e7\u00e3o de produtos locais, restaura\u00e7\u00e3o e bar.","og_url":"https:\/\/www.altominho.tv\/site\/2023\/07\/20\/municipio-arcuense-aprovou-colocar-hasta-publica-seis-espacos-comerciais\/","og_site_name":"Altominho.tv","article_publisher":"https:\/\/www.facebook.com\/altominhotv","article_published_time":"2023-07-20T10:46:20+00:00","article_modified_time":"2023-07-20T10:46:24+00:00","og_image":[{"width":1800,"height":1200,"url":"https:\/\/www.altominho.tv\/site\/wp-content\/uploads\/2023\/07\/matadouro-1.jpg","type":"image\/jpeg"}],"author":"Juliana Soares","twitter_card":"summary_large_image","twitter_creator":"@altominhoTV","twitter_site":"@altominhoTV","twitter_misc":{"Escrito por":"Juliana Soares","Tempo estimado de leitura":"1 minuto"},"schema":{"@context":"https:\/\/schema.org","@graph":[{"@type":"Article","@id":"https:\/\/www.altominho.tv\/site\/2023\/07\/20\/municipio-arcuense-aprovou-colocar-hasta-publica-seis-espacos-comerciais\/#article","isPartOf":{"@id":"https:\/\/www.altominho.tv\/site\/2023\/07\/20\/municipio-arcuense-aprovou-colocar-hasta-publica-seis-espacos-comerciais\/"},"author":{"name":"Juliana Soares","@id":"https:\/\/www.altominho.tv\/site\/#\/schema\/person\/fd922cf16ebbbd1fff2019e656be940c"},"headline":"Munic\u00edpio arcuense aprovou colocar em hasta p\u00fablica seis espa\u00e7os comerciais","datePublished":"2023-07-20T10:46:20+00:00","dateModified":"2023-07-20T10:46:24+00:00","mainEntityOfPage":{"@id":"https:\/\/www.altominho.tv\/site\/2023\/07\/20\/municipio-arcuense-aprovou-colocar-hasta-publica-seis-espacos-comerciais\/"},"wordCount":211,"image":{"@id":"https:\/\/www.altominho.tv\/site\/2023\/07\/20\/municipio-arcuense-aprovou-colocar-hasta-publica-seis-espacos-comerciais\/#primaryimage"},"thumbnailUrl":"https:\/\/www.altominho.tv\/site\/wp-content\/uploads\/2023\/07\/matadouro-1.jpg","keywords":["Economia","Sociedade"],"articleSection":["Arcos de Valdevez"],"inLanguage":"pt-PT","copyrightYear":"2023","copyrightHolder":{"@id":"https:\/\/www.altominho.tv\/site\/#organization"}},{"@type":"WebPage","@id":"https:\/\/www.altominho.tv\/site\/2023\/07\/20\/municipio-arcuense-aprovou-colocar-hasta-publica-seis-espacos-comerciais\/","url":"https:\/\/www.altominho.tv\/site\/2023\/07\/20\/municipio-arcuense-aprovou-colocar-hasta-publica-seis-espacos-comerciais\/","name":"Munic\u00edpio arcuense aprovou colocar em hasta p\u00fablica seis espa\u00e7os comerciais","isPartOf":{"@id":"https:\/\/www.altominho.tv\/site\/#website"},"primaryImageOfPage":{"@id":"https:\/\/www.altominho.tv\/site\/2023\/07\/20\/municipio-arcuense-aprovou-colocar-hasta-publica-seis-espacos-comerciais\/#primaryimage"},"image":{"@id":"https:\/\/www.altominho.tv\/site\/2023\/07\/20\/municipio-arcuense-aprovou-colocar-hasta-publica-seis-espacos-comerciais\/#primaryimage"},"thumbnailUrl":"https:\/\/www.altominho.tv\/site\/wp-content\/uploads\/2023\/07\/matadouro-1.jpg","datePublished":"2023-07-20T10:46:20+00:00","dateModified":"2023-07-20T10:46:24+00:00","author":{"@id":"https:\/\/www.altominho.tv\/site\/#\/schema\/person\/fd922cf16ebbbd1fff2019e656be940c"},"description":"A C\u00e2mara Municipal de Arcos de Valdevez aprovou colocar em hasta p\u00fablica diversos edif\u00edcios municipais destinados \u00e0 promo\u00e7\u00e3o e comercializa\u00e7\u00e3o de produtos locais, restaura\u00e7\u00e3o e bar.","breadcrumb":{"@id":"https:\/\/www.altominho.tv\/site\/2023\/07\/20\/municipio-arcuense-aprovou-colocar-hasta-publica-seis-espacos-comerciais\/#breadcrumb"},"inLanguage":"pt-PT","potentialAction":[{"@type":"ReadAction","target":["https:\/\/www.altominho.tv\/site\/2023\/07\/20\/municipio-arcuense-aprovou-colocar-hasta-publica-seis-espacos-comerciais\/"]}]},{"@type":"ImageObject","inLanguage":"pt-PT","@id":"https:\/\/www.altominho.tv\/site\/2023\/07\/20\/municipio-arcuense-aprovou-colocar-hasta-publica-seis-espacos-comerciais\/#primaryimage","url":"https:\/\/www.altominho.tv\/site\/wp-content\/uploads\/2023\/07\/matadouro-1.jpg","contentUrl":"https:\/\/www.altominho.tv\/site\/wp-content\/uploads\/2023\/07\/matadouro-1.jpg","width":1800,"height":1200},{"@type":"BreadcrumbList","@id":"https:\/\/www.altominho.tv\/site\/2023\/07\/20\/municipio-arcuense-aprovou-colocar-hasta-publica-seis-espacos-comerciais\/#breadcrumb","itemListElement":[{"@type":"ListItem","position":1,"name":"In\u00edcio","item":"https:\/\/www.altominho.tv\/site\/"},{"@type":"ListItem","position":2,"name":"Munic\u00edpio arcuense aprovou colocar em hasta p\u00fablica seis espa\u00e7os comerciais"}]},{"@type":"WebSite","@id":"https:\/\/www.altominho.tv\/site\/#website","url":"https:\/\/www.altominho.tv\/site\/","name":"Altominho.tv","description":"A sua regi\u00e3o \u00e0 dist\u00e2ncia de um clique...","potentialAction":[{"@type":"SearchAction","target":{"@type":"EntryPoint","urlTemplate":"https:\/\/www.altominho.tv\/site\/?s={search_term_string}"},"query-input":{"@type":"PropertyValueSpecification","valueRequired":true,"valueName":"search_term_string"}}],"inLanguage":"pt-PT"},{"@type":"Person","@id":"https:\/\/www.altominho.tv\/site\/#\/schema\/person\/fd922cf16ebbbd1fff2019e656be940c","name":"Juliana Soares","image":{"@type":"ImageObject","inLanguage":"pt-PT","@id":"https:\/\/www.altominho.tv\/site\/wp-content\/uploads\/2023\/07\/Foto_Juliana-150x150.jpg","url":"https:\/\/www.altominho.tv\/site\/wp-content\/uploads\/2023\/07\/Foto_Juliana-150x150.jpg","contentUrl":"https:\/\/www.altominho.tv\/site\/wp-content\/uploads\/2023\/07\/Foto_Juliana-150x150.jpg","caption":"Juliana Soares"},"url":"https:\/\/www.altominho.tv\/site\/author\/julianasoares\/"}]}},"_links":{"self":[{"href":"https:\/\/www.altominho.tv\/site\/wp-json\/wp\/v2\/posts\/94562","targetHints":{"allow":["GET"]}}],"collection":[{"href":"https:\/\/www.altominho.tv\/site\/wp-json\/wp\/v2\/posts"}],"about":[{"href":"https:\/\/www.altominho.tv\/site\/wp-json\/wp\/v2\/types\/post"}],"author":[{"embeddable":true,"href":"https:\/\/www.altominho.tv\/site\/wp-json\/wp\/v2\/users\/29"}],"replies":[{"embeddable":true,"href":"https:\/\/www.altominho.tv\/site\/wp-json\/wp\/v2\/comments?post=94562"}],"version-history":[{"count":1,"href":"https:\/\/www.altominho.tv\/site\/wp-json\/wp\/v2\/posts\/94562\/revisions"}],"predecessor-version":[{"id":94564,"href":"https:\/\/www.altominho.tv\/site\/wp-json\/wp\/v2\/posts\/94562\/revisions\/94564"}],"wp:featuredmedia":[{"embeddable":true,"href":"https:\/\/www.altominho.tv\/site\/wp-json\/wp\/v2\/media\/94563"}],"wp:attachment":[{"href":"https:\/\/www.altominho.tv\/site\/wp-json\/wp\/v2\/media?parent=94562"}],"wp:term":[{"taxonomy":"category","embeddable":true,"href":"https:\/\/www.altominho.tv\/site\/wp-json\/wp\/v2\/categories?post=94562"},{"taxonomy":"post_tag","embeddable":true,"href":"https:\/\/www.altominho.tv\/site\/wp-json\/wp\/v2\/tags?post=94562"}],"curies":[{"name":"wp","href":"https:\/\/api.w.org\/{rel}","templated":true}]}}