{"id":94528,"date":"2023-07-19T11:04:07","date_gmt":"2023-07-19T10:04:07","guid":{"rendered":"https:\/\/www.altominho.tv\/site\/?p=94528"},"modified":"2023-07-19T11:08:57","modified_gmt":"2023-07-19T10:08:57","slug":"romaria-da-senhora-da-peneda-em-vias-de-classificacao","status":"publish","type":"post","link":"https:\/\/www.altominho.tv\/site\/2023\/07\/19\/romaria-da-senhora-da-peneda-em-vias-de-classificacao\/","title":{"rendered":"Romaria da Senhora da Peneda em Arcos de Valdevez em vias de classifica\u00e7\u00e3o"},"content":{"rendered":"<p>A Dire\u00e7\u00e3o-Geral do Patrim\u00f3nio Cultural (DGPC) quer inscrever a Romaria de Nossa Senhora da Peneda, em Arcos de Valdevez, no Invent\u00e1rio Nacional do Patrim\u00f3nio Cultural Imaterial, pretens\u00e3o hoje iniciada com a abertura da consulta p\u00fablica.<\/p>\n<p>De acordo com o an\u00fancio hoje publicado em Di\u00e1rio da Rep\u00fablica (DR), a DGPC abriu a consulta p\u00fablica, por 30 dias, \u201cpara efeitos de inscri\u00e7\u00e3o\u201d da festa em honra da Nossa Senhora da Peneda em Arcos de Valdevez, no distrito de Viana do Castelo, como patrim\u00f3nio imaterial.<\/p>\n<p>Segundo o documento, a DGPC \u201cdecide sobre o pedido de inventaria\u00e7\u00e3o da Romaria da Senhora da Peneda no prazo de 30 dias, ap\u00f3s a conclus\u00e3o do per\u00edodo da presente consulta p\u00fablica\u201d.<\/p>\n<p>De acordo com informa\u00e7\u00e3o disponibilizada no s\u00edtio da Internet do Turismo Porto e Norte de Portugal, a Romaria de Nossa Senhora da Peneda, na freguesia de Gavieira, chegou a realizar-se em agosto, mas atualmente decorre a partir de 31 de agosto e at\u00e9 08 de setembro, tendo como um dos pontos altos o ter\u00e7o cantado que percorre as capelas da escadaria do santu\u00e1rio.<\/p>\n<p>A Romaria atrai milhares de peregrinos at\u00e9 ao alto da montanha, entre eles, muitos oriundos da Galiza, em Espanha.<\/p>\n<p>Durante os dias da festa, \u201cos populares cantam e dan\u00e7am ao som das concertinas durante toda a noite\u201d, sendo considerada \u201cuma das mais concorridas romarias de Portugal, envolvendo peregrinos portugueses e galegos\u201d.<\/p>\n<p>\u201cA festividade assenta num espa\u00e7o natural e arquitet\u00f3nico de beleza universal, com um magn\u00edfico afloramento rochoso de grande dimens\u00e3o, uma queda de \u00e1gua e uma envolvente paisag\u00edstica natural assombrosa, onde o bel\u00edssimo templo do s\u00e9culo XVIII\/XIX e o seu escad\u00f3rio de 20 capelas tem\u00e1ticas formam um todo de inigual\u00e1vel caracteriza\u00e7\u00e3o, dentro do espa\u00e7o privilegiado do \u00fanico Parque Nacional portugu\u00eas, a Peneda-Ger\u00eas\u201d, l\u00ea-se na descri\u00e7\u00e3o da romaria.<\/p>\n<p>O Santu\u00e1rio, datado do s\u00e9culo XVIII, est\u00e1 situado no lugar da Peneda, sendo constitu\u00eddo pela igreja, que foi terminada em 1875, pelo grande terreiro dos evangelistas e uma escadaria com cerca de 300 metros. Nas suas laterais existem 20 capelas que retratam cenas da vida de Cristo e ainda os quart\u00e9is.<\/p>\n<p>Propriedade da Confraria de Nossa Senhora da Peneda, o templo foi elevado a santu\u00e1rio em abril 2020, por decreto do ent\u00e3o bispo da Diocese de Viana do Castelo Anacleto Oliveira.<\/p>\n<p>A diocese justificou o reconhecimento como santu\u00e1rio por se tratar de &#8220;um dos monumentos marianos mais not\u00e1veis&#8221; do distrito de Viana do Castelo e &#8220;pela sua antiguidade, dos mais venerados em todo o Alto Minho, estendendo-se o seu prest\u00edgio e influ\u00eancia \u00e0 vizinha regi\u00e3o aut\u00f3noma da Galiza, em Espanha&#8221;.<\/p>\n","protected":false},"excerpt":{"rendered":"<p>A Dire\u00e7\u00e3o-Geral do Patrim\u00f3nio Cultural (DGPC) quer inscrever a Romaria de Nossa Senhora da Peneda, em Arcos de Valdevez, no Invent\u00e1rio Nacional do Patrim\u00f3nio Cultural Imaterial, pretens\u00e3o hoje iniciada com a abertura da consulta p\u00fablica. De acordo com o an\u00fancio hoje publicado em Di\u00e1rio da Rep\u00fablica (DR), a DGPC abriu a consulta p\u00fablica, por 30 [&hellip;]<\/p>\n","protected":false},"author":13,"featured_media":82465,"comment_status":"closed","ping_status":"closed","sticky":false,"template":"","format":"standard","meta":{"_exactmetrics_skip_tracking":false,"_exactmetrics_sitenote_active":false,"_exactmetrics_sitenote_note":"","_exactmetrics_sitenote_category":0,"footnotes":""},"categories":[2],"tags":[19,27],"class_list":["post-94528","post","type-post","status-publish","format-standard","has-post-thumbnail","hentry","category-arcos-de-valdevez","tag-cultura","tag-sociedade"],"yoast_head":"<!-- This site is optimized with the Yoast SEO Premium plugin v27.4 (Yoast SEO v27.4) - https:\/\/yoast.com\/product\/yoast-seo-premium-wordpress\/ -->\n<title>Romaria da Senhora da Peneda em Arcos de Valdevez em vias de classifica\u00e7\u00e3o<\/title>\n<meta name=\"description\" content=\"A Dire\u00e7\u00e3o-Geral do Patrim\u00f3nio Cultural abriu a consulta p\u00fablica, por 30 dias, \u201cpara efeitos de inscri\u00e7\u00e3o\u201d da festa em honra da Nossa Senhora da Peneda em Arcos de Valdevez, no distrito de Viana do Castelo, como patrim\u00f3nio imaterial.\" \/>\n<meta name=\"robots\" content=\"index, follow, max-snippet:-1, max-image-preview:large, max-video-preview:-1\" \/>\n<link rel=\"canonical\" href=\"https:\/\/www.altominho.tv\/site\/2023\/07\/19\/romaria-da-senhora-da-peneda-em-vias-de-classificacao\/\" \/>\n<meta property=\"og:locale\" content=\"pt_PT\" \/>\n<meta property=\"og:type\" content=\"article\" \/>\n<meta property=\"og:title\" content=\"Romaria da Senhora da Peneda em Arcos de Valdevez em vias de classifica\u00e7\u00e3o\" \/>\n<meta property=\"og:description\" content=\"A Dire\u00e7\u00e3o-Geral do Patrim\u00f3nio Cultural abriu a consulta p\u00fablica, por 30 dias, \u201cpara efeitos de inscri\u00e7\u00e3o\u201d da festa em honra da Nossa Senhora da Peneda em Arcos de Valdevez, no distrito de Viana do Castelo, como patrim\u00f3nio imaterial.\" \/>\n<meta property=\"og:url\" content=\"https:\/\/www.altominho.tv\/site\/2023\/07\/19\/romaria-da-senhora-da-peneda-em-vias-de-classificacao\/\" \/>\n<meta property=\"og:site_name\" content=\"Altominho.tv\" \/>\n<meta property=\"article:publisher\" content=\"https:\/\/www.facebook.com\/altominhotv\" \/>\n<meta property=\"article:published_time\" content=\"2023-07-19T10:04:07+00:00\" \/>\n<meta property=\"article:modified_time\" content=\"2023-07-19T10:08:57+00:00\" \/>\n<meta property=\"og:image\" content=\"https:\/\/www.altominho.tv\/site\/wp-content\/uploads\/2022\/08\/peneda--scaled.jpg\" \/>\n\t<meta property=\"og:image:width\" content=\"2560\" \/>\n\t<meta property=\"og:image:height\" content=\"1600\" \/>\n\t<meta property=\"og:image:type\" content=\"image\/jpeg\" \/>\n<meta name=\"author\" content=\"Lusa\" \/>\n<meta name=\"twitter:card\" content=\"summary_large_image\" \/>\n<meta name=\"twitter:creator\" content=\"@altominhoTV\" \/>\n<meta name=\"twitter:site\" content=\"@altominhoTV\" \/>\n<meta name=\"twitter:label1\" content=\"Escrito por\" \/>\n\t<meta name=\"twitter:data1\" content=\"Lusa\" \/>\n\t<meta name=\"twitter:label2\" content=\"Tempo estimado de leitura\" \/>\n\t<meta name=\"twitter:data2\" content=\"3 minutos\" \/>\n<script type=\"application\/ld+json\" class=\"yoast-schema-graph\">{\"@context\":\"https:\\\/\\\/schema.org\",\"@graph\":[{\"@type\":\"Article\",\"@id\":\"https:\\\/\\\/www.altominho.tv\\\/site\\\/2023\\\/07\\\/19\\\/romaria-da-senhora-da-peneda-em-vias-de-classificacao\\\/#article\",\"isPartOf\":{\"@id\":\"https:\\\/\\\/www.altominho.tv\\\/site\\\/2023\\\/07\\\/19\\\/romaria-da-senhora-da-peneda-em-vias-de-classificacao\\\/\"},\"author\":{\"name\":\"Lusa\",\"@id\":\"https:\\\/\\\/www.altominho.tv\\\/site\\\/#\\\/schema\\\/person\\\/63f693da3e1899361cbe955c46f3232e\"},\"headline\":\"Romaria da Senhora da Peneda em Arcos de Valdevez em vias de classifica\u00e7\u00e3o\",\"datePublished\":\"2023-07-19T10:04:07+00:00\",\"dateModified\":\"2023-07-19T10:08:57+00:00\",\"mainEntityOfPage\":{\"@id\":\"https:\\\/\\\/www.altominho.tv\\\/site\\\/2023\\\/07\\\/19\\\/romaria-da-senhora-da-peneda-em-vias-de-classificacao\\\/\"},\"wordCount\":478,\"image\":{\"@id\":\"https:\\\/\\\/www.altominho.tv\\\/site\\\/2023\\\/07\\\/19\\\/romaria-da-senhora-da-peneda-em-vias-de-classificacao\\\/#primaryimage\"},\"thumbnailUrl\":\"https:\\\/\\\/www.altominho.tv\\\/site\\\/wp-content\\\/uploads\\\/2022\\\/08\\\/peneda--scaled.jpg\",\"keywords\":[\"Cultura\",\"Sociedade\"],\"articleSection\":[\"Arcos de Valdevez\"],\"inLanguage\":\"pt-PT\",\"copyrightYear\":\"2023\",\"copyrightHolder\":{\"@id\":\"https:\\\/\\\/www.altominho.tv\\\/site\\\/#organization\"}},{\"@type\":\"WebPage\",\"@id\":\"https:\\\/\\\/www.altominho.tv\\\/site\\\/2023\\\/07\\\/19\\\/romaria-da-senhora-da-peneda-em-vias-de-classificacao\\\/\",\"url\":\"https:\\\/\\\/www.altominho.tv\\\/site\\\/2023\\\/07\\\/19\\\/romaria-da-senhora-da-peneda-em-vias-de-classificacao\\\/\",\"name\":\"Romaria da Senhora da Peneda em Arcos de Valdevez em vias de classifica\u00e7\u00e3o\",\"isPartOf\":{\"@id\":\"https:\\\/\\\/www.altominho.tv\\\/site\\\/#website\"},\"primaryImageOfPage\":{\"@id\":\"https:\\\/\\\/www.altominho.tv\\\/site\\\/2023\\\/07\\\/19\\\/romaria-da-senhora-da-peneda-em-vias-de-classificacao\\\/#primaryimage\"},\"image\":{\"@id\":\"https:\\\/\\\/www.altominho.tv\\\/site\\\/2023\\\/07\\\/19\\\/romaria-da-senhora-da-peneda-em-vias-de-classificacao\\\/#primaryimage\"},\"thumbnailUrl\":\"https:\\\/\\\/www.altominho.tv\\\/site\\\/wp-content\\\/uploads\\\/2022\\\/08\\\/peneda--scaled.jpg\",\"datePublished\":\"2023-07-19T10:04:07+00:00\",\"dateModified\":\"2023-07-19T10:08:57+00:00\",\"author\":{\"@id\":\"https:\\\/\\\/www.altominho.tv\\\/site\\\/#\\\/schema\\\/person\\\/63f693da3e1899361cbe955c46f3232e\"},\"description\":\"A Dire\u00e7\u00e3o-Geral do Patrim\u00f3nio Cultural abriu a consulta p\u00fablica, por 30 dias, \u201cpara efeitos de inscri\u00e7\u00e3o\u201d da festa em honra da Nossa Senhora da Peneda em Arcos de Valdevez, no distrito de Viana do Castelo, como patrim\u00f3nio imaterial.\",\"breadcrumb\":{\"@id\":\"https:\\\/\\\/www.altominho.tv\\\/site\\\/2023\\\/07\\\/19\\\/romaria-da-senhora-da-peneda-em-vias-de-classificacao\\\/#breadcrumb\"},\"inLanguage\":\"pt-PT\",\"potentialAction\":[{\"@type\":\"ReadAction\",\"target\":[\"https:\\\/\\\/www.altominho.tv\\\/site\\\/2023\\\/07\\\/19\\\/romaria-da-senhora-da-peneda-em-vias-de-classificacao\\\/\"]}]},{\"@type\":\"ImageObject\",\"inLanguage\":\"pt-PT\",\"@id\":\"https:\\\/\\\/www.altominho.tv\\\/site\\\/2023\\\/07\\\/19\\\/romaria-da-senhora-da-peneda-em-vias-de-classificacao\\\/#primaryimage\",\"url\":\"https:\\\/\\\/www.altominho.tv\\\/site\\\/wp-content\\\/uploads\\\/2022\\\/08\\\/peneda--scaled.jpg\",\"contentUrl\":\"https:\\\/\\\/www.altominho.tv\\\/site\\\/wp-content\\\/uploads\\\/2022\\\/08\\\/peneda--scaled.jpg\",\"width\":2560,\"height\":1600},{\"@type\":\"BreadcrumbList\",\"@id\":\"https:\\\/\\\/www.altominho.tv\\\/site\\\/2023\\\/07\\\/19\\\/romaria-da-senhora-da-peneda-em-vias-de-classificacao\\\/#breadcrumb\",\"itemListElement\":[{\"@type\":\"ListItem\",\"position\":1,\"name\":\"In\u00edcio\",\"item\":\"https:\\\/\\\/www.altominho.tv\\\/site\\\/\"},{\"@type\":\"ListItem\",\"position\":2,\"name\":\"Romaria da Senhora da Peneda em Arcos de Valdevez em vias de classifica\u00e7\u00e3o\"}]},{\"@type\":\"WebSite\",\"@id\":\"https:\\\/\\\/www.altominho.tv\\\/site\\\/#website\",\"url\":\"https:\\\/\\\/www.altominho.tv\\\/site\\\/\",\"name\":\"Altominho.tv\",\"description\":\"A sua regi\u00e3o \u00e0 dist\u00e2ncia de um clique...\",\"potentialAction\":[{\"@type\":\"SearchAction\",\"target\":{\"@type\":\"EntryPoint\",\"urlTemplate\":\"https:\\\/\\\/www.altominho.tv\\\/site\\\/?s={search_term_string}\"},\"query-input\":{\"@type\":\"PropertyValueSpecification\",\"valueRequired\":true,\"valueName\":\"search_term_string\"}}],\"inLanguage\":\"pt-PT\"},{\"@type\":\"Person\",\"@id\":\"https:\\\/\\\/www.altominho.tv\\\/site\\\/#\\\/schema\\\/person\\\/63f693da3e1899361cbe955c46f3232e\",\"name\":\"Lusa\",\"image\":{\"@type\":\"ImageObject\",\"inLanguage\":\"pt-PT\",\"@id\":\"https:\\\/\\\/www.altominho.tv\\\/site\\\/wp-content\\\/uploads\\\/2019\\\/08\\\/LUSA_Logo.gif\",\"url\":\"https:\\\/\\\/www.altominho.tv\\\/site\\\/wp-content\\\/uploads\\\/2019\\\/08\\\/LUSA_Logo.gif\",\"contentUrl\":\"https:\\\/\\\/www.altominho.tv\\\/site\\\/wp-content\\\/uploads\\\/2019\\\/08\\\/LUSA_Logo.gif\",\"caption\":\"Lusa\"},\"sameAs\":[\"http:\\\/\\\/\\\/\\\/www.altominho.tv\\\/site\"],\"url\":\"https:\\\/\\\/www.altominho.tv\\\/site\\\/author\\\/lusa\\\/\"}]}<\/script>\n<!-- \/ Yoast SEO Premium plugin. -->","yoast_head_json":{"title":"Romaria da Senhora da Peneda em Arcos de Valdevez em vias de classifica\u00e7\u00e3o","description":"A Dire\u00e7\u00e3o-Geral do Patrim\u00f3nio Cultural abriu a consulta p\u00fablica, por 30 dias, \u201cpara efeitos de inscri\u00e7\u00e3o\u201d da festa em honra da Nossa Senhora da Peneda em Arcos de Valdevez, no distrito de Viana do Castelo, como patrim\u00f3nio imaterial.","robots":{"index":"index","follow":"follow","max-snippet":"max-snippet:-1","max-image-preview":"max-image-preview:large","max-video-preview":"max-video-preview:-1"},"canonical":"https:\/\/www.altominho.tv\/site\/2023\/07\/19\/romaria-da-senhora-da-peneda-em-vias-de-classificacao\/","og_locale":"pt_PT","og_type":"article","og_title":"Romaria da Senhora da Peneda em Arcos de Valdevez em vias de classifica\u00e7\u00e3o","og_description":"A Dire\u00e7\u00e3o-Geral do Patrim\u00f3nio Cultural abriu a consulta p\u00fablica, por 30 dias, \u201cpara efeitos de inscri\u00e7\u00e3o\u201d da festa em honra da Nossa Senhora da Peneda em Arcos de Valdevez, no distrito de Viana do Castelo, como patrim\u00f3nio imaterial.","og_url":"https:\/\/www.altominho.tv\/site\/2023\/07\/19\/romaria-da-senhora-da-peneda-em-vias-de-classificacao\/","og_site_name":"Altominho.tv","article_publisher":"https:\/\/www.facebook.com\/altominhotv","article_published_time":"2023-07-19T10:04:07+00:00","article_modified_time":"2023-07-19T10:08:57+00:00","og_image":[{"width":2560,"height":1600,"url":"https:\/\/www.altominho.tv\/site\/wp-content\/uploads\/2022\/08\/peneda--scaled.jpg","type":"image\/jpeg"}],"author":"Lusa","twitter_card":"summary_large_image","twitter_creator":"@altominhoTV","twitter_site":"@altominhoTV","twitter_misc":{"Escrito por":"Lusa","Tempo estimado de leitura":"3 minutos"},"schema":{"@context":"https:\/\/schema.org","@graph":[{"@type":"Article","@id":"https:\/\/www.altominho.tv\/site\/2023\/07\/19\/romaria-da-senhora-da-peneda-em-vias-de-classificacao\/#article","isPartOf":{"@id":"https:\/\/www.altominho.tv\/site\/2023\/07\/19\/romaria-da-senhora-da-peneda-em-vias-de-classificacao\/"},"author":{"name":"Lusa","@id":"https:\/\/www.altominho.tv\/site\/#\/schema\/person\/63f693da3e1899361cbe955c46f3232e"},"headline":"Romaria da Senhora da Peneda em Arcos de Valdevez em vias de classifica\u00e7\u00e3o","datePublished":"2023-07-19T10:04:07+00:00","dateModified":"2023-07-19T10:08:57+00:00","mainEntityOfPage":{"@id":"https:\/\/www.altominho.tv\/site\/2023\/07\/19\/romaria-da-senhora-da-peneda-em-vias-de-classificacao\/"},"wordCount":478,"image":{"@id":"https:\/\/www.altominho.tv\/site\/2023\/07\/19\/romaria-da-senhora-da-peneda-em-vias-de-classificacao\/#primaryimage"},"thumbnailUrl":"https:\/\/www.altominho.tv\/site\/wp-content\/uploads\/2022\/08\/peneda--scaled.jpg","keywords":["Cultura","Sociedade"],"articleSection":["Arcos de Valdevez"],"inLanguage":"pt-PT","copyrightYear":"2023","copyrightHolder":{"@id":"https:\/\/www.altominho.tv\/site\/#organization"}},{"@type":"WebPage","@id":"https:\/\/www.altominho.tv\/site\/2023\/07\/19\/romaria-da-senhora-da-peneda-em-vias-de-classificacao\/","url":"https:\/\/www.altominho.tv\/site\/2023\/07\/19\/romaria-da-senhora-da-peneda-em-vias-de-classificacao\/","name":"Romaria da Senhora da Peneda em Arcos de Valdevez em vias de classifica\u00e7\u00e3o","isPartOf":{"@id":"https:\/\/www.altominho.tv\/site\/#website"},"primaryImageOfPage":{"@id":"https:\/\/www.altominho.tv\/site\/2023\/07\/19\/romaria-da-senhora-da-peneda-em-vias-de-classificacao\/#primaryimage"},"image":{"@id":"https:\/\/www.altominho.tv\/site\/2023\/07\/19\/romaria-da-senhora-da-peneda-em-vias-de-classificacao\/#primaryimage"},"thumbnailUrl":"https:\/\/www.altominho.tv\/site\/wp-content\/uploads\/2022\/08\/peneda--scaled.jpg","datePublished":"2023-07-19T10:04:07+00:00","dateModified":"2023-07-19T10:08:57+00:00","author":{"@id":"https:\/\/www.altominho.tv\/site\/#\/schema\/person\/63f693da3e1899361cbe955c46f3232e"},"description":"A Dire\u00e7\u00e3o-Geral do Patrim\u00f3nio Cultural abriu a consulta p\u00fablica, por 30 dias, \u201cpara efeitos de inscri\u00e7\u00e3o\u201d da festa em honra da Nossa Senhora da Peneda em Arcos de Valdevez, no distrito de Viana do Castelo, como patrim\u00f3nio imaterial.","breadcrumb":{"@id":"https:\/\/www.altominho.tv\/site\/2023\/07\/19\/romaria-da-senhora-da-peneda-em-vias-de-classificacao\/#breadcrumb"},"inLanguage":"pt-PT","potentialAction":[{"@type":"ReadAction","target":["https:\/\/www.altominho.tv\/site\/2023\/07\/19\/romaria-da-senhora-da-peneda-em-vias-de-classificacao\/"]}]},{"@type":"ImageObject","inLanguage":"pt-PT","@id":"https:\/\/www.altominho.tv\/site\/2023\/07\/19\/romaria-da-senhora-da-peneda-em-vias-de-classificacao\/#primaryimage","url":"https:\/\/www.altominho.tv\/site\/wp-content\/uploads\/2022\/08\/peneda--scaled.jpg","contentUrl":"https:\/\/www.altominho.tv\/site\/wp-content\/uploads\/2022\/08\/peneda--scaled.jpg","width":2560,"height":1600},{"@type":"BreadcrumbList","@id":"https:\/\/www.altominho.tv\/site\/2023\/07\/19\/romaria-da-senhora-da-peneda-em-vias-de-classificacao\/#breadcrumb","itemListElement":[{"@type":"ListItem","position":1,"name":"In\u00edcio","item":"https:\/\/www.altominho.tv\/site\/"},{"@type":"ListItem","position":2,"name":"Romaria da Senhora da Peneda em Arcos de Valdevez em vias de classifica\u00e7\u00e3o"}]},{"@type":"WebSite","@id":"https:\/\/www.altominho.tv\/site\/#website","url":"https:\/\/www.altominho.tv\/site\/","name":"Altominho.tv","description":"A sua regi\u00e3o \u00e0 dist\u00e2ncia de um clique...","potentialAction":[{"@type":"SearchAction","target":{"@type":"EntryPoint","urlTemplate":"https:\/\/www.altominho.tv\/site\/?s={search_term_string}"},"query-input":{"@type":"PropertyValueSpecification","valueRequired":true,"valueName":"search_term_string"}}],"inLanguage":"pt-PT"},{"@type":"Person","@id":"https:\/\/www.altominho.tv\/site\/#\/schema\/person\/63f693da3e1899361cbe955c46f3232e","name":"Lusa","image":{"@type":"ImageObject","inLanguage":"pt-PT","@id":"https:\/\/www.altominho.tv\/site\/wp-content\/uploads\/2019\/08\/LUSA_Logo.gif","url":"https:\/\/www.altominho.tv\/site\/wp-content\/uploads\/2019\/08\/LUSA_Logo.gif","contentUrl":"https:\/\/www.altominho.tv\/site\/wp-content\/uploads\/2019\/08\/LUSA_Logo.gif","caption":"Lusa"},"sameAs":["http:\/\/\/\/www.altominho.tv\/site"],"url":"https:\/\/www.altominho.tv\/site\/author\/lusa\/"}]}},"_links":{"self":[{"href":"https:\/\/www.altominho.tv\/site\/wp-json\/wp\/v2\/posts\/94528","targetHints":{"allow":["GET"]}}],"collection":[{"href":"https:\/\/www.altominho.tv\/site\/wp-json\/wp\/v2\/posts"}],"about":[{"href":"https:\/\/www.altominho.tv\/site\/wp-json\/wp\/v2\/types\/post"}],"author":[{"embeddable":true,"href":"https:\/\/www.altominho.tv\/site\/wp-json\/wp\/v2\/users\/13"}],"replies":[{"embeddable":true,"href":"https:\/\/www.altominho.tv\/site\/wp-json\/wp\/v2\/comments?post=94528"}],"version-history":[{"count":1,"href":"https:\/\/www.altominho.tv\/site\/wp-json\/wp\/v2\/posts\/94528\/revisions"}],"predecessor-version":[{"id":94530,"href":"https:\/\/www.altominho.tv\/site\/wp-json\/wp\/v2\/posts\/94528\/revisions\/94530"}],"wp:featuredmedia":[{"embeddable":true,"href":"https:\/\/www.altominho.tv\/site\/wp-json\/wp\/v2\/media\/82465"}],"wp:attachment":[{"href":"https:\/\/www.altominho.tv\/site\/wp-json\/wp\/v2\/media?parent=94528"}],"wp:term":[{"taxonomy":"category","embeddable":true,"href":"https:\/\/www.altominho.tv\/site\/wp-json\/wp\/v2\/categories?post=94528"},{"taxonomy":"post_tag","embeddable":true,"href":"https:\/\/www.altominho.tv\/site\/wp-json\/wp\/v2\/tags?post=94528"}],"curies":[{"name":"wp","href":"https:\/\/api.w.org\/{rel}","templated":true}]}}