{"id":94520,"date":"2023-07-19T09:16:53","date_gmt":"2023-07-19T08:16:53","guid":{"rendered":"https:\/\/www.altominho.tv\/site\/?p=94520"},"modified":"2023-07-19T09:16:56","modified_gmt":"2023-07-19T08:16:56","slug":"cerveira-interdita-transito-centro-historico","status":"publish","type":"post","link":"https:\/\/www.altominho.tv\/site\/2023\/07\/19\/cerveira-interdita-transito-centro-historico\/","title":{"rendered":"Atividades culturais param tr\u00e2nsito no centro de Cerveira durante quase 2 meses"},"content":{"rendered":"\n<p>A C\u00e2mara de Vila Nova de Cerveira interditou o tr\u00e2nsito nos acessos ao centro hist\u00f3rico durante quase dois meses, para garantir \u201cseguran\u00e7a e maior frui\u00e7\u00e3o do espa\u00e7o p\u00fablico\u201d e das atividades culturais de ver\u00e3o, foi ontem divulgado.<\/p>\n\n\n\n<p>Em comunicado, a autarquia adiantou que a medida, que \u201cprivilegia a circula\u00e7\u00e3o pedonal\u201d, entrou em vigor no \u00faltimo s\u00e1bado e prolonga-se at\u00e9 10 de setembro, n\u00e3o sendo aplicada a residentes, atividades econ\u00f3micas, recolha de res\u00edduos s\u00f3lidos urbanos, agentes de prote\u00e7\u00e3o civil, t\u00e1xis e viaturas municipais.<\/p>\n\n\n\n<p>A decis\u00e3o de interditar uma \u00e1rea com cerca de 3.750 metros quadrados, tomada por unanimidade na \u00faltima reuni\u00e3o camar\u00e1ria realizada na sexta-feira, foi justificada \u201ccomo medida de seguran\u00e7a e de maior frui\u00e7\u00e3o do espa\u00e7o p\u00fablico\u201d que durante os meses de ver\u00e3o \u00e9 palco de \u201cum conjunto de eventos que, pela sua dimens\u00e3o e reconhecimento, atraem milhares de visitantes\u201d.<\/p>\n\n\n\n<p>Segundo o munic\u00edpio, \u201ca organiza\u00e7\u00e3o de eventos como a Festa da Hist\u00f3ria, as festas concelhias, os v\u00e1rios concertos e demais atividade cultural minuciosamente programada, requer uma saud\u00e1vel e segura harmoniza\u00e7\u00e3o de condi\u00e7\u00f5es entre aqueles que visitam Vila Nova de Cerveira e as rotinas de quem vive e trabalha no centro hist\u00f3rico\u201d.<\/p>\n\n\n\n<p>Na nota, o munic\u00edpio adiantou que \u201cestas altera\u00e7\u00f5es est\u00e3o a ser divulgadas e esclarecidas junto de comerciantes, taxistas e demais interessados, lembrando que, ao n\u00edvel de estacionamento autom\u00f3vel, o centro hist\u00f3rico de Vila Nova de Cerveira est\u00e1 muito bem servido, atendendo ao elevado n\u00famero de lugares dispon\u00edveis no parque de estacionamento da Pra\u00e7a da Galiza\/Largo da Feira, situado a poucos metros de dist\u00e2ncia, ordenado, acess\u00edvel e gratuito\u201d.<\/p>\n","protected":false},"excerpt":{"rendered":"<p>A C\u00e2mara de Vila Nova de Cerveira interditou o tr\u00e2nsito nos acessos ao centro hist\u00f3rico durante quase dois meses, para garantir \u201cseguran\u00e7a e maior frui\u00e7\u00e3o do espa\u00e7o p\u00fablico\u201d e das atividades culturais de ver\u00e3o, foi ontem divulgado. Em comunicado, a autarquia adiantou que a medida, que \u201cprivilegia a circula\u00e7\u00e3o pedonal\u201d, entrou em vigor no \u00faltimo [&hellip;]<\/p>\n","protected":false},"author":1,"featured_media":94521,"comment_status":"closed","ping_status":"closed","sticky":false,"template":"","format":"standard","meta":{"_exactmetrics_skip_tracking":false,"_exactmetrics_sitenote_active":false,"_exactmetrics_sitenote_note":"","_exactmetrics_sitenote_category":0,"footnotes":""},"categories":[15],"tags":[19],"class_list":["post-94520","post","type-post","status-publish","format-standard","has-post-thumbnail","hentry","category-vila-nova-de-cerveira","tag-cultura"],"yoast_head":"<!-- This site is optimized with the Yoast SEO Premium plugin v27.4 (Yoast SEO v27.4) - https:\/\/yoast.com\/product\/yoast-seo-premium-wordpress\/ -->\n<title>Atividades culturais param tr\u00e2nsito no centro de Cerveira durante quase 2 meses<\/title>\n<meta name=\"description\" content=\"A C\u00e2mara de Vila Nova de Cerveira interditou o tr\u00e2nsito nos acessos ao centro hist\u00f3rico durante quase dois meses, para garantir \u201cseguran\u00e7a e maior frui\u00e7\u00e3o do espa\u00e7o p\u00fablico\u201d e das atividades culturais de ver\u00e3o, foi ontem divulgado.\" \/>\n<meta name=\"robots\" content=\"index, follow, max-snippet:-1, max-image-preview:large, max-video-preview:-1\" \/>\n<link rel=\"canonical\" href=\"https:\/\/www.altominho.tv\/site\/2023\/07\/19\/cerveira-interdita-transito-centro-historico\/\" \/>\n<meta property=\"og:locale\" content=\"pt_PT\" \/>\n<meta property=\"og:type\" content=\"article\" \/>\n<meta property=\"og:title\" content=\"Atividades culturais param tr\u00e2nsito no centro de Cerveira durante quase 2 meses\" \/>\n<meta property=\"og:description\" content=\"A C\u00e2mara de Vila Nova de Cerveira interditou o tr\u00e2nsito nos acessos ao centro hist\u00f3rico durante quase dois meses, para garantir \u201cseguran\u00e7a e maior frui\u00e7\u00e3o do espa\u00e7o p\u00fablico\u201d e das atividades culturais de ver\u00e3o, foi ontem divulgado.\" \/>\n<meta property=\"og:url\" content=\"https:\/\/www.altominho.tv\/site\/2023\/07\/19\/cerveira-interdita-transito-centro-historico\/\" \/>\n<meta property=\"og:site_name\" content=\"Altominho.tv\" \/>\n<meta property=\"article:publisher\" content=\"https:\/\/www.facebook.com\/altominhotv\" \/>\n<meta property=\"article:published_time\" content=\"2023-07-19T08:16:53+00:00\" \/>\n<meta property=\"article:modified_time\" content=\"2023-07-19T08:16:56+00:00\" \/>\n<meta property=\"og:image\" content=\"https:\/\/www.altominho.tv\/site\/wp-content\/uploads\/2023\/07\/cerveira.jpg\" \/>\n\t<meta property=\"og:image:width\" content=\"1620\" \/>\n\t<meta property=\"og:image:height\" content=\"980\" \/>\n\t<meta property=\"og:image:type\" content=\"image\/jpeg\" \/>\n<meta name=\"author\" content=\"Altominho.tv\" \/>\n<meta name=\"twitter:card\" content=\"summary_large_image\" \/>\n<meta name=\"twitter:creator\" content=\"@altominhoTV\" \/>\n<meta name=\"twitter:site\" content=\"@altominhoTV\" \/>\n<meta name=\"twitter:label1\" content=\"Escrito por\" \/>\n\t<meta name=\"twitter:data1\" content=\"Altominho.tv\" \/>\n\t<meta name=\"twitter:label2\" content=\"Tempo estimado de leitura\" \/>\n\t<meta name=\"twitter:data2\" content=\"2 minutos\" \/>\n<script type=\"application\/ld+json\" class=\"yoast-schema-graph\">{\"@context\":\"https:\\\/\\\/schema.org\",\"@graph\":[{\"@type\":\"Article\",\"@id\":\"https:\\\/\\\/www.altominho.tv\\\/site\\\/2023\\\/07\\\/19\\\/cerveira-interdita-transito-centro-historico\\\/#article\",\"isPartOf\":{\"@id\":\"https:\\\/\\\/www.altominho.tv\\\/site\\\/2023\\\/07\\\/19\\\/cerveira-interdita-transito-centro-historico\\\/\"},\"author\":{\"name\":\"Altominho.tv\",\"@id\":\"https:\\\/\\\/www.altominho.tv\\\/site\\\/#\\\/schema\\\/person\\\/4e536851627d7914baf3dac752b6af22\"},\"headline\":\"Atividades culturais param tr\u00e2nsito no centro de Cerveira durante quase 2 meses\",\"datePublished\":\"2023-07-19T08:16:53+00:00\",\"dateModified\":\"2023-07-19T08:16:56+00:00\",\"mainEntityOfPage\":{\"@id\":\"https:\\\/\\\/www.altominho.tv\\\/site\\\/2023\\\/07\\\/19\\\/cerveira-interdita-transito-centro-historico\\\/\"},\"wordCount\":312,\"image\":{\"@id\":\"https:\\\/\\\/www.altominho.tv\\\/site\\\/2023\\\/07\\\/19\\\/cerveira-interdita-transito-centro-historico\\\/#primaryimage\"},\"thumbnailUrl\":\"https:\\\/\\\/www.altominho.tv\\\/site\\\/wp-content\\\/uploads\\\/2023\\\/07\\\/cerveira.jpg\",\"keywords\":[\"Cultura\"],\"articleSection\":[\"Vila Nova de Cerveira\"],\"inLanguage\":\"pt-PT\",\"copyrightYear\":\"2023\",\"copyrightHolder\":{\"@id\":\"https:\\\/\\\/www.altominho.tv\\\/site\\\/#organization\"}},{\"@type\":\"WebPage\",\"@id\":\"https:\\\/\\\/www.altominho.tv\\\/site\\\/2023\\\/07\\\/19\\\/cerveira-interdita-transito-centro-historico\\\/\",\"url\":\"https:\\\/\\\/www.altominho.tv\\\/site\\\/2023\\\/07\\\/19\\\/cerveira-interdita-transito-centro-historico\\\/\",\"name\":\"Atividades culturais param tr\u00e2nsito no centro de Cerveira durante quase 2 meses\",\"isPartOf\":{\"@id\":\"https:\\\/\\\/www.altominho.tv\\\/site\\\/#website\"},\"primaryImageOfPage\":{\"@id\":\"https:\\\/\\\/www.altominho.tv\\\/site\\\/2023\\\/07\\\/19\\\/cerveira-interdita-transito-centro-historico\\\/#primaryimage\"},\"image\":{\"@id\":\"https:\\\/\\\/www.altominho.tv\\\/site\\\/2023\\\/07\\\/19\\\/cerveira-interdita-transito-centro-historico\\\/#primaryimage\"},\"thumbnailUrl\":\"https:\\\/\\\/www.altominho.tv\\\/site\\\/wp-content\\\/uploads\\\/2023\\\/07\\\/cerveira.jpg\",\"datePublished\":\"2023-07-19T08:16:53+00:00\",\"dateModified\":\"2023-07-19T08:16:56+00:00\",\"author\":{\"@id\":\"https:\\\/\\\/www.altominho.tv\\\/site\\\/#\\\/schema\\\/person\\\/4e536851627d7914baf3dac752b6af22\"},\"description\":\"A C\u00e2mara de Vila Nova de Cerveira interditou o tr\u00e2nsito nos acessos ao centro hist\u00f3rico durante quase dois meses, para garantir \u201cseguran\u00e7a e maior frui\u00e7\u00e3o do espa\u00e7o p\u00fablico\u201d e das atividades culturais de ver\u00e3o, foi ontem divulgado.\",\"breadcrumb\":{\"@id\":\"https:\\\/\\\/www.altominho.tv\\\/site\\\/2023\\\/07\\\/19\\\/cerveira-interdita-transito-centro-historico\\\/#breadcrumb\"},\"inLanguage\":\"pt-PT\",\"potentialAction\":[{\"@type\":\"ReadAction\",\"target\":[\"https:\\\/\\\/www.altominho.tv\\\/site\\\/2023\\\/07\\\/19\\\/cerveira-interdita-transito-centro-historico\\\/\"]}]},{\"@type\":\"ImageObject\",\"inLanguage\":\"pt-PT\",\"@id\":\"https:\\\/\\\/www.altominho.tv\\\/site\\\/2023\\\/07\\\/19\\\/cerveira-interdita-transito-centro-historico\\\/#primaryimage\",\"url\":\"https:\\\/\\\/www.altominho.tv\\\/site\\\/wp-content\\\/uploads\\\/2023\\\/07\\\/cerveira.jpg\",\"contentUrl\":\"https:\\\/\\\/www.altominho.tv\\\/site\\\/wp-content\\\/uploads\\\/2023\\\/07\\\/cerveira.jpg\",\"width\":1620,\"height\":980},{\"@type\":\"BreadcrumbList\",\"@id\":\"https:\\\/\\\/www.altominho.tv\\\/site\\\/2023\\\/07\\\/19\\\/cerveira-interdita-transito-centro-historico\\\/#breadcrumb\",\"itemListElement\":[{\"@type\":\"ListItem\",\"position\":1,\"name\":\"In\u00edcio\",\"item\":\"https:\\\/\\\/www.altominho.tv\\\/site\\\/\"},{\"@type\":\"ListItem\",\"position\":2,\"name\":\"Atividades culturais param tr\u00e2nsito no centro de Cerveira durante quase 2 meses\"}]},{\"@type\":\"WebSite\",\"@id\":\"https:\\\/\\\/www.altominho.tv\\\/site\\\/#website\",\"url\":\"https:\\\/\\\/www.altominho.tv\\\/site\\\/\",\"name\":\"Altominho.tv\",\"description\":\"A sua regi\u00e3o \u00e0 dist\u00e2ncia de um clique...\",\"potentialAction\":[{\"@type\":\"SearchAction\",\"target\":{\"@type\":\"EntryPoint\",\"urlTemplate\":\"https:\\\/\\\/www.altominho.tv\\\/site\\\/?s={search_term_string}\"},\"query-input\":{\"@type\":\"PropertyValueSpecification\",\"valueRequired\":true,\"valueName\":\"search_term_string\"}}],\"inLanguage\":\"pt-PT\"},{\"@type\":\"Person\",\"@id\":\"https:\\\/\\\/www.altominho.tv\\\/site\\\/#\\\/schema\\\/person\\\/4e536851627d7914baf3dac752b6af22\",\"name\":\"Altominho.tv\",\"image\":{\"@type\":\"ImageObject\",\"inLanguage\":\"pt-PT\",\"@id\":\"https:\\\/\\\/www.altominho.tv\\\/site\\\/wp-content\\\/uploads\\\/2019\\\/11\\\/Logo_Avatar_2-150x150.jpg\",\"url\":\"https:\\\/\\\/www.altominho.tv\\\/site\\\/wp-content\\\/uploads\\\/2019\\\/11\\\/Logo_Avatar_2-150x150.jpg\",\"contentUrl\":\"https:\\\/\\\/www.altominho.tv\\\/site\\\/wp-content\\\/uploads\\\/2019\\\/11\\\/Logo_Avatar_2-150x150.jpg\",\"caption\":\"Altominho.tv\"},\"url\":\"https:\\\/\\\/www.altominho.tv\\\/site\\\/author\\\/altominhotv-tecnico\\\/\"}]}<\/script>\n<!-- \/ Yoast SEO Premium plugin. -->","yoast_head_json":{"title":"Atividades culturais param tr\u00e2nsito no centro de Cerveira durante quase 2 meses","description":"A C\u00e2mara de Vila Nova de Cerveira interditou o tr\u00e2nsito nos acessos ao centro hist\u00f3rico durante quase dois meses, para garantir \u201cseguran\u00e7a e maior frui\u00e7\u00e3o do espa\u00e7o p\u00fablico\u201d e das atividades culturais de ver\u00e3o, foi ontem divulgado.","robots":{"index":"index","follow":"follow","max-snippet":"max-snippet:-1","max-image-preview":"max-image-preview:large","max-video-preview":"max-video-preview:-1"},"canonical":"https:\/\/www.altominho.tv\/site\/2023\/07\/19\/cerveira-interdita-transito-centro-historico\/","og_locale":"pt_PT","og_type":"article","og_title":"Atividades culturais param tr\u00e2nsito no centro de Cerveira durante quase 2 meses","og_description":"A C\u00e2mara de Vila Nova de Cerveira interditou o tr\u00e2nsito nos acessos ao centro hist\u00f3rico durante quase dois meses, para garantir \u201cseguran\u00e7a e maior frui\u00e7\u00e3o do espa\u00e7o p\u00fablico\u201d e das atividades culturais de ver\u00e3o, foi ontem divulgado.","og_url":"https:\/\/www.altominho.tv\/site\/2023\/07\/19\/cerveira-interdita-transito-centro-historico\/","og_site_name":"Altominho.tv","article_publisher":"https:\/\/www.facebook.com\/altominhotv","article_published_time":"2023-07-19T08:16:53+00:00","article_modified_time":"2023-07-19T08:16:56+00:00","og_image":[{"width":1620,"height":980,"url":"https:\/\/www.altominho.tv\/site\/wp-content\/uploads\/2023\/07\/cerveira.jpg","type":"image\/jpeg"}],"author":"Altominho.tv","twitter_card":"summary_large_image","twitter_creator":"@altominhoTV","twitter_site":"@altominhoTV","twitter_misc":{"Escrito por":"Altominho.tv","Tempo estimado de leitura":"2 minutos"},"schema":{"@context":"https:\/\/schema.org","@graph":[{"@type":"Article","@id":"https:\/\/www.altominho.tv\/site\/2023\/07\/19\/cerveira-interdita-transito-centro-historico\/#article","isPartOf":{"@id":"https:\/\/www.altominho.tv\/site\/2023\/07\/19\/cerveira-interdita-transito-centro-historico\/"},"author":{"name":"Altominho.tv","@id":"https:\/\/www.altominho.tv\/site\/#\/schema\/person\/4e536851627d7914baf3dac752b6af22"},"headline":"Atividades culturais param tr\u00e2nsito no centro de Cerveira durante quase 2 meses","datePublished":"2023-07-19T08:16:53+00:00","dateModified":"2023-07-19T08:16:56+00:00","mainEntityOfPage":{"@id":"https:\/\/www.altominho.tv\/site\/2023\/07\/19\/cerveira-interdita-transito-centro-historico\/"},"wordCount":312,"image":{"@id":"https:\/\/www.altominho.tv\/site\/2023\/07\/19\/cerveira-interdita-transito-centro-historico\/#primaryimage"},"thumbnailUrl":"https:\/\/www.altominho.tv\/site\/wp-content\/uploads\/2023\/07\/cerveira.jpg","keywords":["Cultura"],"articleSection":["Vila Nova de Cerveira"],"inLanguage":"pt-PT","copyrightYear":"2023","copyrightHolder":{"@id":"https:\/\/www.altominho.tv\/site\/#organization"}},{"@type":"WebPage","@id":"https:\/\/www.altominho.tv\/site\/2023\/07\/19\/cerveira-interdita-transito-centro-historico\/","url":"https:\/\/www.altominho.tv\/site\/2023\/07\/19\/cerveira-interdita-transito-centro-historico\/","name":"Atividades culturais param tr\u00e2nsito no centro de Cerveira durante quase 2 meses","isPartOf":{"@id":"https:\/\/www.altominho.tv\/site\/#website"},"primaryImageOfPage":{"@id":"https:\/\/www.altominho.tv\/site\/2023\/07\/19\/cerveira-interdita-transito-centro-historico\/#primaryimage"},"image":{"@id":"https:\/\/www.altominho.tv\/site\/2023\/07\/19\/cerveira-interdita-transito-centro-historico\/#primaryimage"},"thumbnailUrl":"https:\/\/www.altominho.tv\/site\/wp-content\/uploads\/2023\/07\/cerveira.jpg","datePublished":"2023-07-19T08:16:53+00:00","dateModified":"2023-07-19T08:16:56+00:00","author":{"@id":"https:\/\/www.altominho.tv\/site\/#\/schema\/person\/4e536851627d7914baf3dac752b6af22"},"description":"A C\u00e2mara de Vila Nova de Cerveira interditou o tr\u00e2nsito nos acessos ao centro hist\u00f3rico durante quase dois meses, para garantir \u201cseguran\u00e7a e maior frui\u00e7\u00e3o do espa\u00e7o p\u00fablico\u201d e das atividades culturais de ver\u00e3o, foi ontem divulgado.","breadcrumb":{"@id":"https:\/\/www.altominho.tv\/site\/2023\/07\/19\/cerveira-interdita-transito-centro-historico\/#breadcrumb"},"inLanguage":"pt-PT","potentialAction":[{"@type":"ReadAction","target":["https:\/\/www.altominho.tv\/site\/2023\/07\/19\/cerveira-interdita-transito-centro-historico\/"]}]},{"@type":"ImageObject","inLanguage":"pt-PT","@id":"https:\/\/www.altominho.tv\/site\/2023\/07\/19\/cerveira-interdita-transito-centro-historico\/#primaryimage","url":"https:\/\/www.altominho.tv\/site\/wp-content\/uploads\/2023\/07\/cerveira.jpg","contentUrl":"https:\/\/www.altominho.tv\/site\/wp-content\/uploads\/2023\/07\/cerveira.jpg","width":1620,"height":980},{"@type":"BreadcrumbList","@id":"https:\/\/www.altominho.tv\/site\/2023\/07\/19\/cerveira-interdita-transito-centro-historico\/#breadcrumb","itemListElement":[{"@type":"ListItem","position":1,"name":"In\u00edcio","item":"https:\/\/www.altominho.tv\/site\/"},{"@type":"ListItem","position":2,"name":"Atividades culturais param tr\u00e2nsito no centro de Cerveira durante quase 2 meses"}]},{"@type":"WebSite","@id":"https:\/\/www.altominho.tv\/site\/#website","url":"https:\/\/www.altominho.tv\/site\/","name":"Altominho.tv","description":"A sua regi\u00e3o \u00e0 dist\u00e2ncia de um clique...","potentialAction":[{"@type":"SearchAction","target":{"@type":"EntryPoint","urlTemplate":"https:\/\/www.altominho.tv\/site\/?s={search_term_string}"},"query-input":{"@type":"PropertyValueSpecification","valueRequired":true,"valueName":"search_term_string"}}],"inLanguage":"pt-PT"},{"@type":"Person","@id":"https:\/\/www.altominho.tv\/site\/#\/schema\/person\/4e536851627d7914baf3dac752b6af22","name":"Altominho.tv","image":{"@type":"ImageObject","inLanguage":"pt-PT","@id":"https:\/\/www.altominho.tv\/site\/wp-content\/uploads\/2019\/11\/Logo_Avatar_2-150x150.jpg","url":"https:\/\/www.altominho.tv\/site\/wp-content\/uploads\/2019\/11\/Logo_Avatar_2-150x150.jpg","contentUrl":"https:\/\/www.altominho.tv\/site\/wp-content\/uploads\/2019\/11\/Logo_Avatar_2-150x150.jpg","caption":"Altominho.tv"},"url":"https:\/\/www.altominho.tv\/site\/author\/altominhotv-tecnico\/"}]}},"_links":{"self":[{"href":"https:\/\/www.altominho.tv\/site\/wp-json\/wp\/v2\/posts\/94520","targetHints":{"allow":["GET"]}}],"collection":[{"href":"https:\/\/www.altominho.tv\/site\/wp-json\/wp\/v2\/posts"}],"about":[{"href":"https:\/\/www.altominho.tv\/site\/wp-json\/wp\/v2\/types\/post"}],"author":[{"embeddable":true,"href":"https:\/\/www.altominho.tv\/site\/wp-json\/wp\/v2\/users\/1"}],"replies":[{"embeddable":true,"href":"https:\/\/www.altominho.tv\/site\/wp-json\/wp\/v2\/comments?post=94520"}],"version-history":[{"count":1,"href":"https:\/\/www.altominho.tv\/site\/wp-json\/wp\/v2\/posts\/94520\/revisions"}],"predecessor-version":[{"id":94522,"href":"https:\/\/www.altominho.tv\/site\/wp-json\/wp\/v2\/posts\/94520\/revisions\/94522"}],"wp:featuredmedia":[{"embeddable":true,"href":"https:\/\/www.altominho.tv\/site\/wp-json\/wp\/v2\/media\/94521"}],"wp:attachment":[{"href":"https:\/\/www.altominho.tv\/site\/wp-json\/wp\/v2\/media?parent=94520"}],"wp:term":[{"taxonomy":"category","embeddable":true,"href":"https:\/\/www.altominho.tv\/site\/wp-json\/wp\/v2\/categories?post=94520"},{"taxonomy":"post_tag","embeddable":true,"href":"https:\/\/www.altominho.tv\/site\/wp-json\/wp\/v2\/tags?post=94520"}],"curies":[{"name":"wp","href":"https:\/\/api.w.org\/{rel}","templated":true}]}}