{"id":94515,"date":"2023-07-18T17:14:41","date_gmt":"2023-07-18T16:14:41","guid":{"rendered":"https:\/\/www.altominho.tv\/site\/?p=94515"},"modified":"2023-07-19T09:13:40","modified_gmt":"2023-07-19T08:13:40","slug":"empreitada-margem-direita-vez-arcos","status":"publish","type":"post","link":"https:\/\/www.altominho.tv\/site\/2023\/07\/18\/empreitada-margem-direita-vez-arcos\/","title":{"rendered":"Investimento de 1,2 ME \u20ac para melhorar acessibilidade na margem direita do Vez"},"content":{"rendered":"<p>Est\u00e1 em concurso uma empreitada para melhorar as acessibilidades no espa\u00e7o p\u00fablico na frente ribeirinha da margem direita do Vez, desde a Ponte Nova at\u00e9 \u00e0 Ponte do Toural, em Arcos de Valdevez, informou hoje o munic\u00edpio.<\/p>\n<p>\u201cEsta solu\u00e7\u00e3o permite valorizar os espa\u00e7os de lazer e os de atravessamento, atrav\u00e9s da eleva\u00e7\u00e3o pontual da plataforma rodovi\u00e1ria, com a coloca\u00e7\u00e3o de adequado pavimento. Procurou-se privilegiar a liga\u00e7\u00e3o entre os principais pontos de circula\u00e7\u00e3o pedonal no centro da vila, intervindo nos percursos, habitualmente mais utilizados pelos habitantes, procurando regenerar, nas \u00e1reas de interven\u00e7\u00e3o, as atividades econ\u00f3micas e sociais da popula\u00e7\u00e3o\u201d, refere a autarquia.<\/p>\n<p>A candidatura \u201cACESSIBILIDADE 360\u00ba\u201d prop\u00f5e-se requalificar os percursos pedonais, tanto os que fazem parte da rede vi\u00e1ria como dos interiores.<\/p>\n<p>\u201cComo a acessibilidade tamb\u00e9m implica seguran\u00e7a, compreens\u00e3o espacial e conforto para todos, prop\u00f5e-se a cria\u00e7\u00e3o de um espa\u00e7o mais fluido e com aus\u00eancia de barreiras arquitet\u00f3nicas f\u00edsicas e visuais, pelo que a distribui\u00e7\u00e3o de caminhos e jardins \u00e9 reorganizada e dotada de equipamento e mobili\u00e1rio urbano acess\u00edvel\u201d, acrescenta.<\/p>\n<p>Esta obra conta com uma comparticipa\u00e7\u00e3o Comunit\u00e1ria de 936.615,28 euros.<\/p>\n<p>O principal objetivo desta Opera\u00e7\u00e3o \u00e9 o de promover da acessibilidade para pessoas com mobilidade condicionada no acesso e utiliza\u00e7\u00e3o do espa\u00e7o p\u00fablico.<\/p>\n","protected":false},"excerpt":{"rendered":"<p>Est\u00e1 em concurso uma empreitada para melhorar as acessibilidades no espa\u00e7o p\u00fablico na frente ribeirinha da margem direita do Vez, desde a Ponte Nova at\u00e9 \u00e0 Ponte do Toural, em Arcos de Valdevez, informou hoje o munic\u00edpio. \u201cEsta solu\u00e7\u00e3o permite valorizar os espa\u00e7os de lazer e os de atravessamento, atrav\u00e9s da eleva\u00e7\u00e3o pontual da plataforma [&hellip;]<\/p>\n","protected":false},"author":1,"featured_media":94516,"comment_status":"closed","ping_status":"closed","sticky":false,"template":"","format":"standard","meta":{"_exactmetrics_skip_tracking":false,"_exactmetrics_sitenote_active":false,"_exactmetrics_sitenote_note":"","_exactmetrics_sitenote_category":0,"footnotes":""},"categories":[2],"tags":[56326],"class_list":["post-94515","post","type-post","status-publish","format-standard","has-post-thumbnail","hentry","category-arcos-de-valdevez","tag-politica"],"yoast_head":"<!-- This site is optimized with the Yoast SEO Premium plugin v27.4 (Yoast SEO v27.4) - https:\/\/yoast.com\/product\/yoast-seo-premium-wordpress\/ -->\n<title>Investimento de 1,2 ME \u20ac para melhorar acessibilidade na margem direita do Vez<\/title>\n<meta name=\"description\" content=\"Est\u00e1 em concurso uma empreitada para melhorar as acessibilidades no espa\u00e7o p\u00fablico na frente ribeirinha da margem direita do Vez, desde a Ponte Nova at\u00e9 \u00e0 Ponte do Toural, em Arcos de Valdevez, informou hoje o munic\u00edpio.\" \/>\n<meta name=\"robots\" content=\"index, follow, max-snippet:-1, max-image-preview:large, max-video-preview:-1\" \/>\n<link rel=\"canonical\" href=\"https:\/\/www.altominho.tv\/site\/2023\/07\/18\/empreitada-margem-direita-vez-arcos\/\" \/>\n<meta property=\"og:locale\" content=\"pt_PT\" \/>\n<meta property=\"og:type\" content=\"article\" \/>\n<meta property=\"og:title\" content=\"Investimento de 1,2 ME \u20ac para melhorar acessibilidade na margem direita do Vez\" \/>\n<meta property=\"og:description\" content=\"Est\u00e1 em concurso uma empreitada para melhorar as acessibilidades no espa\u00e7o p\u00fablico na frente ribeirinha da margem direita do Vez, desde a Ponte Nova at\u00e9 \u00e0 Ponte do Toural, em Arcos de Valdevez, informou hoje o munic\u00edpio.\" \/>\n<meta property=\"og:url\" content=\"https:\/\/www.altominho.tv\/site\/2023\/07\/18\/empreitada-margem-direita-vez-arcos\/\" \/>\n<meta property=\"og:site_name\" content=\"Altominho.tv\" \/>\n<meta property=\"article:publisher\" content=\"https:\/\/www.facebook.com\/altominhotv\" \/>\n<meta property=\"article:published_time\" content=\"2023-07-18T16:14:41+00:00\" \/>\n<meta property=\"article:modified_time\" content=\"2023-07-19T08:13:40+00:00\" \/>\n<meta property=\"og:image\" content=\"https:\/\/www.altominho.tv\/site\/wp-content\/uploads\/2023\/07\/ARCOS.png\" \/>\n\t<meta property=\"og:image:width\" content=\"1059\" \/>\n\t<meta property=\"og:image:height\" content=\"639\" \/>\n\t<meta property=\"og:image:type\" content=\"image\/png\" \/>\n<meta name=\"author\" content=\"Altominho.tv\" \/>\n<meta name=\"twitter:card\" content=\"summary_large_image\" \/>\n<meta name=\"twitter:creator\" content=\"@altominhoTV\" \/>\n<meta name=\"twitter:site\" content=\"@altominhoTV\" \/>\n<meta name=\"twitter:label1\" content=\"Escrito por\" \/>\n\t<meta name=\"twitter:data1\" content=\"Altominho.tv\" \/>\n\t<meta name=\"twitter:label2\" content=\"Tempo estimado de leitura\" \/>\n\t<meta name=\"twitter:data2\" content=\"2 minutos\" \/>\n<script type=\"application\/ld+json\" class=\"yoast-schema-graph\">{\"@context\":\"https:\\\/\\\/schema.org\",\"@graph\":[{\"@type\":\"Article\",\"@id\":\"https:\\\/\\\/www.altominho.tv\\\/site\\\/2023\\\/07\\\/18\\\/empreitada-margem-direita-vez-arcos\\\/#article\",\"isPartOf\":{\"@id\":\"https:\\\/\\\/www.altominho.tv\\\/site\\\/2023\\\/07\\\/18\\\/empreitada-margem-direita-vez-arcos\\\/\"},\"author\":{\"name\":\"Altominho.tv\",\"@id\":\"https:\\\/\\\/www.altominho.tv\\\/site\\\/#\\\/schema\\\/person\\\/4e536851627d7914baf3dac752b6af22\"},\"headline\":\"Investimento de 1,2 ME \u20ac para melhorar acessibilidade na margem direita do Vez\",\"datePublished\":\"2023-07-18T16:14:41+00:00\",\"dateModified\":\"2023-07-19T08:13:40+00:00\",\"mainEntityOfPage\":{\"@id\":\"https:\\\/\\\/www.altominho.tv\\\/site\\\/2023\\\/07\\\/18\\\/empreitada-margem-direita-vez-arcos\\\/\"},\"wordCount\":242,\"image\":{\"@id\":\"https:\\\/\\\/www.altominho.tv\\\/site\\\/2023\\\/07\\\/18\\\/empreitada-margem-direita-vez-arcos\\\/#primaryimage\"},\"thumbnailUrl\":\"https:\\\/\\\/www.altominho.tv\\\/site\\\/wp-content\\\/uploads\\\/2023\\\/07\\\/ARCOS.png\",\"keywords\":[\"Pol\u00edtica\"],\"articleSection\":[\"Arcos de Valdevez\"],\"inLanguage\":\"pt-PT\",\"copyrightYear\":\"2023\",\"copyrightHolder\":{\"@id\":\"https:\\\/\\\/www.altominho.tv\\\/site\\\/#organization\"}},{\"@type\":\"WebPage\",\"@id\":\"https:\\\/\\\/www.altominho.tv\\\/site\\\/2023\\\/07\\\/18\\\/empreitada-margem-direita-vez-arcos\\\/\",\"url\":\"https:\\\/\\\/www.altominho.tv\\\/site\\\/2023\\\/07\\\/18\\\/empreitada-margem-direita-vez-arcos\\\/\",\"name\":\"Investimento de 1,2 ME \u20ac para melhorar acessibilidade na margem direita do Vez\",\"isPartOf\":{\"@id\":\"https:\\\/\\\/www.altominho.tv\\\/site\\\/#website\"},\"primaryImageOfPage\":{\"@id\":\"https:\\\/\\\/www.altominho.tv\\\/site\\\/2023\\\/07\\\/18\\\/empreitada-margem-direita-vez-arcos\\\/#primaryimage\"},\"image\":{\"@id\":\"https:\\\/\\\/www.altominho.tv\\\/site\\\/2023\\\/07\\\/18\\\/empreitada-margem-direita-vez-arcos\\\/#primaryimage\"},\"thumbnailUrl\":\"https:\\\/\\\/www.altominho.tv\\\/site\\\/wp-content\\\/uploads\\\/2023\\\/07\\\/ARCOS.png\",\"datePublished\":\"2023-07-18T16:14:41+00:00\",\"dateModified\":\"2023-07-19T08:13:40+00:00\",\"author\":{\"@id\":\"https:\\\/\\\/www.altominho.tv\\\/site\\\/#\\\/schema\\\/person\\\/4e536851627d7914baf3dac752b6af22\"},\"description\":\"Est\u00e1 em concurso uma empreitada para melhorar as acessibilidades no espa\u00e7o p\u00fablico na frente ribeirinha da margem direita do Vez, desde a Ponte Nova at\u00e9 \u00e0 Ponte do Toural, em Arcos de Valdevez, informou hoje o munic\u00edpio.\",\"breadcrumb\":{\"@id\":\"https:\\\/\\\/www.altominho.tv\\\/site\\\/2023\\\/07\\\/18\\\/empreitada-margem-direita-vez-arcos\\\/#breadcrumb\"},\"inLanguage\":\"pt-PT\",\"potentialAction\":[{\"@type\":\"ReadAction\",\"target\":[\"https:\\\/\\\/www.altominho.tv\\\/site\\\/2023\\\/07\\\/18\\\/empreitada-margem-direita-vez-arcos\\\/\"]}]},{\"@type\":\"ImageObject\",\"inLanguage\":\"pt-PT\",\"@id\":\"https:\\\/\\\/www.altominho.tv\\\/site\\\/2023\\\/07\\\/18\\\/empreitada-margem-direita-vez-arcos\\\/#primaryimage\",\"url\":\"https:\\\/\\\/www.altominho.tv\\\/site\\\/wp-content\\\/uploads\\\/2023\\\/07\\\/ARCOS.png\",\"contentUrl\":\"https:\\\/\\\/www.altominho.tv\\\/site\\\/wp-content\\\/uploads\\\/2023\\\/07\\\/ARCOS.png\",\"width\":1059,\"height\":639},{\"@type\":\"BreadcrumbList\",\"@id\":\"https:\\\/\\\/www.altominho.tv\\\/site\\\/2023\\\/07\\\/18\\\/empreitada-margem-direita-vez-arcos\\\/#breadcrumb\",\"itemListElement\":[{\"@type\":\"ListItem\",\"position\":1,\"name\":\"In\u00edcio\",\"item\":\"https:\\\/\\\/www.altominho.tv\\\/site\\\/\"},{\"@type\":\"ListItem\",\"position\":2,\"name\":\"Investimento de 1,2 ME \u20ac para melhorar acessibilidade na margem direita do Vez\"}]},{\"@type\":\"WebSite\",\"@id\":\"https:\\\/\\\/www.altominho.tv\\\/site\\\/#website\",\"url\":\"https:\\\/\\\/www.altominho.tv\\\/site\\\/\",\"name\":\"Altominho.tv\",\"description\":\"A sua regi\u00e3o \u00e0 dist\u00e2ncia de um clique...\",\"potentialAction\":[{\"@type\":\"SearchAction\",\"target\":{\"@type\":\"EntryPoint\",\"urlTemplate\":\"https:\\\/\\\/www.altominho.tv\\\/site\\\/?s={search_term_string}\"},\"query-input\":{\"@type\":\"PropertyValueSpecification\",\"valueRequired\":true,\"valueName\":\"search_term_string\"}}],\"inLanguage\":\"pt-PT\"},{\"@type\":\"Person\",\"@id\":\"https:\\\/\\\/www.altominho.tv\\\/site\\\/#\\\/schema\\\/person\\\/4e536851627d7914baf3dac752b6af22\",\"name\":\"Altominho.tv\",\"image\":{\"@type\":\"ImageObject\",\"inLanguage\":\"pt-PT\",\"@id\":\"https:\\\/\\\/www.altominho.tv\\\/site\\\/wp-content\\\/uploads\\\/2019\\\/11\\\/Logo_Avatar_2-150x150.jpg\",\"url\":\"https:\\\/\\\/www.altominho.tv\\\/site\\\/wp-content\\\/uploads\\\/2019\\\/11\\\/Logo_Avatar_2-150x150.jpg\",\"contentUrl\":\"https:\\\/\\\/www.altominho.tv\\\/site\\\/wp-content\\\/uploads\\\/2019\\\/11\\\/Logo_Avatar_2-150x150.jpg\",\"caption\":\"Altominho.tv\"},\"url\":\"https:\\\/\\\/www.altominho.tv\\\/site\\\/author\\\/altominhotv-tecnico\\\/\"}]}<\/script>\n<!-- \/ Yoast SEO Premium plugin. -->","yoast_head_json":{"title":"Investimento de 1,2 ME \u20ac para melhorar acessibilidade na margem direita do Vez","description":"Est\u00e1 em concurso uma empreitada para melhorar as acessibilidades no espa\u00e7o p\u00fablico na frente ribeirinha da margem direita do Vez, desde a Ponte Nova at\u00e9 \u00e0 Ponte do Toural, em Arcos de Valdevez, informou hoje o munic\u00edpio.","robots":{"index":"index","follow":"follow","max-snippet":"max-snippet:-1","max-image-preview":"max-image-preview:large","max-video-preview":"max-video-preview:-1"},"canonical":"https:\/\/www.altominho.tv\/site\/2023\/07\/18\/empreitada-margem-direita-vez-arcos\/","og_locale":"pt_PT","og_type":"article","og_title":"Investimento de 1,2 ME \u20ac para melhorar acessibilidade na margem direita do Vez","og_description":"Est\u00e1 em concurso uma empreitada para melhorar as acessibilidades no espa\u00e7o p\u00fablico na frente ribeirinha da margem direita do Vez, desde a Ponte Nova at\u00e9 \u00e0 Ponte do Toural, em Arcos de Valdevez, informou hoje o munic\u00edpio.","og_url":"https:\/\/www.altominho.tv\/site\/2023\/07\/18\/empreitada-margem-direita-vez-arcos\/","og_site_name":"Altominho.tv","article_publisher":"https:\/\/www.facebook.com\/altominhotv","article_published_time":"2023-07-18T16:14:41+00:00","article_modified_time":"2023-07-19T08:13:40+00:00","og_image":[{"width":1059,"height":639,"url":"https:\/\/www.altominho.tv\/site\/wp-content\/uploads\/2023\/07\/ARCOS.png","type":"image\/png"}],"author":"Altominho.tv","twitter_card":"summary_large_image","twitter_creator":"@altominhoTV","twitter_site":"@altominhoTV","twitter_misc":{"Escrito por":"Altominho.tv","Tempo estimado de leitura":"2 minutos"},"schema":{"@context":"https:\/\/schema.org","@graph":[{"@type":"Article","@id":"https:\/\/www.altominho.tv\/site\/2023\/07\/18\/empreitada-margem-direita-vez-arcos\/#article","isPartOf":{"@id":"https:\/\/www.altominho.tv\/site\/2023\/07\/18\/empreitada-margem-direita-vez-arcos\/"},"author":{"name":"Altominho.tv","@id":"https:\/\/www.altominho.tv\/site\/#\/schema\/person\/4e536851627d7914baf3dac752b6af22"},"headline":"Investimento de 1,2 ME \u20ac para melhorar acessibilidade na margem direita do Vez","datePublished":"2023-07-18T16:14:41+00:00","dateModified":"2023-07-19T08:13:40+00:00","mainEntityOfPage":{"@id":"https:\/\/www.altominho.tv\/site\/2023\/07\/18\/empreitada-margem-direita-vez-arcos\/"},"wordCount":242,"image":{"@id":"https:\/\/www.altominho.tv\/site\/2023\/07\/18\/empreitada-margem-direita-vez-arcos\/#primaryimage"},"thumbnailUrl":"https:\/\/www.altominho.tv\/site\/wp-content\/uploads\/2023\/07\/ARCOS.png","keywords":["Pol\u00edtica"],"articleSection":["Arcos de Valdevez"],"inLanguage":"pt-PT","copyrightYear":"2023","copyrightHolder":{"@id":"https:\/\/www.altominho.tv\/site\/#organization"}},{"@type":"WebPage","@id":"https:\/\/www.altominho.tv\/site\/2023\/07\/18\/empreitada-margem-direita-vez-arcos\/","url":"https:\/\/www.altominho.tv\/site\/2023\/07\/18\/empreitada-margem-direita-vez-arcos\/","name":"Investimento de 1,2 ME \u20ac para melhorar acessibilidade na margem direita do Vez","isPartOf":{"@id":"https:\/\/www.altominho.tv\/site\/#website"},"primaryImageOfPage":{"@id":"https:\/\/www.altominho.tv\/site\/2023\/07\/18\/empreitada-margem-direita-vez-arcos\/#primaryimage"},"image":{"@id":"https:\/\/www.altominho.tv\/site\/2023\/07\/18\/empreitada-margem-direita-vez-arcos\/#primaryimage"},"thumbnailUrl":"https:\/\/www.altominho.tv\/site\/wp-content\/uploads\/2023\/07\/ARCOS.png","datePublished":"2023-07-18T16:14:41+00:00","dateModified":"2023-07-19T08:13:40+00:00","author":{"@id":"https:\/\/www.altominho.tv\/site\/#\/schema\/person\/4e536851627d7914baf3dac752b6af22"},"description":"Est\u00e1 em concurso uma empreitada para melhorar as acessibilidades no espa\u00e7o p\u00fablico na frente ribeirinha da margem direita do Vez, desde a Ponte Nova at\u00e9 \u00e0 Ponte do Toural, em Arcos de Valdevez, informou hoje o munic\u00edpio.","breadcrumb":{"@id":"https:\/\/www.altominho.tv\/site\/2023\/07\/18\/empreitada-margem-direita-vez-arcos\/#breadcrumb"},"inLanguage":"pt-PT","potentialAction":[{"@type":"ReadAction","target":["https:\/\/www.altominho.tv\/site\/2023\/07\/18\/empreitada-margem-direita-vez-arcos\/"]}]},{"@type":"ImageObject","inLanguage":"pt-PT","@id":"https:\/\/www.altominho.tv\/site\/2023\/07\/18\/empreitada-margem-direita-vez-arcos\/#primaryimage","url":"https:\/\/www.altominho.tv\/site\/wp-content\/uploads\/2023\/07\/ARCOS.png","contentUrl":"https:\/\/www.altominho.tv\/site\/wp-content\/uploads\/2023\/07\/ARCOS.png","width":1059,"height":639},{"@type":"BreadcrumbList","@id":"https:\/\/www.altominho.tv\/site\/2023\/07\/18\/empreitada-margem-direita-vez-arcos\/#breadcrumb","itemListElement":[{"@type":"ListItem","position":1,"name":"In\u00edcio","item":"https:\/\/www.altominho.tv\/site\/"},{"@type":"ListItem","position":2,"name":"Investimento de 1,2 ME \u20ac para melhorar acessibilidade na margem direita do Vez"}]},{"@type":"WebSite","@id":"https:\/\/www.altominho.tv\/site\/#website","url":"https:\/\/www.altominho.tv\/site\/","name":"Altominho.tv","description":"A sua regi\u00e3o \u00e0 dist\u00e2ncia de um clique...","potentialAction":[{"@type":"SearchAction","target":{"@type":"EntryPoint","urlTemplate":"https:\/\/www.altominho.tv\/site\/?s={search_term_string}"},"query-input":{"@type":"PropertyValueSpecification","valueRequired":true,"valueName":"search_term_string"}}],"inLanguage":"pt-PT"},{"@type":"Person","@id":"https:\/\/www.altominho.tv\/site\/#\/schema\/person\/4e536851627d7914baf3dac752b6af22","name":"Altominho.tv","image":{"@type":"ImageObject","inLanguage":"pt-PT","@id":"https:\/\/www.altominho.tv\/site\/wp-content\/uploads\/2019\/11\/Logo_Avatar_2-150x150.jpg","url":"https:\/\/www.altominho.tv\/site\/wp-content\/uploads\/2019\/11\/Logo_Avatar_2-150x150.jpg","contentUrl":"https:\/\/www.altominho.tv\/site\/wp-content\/uploads\/2019\/11\/Logo_Avatar_2-150x150.jpg","caption":"Altominho.tv"},"url":"https:\/\/www.altominho.tv\/site\/author\/altominhotv-tecnico\/"}]}},"_links":{"self":[{"href":"https:\/\/www.altominho.tv\/site\/wp-json\/wp\/v2\/posts\/94515","targetHints":{"allow":["GET"]}}],"collection":[{"href":"https:\/\/www.altominho.tv\/site\/wp-json\/wp\/v2\/posts"}],"about":[{"href":"https:\/\/www.altominho.tv\/site\/wp-json\/wp\/v2\/types\/post"}],"author":[{"embeddable":true,"href":"https:\/\/www.altominho.tv\/site\/wp-json\/wp\/v2\/users\/1"}],"replies":[{"embeddable":true,"href":"https:\/\/www.altominho.tv\/site\/wp-json\/wp\/v2\/comments?post=94515"}],"version-history":[{"count":2,"href":"https:\/\/www.altominho.tv\/site\/wp-json\/wp\/v2\/posts\/94515\/revisions"}],"predecessor-version":[{"id":94519,"href":"https:\/\/www.altominho.tv\/site\/wp-json\/wp\/v2\/posts\/94515\/revisions\/94519"}],"wp:featuredmedia":[{"embeddable":true,"href":"https:\/\/www.altominho.tv\/site\/wp-json\/wp\/v2\/media\/94516"}],"wp:attachment":[{"href":"https:\/\/www.altominho.tv\/site\/wp-json\/wp\/v2\/media?parent=94515"}],"wp:term":[{"taxonomy":"category","embeddable":true,"href":"https:\/\/www.altominho.tv\/site\/wp-json\/wp\/v2\/categories?post=94515"},{"taxonomy":"post_tag","embeddable":true,"href":"https:\/\/www.altominho.tv\/site\/wp-json\/wp\/v2\/tags?post=94515"}],"curies":[{"name":"wp","href":"https:\/\/api.w.org\/{rel}","templated":true}]}}