{"id":94435,"date":"2023-07-16T16:06:51","date_gmt":"2023-07-16T15:06:51","guid":{"rendered":"https:\/\/www.altominho.tv\/site\/?p=94435"},"modified":"2023-07-16T16:06:56","modified_gmt":"2023-07-16T15:06:56","slug":"candidaturas-abertas-para-programa-apoio-comercio-arcos-valdevez","status":"publish","type":"post","link":"https:\/\/www.altominho.tv\/site\/2023\/07\/16\/candidaturas-abertas-para-programa-apoio-comercio-arcos-valdevez\/","title":{"rendered":"Candidaturas abertas para o programa de apoio ao com\u00e9rcio de Arcos de Valdevez at\u00e9 30 de setembro"},"content":{"rendered":"<p>A C\u00e2mara Municipal de Arcos de Valdevez aprovou a candidatura da terceira edi\u00e7\u00e3o do Programa de Apoio ao Com\u00e9rcio do munic\u00edpio &#8211; PROCOM 2023, cujas candidaturas abriram ontem, dia 15 de julho, e decorrem at\u00e9 ao dia 30 de setembro, com a dota\u00e7\u00e3o or\u00e7amental de 150 mil euros.<\/p>\n<p>Nesta edi\u00e7\u00e3o, podem beneficiar dos incentivos &#8220;as micro e pequenas empresas e empres\u00e1rios em nome individual com o regime de contabilidade organizada e regime simplificado, cuja atividade principal se insira na divis\u00e3o 47 da Classifica\u00e7\u00e3o Portuguesa das Atividades Econ\u00f3micas, com as exclus\u00f5es previstas no artigo 3.\u00ba do Regulamento&#8221;, revelou o munic\u00edpio.<\/p>\n<p>A atividade principal, objeto de candidatura, dever\u00e1 estar &#8220;registada e devidamente comprovada, pelo menos, nos 12 meses anteriores \u00e0 data de submiss\u00e3o da candidatura&#8221;, concluiu a autarquia.<\/p>\n","protected":false},"excerpt":{"rendered":"<p>A C\u00e2mara Municipal de Arcos de Valdevez aprovou a candidatura da terceira edi\u00e7\u00e3o do Programa de Apoio ao Com\u00e9rcio do munic\u00edpio &#8211; PROCOM 2023, cujas candidaturas abriram ontem, dia 15 de julho, e decorrem at\u00e9 ao dia 30 de setembro, com a dota\u00e7\u00e3o or\u00e7amental de 150 mil euros. Nesta edi\u00e7\u00e3o, podem beneficiar dos incentivos &#8220;as [&hellip;]<\/p>\n","protected":false},"author":29,"featured_media":94436,"comment_status":"closed","ping_status":"closed","sticky":false,"template":"","format":"standard","meta":{"_exactmetrics_skip_tracking":false,"_exactmetrics_sitenote_active":false,"_exactmetrics_sitenote_note":"","_exactmetrics_sitenote_category":0,"footnotes":""},"categories":[2],"tags":[27],"class_list":["post-94435","post","type-post","status-publish","format-standard","has-post-thumbnail","hentry","category-arcos-de-valdevez","tag-sociedade"],"yoast_head":"<!-- This site is optimized with the Yoast SEO Premium plugin v27.4 (Yoast SEO v27.4) - https:\/\/yoast.com\/product\/yoast-seo-premium-wordpress\/ -->\n<title>Candidaturas abertas para o programa de apoio ao com\u00e9rcio de Arcos de Valdevez at\u00e9 30 de setembro<\/title>\n<meta name=\"description\" content=\"A C\u00e2mara Municipal de Arcos de Valdevez aprovou a candidatura da terceira edi\u00e7\u00e3o do Programa de Apoio ao Com\u00e9rcio do munic\u00edpio - PROCOM 2023, cujas candidaturas abriram ontem, dia 15 de julho, e decorrem at\u00e9 ao dia 30 de setembro, com a dota\u00e7\u00e3o or\u00e7amental de 150 mil euros.\" \/>\n<meta name=\"robots\" content=\"index, follow, max-snippet:-1, max-image-preview:large, max-video-preview:-1\" \/>\n<link rel=\"canonical\" href=\"https:\/\/www.altominho.tv\/site\/2023\/07\/16\/candidaturas-abertas-para-programa-apoio-comercio-arcos-valdevez\/\" \/>\n<meta property=\"og:locale\" content=\"pt_PT\" \/>\n<meta property=\"og:type\" content=\"article\" \/>\n<meta property=\"og:title\" content=\"Candidaturas abertas para o programa de apoio ao com\u00e9rcio de Arcos de Valdevez at\u00e9 30 de setembro\" \/>\n<meta property=\"og:description\" content=\"A C\u00e2mara Municipal de Arcos de Valdevez aprovou a candidatura da terceira edi\u00e7\u00e3o do Programa de Apoio ao Com\u00e9rcio do munic\u00edpio - PROCOM 2023, cujas candidaturas abriram ontem, dia 15 de julho, e decorrem at\u00e9 ao dia 30 de setembro, com a dota\u00e7\u00e3o or\u00e7amental de 150 mil euros.\" \/>\n<meta property=\"og:url\" content=\"https:\/\/www.altominho.tv\/site\/2023\/07\/16\/candidaturas-abertas-para-programa-apoio-comercio-arcos-valdevez\/\" \/>\n<meta property=\"og:site_name\" content=\"Altominho.tv\" \/>\n<meta property=\"article:publisher\" content=\"https:\/\/www.facebook.com\/altominhotv\" \/>\n<meta property=\"article:published_time\" content=\"2023-07-16T15:06:51+00:00\" \/>\n<meta property=\"article:modified_time\" content=\"2023-07-16T15:06:56+00:00\" \/>\n<meta property=\"og:image\" content=\"https:\/\/www.altominho.tv\/site\/wp-content\/uploads\/2023\/07\/procom2023-e1689520003452.jpg\" \/>\n\t<meta property=\"og:image:width\" content=\"500\" \/>\n\t<meta property=\"og:image:height\" content=\"276\" \/>\n\t<meta property=\"og:image:type\" content=\"image\/jpeg\" \/>\n<meta name=\"author\" content=\"Juliana Soares\" \/>\n<meta name=\"twitter:card\" content=\"summary_large_image\" \/>\n<meta name=\"twitter:creator\" content=\"@altominhoTV\" \/>\n<meta name=\"twitter:site\" content=\"@altominhoTV\" \/>\n<meta name=\"twitter:label1\" content=\"Escrito por\" \/>\n\t<meta name=\"twitter:data1\" content=\"Juliana Soares\" \/>\n\t<meta name=\"twitter:label2\" content=\"Tempo estimado de leitura\" \/>\n\t<meta name=\"twitter:data2\" content=\"1 minuto\" \/>\n<script type=\"application\/ld+json\" class=\"yoast-schema-graph\">{\"@context\":\"https:\\\/\\\/schema.org\",\"@graph\":[{\"@type\":\"Article\",\"@id\":\"https:\\\/\\\/www.altominho.tv\\\/site\\\/2023\\\/07\\\/16\\\/candidaturas-abertas-para-programa-apoio-comercio-arcos-valdevez\\\/#article\",\"isPartOf\":{\"@id\":\"https:\\\/\\\/www.altominho.tv\\\/site\\\/2023\\\/07\\\/16\\\/candidaturas-abertas-para-programa-apoio-comercio-arcos-valdevez\\\/\"},\"author\":{\"name\":\"Juliana Soares\",\"@id\":\"https:\\\/\\\/www.altominho.tv\\\/site\\\/#\\\/schema\\\/person\\\/fd922cf16ebbbd1fff2019e656be940c\"},\"headline\":\"Candidaturas abertas para o programa de apoio ao com\u00e9rcio de Arcos de Valdevez at\u00e9 30 de setembro\",\"datePublished\":\"2023-07-16T15:06:51+00:00\",\"dateModified\":\"2023-07-16T15:06:56+00:00\",\"mainEntityOfPage\":{\"@id\":\"https:\\\/\\\/www.altominho.tv\\\/site\\\/2023\\\/07\\\/16\\\/candidaturas-abertas-para-programa-apoio-comercio-arcos-valdevez\\\/\"},\"wordCount\":149,\"image\":{\"@id\":\"https:\\\/\\\/www.altominho.tv\\\/site\\\/2023\\\/07\\\/16\\\/candidaturas-abertas-para-programa-apoio-comercio-arcos-valdevez\\\/#primaryimage\"},\"thumbnailUrl\":\"https:\\\/\\\/www.altominho.tv\\\/site\\\/wp-content\\\/uploads\\\/2023\\\/07\\\/procom2023-e1689520003452.jpg\",\"keywords\":[\"Sociedade\"],\"articleSection\":[\"Arcos de Valdevez\"],\"inLanguage\":\"pt-PT\",\"copyrightYear\":\"2023\",\"copyrightHolder\":{\"@id\":\"https:\\\/\\\/www.altominho.tv\\\/site\\\/#organization\"}},{\"@type\":\"WebPage\",\"@id\":\"https:\\\/\\\/www.altominho.tv\\\/site\\\/2023\\\/07\\\/16\\\/candidaturas-abertas-para-programa-apoio-comercio-arcos-valdevez\\\/\",\"url\":\"https:\\\/\\\/www.altominho.tv\\\/site\\\/2023\\\/07\\\/16\\\/candidaturas-abertas-para-programa-apoio-comercio-arcos-valdevez\\\/\",\"name\":\"Candidaturas abertas para o programa de apoio ao com\u00e9rcio de Arcos de Valdevez at\u00e9 30 de setembro\",\"isPartOf\":{\"@id\":\"https:\\\/\\\/www.altominho.tv\\\/site\\\/#website\"},\"primaryImageOfPage\":{\"@id\":\"https:\\\/\\\/www.altominho.tv\\\/site\\\/2023\\\/07\\\/16\\\/candidaturas-abertas-para-programa-apoio-comercio-arcos-valdevez\\\/#primaryimage\"},\"image\":{\"@id\":\"https:\\\/\\\/www.altominho.tv\\\/site\\\/2023\\\/07\\\/16\\\/candidaturas-abertas-para-programa-apoio-comercio-arcos-valdevez\\\/#primaryimage\"},\"thumbnailUrl\":\"https:\\\/\\\/www.altominho.tv\\\/site\\\/wp-content\\\/uploads\\\/2023\\\/07\\\/procom2023-e1689520003452.jpg\",\"datePublished\":\"2023-07-16T15:06:51+00:00\",\"dateModified\":\"2023-07-16T15:06:56+00:00\",\"author\":{\"@id\":\"https:\\\/\\\/www.altominho.tv\\\/site\\\/#\\\/schema\\\/person\\\/fd922cf16ebbbd1fff2019e656be940c\"},\"description\":\"A C\u00e2mara Municipal de Arcos de Valdevez aprovou a candidatura da terceira edi\u00e7\u00e3o do Programa de Apoio ao Com\u00e9rcio do munic\u00edpio - PROCOM 2023, cujas candidaturas abriram ontem, dia 15 de julho, e decorrem at\u00e9 ao dia 30 de setembro, com a dota\u00e7\u00e3o or\u00e7amental de 150 mil euros.\",\"breadcrumb\":{\"@id\":\"https:\\\/\\\/www.altominho.tv\\\/site\\\/2023\\\/07\\\/16\\\/candidaturas-abertas-para-programa-apoio-comercio-arcos-valdevez\\\/#breadcrumb\"},\"inLanguage\":\"pt-PT\",\"potentialAction\":[{\"@type\":\"ReadAction\",\"target\":[\"https:\\\/\\\/www.altominho.tv\\\/site\\\/2023\\\/07\\\/16\\\/candidaturas-abertas-para-programa-apoio-comercio-arcos-valdevez\\\/\"]}]},{\"@type\":\"ImageObject\",\"inLanguage\":\"pt-PT\",\"@id\":\"https:\\\/\\\/www.altominho.tv\\\/site\\\/2023\\\/07\\\/16\\\/candidaturas-abertas-para-programa-apoio-comercio-arcos-valdevez\\\/#primaryimage\",\"url\":\"https:\\\/\\\/www.altominho.tv\\\/site\\\/wp-content\\\/uploads\\\/2023\\\/07\\\/procom2023-e1689520003452.jpg\",\"contentUrl\":\"https:\\\/\\\/www.altominho.tv\\\/site\\\/wp-content\\\/uploads\\\/2023\\\/07\\\/procom2023-e1689520003452.jpg\",\"width\":500,\"height\":276},{\"@type\":\"BreadcrumbList\",\"@id\":\"https:\\\/\\\/www.altominho.tv\\\/site\\\/2023\\\/07\\\/16\\\/candidaturas-abertas-para-programa-apoio-comercio-arcos-valdevez\\\/#breadcrumb\",\"itemListElement\":[{\"@type\":\"ListItem\",\"position\":1,\"name\":\"In\u00edcio\",\"item\":\"https:\\\/\\\/www.altominho.tv\\\/site\\\/\"},{\"@type\":\"ListItem\",\"position\":2,\"name\":\"Candidaturas abertas para o programa de apoio ao com\u00e9rcio de Arcos de Valdevez at\u00e9 30 de setembro\"}]},{\"@type\":\"WebSite\",\"@id\":\"https:\\\/\\\/www.altominho.tv\\\/site\\\/#website\",\"url\":\"https:\\\/\\\/www.altominho.tv\\\/site\\\/\",\"name\":\"Altominho.tv\",\"description\":\"A sua regi\u00e3o \u00e0 dist\u00e2ncia de um clique...\",\"potentialAction\":[{\"@type\":\"SearchAction\",\"target\":{\"@type\":\"EntryPoint\",\"urlTemplate\":\"https:\\\/\\\/www.altominho.tv\\\/site\\\/?s={search_term_string}\"},\"query-input\":{\"@type\":\"PropertyValueSpecification\",\"valueRequired\":true,\"valueName\":\"search_term_string\"}}],\"inLanguage\":\"pt-PT\"},{\"@type\":\"Person\",\"@id\":\"https:\\\/\\\/www.altominho.tv\\\/site\\\/#\\\/schema\\\/person\\\/fd922cf16ebbbd1fff2019e656be940c\",\"name\":\"Juliana Soares\",\"image\":{\"@type\":\"ImageObject\",\"inLanguage\":\"pt-PT\",\"@id\":\"https:\\\/\\\/www.altominho.tv\\\/site\\\/wp-content\\\/uploads\\\/2023\\\/07\\\/Foto_Juliana-150x150.jpg\",\"url\":\"https:\\\/\\\/www.altominho.tv\\\/site\\\/wp-content\\\/uploads\\\/2023\\\/07\\\/Foto_Juliana-150x150.jpg\",\"contentUrl\":\"https:\\\/\\\/www.altominho.tv\\\/site\\\/wp-content\\\/uploads\\\/2023\\\/07\\\/Foto_Juliana-150x150.jpg\",\"caption\":\"Juliana Soares\"},\"url\":\"https:\\\/\\\/www.altominho.tv\\\/site\\\/author\\\/julianasoares\\\/\"}]}<\/script>\n<!-- \/ Yoast SEO Premium plugin. -->","yoast_head_json":{"title":"Candidaturas abertas para o programa de apoio ao com\u00e9rcio de Arcos de Valdevez at\u00e9 30 de setembro","description":"A C\u00e2mara Municipal de Arcos de Valdevez aprovou a candidatura da terceira edi\u00e7\u00e3o do Programa de Apoio ao Com\u00e9rcio do munic\u00edpio - PROCOM 2023, cujas candidaturas abriram ontem, dia 15 de julho, e decorrem at\u00e9 ao dia 30 de setembro, com a dota\u00e7\u00e3o or\u00e7amental de 150 mil euros.","robots":{"index":"index","follow":"follow","max-snippet":"max-snippet:-1","max-image-preview":"max-image-preview:large","max-video-preview":"max-video-preview:-1"},"canonical":"https:\/\/www.altominho.tv\/site\/2023\/07\/16\/candidaturas-abertas-para-programa-apoio-comercio-arcos-valdevez\/","og_locale":"pt_PT","og_type":"article","og_title":"Candidaturas abertas para o programa de apoio ao com\u00e9rcio de Arcos de Valdevez at\u00e9 30 de setembro","og_description":"A C\u00e2mara Municipal de Arcos de Valdevez aprovou a candidatura da terceira edi\u00e7\u00e3o do Programa de Apoio ao Com\u00e9rcio do munic\u00edpio - PROCOM 2023, cujas candidaturas abriram ontem, dia 15 de julho, e decorrem at\u00e9 ao dia 30 de setembro, com a dota\u00e7\u00e3o or\u00e7amental de 150 mil euros.","og_url":"https:\/\/www.altominho.tv\/site\/2023\/07\/16\/candidaturas-abertas-para-programa-apoio-comercio-arcos-valdevez\/","og_site_name":"Altominho.tv","article_publisher":"https:\/\/www.facebook.com\/altominhotv","article_published_time":"2023-07-16T15:06:51+00:00","article_modified_time":"2023-07-16T15:06:56+00:00","og_image":[{"width":500,"height":276,"url":"https:\/\/www.altominho.tv\/site\/wp-content\/uploads\/2023\/07\/procom2023-e1689520003452.jpg","type":"image\/jpeg"}],"author":"Juliana Soares","twitter_card":"summary_large_image","twitter_creator":"@altominhoTV","twitter_site":"@altominhoTV","twitter_misc":{"Escrito por":"Juliana Soares","Tempo estimado de leitura":"1 minuto"},"schema":{"@context":"https:\/\/schema.org","@graph":[{"@type":"Article","@id":"https:\/\/www.altominho.tv\/site\/2023\/07\/16\/candidaturas-abertas-para-programa-apoio-comercio-arcos-valdevez\/#article","isPartOf":{"@id":"https:\/\/www.altominho.tv\/site\/2023\/07\/16\/candidaturas-abertas-para-programa-apoio-comercio-arcos-valdevez\/"},"author":{"name":"Juliana Soares","@id":"https:\/\/www.altominho.tv\/site\/#\/schema\/person\/fd922cf16ebbbd1fff2019e656be940c"},"headline":"Candidaturas abertas para o programa de apoio ao com\u00e9rcio de Arcos de Valdevez at\u00e9 30 de setembro","datePublished":"2023-07-16T15:06:51+00:00","dateModified":"2023-07-16T15:06:56+00:00","mainEntityOfPage":{"@id":"https:\/\/www.altominho.tv\/site\/2023\/07\/16\/candidaturas-abertas-para-programa-apoio-comercio-arcos-valdevez\/"},"wordCount":149,"image":{"@id":"https:\/\/www.altominho.tv\/site\/2023\/07\/16\/candidaturas-abertas-para-programa-apoio-comercio-arcos-valdevez\/#primaryimage"},"thumbnailUrl":"https:\/\/www.altominho.tv\/site\/wp-content\/uploads\/2023\/07\/procom2023-e1689520003452.jpg","keywords":["Sociedade"],"articleSection":["Arcos de Valdevez"],"inLanguage":"pt-PT","copyrightYear":"2023","copyrightHolder":{"@id":"https:\/\/www.altominho.tv\/site\/#organization"}},{"@type":"WebPage","@id":"https:\/\/www.altominho.tv\/site\/2023\/07\/16\/candidaturas-abertas-para-programa-apoio-comercio-arcos-valdevez\/","url":"https:\/\/www.altominho.tv\/site\/2023\/07\/16\/candidaturas-abertas-para-programa-apoio-comercio-arcos-valdevez\/","name":"Candidaturas abertas para o programa de apoio ao com\u00e9rcio de Arcos de Valdevez at\u00e9 30 de setembro","isPartOf":{"@id":"https:\/\/www.altominho.tv\/site\/#website"},"primaryImageOfPage":{"@id":"https:\/\/www.altominho.tv\/site\/2023\/07\/16\/candidaturas-abertas-para-programa-apoio-comercio-arcos-valdevez\/#primaryimage"},"image":{"@id":"https:\/\/www.altominho.tv\/site\/2023\/07\/16\/candidaturas-abertas-para-programa-apoio-comercio-arcos-valdevez\/#primaryimage"},"thumbnailUrl":"https:\/\/www.altominho.tv\/site\/wp-content\/uploads\/2023\/07\/procom2023-e1689520003452.jpg","datePublished":"2023-07-16T15:06:51+00:00","dateModified":"2023-07-16T15:06:56+00:00","author":{"@id":"https:\/\/www.altominho.tv\/site\/#\/schema\/person\/fd922cf16ebbbd1fff2019e656be940c"},"description":"A C\u00e2mara Municipal de Arcos de Valdevez aprovou a candidatura da terceira edi\u00e7\u00e3o do Programa de Apoio ao Com\u00e9rcio do munic\u00edpio - PROCOM 2023, cujas candidaturas abriram ontem, dia 15 de julho, e decorrem at\u00e9 ao dia 30 de setembro, com a dota\u00e7\u00e3o or\u00e7amental de 150 mil euros.","breadcrumb":{"@id":"https:\/\/www.altominho.tv\/site\/2023\/07\/16\/candidaturas-abertas-para-programa-apoio-comercio-arcos-valdevez\/#breadcrumb"},"inLanguage":"pt-PT","potentialAction":[{"@type":"ReadAction","target":["https:\/\/www.altominho.tv\/site\/2023\/07\/16\/candidaturas-abertas-para-programa-apoio-comercio-arcos-valdevez\/"]}]},{"@type":"ImageObject","inLanguage":"pt-PT","@id":"https:\/\/www.altominho.tv\/site\/2023\/07\/16\/candidaturas-abertas-para-programa-apoio-comercio-arcos-valdevez\/#primaryimage","url":"https:\/\/www.altominho.tv\/site\/wp-content\/uploads\/2023\/07\/procom2023-e1689520003452.jpg","contentUrl":"https:\/\/www.altominho.tv\/site\/wp-content\/uploads\/2023\/07\/procom2023-e1689520003452.jpg","width":500,"height":276},{"@type":"BreadcrumbList","@id":"https:\/\/www.altominho.tv\/site\/2023\/07\/16\/candidaturas-abertas-para-programa-apoio-comercio-arcos-valdevez\/#breadcrumb","itemListElement":[{"@type":"ListItem","position":1,"name":"In\u00edcio","item":"https:\/\/www.altominho.tv\/site\/"},{"@type":"ListItem","position":2,"name":"Candidaturas abertas para o programa de apoio ao com\u00e9rcio de Arcos de Valdevez at\u00e9 30 de setembro"}]},{"@type":"WebSite","@id":"https:\/\/www.altominho.tv\/site\/#website","url":"https:\/\/www.altominho.tv\/site\/","name":"Altominho.tv","description":"A sua regi\u00e3o \u00e0 dist\u00e2ncia de um clique...","potentialAction":[{"@type":"SearchAction","target":{"@type":"EntryPoint","urlTemplate":"https:\/\/www.altominho.tv\/site\/?s={search_term_string}"},"query-input":{"@type":"PropertyValueSpecification","valueRequired":true,"valueName":"search_term_string"}}],"inLanguage":"pt-PT"},{"@type":"Person","@id":"https:\/\/www.altominho.tv\/site\/#\/schema\/person\/fd922cf16ebbbd1fff2019e656be940c","name":"Juliana Soares","image":{"@type":"ImageObject","inLanguage":"pt-PT","@id":"https:\/\/www.altominho.tv\/site\/wp-content\/uploads\/2023\/07\/Foto_Juliana-150x150.jpg","url":"https:\/\/www.altominho.tv\/site\/wp-content\/uploads\/2023\/07\/Foto_Juliana-150x150.jpg","contentUrl":"https:\/\/www.altominho.tv\/site\/wp-content\/uploads\/2023\/07\/Foto_Juliana-150x150.jpg","caption":"Juliana Soares"},"url":"https:\/\/www.altominho.tv\/site\/author\/julianasoares\/"}]}},"_links":{"self":[{"href":"https:\/\/www.altominho.tv\/site\/wp-json\/wp\/v2\/posts\/94435","targetHints":{"allow":["GET"]}}],"collection":[{"href":"https:\/\/www.altominho.tv\/site\/wp-json\/wp\/v2\/posts"}],"about":[{"href":"https:\/\/www.altominho.tv\/site\/wp-json\/wp\/v2\/types\/post"}],"author":[{"embeddable":true,"href":"https:\/\/www.altominho.tv\/site\/wp-json\/wp\/v2\/users\/29"}],"replies":[{"embeddable":true,"href":"https:\/\/www.altominho.tv\/site\/wp-json\/wp\/v2\/comments?post=94435"}],"version-history":[{"count":1,"href":"https:\/\/www.altominho.tv\/site\/wp-json\/wp\/v2\/posts\/94435\/revisions"}],"predecessor-version":[{"id":94437,"href":"https:\/\/www.altominho.tv\/site\/wp-json\/wp\/v2\/posts\/94435\/revisions\/94437"}],"wp:featuredmedia":[{"embeddable":true,"href":"https:\/\/www.altominho.tv\/site\/wp-json\/wp\/v2\/media\/94436"}],"wp:attachment":[{"href":"https:\/\/www.altominho.tv\/site\/wp-json\/wp\/v2\/media?parent=94435"}],"wp:term":[{"taxonomy":"category","embeddable":true,"href":"https:\/\/www.altominho.tv\/site\/wp-json\/wp\/v2\/categories?post=94435"},{"taxonomy":"post_tag","embeddable":true,"href":"https:\/\/www.altominho.tv\/site\/wp-json\/wp\/v2\/tags?post=94435"}],"curies":[{"name":"wp","href":"https:\/\/api.w.org\/{rel}","templated":true}]}}