{"id":94385,"date":"2023-07-14T12:35:16","date_gmt":"2023-07-14T11:35:16","guid":{"rendered":"https:\/\/www.altominho.tv\/site\/?p=94385"},"modified":"2023-07-14T12:35:20","modified_gmt":"2023-07-14T11:35:20","slug":"aquamuseu-rio-minho-assinala-18-aniversario-programacao-familiar-este-fim-semana","status":"publish","type":"post","link":"https:\/\/www.altominho.tv\/site\/2023\/07\/14\/aquamuseu-rio-minho-assinala-18-aniversario-programacao-familiar-este-fim-semana\/","title":{"rendered":"Aquamuseu do rio Minho assinala o 18\u00ba anivers\u00e1rio com programa\u00e7\u00e3o familiar este fim de semana"},"content":{"rendered":"<p>O Aquamuseu do rio Minho, localizado no concelho de Vila Nova de Cerveira, atingiu a &#8220;maioridade&#8221; na presta\u00e7\u00e3o de um servi\u00e7o p\u00fablico supramunicipal de excel\u00eancia e vai celebrar o simbolismo desta data com um dos seus p\u00fablicos-alvo preferencial, que s\u00e3o as fam\u00edlias. Deste modo, para este fim de semana, est\u00e1 prevista a realiza\u00e7\u00e3o de um &#8220;conjunto de atividades\u00a0 din\u00e2micas e interativas, de car\u00e1ter gratuito&#8221;.<\/p>\n<p>A programa\u00e7\u00e3o comemorativa arranca amanh\u00e3, \u00e0s 10h00, com a inaugura\u00e7\u00e3o da exposi\u00e7\u00e3o \u201cRedes e Armadilhas no rio Minho\u201d, seguindo-se um espet\u00e1culo infantil agendado para as 15h45. O primeiro dia de festa termina com a rece\u00e7\u00e3o de 20 crian\u00e7as que v\u00e3o participar na atividade \u201cDormir com os Peixes\u201d, \u00e0s 21h00 (mediante inscri\u00e7\u00e3o pr\u00e9via).<\/p>\n<p>Para domingo est\u00e1 prevista uma visita guiada encenada, com in\u00edcio \u00e0s 10h30, e durante o per\u00edodo da tarde \u00e9 poss\u00edvel visitar todos os espa\u00e7os do Aquamuseu do rio Minho, de forma gratuita.<\/p>\n<p>Foi a dia 13 de julho de 2005 que o Aquamuseu do Rio Minho abriu portas ao p\u00fablico, tendo como miss\u00e3o &#8220;a promo\u00e7\u00e3o e divulga\u00e7\u00e3o de todo o patrim\u00f3nio natural e cultural associado ao Rio Minho&#8221;. Neste momento, apresenta-se como &#8220;um dos maiores polos de atra\u00e7\u00e3o tur\u00edstica de Vila Nova de Cerveira por transportar para dentro de quatro paredes toda a riqueza daquele curso de \u00e1gua internacional&#8221;.<\/p>\n<p>Para mais informa\u00e7\u00f5es e inscri\u00e7\u00f5es, os interessados devem contactar o Aquamuseu do Rio Minho. As atividades s\u00e3o de participa\u00e7\u00e3o livre, com exce\u00e7\u00e3o da atividade \u201cDormir com os peixes\u201d cuja inscri\u00e7\u00e3o \u00e9 obrigat\u00f3ria, podendo ser feita pelo telefone 251 708 026 ou via email para <a href=\"mailto:aquamuseu@cm-vncerveira.pt\">aquamuseu@cm-vncerveira.pt.<\/a><\/p>\n","protected":false},"excerpt":{"rendered":"<p>O Aquamuseu do rio Minho, localizado no concelho de Vila Nova de Cerveira, atingiu a &#8220;maioridade&#8221; na presta\u00e7\u00e3o de um servi\u00e7o p\u00fablico supramunicipal de excel\u00eancia e vai celebrar o simbolismo desta data com um dos seus p\u00fablicos-alvo preferencial, que s\u00e3o as fam\u00edlias. Deste modo, para este fim de semana, est\u00e1 prevista a realiza\u00e7\u00e3o de um [&hellip;]<\/p>\n","protected":false},"author":29,"featured_media":94386,"comment_status":"closed","ping_status":"closed","sticky":false,"template":"","format":"standard","meta":{"_exactmetrics_skip_tracking":false,"_exactmetrics_sitenote_active":false,"_exactmetrics_sitenote_note":"","_exactmetrics_sitenote_category":0,"footnotes":""},"categories":[15],"tags":[19,24,27],"class_list":["post-94385","post","type-post","status-publish","format-standard","has-post-thumbnail","hentry","category-vila-nova-de-cerveira","tag-cultura","tag-lazer","tag-sociedade"],"yoast_head":"<!-- This site is optimized with the Yoast SEO Premium plugin v27.4 (Yoast SEO v27.4) - https:\/\/yoast.com\/product\/yoast-seo-premium-wordpress\/ -->\n<title>Aquamuseu do rio Minho assinala o 18\u00ba anivers\u00e1rio com programa\u00e7\u00e3o familiar este fim de semana<\/title>\n<meta name=\"description\" content=\"O Aquamuseu do rio Minho, localizado no concelho de Vila Nova de Cerveira, atingiu a &quot;maioridade&quot; na presta\u00e7\u00e3o de um servi\u00e7o p\u00fablico supramunicipal de excel\u00eancia e vai celebrar o simbolismo desta data com um dos seus p\u00fablicos-alvo preferencial, que s\u00e3o as fam\u00edlias. Deste modo, para este fim de semana, est\u00e1 prevista a realiza\u00e7\u00e3o de um &quot;conjunto de atividades\u00a0 din\u00e2micas e interativas, de car\u00e1ter gratuito&quot;.\" \/>\n<meta name=\"robots\" content=\"index, follow, max-snippet:-1, max-image-preview:large, max-video-preview:-1\" \/>\n<link rel=\"canonical\" href=\"https:\/\/www.altominho.tv\/site\/2023\/07\/14\/aquamuseu-rio-minho-assinala-18-aniversario-programacao-familiar-este-fim-semana\/\" \/>\n<meta property=\"og:locale\" content=\"pt_PT\" \/>\n<meta property=\"og:type\" content=\"article\" \/>\n<meta property=\"og:title\" content=\"Aquamuseu do rio Minho assinala o 18\u00ba anivers\u00e1rio com programa\u00e7\u00e3o familiar este fim de semana\" \/>\n<meta property=\"og:description\" content=\"O Aquamuseu do rio Minho, localizado no concelho de Vila Nova de Cerveira, atingiu a &quot;maioridade&quot; na presta\u00e7\u00e3o de um servi\u00e7o p\u00fablico supramunicipal de excel\u00eancia e vai celebrar o simbolismo desta data com um dos seus p\u00fablicos-alvo preferencial, que s\u00e3o as fam\u00edlias. Deste modo, para este fim de semana, est\u00e1 prevista a realiza\u00e7\u00e3o de um &quot;conjunto de atividades\u00a0 din\u00e2micas e interativas, de car\u00e1ter gratuito&quot;.\" \/>\n<meta property=\"og:url\" content=\"https:\/\/www.altominho.tv\/site\/2023\/07\/14\/aquamuseu-rio-minho-assinala-18-aniversario-programacao-familiar-este-fim-semana\/\" \/>\n<meta property=\"og:site_name\" content=\"Altominho.tv\" \/>\n<meta property=\"article:publisher\" content=\"https:\/\/www.facebook.com\/altominhotv\" \/>\n<meta property=\"article:published_time\" content=\"2023-07-14T11:35:16+00:00\" \/>\n<meta property=\"article:modified_time\" content=\"2023-07-14T11:35:20+00:00\" \/>\n<meta property=\"og:image\" content=\"https:\/\/www.altominho.tv\/site\/wp-content\/uploads\/2023\/07\/aquamuseu.jpeg\" \/>\n\t<meta property=\"og:image:width\" content=\"980\" \/>\n\t<meta property=\"og:image:height\" content=\"490\" \/>\n\t<meta property=\"og:image:type\" content=\"image\/jpeg\" \/>\n<meta name=\"author\" content=\"Juliana Soares\" \/>\n<meta name=\"twitter:card\" content=\"summary_large_image\" \/>\n<meta name=\"twitter:creator\" content=\"@altominhoTV\" \/>\n<meta name=\"twitter:site\" content=\"@altominhoTV\" \/>\n<meta name=\"twitter:label1\" content=\"Escrito por\" \/>\n\t<meta name=\"twitter:data1\" content=\"Juliana Soares\" \/>\n\t<meta name=\"twitter:label2\" content=\"Tempo estimado de leitura\" \/>\n\t<meta name=\"twitter:data2\" content=\"2 minutos\" \/>\n<script type=\"application\/ld+json\" class=\"yoast-schema-graph\">{\"@context\":\"https:\\\/\\\/schema.org\",\"@graph\":[{\"@type\":\"Article\",\"@id\":\"https:\\\/\\\/www.altominho.tv\\\/site\\\/2023\\\/07\\\/14\\\/aquamuseu-rio-minho-assinala-18-aniversario-programacao-familiar-este-fim-semana\\\/#article\",\"isPartOf\":{\"@id\":\"https:\\\/\\\/www.altominho.tv\\\/site\\\/2023\\\/07\\\/14\\\/aquamuseu-rio-minho-assinala-18-aniversario-programacao-familiar-este-fim-semana\\\/\"},\"author\":{\"name\":\"Juliana Soares\",\"@id\":\"https:\\\/\\\/www.altominho.tv\\\/site\\\/#\\\/schema\\\/person\\\/fd922cf16ebbbd1fff2019e656be940c\"},\"headline\":\"Aquamuseu do rio Minho assinala o 18\u00ba anivers\u00e1rio com programa\u00e7\u00e3o familiar este fim de semana\",\"datePublished\":\"2023-07-14T11:35:16+00:00\",\"dateModified\":\"2023-07-14T11:35:20+00:00\",\"mainEntityOfPage\":{\"@id\":\"https:\\\/\\\/www.altominho.tv\\\/site\\\/2023\\\/07\\\/14\\\/aquamuseu-rio-minho-assinala-18-aniversario-programacao-familiar-este-fim-semana\\\/\"},\"wordCount\":307,\"image\":{\"@id\":\"https:\\\/\\\/www.altominho.tv\\\/site\\\/2023\\\/07\\\/14\\\/aquamuseu-rio-minho-assinala-18-aniversario-programacao-familiar-este-fim-semana\\\/#primaryimage\"},\"thumbnailUrl\":\"https:\\\/\\\/www.altominho.tv\\\/site\\\/wp-content\\\/uploads\\\/2023\\\/07\\\/aquamuseu.jpeg\",\"keywords\":[\"Cultura\",\"Lazer\",\"Sociedade\"],\"articleSection\":[\"Vila Nova de Cerveira\"],\"inLanguage\":\"pt-PT\",\"copyrightYear\":\"2023\",\"copyrightHolder\":{\"@id\":\"https:\\\/\\\/www.altominho.tv\\\/site\\\/#organization\"}},{\"@type\":\"WebPage\",\"@id\":\"https:\\\/\\\/www.altominho.tv\\\/site\\\/2023\\\/07\\\/14\\\/aquamuseu-rio-minho-assinala-18-aniversario-programacao-familiar-este-fim-semana\\\/\",\"url\":\"https:\\\/\\\/www.altominho.tv\\\/site\\\/2023\\\/07\\\/14\\\/aquamuseu-rio-minho-assinala-18-aniversario-programacao-familiar-este-fim-semana\\\/\",\"name\":\"Aquamuseu do rio Minho assinala o 18\u00ba anivers\u00e1rio com programa\u00e7\u00e3o familiar este fim de semana\",\"isPartOf\":{\"@id\":\"https:\\\/\\\/www.altominho.tv\\\/site\\\/#website\"},\"primaryImageOfPage\":{\"@id\":\"https:\\\/\\\/www.altominho.tv\\\/site\\\/2023\\\/07\\\/14\\\/aquamuseu-rio-minho-assinala-18-aniversario-programacao-familiar-este-fim-semana\\\/#primaryimage\"},\"image\":{\"@id\":\"https:\\\/\\\/www.altominho.tv\\\/site\\\/2023\\\/07\\\/14\\\/aquamuseu-rio-minho-assinala-18-aniversario-programacao-familiar-este-fim-semana\\\/#primaryimage\"},\"thumbnailUrl\":\"https:\\\/\\\/www.altominho.tv\\\/site\\\/wp-content\\\/uploads\\\/2023\\\/07\\\/aquamuseu.jpeg\",\"datePublished\":\"2023-07-14T11:35:16+00:00\",\"dateModified\":\"2023-07-14T11:35:20+00:00\",\"author\":{\"@id\":\"https:\\\/\\\/www.altominho.tv\\\/site\\\/#\\\/schema\\\/person\\\/fd922cf16ebbbd1fff2019e656be940c\"},\"description\":\"O Aquamuseu do rio Minho, localizado no concelho de Vila Nova de Cerveira, atingiu a \\\"maioridade\\\" na presta\u00e7\u00e3o de um servi\u00e7o p\u00fablico supramunicipal de excel\u00eancia e vai celebrar o simbolismo desta data com um dos seus p\u00fablicos-alvo preferencial, que s\u00e3o as fam\u00edlias. Deste modo, para este fim de semana, est\u00e1 prevista a realiza\u00e7\u00e3o de um \\\"conjunto de atividades\u00a0 din\u00e2micas e interativas, de car\u00e1ter gratuito\\\".\",\"breadcrumb\":{\"@id\":\"https:\\\/\\\/www.altominho.tv\\\/site\\\/2023\\\/07\\\/14\\\/aquamuseu-rio-minho-assinala-18-aniversario-programacao-familiar-este-fim-semana\\\/#breadcrumb\"},\"inLanguage\":\"pt-PT\",\"potentialAction\":[{\"@type\":\"ReadAction\",\"target\":[\"https:\\\/\\\/www.altominho.tv\\\/site\\\/2023\\\/07\\\/14\\\/aquamuseu-rio-minho-assinala-18-aniversario-programacao-familiar-este-fim-semana\\\/\"]}]},{\"@type\":\"ImageObject\",\"inLanguage\":\"pt-PT\",\"@id\":\"https:\\\/\\\/www.altominho.tv\\\/site\\\/2023\\\/07\\\/14\\\/aquamuseu-rio-minho-assinala-18-aniversario-programacao-familiar-este-fim-semana\\\/#primaryimage\",\"url\":\"https:\\\/\\\/www.altominho.tv\\\/site\\\/wp-content\\\/uploads\\\/2023\\\/07\\\/aquamuseu.jpeg\",\"contentUrl\":\"https:\\\/\\\/www.altominho.tv\\\/site\\\/wp-content\\\/uploads\\\/2023\\\/07\\\/aquamuseu.jpeg\",\"width\":980,\"height\":490},{\"@type\":\"BreadcrumbList\",\"@id\":\"https:\\\/\\\/www.altominho.tv\\\/site\\\/2023\\\/07\\\/14\\\/aquamuseu-rio-minho-assinala-18-aniversario-programacao-familiar-este-fim-semana\\\/#breadcrumb\",\"itemListElement\":[{\"@type\":\"ListItem\",\"position\":1,\"name\":\"In\u00edcio\",\"item\":\"https:\\\/\\\/www.altominho.tv\\\/site\\\/\"},{\"@type\":\"ListItem\",\"position\":2,\"name\":\"Aquamuseu do rio Minho assinala o 18\u00ba anivers\u00e1rio com programa\u00e7\u00e3o familiar este fim de semana\"}]},{\"@type\":\"WebSite\",\"@id\":\"https:\\\/\\\/www.altominho.tv\\\/site\\\/#website\",\"url\":\"https:\\\/\\\/www.altominho.tv\\\/site\\\/\",\"name\":\"Altominho.tv\",\"description\":\"A sua regi\u00e3o \u00e0 dist\u00e2ncia de um clique...\",\"potentialAction\":[{\"@type\":\"SearchAction\",\"target\":{\"@type\":\"EntryPoint\",\"urlTemplate\":\"https:\\\/\\\/www.altominho.tv\\\/site\\\/?s={search_term_string}\"},\"query-input\":{\"@type\":\"PropertyValueSpecification\",\"valueRequired\":true,\"valueName\":\"search_term_string\"}}],\"inLanguage\":\"pt-PT\"},{\"@type\":\"Person\",\"@id\":\"https:\\\/\\\/www.altominho.tv\\\/site\\\/#\\\/schema\\\/person\\\/fd922cf16ebbbd1fff2019e656be940c\",\"name\":\"Juliana Soares\",\"image\":{\"@type\":\"ImageObject\",\"inLanguage\":\"pt-PT\",\"@id\":\"https:\\\/\\\/www.altominho.tv\\\/site\\\/wp-content\\\/uploads\\\/2023\\\/07\\\/Foto_Juliana-150x150.jpg\",\"url\":\"https:\\\/\\\/www.altominho.tv\\\/site\\\/wp-content\\\/uploads\\\/2023\\\/07\\\/Foto_Juliana-150x150.jpg\",\"contentUrl\":\"https:\\\/\\\/www.altominho.tv\\\/site\\\/wp-content\\\/uploads\\\/2023\\\/07\\\/Foto_Juliana-150x150.jpg\",\"caption\":\"Juliana Soares\"},\"url\":\"https:\\\/\\\/www.altominho.tv\\\/site\\\/author\\\/julianasoares\\\/\"}]}<\/script>\n<!-- \/ Yoast SEO Premium plugin. -->","yoast_head_json":{"title":"Aquamuseu do rio Minho assinala o 18\u00ba anivers\u00e1rio com programa\u00e7\u00e3o familiar este fim de semana","description":"O Aquamuseu do rio Minho, localizado no concelho de Vila Nova de Cerveira, atingiu a \"maioridade\" na presta\u00e7\u00e3o de um servi\u00e7o p\u00fablico supramunicipal de excel\u00eancia e vai celebrar o simbolismo desta data com um dos seus p\u00fablicos-alvo preferencial, que s\u00e3o as fam\u00edlias. Deste modo, para este fim de semana, est\u00e1 prevista a realiza\u00e7\u00e3o de um \"conjunto de atividades\u00a0 din\u00e2micas e interativas, de car\u00e1ter gratuito\".","robots":{"index":"index","follow":"follow","max-snippet":"max-snippet:-1","max-image-preview":"max-image-preview:large","max-video-preview":"max-video-preview:-1"},"canonical":"https:\/\/www.altominho.tv\/site\/2023\/07\/14\/aquamuseu-rio-minho-assinala-18-aniversario-programacao-familiar-este-fim-semana\/","og_locale":"pt_PT","og_type":"article","og_title":"Aquamuseu do rio Minho assinala o 18\u00ba anivers\u00e1rio com programa\u00e7\u00e3o familiar este fim de semana","og_description":"O Aquamuseu do rio Minho, localizado no concelho de Vila Nova de Cerveira, atingiu a \"maioridade\" na presta\u00e7\u00e3o de um servi\u00e7o p\u00fablico supramunicipal de excel\u00eancia e vai celebrar o simbolismo desta data com um dos seus p\u00fablicos-alvo preferencial, que s\u00e3o as fam\u00edlias. Deste modo, para este fim de semana, est\u00e1 prevista a realiza\u00e7\u00e3o de um \"conjunto de atividades\u00a0 din\u00e2micas e interativas, de car\u00e1ter gratuito\".","og_url":"https:\/\/www.altominho.tv\/site\/2023\/07\/14\/aquamuseu-rio-minho-assinala-18-aniversario-programacao-familiar-este-fim-semana\/","og_site_name":"Altominho.tv","article_publisher":"https:\/\/www.facebook.com\/altominhotv","article_published_time":"2023-07-14T11:35:16+00:00","article_modified_time":"2023-07-14T11:35:20+00:00","og_image":[{"width":980,"height":490,"url":"https:\/\/www.altominho.tv\/site\/wp-content\/uploads\/2023\/07\/aquamuseu.jpeg","type":"image\/jpeg"}],"author":"Juliana Soares","twitter_card":"summary_large_image","twitter_creator":"@altominhoTV","twitter_site":"@altominhoTV","twitter_misc":{"Escrito por":"Juliana Soares","Tempo estimado de leitura":"2 minutos"},"schema":{"@context":"https:\/\/schema.org","@graph":[{"@type":"Article","@id":"https:\/\/www.altominho.tv\/site\/2023\/07\/14\/aquamuseu-rio-minho-assinala-18-aniversario-programacao-familiar-este-fim-semana\/#article","isPartOf":{"@id":"https:\/\/www.altominho.tv\/site\/2023\/07\/14\/aquamuseu-rio-minho-assinala-18-aniversario-programacao-familiar-este-fim-semana\/"},"author":{"name":"Juliana Soares","@id":"https:\/\/www.altominho.tv\/site\/#\/schema\/person\/fd922cf16ebbbd1fff2019e656be940c"},"headline":"Aquamuseu do rio Minho assinala o 18\u00ba anivers\u00e1rio com programa\u00e7\u00e3o familiar este fim de semana","datePublished":"2023-07-14T11:35:16+00:00","dateModified":"2023-07-14T11:35:20+00:00","mainEntityOfPage":{"@id":"https:\/\/www.altominho.tv\/site\/2023\/07\/14\/aquamuseu-rio-minho-assinala-18-aniversario-programacao-familiar-este-fim-semana\/"},"wordCount":307,"image":{"@id":"https:\/\/www.altominho.tv\/site\/2023\/07\/14\/aquamuseu-rio-minho-assinala-18-aniversario-programacao-familiar-este-fim-semana\/#primaryimage"},"thumbnailUrl":"https:\/\/www.altominho.tv\/site\/wp-content\/uploads\/2023\/07\/aquamuseu.jpeg","keywords":["Cultura","Lazer","Sociedade"],"articleSection":["Vila Nova de Cerveira"],"inLanguage":"pt-PT","copyrightYear":"2023","copyrightHolder":{"@id":"https:\/\/www.altominho.tv\/site\/#organization"}},{"@type":"WebPage","@id":"https:\/\/www.altominho.tv\/site\/2023\/07\/14\/aquamuseu-rio-minho-assinala-18-aniversario-programacao-familiar-este-fim-semana\/","url":"https:\/\/www.altominho.tv\/site\/2023\/07\/14\/aquamuseu-rio-minho-assinala-18-aniversario-programacao-familiar-este-fim-semana\/","name":"Aquamuseu do rio Minho assinala o 18\u00ba anivers\u00e1rio com programa\u00e7\u00e3o familiar este fim de semana","isPartOf":{"@id":"https:\/\/www.altominho.tv\/site\/#website"},"primaryImageOfPage":{"@id":"https:\/\/www.altominho.tv\/site\/2023\/07\/14\/aquamuseu-rio-minho-assinala-18-aniversario-programacao-familiar-este-fim-semana\/#primaryimage"},"image":{"@id":"https:\/\/www.altominho.tv\/site\/2023\/07\/14\/aquamuseu-rio-minho-assinala-18-aniversario-programacao-familiar-este-fim-semana\/#primaryimage"},"thumbnailUrl":"https:\/\/www.altominho.tv\/site\/wp-content\/uploads\/2023\/07\/aquamuseu.jpeg","datePublished":"2023-07-14T11:35:16+00:00","dateModified":"2023-07-14T11:35:20+00:00","author":{"@id":"https:\/\/www.altominho.tv\/site\/#\/schema\/person\/fd922cf16ebbbd1fff2019e656be940c"},"description":"O Aquamuseu do rio Minho, localizado no concelho de Vila Nova de Cerveira, atingiu a \"maioridade\" na presta\u00e7\u00e3o de um servi\u00e7o p\u00fablico supramunicipal de excel\u00eancia e vai celebrar o simbolismo desta data com um dos seus p\u00fablicos-alvo preferencial, que s\u00e3o as fam\u00edlias. Deste modo, para este fim de semana, est\u00e1 prevista a realiza\u00e7\u00e3o de um \"conjunto de atividades\u00a0 din\u00e2micas e interativas, de car\u00e1ter gratuito\".","breadcrumb":{"@id":"https:\/\/www.altominho.tv\/site\/2023\/07\/14\/aquamuseu-rio-minho-assinala-18-aniversario-programacao-familiar-este-fim-semana\/#breadcrumb"},"inLanguage":"pt-PT","potentialAction":[{"@type":"ReadAction","target":["https:\/\/www.altominho.tv\/site\/2023\/07\/14\/aquamuseu-rio-minho-assinala-18-aniversario-programacao-familiar-este-fim-semana\/"]}]},{"@type":"ImageObject","inLanguage":"pt-PT","@id":"https:\/\/www.altominho.tv\/site\/2023\/07\/14\/aquamuseu-rio-minho-assinala-18-aniversario-programacao-familiar-este-fim-semana\/#primaryimage","url":"https:\/\/www.altominho.tv\/site\/wp-content\/uploads\/2023\/07\/aquamuseu.jpeg","contentUrl":"https:\/\/www.altominho.tv\/site\/wp-content\/uploads\/2023\/07\/aquamuseu.jpeg","width":980,"height":490},{"@type":"BreadcrumbList","@id":"https:\/\/www.altominho.tv\/site\/2023\/07\/14\/aquamuseu-rio-minho-assinala-18-aniversario-programacao-familiar-este-fim-semana\/#breadcrumb","itemListElement":[{"@type":"ListItem","position":1,"name":"In\u00edcio","item":"https:\/\/www.altominho.tv\/site\/"},{"@type":"ListItem","position":2,"name":"Aquamuseu do rio Minho assinala o 18\u00ba anivers\u00e1rio com programa\u00e7\u00e3o familiar este fim de semana"}]},{"@type":"WebSite","@id":"https:\/\/www.altominho.tv\/site\/#website","url":"https:\/\/www.altominho.tv\/site\/","name":"Altominho.tv","description":"A sua regi\u00e3o \u00e0 dist\u00e2ncia de um clique...","potentialAction":[{"@type":"SearchAction","target":{"@type":"EntryPoint","urlTemplate":"https:\/\/www.altominho.tv\/site\/?s={search_term_string}"},"query-input":{"@type":"PropertyValueSpecification","valueRequired":true,"valueName":"search_term_string"}}],"inLanguage":"pt-PT"},{"@type":"Person","@id":"https:\/\/www.altominho.tv\/site\/#\/schema\/person\/fd922cf16ebbbd1fff2019e656be940c","name":"Juliana Soares","image":{"@type":"ImageObject","inLanguage":"pt-PT","@id":"https:\/\/www.altominho.tv\/site\/wp-content\/uploads\/2023\/07\/Foto_Juliana-150x150.jpg","url":"https:\/\/www.altominho.tv\/site\/wp-content\/uploads\/2023\/07\/Foto_Juliana-150x150.jpg","contentUrl":"https:\/\/www.altominho.tv\/site\/wp-content\/uploads\/2023\/07\/Foto_Juliana-150x150.jpg","caption":"Juliana Soares"},"url":"https:\/\/www.altominho.tv\/site\/author\/julianasoares\/"}]}},"_links":{"self":[{"href":"https:\/\/www.altominho.tv\/site\/wp-json\/wp\/v2\/posts\/94385","targetHints":{"allow":["GET"]}}],"collection":[{"href":"https:\/\/www.altominho.tv\/site\/wp-json\/wp\/v2\/posts"}],"about":[{"href":"https:\/\/www.altominho.tv\/site\/wp-json\/wp\/v2\/types\/post"}],"author":[{"embeddable":true,"href":"https:\/\/www.altominho.tv\/site\/wp-json\/wp\/v2\/users\/29"}],"replies":[{"embeddable":true,"href":"https:\/\/www.altominho.tv\/site\/wp-json\/wp\/v2\/comments?post=94385"}],"version-history":[{"count":1,"href":"https:\/\/www.altominho.tv\/site\/wp-json\/wp\/v2\/posts\/94385\/revisions"}],"predecessor-version":[{"id":94387,"href":"https:\/\/www.altominho.tv\/site\/wp-json\/wp\/v2\/posts\/94385\/revisions\/94387"}],"wp:featuredmedia":[{"embeddable":true,"href":"https:\/\/www.altominho.tv\/site\/wp-json\/wp\/v2\/media\/94386"}],"wp:attachment":[{"href":"https:\/\/www.altominho.tv\/site\/wp-json\/wp\/v2\/media?parent=94385"}],"wp:term":[{"taxonomy":"category","embeddable":true,"href":"https:\/\/www.altominho.tv\/site\/wp-json\/wp\/v2\/categories?post=94385"},{"taxonomy":"post_tag","embeddable":true,"href":"https:\/\/www.altominho.tv\/site\/wp-json\/wp\/v2\/tags?post=94385"}],"curies":[{"name":"wp","href":"https:\/\/api.w.org\/{rel}","templated":true}]}}