{"id":94361,"date":"2023-07-13T17:05:35","date_gmt":"2023-07-13T16:05:35","guid":{"rendered":"https:\/\/www.altominho.tv\/site\/?p=94361"},"modified":"2023-07-13T17:05:39","modified_gmt":"2023-07-13T16:05:39","slug":"autarcas-reivindicam-execucao-ligacao-ic28-fronteira-madalena-prr","status":"publish","type":"post","link":"https:\/\/www.altominho.tv\/site\/2023\/07\/13\/autarcas-reivindicam-execucao-ligacao-ic28-fronteira-madalena-prr\/","title":{"rendered":"Autarcas reivindicam a execu\u00e7\u00e3o da liga\u00e7\u00e3o do IC28 \u00e0 fronteira da Madalena no PRR"},"content":{"rendered":"\n<p class=\"has-text-align-left\">Os Presidentes das C\u00e2maras Municipais de Arcos de Valdevez e Ponte da Barca reivindicaram ao Ministro das Infraestruturas, em reuni\u00e3o da CIM Alto Minho, que a concretiza\u00e7\u00e3o da liga\u00e7\u00e3o do IC28 \u00e0 fronteira da Madalena e a Celanova seja realizada com brevidade e a sua inclus\u00e3o no Plano de Recupera\u00e7\u00e3o e Resili\u00eancia (PRR) ou noutro instrumento de financiamento.<\/p>\n\n\n\n<p class=\"has-text-align-left\">A concretiza\u00e7\u00e3o da melhoria desta infraestrutura transfronteiri\u00e7a permitir\u00e1\u00a0&#8220;a mobilidade de bens, servi\u00e7os e pessoas e\u00a0\u00e9 uma prioridade para os respons\u00e1veis pol\u00edticos, dirigentes e empres\u00e1rios, de ambos os pa\u00edses, j\u00e1 que ir\u00e1 dar um novo impulso no desenvolvimento sustent\u00e1vel destes territ\u00f3rios e ter\u00e1 um papel decisivo na fixa\u00e7\u00e3o e atra\u00e7\u00e3o de pessoas e investimentos para esta regi\u00e3o transfronteiri\u00e7a&#8221;, l\u00ea-se no comunicado.<\/p>\n\n\n\n<p class=\"has-text-align-left\">Esta \u00e9 &#8220;mais uma das muitas solicita\u00e7\u00f5es&#8221; que os munic\u00edpios t\u00eam vindo a realizar ao longo dos anos.<\/p>\n\n\n\n<p class=\"has-text-align-left\">Os autarcas do vale do Lima e da Deputaci\u00f3n de Ourense e a CIM Alto Minho assinaram uma carta dirigida ao Primeiro-Ministro de Portugal e ao Presidente do Governo espanhol, a reivindicar a execu\u00e7\u00e3o da melhoria da liga\u00e7\u00e3o do IC28 \u00e0 fronteira da Madalena e a Celanova.<\/p>\n\n\n\n<p class=\"has-text-align-left\">Para os autarcas portugueses e espanh\u00f3is esta liga\u00e7\u00e3o dever\u00e1 ser  &#8220;um des\u00edgnio dos dois Governos, pois \u00e9 de extrema import\u00e2ncia para a seguran\u00e7a rodovi\u00e1ria, o desenvolvimento social e econ\u00f3mico e atratividade e competitividade desta regi\u00e3o transfronteiri\u00e7a&#8221;.<\/p>\n","protected":false},"excerpt":{"rendered":"<p>Os Presidentes das C\u00e2maras Municipais de Arcos de Valdevez e Ponte da Barca reivindicaram ao Ministro das Infraestruturas, em reuni\u00e3o da CIM Alto Minho, que a concretiza\u00e7\u00e3o da liga\u00e7\u00e3o do IC28 \u00e0 fronteira da Madalena e a Celanova seja realizada com brevidade e a sua inclus\u00e3o no Plano de Recupera\u00e7\u00e3o e Resili\u00eancia (PRR) ou noutro [&hellip;]<\/p>\n","protected":false},"author":29,"featured_media":94363,"comment_status":"closed","ping_status":"closed","sticky":false,"template":"","format":"standard","meta":{"_exactmetrics_skip_tracking":false,"_exactmetrics_sitenote_active":false,"_exactmetrics_sitenote_note":"","_exactmetrics_sitenote_category":0,"footnotes":""},"categories":[2],"tags":[27],"class_list":["post-94361","post","type-post","status-publish","format-standard","has-post-thumbnail","hentry","category-arcos-de-valdevez","tag-sociedade"],"yoast_head":"<!-- This site is optimized with the Yoast SEO Premium plugin v27.4 (Yoast SEO v27.4) - https:\/\/yoast.com\/product\/yoast-seo-premium-wordpress\/ -->\n<title>Autarcas reivindicam a execu\u00e7\u00e3o da liga\u00e7\u00e3o do IC28 \u00e0 fronteira da Madalena no PRR<\/title>\n<meta name=\"description\" content=\"Os Presidentes das C\u00e2maras Municipais de Arcos de Valdevez e Ponte da Barca reivindicaram ao Ministro das Infraestruturas, em reuni\u00e3o da CIM Alto Minho, que a concretiza\u00e7\u00e3o da liga\u00e7\u00e3o do IC28 \u00e0 fronteira da Madalena e a Celanova seja realizada com brevidade e a sua inclus\u00e3o no Plano de Recupera\u00e7\u00e3o e Resili\u00eancia (PRR) ou noutro instrumento de financiamento.\" \/>\n<meta name=\"robots\" content=\"index, follow, max-snippet:-1, max-image-preview:large, max-video-preview:-1\" \/>\n<link rel=\"canonical\" href=\"https:\/\/www.altominho.tv\/site\/2023\/07\/13\/autarcas-reivindicam-execucao-ligacao-ic28-fronteira-madalena-prr\/\" \/>\n<meta property=\"og:locale\" content=\"pt_PT\" \/>\n<meta property=\"og:type\" content=\"article\" \/>\n<meta property=\"og:title\" content=\"Autarcas reivindicam a execu\u00e7\u00e3o da liga\u00e7\u00e3o do IC28 \u00e0 fronteira da Madalena no PRR\" \/>\n<meta property=\"og:description\" content=\"Os Presidentes das C\u00e2maras Municipais de Arcos de Valdevez e Ponte da Barca reivindicaram ao Ministro das Infraestruturas, em reuni\u00e3o da CIM Alto Minho, que a concretiza\u00e7\u00e3o da liga\u00e7\u00e3o do IC28 \u00e0 fronteira da Madalena e a Celanova seja realizada com brevidade e a sua inclus\u00e3o no Plano de Recupera\u00e7\u00e3o e Resili\u00eancia (PRR) ou noutro instrumento de financiamento.\" \/>\n<meta property=\"og:url\" content=\"https:\/\/www.altominho.tv\/site\/2023\/07\/13\/autarcas-reivindicam-execucao-ligacao-ic28-fronteira-madalena-prr\/\" \/>\n<meta property=\"og:site_name\" content=\"Altominho.tv\" \/>\n<meta property=\"article:publisher\" content=\"https:\/\/www.facebook.com\/altominhotv\" \/>\n<meta property=\"article:published_time\" content=\"2023-07-13T16:05:35+00:00\" \/>\n<meta property=\"article:modified_time\" content=\"2023-07-13T16:05:39+00:00\" \/>\n<meta property=\"og:image\" content=\"https:\/\/www.altominho.tv\/site\/wp-content\/uploads\/2023\/07\/nota__fronteira_madalena_1_1024_2500.jpg\" \/>\n\t<meta property=\"og:image:width\" content=\"1024\" \/>\n\t<meta property=\"og:image:height\" content=\"469\" \/>\n\t<meta property=\"og:image:type\" content=\"image\/jpeg\" \/>\n<meta name=\"author\" content=\"Juliana Soares\" \/>\n<meta name=\"twitter:card\" content=\"summary_large_image\" \/>\n<meta name=\"twitter:creator\" content=\"@altominhoTV\" \/>\n<meta name=\"twitter:site\" content=\"@altominhoTV\" \/>\n<meta name=\"twitter:label1\" content=\"Escrito por\" \/>\n\t<meta name=\"twitter:data1\" content=\"Juliana Soares\" \/>\n\t<meta name=\"twitter:label2\" content=\"Tempo estimado de leitura\" \/>\n\t<meta name=\"twitter:data2\" content=\"2 minutos\" \/>\n<script type=\"application\/ld+json\" class=\"yoast-schema-graph\">{\"@context\":\"https:\\\/\\\/schema.org\",\"@graph\":[{\"@type\":\"Article\",\"@id\":\"https:\\\/\\\/www.altominho.tv\\\/site\\\/2023\\\/07\\\/13\\\/autarcas-reivindicam-execucao-ligacao-ic28-fronteira-madalena-prr\\\/#article\",\"isPartOf\":{\"@id\":\"https:\\\/\\\/www.altominho.tv\\\/site\\\/2023\\\/07\\\/13\\\/autarcas-reivindicam-execucao-ligacao-ic28-fronteira-madalena-prr\\\/\"},\"author\":{\"name\":\"Juliana Soares\",\"@id\":\"https:\\\/\\\/www.altominho.tv\\\/site\\\/#\\\/schema\\\/person\\\/fd922cf16ebbbd1fff2019e656be940c\"},\"headline\":\"Autarcas reivindicam a execu\u00e7\u00e3o da liga\u00e7\u00e3o do IC28 \u00e0 fronteira da Madalena no PRR\",\"datePublished\":\"2023-07-13T16:05:35+00:00\",\"dateModified\":\"2023-07-13T16:05:39+00:00\",\"mainEntityOfPage\":{\"@id\":\"https:\\\/\\\/www.altominho.tv\\\/site\\\/2023\\\/07\\\/13\\\/autarcas-reivindicam-execucao-ligacao-ic28-fronteira-madalena-prr\\\/\"},\"wordCount\":267,\"image\":{\"@id\":\"https:\\\/\\\/www.altominho.tv\\\/site\\\/2023\\\/07\\\/13\\\/autarcas-reivindicam-execucao-ligacao-ic28-fronteira-madalena-prr\\\/#primaryimage\"},\"thumbnailUrl\":\"https:\\\/\\\/www.altominho.tv\\\/site\\\/wp-content\\\/uploads\\\/2023\\\/07\\\/nota__fronteira_madalena_1_1024_2500.jpg\",\"keywords\":[\"Sociedade\"],\"articleSection\":[\"Arcos de Valdevez\"],\"inLanguage\":\"pt-PT\",\"copyrightYear\":\"2023\",\"copyrightHolder\":{\"@id\":\"https:\\\/\\\/www.altominho.tv\\\/site\\\/#organization\"}},{\"@type\":\"WebPage\",\"@id\":\"https:\\\/\\\/www.altominho.tv\\\/site\\\/2023\\\/07\\\/13\\\/autarcas-reivindicam-execucao-ligacao-ic28-fronteira-madalena-prr\\\/\",\"url\":\"https:\\\/\\\/www.altominho.tv\\\/site\\\/2023\\\/07\\\/13\\\/autarcas-reivindicam-execucao-ligacao-ic28-fronteira-madalena-prr\\\/\",\"name\":\"Autarcas reivindicam a execu\u00e7\u00e3o da liga\u00e7\u00e3o do IC28 \u00e0 fronteira da Madalena no PRR\",\"isPartOf\":{\"@id\":\"https:\\\/\\\/www.altominho.tv\\\/site\\\/#website\"},\"primaryImageOfPage\":{\"@id\":\"https:\\\/\\\/www.altominho.tv\\\/site\\\/2023\\\/07\\\/13\\\/autarcas-reivindicam-execucao-ligacao-ic28-fronteira-madalena-prr\\\/#primaryimage\"},\"image\":{\"@id\":\"https:\\\/\\\/www.altominho.tv\\\/site\\\/2023\\\/07\\\/13\\\/autarcas-reivindicam-execucao-ligacao-ic28-fronteira-madalena-prr\\\/#primaryimage\"},\"thumbnailUrl\":\"https:\\\/\\\/www.altominho.tv\\\/site\\\/wp-content\\\/uploads\\\/2023\\\/07\\\/nota__fronteira_madalena_1_1024_2500.jpg\",\"datePublished\":\"2023-07-13T16:05:35+00:00\",\"dateModified\":\"2023-07-13T16:05:39+00:00\",\"author\":{\"@id\":\"https:\\\/\\\/www.altominho.tv\\\/site\\\/#\\\/schema\\\/person\\\/fd922cf16ebbbd1fff2019e656be940c\"},\"description\":\"Os Presidentes das C\u00e2maras Municipais de Arcos de Valdevez e Ponte da Barca reivindicaram ao Ministro das Infraestruturas, em reuni\u00e3o da CIM Alto Minho, que a concretiza\u00e7\u00e3o da liga\u00e7\u00e3o do IC28 \u00e0 fronteira da Madalena e a Celanova seja realizada com brevidade e a sua inclus\u00e3o no Plano de Recupera\u00e7\u00e3o e Resili\u00eancia (PRR) ou noutro instrumento de financiamento.\",\"breadcrumb\":{\"@id\":\"https:\\\/\\\/www.altominho.tv\\\/site\\\/2023\\\/07\\\/13\\\/autarcas-reivindicam-execucao-ligacao-ic28-fronteira-madalena-prr\\\/#breadcrumb\"},\"inLanguage\":\"pt-PT\",\"potentialAction\":[{\"@type\":\"ReadAction\",\"target\":[\"https:\\\/\\\/www.altominho.tv\\\/site\\\/2023\\\/07\\\/13\\\/autarcas-reivindicam-execucao-ligacao-ic28-fronteira-madalena-prr\\\/\"]}]},{\"@type\":\"ImageObject\",\"inLanguage\":\"pt-PT\",\"@id\":\"https:\\\/\\\/www.altominho.tv\\\/site\\\/2023\\\/07\\\/13\\\/autarcas-reivindicam-execucao-ligacao-ic28-fronteira-madalena-prr\\\/#primaryimage\",\"url\":\"https:\\\/\\\/www.altominho.tv\\\/site\\\/wp-content\\\/uploads\\\/2023\\\/07\\\/nota__fronteira_madalena_1_1024_2500.jpg\",\"contentUrl\":\"https:\\\/\\\/www.altominho.tv\\\/site\\\/wp-content\\\/uploads\\\/2023\\\/07\\\/nota__fronteira_madalena_1_1024_2500.jpg\",\"width\":1024,\"height\":469},{\"@type\":\"BreadcrumbList\",\"@id\":\"https:\\\/\\\/www.altominho.tv\\\/site\\\/2023\\\/07\\\/13\\\/autarcas-reivindicam-execucao-ligacao-ic28-fronteira-madalena-prr\\\/#breadcrumb\",\"itemListElement\":[{\"@type\":\"ListItem\",\"position\":1,\"name\":\"In\u00edcio\",\"item\":\"https:\\\/\\\/www.altominho.tv\\\/site\\\/\"},{\"@type\":\"ListItem\",\"position\":2,\"name\":\"Autarcas reivindicam a execu\u00e7\u00e3o da liga\u00e7\u00e3o do IC28 \u00e0 fronteira da Madalena no PRR\"}]},{\"@type\":\"WebSite\",\"@id\":\"https:\\\/\\\/www.altominho.tv\\\/site\\\/#website\",\"url\":\"https:\\\/\\\/www.altominho.tv\\\/site\\\/\",\"name\":\"Altominho.tv\",\"description\":\"A sua regi\u00e3o \u00e0 dist\u00e2ncia de um clique...\",\"potentialAction\":[{\"@type\":\"SearchAction\",\"target\":{\"@type\":\"EntryPoint\",\"urlTemplate\":\"https:\\\/\\\/www.altominho.tv\\\/site\\\/?s={search_term_string}\"},\"query-input\":{\"@type\":\"PropertyValueSpecification\",\"valueRequired\":true,\"valueName\":\"search_term_string\"}}],\"inLanguage\":\"pt-PT\"},{\"@type\":\"Person\",\"@id\":\"https:\\\/\\\/www.altominho.tv\\\/site\\\/#\\\/schema\\\/person\\\/fd922cf16ebbbd1fff2019e656be940c\",\"name\":\"Juliana Soares\",\"image\":{\"@type\":\"ImageObject\",\"inLanguage\":\"pt-PT\",\"@id\":\"https:\\\/\\\/www.altominho.tv\\\/site\\\/wp-content\\\/uploads\\\/2023\\\/07\\\/Foto_Juliana-150x150.jpg\",\"url\":\"https:\\\/\\\/www.altominho.tv\\\/site\\\/wp-content\\\/uploads\\\/2023\\\/07\\\/Foto_Juliana-150x150.jpg\",\"contentUrl\":\"https:\\\/\\\/www.altominho.tv\\\/site\\\/wp-content\\\/uploads\\\/2023\\\/07\\\/Foto_Juliana-150x150.jpg\",\"caption\":\"Juliana Soares\"},\"url\":\"https:\\\/\\\/www.altominho.tv\\\/site\\\/author\\\/julianasoares\\\/\"}]}<\/script>\n<!-- \/ Yoast SEO Premium plugin. -->","yoast_head_json":{"title":"Autarcas reivindicam a execu\u00e7\u00e3o da liga\u00e7\u00e3o do IC28 \u00e0 fronteira da Madalena no PRR","description":"Os Presidentes das C\u00e2maras Municipais de Arcos de Valdevez e Ponte da Barca reivindicaram ao Ministro das Infraestruturas, em reuni\u00e3o da CIM Alto Minho, que a concretiza\u00e7\u00e3o da liga\u00e7\u00e3o do IC28 \u00e0 fronteira da Madalena e a Celanova seja realizada com brevidade e a sua inclus\u00e3o no Plano de Recupera\u00e7\u00e3o e Resili\u00eancia (PRR) ou noutro instrumento de financiamento.","robots":{"index":"index","follow":"follow","max-snippet":"max-snippet:-1","max-image-preview":"max-image-preview:large","max-video-preview":"max-video-preview:-1"},"canonical":"https:\/\/www.altominho.tv\/site\/2023\/07\/13\/autarcas-reivindicam-execucao-ligacao-ic28-fronteira-madalena-prr\/","og_locale":"pt_PT","og_type":"article","og_title":"Autarcas reivindicam a execu\u00e7\u00e3o da liga\u00e7\u00e3o do IC28 \u00e0 fronteira da Madalena no PRR","og_description":"Os Presidentes das C\u00e2maras Municipais de Arcos de Valdevez e Ponte da Barca reivindicaram ao Ministro das Infraestruturas, em reuni\u00e3o da CIM Alto Minho, que a concretiza\u00e7\u00e3o da liga\u00e7\u00e3o do IC28 \u00e0 fronteira da Madalena e a Celanova seja realizada com brevidade e a sua inclus\u00e3o no Plano de Recupera\u00e7\u00e3o e Resili\u00eancia (PRR) ou noutro instrumento de financiamento.","og_url":"https:\/\/www.altominho.tv\/site\/2023\/07\/13\/autarcas-reivindicam-execucao-ligacao-ic28-fronteira-madalena-prr\/","og_site_name":"Altominho.tv","article_publisher":"https:\/\/www.facebook.com\/altominhotv","article_published_time":"2023-07-13T16:05:35+00:00","article_modified_time":"2023-07-13T16:05:39+00:00","og_image":[{"width":1024,"height":469,"url":"https:\/\/www.altominho.tv\/site\/wp-content\/uploads\/2023\/07\/nota__fronteira_madalena_1_1024_2500.jpg","type":"image\/jpeg"}],"author":"Juliana Soares","twitter_card":"summary_large_image","twitter_creator":"@altominhoTV","twitter_site":"@altominhoTV","twitter_misc":{"Escrito por":"Juliana Soares","Tempo estimado de leitura":"2 minutos"},"schema":{"@context":"https:\/\/schema.org","@graph":[{"@type":"Article","@id":"https:\/\/www.altominho.tv\/site\/2023\/07\/13\/autarcas-reivindicam-execucao-ligacao-ic28-fronteira-madalena-prr\/#article","isPartOf":{"@id":"https:\/\/www.altominho.tv\/site\/2023\/07\/13\/autarcas-reivindicam-execucao-ligacao-ic28-fronteira-madalena-prr\/"},"author":{"name":"Juliana Soares","@id":"https:\/\/www.altominho.tv\/site\/#\/schema\/person\/fd922cf16ebbbd1fff2019e656be940c"},"headline":"Autarcas reivindicam a execu\u00e7\u00e3o da liga\u00e7\u00e3o do IC28 \u00e0 fronteira da Madalena no PRR","datePublished":"2023-07-13T16:05:35+00:00","dateModified":"2023-07-13T16:05:39+00:00","mainEntityOfPage":{"@id":"https:\/\/www.altominho.tv\/site\/2023\/07\/13\/autarcas-reivindicam-execucao-ligacao-ic28-fronteira-madalena-prr\/"},"wordCount":267,"image":{"@id":"https:\/\/www.altominho.tv\/site\/2023\/07\/13\/autarcas-reivindicam-execucao-ligacao-ic28-fronteira-madalena-prr\/#primaryimage"},"thumbnailUrl":"https:\/\/www.altominho.tv\/site\/wp-content\/uploads\/2023\/07\/nota__fronteira_madalena_1_1024_2500.jpg","keywords":["Sociedade"],"articleSection":["Arcos de Valdevez"],"inLanguage":"pt-PT","copyrightYear":"2023","copyrightHolder":{"@id":"https:\/\/www.altominho.tv\/site\/#organization"}},{"@type":"WebPage","@id":"https:\/\/www.altominho.tv\/site\/2023\/07\/13\/autarcas-reivindicam-execucao-ligacao-ic28-fronteira-madalena-prr\/","url":"https:\/\/www.altominho.tv\/site\/2023\/07\/13\/autarcas-reivindicam-execucao-ligacao-ic28-fronteira-madalena-prr\/","name":"Autarcas reivindicam a execu\u00e7\u00e3o da liga\u00e7\u00e3o do IC28 \u00e0 fronteira da Madalena no PRR","isPartOf":{"@id":"https:\/\/www.altominho.tv\/site\/#website"},"primaryImageOfPage":{"@id":"https:\/\/www.altominho.tv\/site\/2023\/07\/13\/autarcas-reivindicam-execucao-ligacao-ic28-fronteira-madalena-prr\/#primaryimage"},"image":{"@id":"https:\/\/www.altominho.tv\/site\/2023\/07\/13\/autarcas-reivindicam-execucao-ligacao-ic28-fronteira-madalena-prr\/#primaryimage"},"thumbnailUrl":"https:\/\/www.altominho.tv\/site\/wp-content\/uploads\/2023\/07\/nota__fronteira_madalena_1_1024_2500.jpg","datePublished":"2023-07-13T16:05:35+00:00","dateModified":"2023-07-13T16:05:39+00:00","author":{"@id":"https:\/\/www.altominho.tv\/site\/#\/schema\/person\/fd922cf16ebbbd1fff2019e656be940c"},"description":"Os Presidentes das C\u00e2maras Municipais de Arcos de Valdevez e Ponte da Barca reivindicaram ao Ministro das Infraestruturas, em reuni\u00e3o da CIM Alto Minho, que a concretiza\u00e7\u00e3o da liga\u00e7\u00e3o do IC28 \u00e0 fronteira da Madalena e a Celanova seja realizada com brevidade e a sua inclus\u00e3o no Plano de Recupera\u00e7\u00e3o e Resili\u00eancia (PRR) ou noutro instrumento de financiamento.","breadcrumb":{"@id":"https:\/\/www.altominho.tv\/site\/2023\/07\/13\/autarcas-reivindicam-execucao-ligacao-ic28-fronteira-madalena-prr\/#breadcrumb"},"inLanguage":"pt-PT","potentialAction":[{"@type":"ReadAction","target":["https:\/\/www.altominho.tv\/site\/2023\/07\/13\/autarcas-reivindicam-execucao-ligacao-ic28-fronteira-madalena-prr\/"]}]},{"@type":"ImageObject","inLanguage":"pt-PT","@id":"https:\/\/www.altominho.tv\/site\/2023\/07\/13\/autarcas-reivindicam-execucao-ligacao-ic28-fronteira-madalena-prr\/#primaryimage","url":"https:\/\/www.altominho.tv\/site\/wp-content\/uploads\/2023\/07\/nota__fronteira_madalena_1_1024_2500.jpg","contentUrl":"https:\/\/www.altominho.tv\/site\/wp-content\/uploads\/2023\/07\/nota__fronteira_madalena_1_1024_2500.jpg","width":1024,"height":469},{"@type":"BreadcrumbList","@id":"https:\/\/www.altominho.tv\/site\/2023\/07\/13\/autarcas-reivindicam-execucao-ligacao-ic28-fronteira-madalena-prr\/#breadcrumb","itemListElement":[{"@type":"ListItem","position":1,"name":"In\u00edcio","item":"https:\/\/www.altominho.tv\/site\/"},{"@type":"ListItem","position":2,"name":"Autarcas reivindicam a execu\u00e7\u00e3o da liga\u00e7\u00e3o do IC28 \u00e0 fronteira da Madalena no PRR"}]},{"@type":"WebSite","@id":"https:\/\/www.altominho.tv\/site\/#website","url":"https:\/\/www.altominho.tv\/site\/","name":"Altominho.tv","description":"A sua regi\u00e3o \u00e0 dist\u00e2ncia de um clique...","potentialAction":[{"@type":"SearchAction","target":{"@type":"EntryPoint","urlTemplate":"https:\/\/www.altominho.tv\/site\/?s={search_term_string}"},"query-input":{"@type":"PropertyValueSpecification","valueRequired":true,"valueName":"search_term_string"}}],"inLanguage":"pt-PT"},{"@type":"Person","@id":"https:\/\/www.altominho.tv\/site\/#\/schema\/person\/fd922cf16ebbbd1fff2019e656be940c","name":"Juliana Soares","image":{"@type":"ImageObject","inLanguage":"pt-PT","@id":"https:\/\/www.altominho.tv\/site\/wp-content\/uploads\/2023\/07\/Foto_Juliana-150x150.jpg","url":"https:\/\/www.altominho.tv\/site\/wp-content\/uploads\/2023\/07\/Foto_Juliana-150x150.jpg","contentUrl":"https:\/\/www.altominho.tv\/site\/wp-content\/uploads\/2023\/07\/Foto_Juliana-150x150.jpg","caption":"Juliana Soares"},"url":"https:\/\/www.altominho.tv\/site\/author\/julianasoares\/"}]}},"_links":{"self":[{"href":"https:\/\/www.altominho.tv\/site\/wp-json\/wp\/v2\/posts\/94361","targetHints":{"allow":["GET"]}}],"collection":[{"href":"https:\/\/www.altominho.tv\/site\/wp-json\/wp\/v2\/posts"}],"about":[{"href":"https:\/\/www.altominho.tv\/site\/wp-json\/wp\/v2\/types\/post"}],"author":[{"embeddable":true,"href":"https:\/\/www.altominho.tv\/site\/wp-json\/wp\/v2\/users\/29"}],"replies":[{"embeddable":true,"href":"https:\/\/www.altominho.tv\/site\/wp-json\/wp\/v2\/comments?post=94361"}],"version-history":[{"count":1,"href":"https:\/\/www.altominho.tv\/site\/wp-json\/wp\/v2\/posts\/94361\/revisions"}],"predecessor-version":[{"id":94364,"href":"https:\/\/www.altominho.tv\/site\/wp-json\/wp\/v2\/posts\/94361\/revisions\/94364"}],"wp:featuredmedia":[{"embeddable":true,"href":"https:\/\/www.altominho.tv\/site\/wp-json\/wp\/v2\/media\/94363"}],"wp:attachment":[{"href":"https:\/\/www.altominho.tv\/site\/wp-json\/wp\/v2\/media?parent=94361"}],"wp:term":[{"taxonomy":"category","embeddable":true,"href":"https:\/\/www.altominho.tv\/site\/wp-json\/wp\/v2\/categories?post=94361"},{"taxonomy":"post_tag","embeddable":true,"href":"https:\/\/www.altominho.tv\/site\/wp-json\/wp\/v2\/tags?post=94361"}],"curies":[{"name":"wp","href":"https:\/\/api.w.org\/{rel}","templated":true}]}}