{"id":94252,"date":"2023-07-11T12:29:36","date_gmt":"2023-07-11T11:29:36","guid":{"rendered":"https:\/\/www.altominho.tv\/site\/?p=94252"},"modified":"2023-07-11T12:29:38","modified_gmt":"2023-07-11T11:29:38","slug":"workshop-do-projeto-broas-com-historia-combina-tradicao-e-inovacao","status":"publish","type":"post","link":"https:\/\/www.altominho.tv\/site\/2023\/07\/11\/workshop-do-projeto-broas-com-historia-combina-tradicao-e-inovacao\/","title":{"rendered":"Workshop do projeto Broas com Hist\u00f3ria combina tradi\u00e7\u00e3o e inova\u00e7\u00e3o"},"content":{"rendered":"\n<figure class=\"wp-block-embed is-type-video is-provider-youtube wp-block-embed-youtube wp-embed-aspect-16-9 wp-has-aspect-ratio\"><div class=\"wp-block-embed__wrapper\">\n<iframe loading=\"lazy\" title=\"Workshop do projeto Broas com Hist\u00f3ria combina tradi\u00e7\u00e3o e inova\u00e7\u00e3o | Altominho TV\" width=\"770\" height=\"433\" src=\"https:\/\/www.youtube.com\/embed\/4MnFKMv6QYg?feature=oembed\" frameborder=\"0\" allow=\"accelerometer; autoplay; clipboard-write; encrypted-media; gyroscope; picture-in-picture; web-share\" allowfullscreen><\/iframe>\n<\/div><\/figure>\n\n\n<p>Sempre de olhos postos na tradi\u00e7\u00e3o, o projeto Broas com hist\u00f3ria pretende diferenciar-se atrav\u00e9s da aposta na inova\u00e7\u00e3o. Broas de chocolate, de ma\u00e7\u00e3 e canela, de alheira s\u00e3o alguns dos produtos confecionados por Jorge Esteves.<\/p>\n<p>No \u00e2mbito de dar a conhecer os seus produtos e v\u00e1rias formas de confecionar algo t\u00e3o t\u00edpico da regi\u00e3o, realizou-se na passada sexta feira, um workshop de inscri\u00e7\u00f5es limitadas. Com o apoio da C\u00e2mara Municipal, este workshop ofereceu receitas, discutiu ideias, e, ainda, deixou os participantes p\u00f4r a m\u00e3o na massa.<\/p>\n<p>Um workshop organizado pelo projeto Amar o Minho, a tarde de sexta feira foi passada junto ao forno, \u00e0 conversa, n\u00e3o faltando volunt\u00e1rios para provar as broas feitas durante a atividade.<\/p>","protected":false},"excerpt":{"rendered":"<p>Sempre de olhos postos na tradi\u00e7\u00e3o, o projeto Broas com hist\u00f3ria pretende diferenciar-se atrav\u00e9s da aposta na inova\u00e7\u00e3o. Broas de chocolate, de ma\u00e7\u00e3 e canela, de alheira s\u00e3o alguns dos produtos confecionados por Jorge Esteves. No \u00e2mbito de dar a conhecer os seus produtos e v\u00e1rias formas de confecionar algo t\u00e3o t\u00edpico da regi\u00e3o, realizou-se [&hellip;]<\/p>\n","protected":false},"author":8,"featured_media":94253,"comment_status":"closed","ping_status":"closed","sticky":false,"template":"","format":"video","meta":{"_exactmetrics_skip_tracking":false,"_exactmetrics_sitenote_active":false,"_exactmetrics_sitenote_note":"","_exactmetrics_sitenote_category":0,"footnotes":""},"categories":[13],"tags":[27],"class_list":["post-94252","post","type-post","status-publish","format-video","has-post-thumbnail","hentry","category-valenca","tag-sociedade","post_format-post-format-video"],"yoast_head":"<!-- This site is optimized with the Yoast SEO Premium plugin v27.5 (Yoast SEO v27.5) - https:\/\/yoast.com\/product\/yoast-seo-premium-wordpress\/ -->\n<title>Workshop do projeto Broas com Hist\u00f3ria combina tradi\u00e7\u00e3o e inova\u00e7\u00e3o<\/title>\n<meta name=\"description\" content=\"Broas de chocolate, de ma\u00e7\u00e3 e canela, de alheira s\u00e3o alguns dos produtos confecionados por Jorge Esteves.\" \/>\n<meta name=\"robots\" content=\"index, follow, max-snippet:-1, max-image-preview:large, max-video-preview:-1\" \/>\n<link rel=\"canonical\" href=\"https:\/\/www.altominho.tv\/site\/2023\/07\/11\/workshop-do-projeto-broas-com-historia-combina-tradicao-e-inovacao\/\" \/>\n<meta property=\"og:locale\" content=\"pt_PT\" \/>\n<meta property=\"og:type\" content=\"article\" \/>\n<meta property=\"og:title\" content=\"Workshop do projeto Broas com Hist\u00f3ria combina tradi\u00e7\u00e3o e inova\u00e7\u00e3o\" \/>\n<meta property=\"og:description\" content=\"Broas de chocolate, de ma\u00e7\u00e3 e canela, de alheira s\u00e3o alguns dos produtos confecionados por Jorge Esteves.\" \/>\n<meta property=\"og:url\" content=\"https:\/\/www.altominho.tv\/site\/2023\/07\/11\/workshop-do-projeto-broas-com-historia-combina-tradicao-e-inovacao\/\" \/>\n<meta property=\"og:site_name\" content=\"Altominho.tv\" \/>\n<meta property=\"article:publisher\" content=\"https:\/\/www.facebook.com\/altominhotv\" \/>\n<meta property=\"article:published_time\" content=\"2023-07-11T11:29:36+00:00\" \/>\n<meta property=\"article:modified_time\" content=\"2023-07-11T11:29:38+00:00\" \/>\n<meta property=\"og:image\" content=\"https:\/\/www.altominho.tv\/site\/wp-content\/uploads\/2023\/07\/broas.jpg\" \/>\n\t<meta property=\"og:image:width\" content=\"1920\" \/>\n\t<meta property=\"og:image:height\" content=\"1080\" \/>\n\t<meta property=\"og:image:type\" content=\"image\/jpeg\" \/>\n<meta name=\"author\" content=\"Alexandre Ferreira\" \/>\n<meta name=\"twitter:card\" content=\"summary_large_image\" \/>\n<meta name=\"twitter:creator\" content=\"@altominhoTV\" \/>\n<meta name=\"twitter:site\" content=\"@altominhoTV\" \/>\n<meta name=\"twitter:label1\" content=\"Escrito por\" \/>\n\t<meta name=\"twitter:data1\" content=\"Alexandre Ferreira\" \/>\n\t<meta name=\"twitter:label2\" content=\"Tempo estimado de leitura\" \/>\n\t<meta name=\"twitter:data2\" content=\"1 minuto\" \/>\n<script type=\"application\/ld+json\" class=\"yoast-schema-graph\">{\"@context\":\"https:\\\/\\\/schema.org\",\"@graph\":[{\"@type\":\"Article\",\"@id\":\"https:\\\/\\\/www.altominho.tv\\\/site\\\/2023\\\/07\\\/11\\\/workshop-do-projeto-broas-com-historia-combina-tradicao-e-inovacao\\\/#article\",\"isPartOf\":{\"@id\":\"https:\\\/\\\/www.altominho.tv\\\/site\\\/2023\\\/07\\\/11\\\/workshop-do-projeto-broas-com-historia-combina-tradicao-e-inovacao\\\/\"},\"author\":{\"name\":\"Alexandre Ferreira\",\"@id\":\"https:\\\/\\\/www.altominho.tv\\\/site\\\/#\\\/schema\\\/person\\\/56c462a0f6591602f4e9fb3fa6ea49bd\"},\"headline\":\"Workshop do projeto Broas com Hist\u00f3ria combina tradi\u00e7\u00e3o e inova\u00e7\u00e3o\",\"datePublished\":\"2023-07-11T11:29:36+00:00\",\"dateModified\":\"2023-07-11T11:29:38+00:00\",\"mainEntityOfPage\":{\"@id\":\"https:\\\/\\\/www.altominho.tv\\\/site\\\/2023\\\/07\\\/11\\\/workshop-do-projeto-broas-com-historia-combina-tradicao-e-inovacao\\\/\"},\"wordCount\":149,\"image\":{\"@id\":\"https:\\\/\\\/www.altominho.tv\\\/site\\\/2023\\\/07\\\/11\\\/workshop-do-projeto-broas-com-historia-combina-tradicao-e-inovacao\\\/#primaryimage\"},\"thumbnailUrl\":\"https:\\\/\\\/www.altominho.tv\\\/site\\\/wp-content\\\/uploads\\\/2023\\\/07\\\/broas.jpg\",\"keywords\":[\"Sociedade\"],\"articleSection\":[\"Valen\u00e7a\"],\"inLanguage\":\"pt-PT\",\"copyrightYear\":\"2023\",\"copyrightHolder\":{\"@id\":\"https:\\\/\\\/www.altominho.tv\\\/site\\\/#organization\"}},{\"@type\":\"WebPage\",\"@id\":\"https:\\\/\\\/www.altominho.tv\\\/site\\\/2023\\\/07\\\/11\\\/workshop-do-projeto-broas-com-historia-combina-tradicao-e-inovacao\\\/\",\"url\":\"https:\\\/\\\/www.altominho.tv\\\/site\\\/2023\\\/07\\\/11\\\/workshop-do-projeto-broas-com-historia-combina-tradicao-e-inovacao\\\/\",\"name\":\"Workshop do projeto Broas com Hist\u00f3ria combina tradi\u00e7\u00e3o e inova\u00e7\u00e3o\",\"isPartOf\":{\"@id\":\"https:\\\/\\\/www.altominho.tv\\\/site\\\/#website\"},\"primaryImageOfPage\":{\"@id\":\"https:\\\/\\\/www.altominho.tv\\\/site\\\/2023\\\/07\\\/11\\\/workshop-do-projeto-broas-com-historia-combina-tradicao-e-inovacao\\\/#primaryimage\"},\"image\":{\"@id\":\"https:\\\/\\\/www.altominho.tv\\\/site\\\/2023\\\/07\\\/11\\\/workshop-do-projeto-broas-com-historia-combina-tradicao-e-inovacao\\\/#primaryimage\"},\"thumbnailUrl\":\"https:\\\/\\\/www.altominho.tv\\\/site\\\/wp-content\\\/uploads\\\/2023\\\/07\\\/broas.jpg\",\"datePublished\":\"2023-07-11T11:29:36+00:00\",\"dateModified\":\"2023-07-11T11:29:38+00:00\",\"author\":{\"@id\":\"https:\\\/\\\/www.altominho.tv\\\/site\\\/#\\\/schema\\\/person\\\/56c462a0f6591602f4e9fb3fa6ea49bd\"},\"description\":\"Broas de chocolate, de ma\u00e7\u00e3 e canela, de alheira s\u00e3o alguns dos produtos confecionados por Jorge Esteves.\",\"breadcrumb\":{\"@id\":\"https:\\\/\\\/www.altominho.tv\\\/site\\\/2023\\\/07\\\/11\\\/workshop-do-projeto-broas-com-historia-combina-tradicao-e-inovacao\\\/#breadcrumb\"},\"inLanguage\":\"pt-PT\",\"potentialAction\":[{\"@type\":\"ReadAction\",\"target\":[\"https:\\\/\\\/www.altominho.tv\\\/site\\\/2023\\\/07\\\/11\\\/workshop-do-projeto-broas-com-historia-combina-tradicao-e-inovacao\\\/\"]}]},{\"@type\":\"ImageObject\",\"inLanguage\":\"pt-PT\",\"@id\":\"https:\\\/\\\/www.altominho.tv\\\/site\\\/2023\\\/07\\\/11\\\/workshop-do-projeto-broas-com-historia-combina-tradicao-e-inovacao\\\/#primaryimage\",\"url\":\"https:\\\/\\\/www.altominho.tv\\\/site\\\/wp-content\\\/uploads\\\/2023\\\/07\\\/broas.jpg\",\"contentUrl\":\"https:\\\/\\\/www.altominho.tv\\\/site\\\/wp-content\\\/uploads\\\/2023\\\/07\\\/broas.jpg\",\"width\":1920,\"height\":1080},{\"@type\":\"BreadcrumbList\",\"@id\":\"https:\\\/\\\/www.altominho.tv\\\/site\\\/2023\\\/07\\\/11\\\/workshop-do-projeto-broas-com-historia-combina-tradicao-e-inovacao\\\/#breadcrumb\",\"itemListElement\":[{\"@type\":\"ListItem\",\"position\":1,\"name\":\"In\u00edcio\",\"item\":\"https:\\\/\\\/www.altominho.tv\\\/site\\\/\"},{\"@type\":\"ListItem\",\"position\":2,\"name\":\"Workshop do projeto Broas com Hist\u00f3ria combina tradi\u00e7\u00e3o e inova\u00e7\u00e3o\"}]},{\"@type\":\"WebSite\",\"@id\":\"https:\\\/\\\/www.altominho.tv\\\/site\\\/#website\",\"url\":\"https:\\\/\\\/www.altominho.tv\\\/site\\\/\",\"name\":\"Altominho.tv\",\"description\":\"A sua regi\u00e3o \u00e0 dist\u00e2ncia de um clique...\",\"potentialAction\":[{\"@type\":\"SearchAction\",\"target\":{\"@type\":\"EntryPoint\",\"urlTemplate\":\"https:\\\/\\\/www.altominho.tv\\\/site\\\/?s={search_term_string}\"},\"query-input\":{\"@type\":\"PropertyValueSpecification\",\"valueRequired\":true,\"valueName\":\"search_term_string\"}}],\"inLanguage\":\"pt-PT\"},{\"@type\":\"Person\",\"@id\":\"https:\\\/\\\/www.altominho.tv\\\/site\\\/#\\\/schema\\\/person\\\/56c462a0f6591602f4e9fb3fa6ea49bd\",\"name\":\"Alexandre Ferreira\",\"image\":{\"@type\":\"ImageObject\",\"inLanguage\":\"pt-PT\",\"@id\":\"https:\\\/\\\/www.altominho.tv\\\/site\\\/wp-content\\\/uploads\\\/2017\\\/11\\\/Alexandre-150x150.jpg\",\"url\":\"https:\\\/\\\/www.altominho.tv\\\/site\\\/wp-content\\\/uploads\\\/2017\\\/11\\\/Alexandre-150x150.jpg\",\"contentUrl\":\"https:\\\/\\\/www.altominho.tv\\\/site\\\/wp-content\\\/uploads\\\/2017\\\/11\\\/Alexandre-150x150.jpg\",\"caption\":\"Alexandre Ferreira\"},\"url\":\"https:\\\/\\\/www.altominho.tv\\\/site\\\/author\\\/alexandreferreira\\\/\"}]}<\/script>\n<meta property=\"og:video\" content=\"https:\/\/www.youtube.com\/embed\/4MnFKMv6QYg\" \/>\n<meta property=\"og:video:type\" content=\"text\/html\" \/>\n<meta property=\"og:video:duration\" content=\"109\" \/>\n<meta property=\"og:video:width\" content=\"480\" \/>\n<meta property=\"og:video:height\" content=\"270\" \/>\n<meta property=\"ya:ovs:adult\" content=\"false\" \/>\n<meta property=\"ya:ovs:upload_date\" content=\"2023-07-11T11:29:36+00:00\" \/>\n<meta property=\"ya:ovs:allow_embed\" content=\"true\" \/>\n<!-- \/ Yoast SEO Premium plugin. -->","yoast_head_json":{"title":"Workshop do projeto Broas com Hist\u00f3ria combina tradi\u00e7\u00e3o e inova\u00e7\u00e3o","description":"Broas de chocolate, de ma\u00e7\u00e3 e canela, de alheira s\u00e3o alguns dos produtos confecionados por Jorge Esteves.","robots":{"index":"index","follow":"follow","max-snippet":"max-snippet:-1","max-image-preview":"max-image-preview:large","max-video-preview":"max-video-preview:-1"},"canonical":"https:\/\/www.altominho.tv\/site\/2023\/07\/11\/workshop-do-projeto-broas-com-historia-combina-tradicao-e-inovacao\/","og_locale":"pt_PT","og_type":"article","og_title":"Workshop do projeto Broas com Hist\u00f3ria combina tradi\u00e7\u00e3o e inova\u00e7\u00e3o","og_description":"Broas de chocolate, de ma\u00e7\u00e3 e canela, de alheira s\u00e3o alguns dos produtos confecionados por Jorge Esteves.","og_url":"https:\/\/www.altominho.tv\/site\/2023\/07\/11\/workshop-do-projeto-broas-com-historia-combina-tradicao-e-inovacao\/","og_site_name":"Altominho.tv","article_publisher":"https:\/\/www.facebook.com\/altominhotv","article_published_time":"2023-07-11T11:29:36+00:00","article_modified_time":"2023-07-11T11:29:38+00:00","og_image":[{"width":1920,"height":1080,"url":"https:\/\/www.altominho.tv\/site\/wp-content\/uploads\/2023\/07\/broas.jpg","type":"image\/jpeg"}],"author":"Alexandre Ferreira","twitter_card":"summary_large_image","twitter_creator":"@altominhoTV","twitter_site":"@altominhoTV","twitter_misc":{"Escrito por":"Alexandre Ferreira","Tempo estimado de leitura":"1 minuto"},"schema":{"@context":"https:\/\/schema.org","@graph":[{"@type":"Article","@id":"https:\/\/www.altominho.tv\/site\/2023\/07\/11\/workshop-do-projeto-broas-com-historia-combina-tradicao-e-inovacao\/#article","isPartOf":{"@id":"https:\/\/www.altominho.tv\/site\/2023\/07\/11\/workshop-do-projeto-broas-com-historia-combina-tradicao-e-inovacao\/"},"author":{"name":"Alexandre Ferreira","@id":"https:\/\/www.altominho.tv\/site\/#\/schema\/person\/56c462a0f6591602f4e9fb3fa6ea49bd"},"headline":"Workshop do projeto Broas com Hist\u00f3ria combina tradi\u00e7\u00e3o e inova\u00e7\u00e3o","datePublished":"2023-07-11T11:29:36+00:00","dateModified":"2023-07-11T11:29:38+00:00","mainEntityOfPage":{"@id":"https:\/\/www.altominho.tv\/site\/2023\/07\/11\/workshop-do-projeto-broas-com-historia-combina-tradicao-e-inovacao\/"},"wordCount":149,"image":{"@id":"https:\/\/www.altominho.tv\/site\/2023\/07\/11\/workshop-do-projeto-broas-com-historia-combina-tradicao-e-inovacao\/#primaryimage"},"thumbnailUrl":"https:\/\/www.altominho.tv\/site\/wp-content\/uploads\/2023\/07\/broas.jpg","keywords":["Sociedade"],"articleSection":["Valen\u00e7a"],"inLanguage":"pt-PT","copyrightYear":"2023","copyrightHolder":{"@id":"https:\/\/www.altominho.tv\/site\/#organization"}},{"@type":"WebPage","@id":"https:\/\/www.altominho.tv\/site\/2023\/07\/11\/workshop-do-projeto-broas-com-historia-combina-tradicao-e-inovacao\/","url":"https:\/\/www.altominho.tv\/site\/2023\/07\/11\/workshop-do-projeto-broas-com-historia-combina-tradicao-e-inovacao\/","name":"Workshop do projeto Broas com Hist\u00f3ria combina tradi\u00e7\u00e3o e inova\u00e7\u00e3o","isPartOf":{"@id":"https:\/\/www.altominho.tv\/site\/#website"},"primaryImageOfPage":{"@id":"https:\/\/www.altominho.tv\/site\/2023\/07\/11\/workshop-do-projeto-broas-com-historia-combina-tradicao-e-inovacao\/#primaryimage"},"image":{"@id":"https:\/\/www.altominho.tv\/site\/2023\/07\/11\/workshop-do-projeto-broas-com-historia-combina-tradicao-e-inovacao\/#primaryimage"},"thumbnailUrl":"https:\/\/www.altominho.tv\/site\/wp-content\/uploads\/2023\/07\/broas.jpg","datePublished":"2023-07-11T11:29:36+00:00","dateModified":"2023-07-11T11:29:38+00:00","author":{"@id":"https:\/\/www.altominho.tv\/site\/#\/schema\/person\/56c462a0f6591602f4e9fb3fa6ea49bd"},"description":"Broas de chocolate, de ma\u00e7\u00e3 e canela, de alheira s\u00e3o alguns dos produtos confecionados por Jorge Esteves.","breadcrumb":{"@id":"https:\/\/www.altominho.tv\/site\/2023\/07\/11\/workshop-do-projeto-broas-com-historia-combina-tradicao-e-inovacao\/#breadcrumb"},"inLanguage":"pt-PT","potentialAction":[{"@type":"ReadAction","target":["https:\/\/www.altominho.tv\/site\/2023\/07\/11\/workshop-do-projeto-broas-com-historia-combina-tradicao-e-inovacao\/"]}]},{"@type":"ImageObject","inLanguage":"pt-PT","@id":"https:\/\/www.altominho.tv\/site\/2023\/07\/11\/workshop-do-projeto-broas-com-historia-combina-tradicao-e-inovacao\/#primaryimage","url":"https:\/\/www.altominho.tv\/site\/wp-content\/uploads\/2023\/07\/broas.jpg","contentUrl":"https:\/\/www.altominho.tv\/site\/wp-content\/uploads\/2023\/07\/broas.jpg","width":1920,"height":1080},{"@type":"BreadcrumbList","@id":"https:\/\/www.altominho.tv\/site\/2023\/07\/11\/workshop-do-projeto-broas-com-historia-combina-tradicao-e-inovacao\/#breadcrumb","itemListElement":[{"@type":"ListItem","position":1,"name":"In\u00edcio","item":"https:\/\/www.altominho.tv\/site\/"},{"@type":"ListItem","position":2,"name":"Workshop do projeto Broas com Hist\u00f3ria combina tradi\u00e7\u00e3o e inova\u00e7\u00e3o"}]},{"@type":"WebSite","@id":"https:\/\/www.altominho.tv\/site\/#website","url":"https:\/\/www.altominho.tv\/site\/","name":"Altominho.tv","description":"A sua regi\u00e3o \u00e0 dist\u00e2ncia de um clique...","potentialAction":[{"@type":"SearchAction","target":{"@type":"EntryPoint","urlTemplate":"https:\/\/www.altominho.tv\/site\/?s={search_term_string}"},"query-input":{"@type":"PropertyValueSpecification","valueRequired":true,"valueName":"search_term_string"}}],"inLanguage":"pt-PT"},{"@type":"Person","@id":"https:\/\/www.altominho.tv\/site\/#\/schema\/person\/56c462a0f6591602f4e9fb3fa6ea49bd","name":"Alexandre Ferreira","image":{"@type":"ImageObject","inLanguage":"pt-PT","@id":"https:\/\/www.altominho.tv\/site\/wp-content\/uploads\/2017\/11\/Alexandre-150x150.jpg","url":"https:\/\/www.altominho.tv\/site\/wp-content\/uploads\/2017\/11\/Alexandre-150x150.jpg","contentUrl":"https:\/\/www.altominho.tv\/site\/wp-content\/uploads\/2017\/11\/Alexandre-150x150.jpg","caption":"Alexandre Ferreira"},"url":"https:\/\/www.altominho.tv\/site\/author\/alexandreferreira\/"}]},"og_video":"https:\/\/www.youtube.com\/embed\/4MnFKMv6QYg","og_video_type":"text\/html","og_video_duration":"109","og_video_width":"480","og_video_height":"270","ya_ovs_adult":"false","ya_ovs_upload_date":"2023-07-11T11:29:36+00:00","ya_ovs_allow_embed":"true"},"_links":{"self":[{"href":"https:\/\/www.altominho.tv\/site\/wp-json\/wp\/v2\/posts\/94252","targetHints":{"allow":["GET"]}}],"collection":[{"href":"https:\/\/www.altominho.tv\/site\/wp-json\/wp\/v2\/posts"}],"about":[{"href":"https:\/\/www.altominho.tv\/site\/wp-json\/wp\/v2\/types\/post"}],"author":[{"embeddable":true,"href":"https:\/\/www.altominho.tv\/site\/wp-json\/wp\/v2\/users\/8"}],"replies":[{"embeddable":true,"href":"https:\/\/www.altominho.tv\/site\/wp-json\/wp\/v2\/comments?post=94252"}],"version-history":[{"count":1,"href":"https:\/\/www.altominho.tv\/site\/wp-json\/wp\/v2\/posts\/94252\/revisions"}],"predecessor-version":[{"id":94254,"href":"https:\/\/www.altominho.tv\/site\/wp-json\/wp\/v2\/posts\/94252\/revisions\/94254"}],"wp:featuredmedia":[{"embeddable":true,"href":"https:\/\/www.altominho.tv\/site\/wp-json\/wp\/v2\/media\/94253"}],"wp:attachment":[{"href":"https:\/\/www.altominho.tv\/site\/wp-json\/wp\/v2\/media?parent=94252"}],"wp:term":[{"taxonomy":"category","embeddable":true,"href":"https:\/\/www.altominho.tv\/site\/wp-json\/wp\/v2\/categories?post=94252"},{"taxonomy":"post_tag","embeddable":true,"href":"https:\/\/www.altominho.tv\/site\/wp-json\/wp\/v2\/tags?post=94252"}],"curies":[{"name":"wp","href":"https:\/\/api.w.org\/{rel}","templated":true}]}}