{"id":94242,"date":"2023-07-11T11:44:38","date_gmt":"2023-07-11T10:44:38","guid":{"rendered":"https:\/\/www.altominho.tv\/site\/?p=94242"},"modified":"2023-07-11T11:50:00","modified_gmt":"2023-07-11T10:50:00","slug":"moncao-e-o-municipio-com-mais-registos-no-bupi-em-junho","status":"publish","type":"post","link":"https:\/\/www.altominho.tv\/site\/2023\/07\/11\/moncao-e-o-municipio-com-mais-registos-no-bupi-em-junho\/","title":{"rendered":"Mon\u00e7\u00e3o \u00e9 o munic\u00edpio com mais registos no BUPi em junho"},"content":{"rendered":"<p class=\"p1\">O Balc\u00e3o \u00danico do Pr\u00e9dio (BUPi) \u00e9 uma plataforma online e um balc\u00e3o de atendimento presencial, onde os propriet\u00e1rios podem fazer a georreferencia\u00e7\u00e3o e o registo dos seus terrenos, garantindo a sua prote\u00e7\u00e3o e valoriza\u00e7\u00e3o, atrav\u00e9s de um melhor planeamento e uma gest\u00e3o sustent\u00e1vel do territ\u00f3rio.<\/p>\n<p class=\"p1\">Iniciado em agosto de 2021, no Museu Alvarinho, o BUPi de Mon\u00e7\u00e3o disponibilizou, entre novembro de 2022 e junho de 2023, um servi\u00e7o de proximidade \u00e0 popula\u00e7\u00e3o local, com a presen\u00e7a de v\u00e1rios colaboradores nas freguesias do concelho.<\/p>\n<p class=\"p1\">Desde o in\u00edcio, o BUPi de Mon\u00e7\u00e3o finalizou 34471 processos, sendo o quarto munic\u00edpio do pa\u00eds com maior n\u00famero de processos conclu\u00eddos, apenas superado por Proen\u00e7a-a-Nova, Bragan\u00e7a e Viseu.<\/p>\n<p class=\"p1\">Em junho, Mon\u00e7\u00e3o foi o munic\u00edpio portugu\u00eas com mais registos, tendo registado 9116.<\/p>\n<p><img loading=\"lazy\" decoding=\"async\" class=\"alignnone size-medium wp-image-94243\" src=\"https:\/\/www.altominho.tv\/site\/wp-content\/uploads\/2023\/07\/IMG-0736-625x433.jpg\" alt=\"\" width=\"625\" height=\"433\" srcset=\"https:\/\/www.altominho.tv\/site\/wp-content\/uploads\/2023\/07\/IMG-0736-625x433.jpg 625w, https:\/\/www.altominho.tv\/site\/wp-content\/uploads\/2023\/07\/IMG-0736-1024x710.jpg 1024w, https:\/\/www.altominho.tv\/site\/wp-content\/uploads\/2023\/07\/IMG-0736-768x532.jpg 768w, https:\/\/www.altominho.tv\/site\/wp-content\/uploads\/2023\/07\/IMG-0736-370x256.jpg 370w, https:\/\/www.altominho.tv\/site\/wp-content\/uploads\/2023\/07\/IMG-0736-270x187.jpg 270w, https:\/\/www.altominho.tv\/site\/wp-content\/uploads\/2023\/07\/IMG-0736-435x300.jpg 435w, https:\/\/www.altominho.tv\/site\/wp-content\/uploads\/2023\/07\/IMG-0736-570x395.jpg 570w, https:\/\/www.altominho.tv\/site\/wp-content\/uploads\/2023\/07\/IMG-0736-740x513.jpg 740w, https:\/\/www.altominho.tv\/site\/wp-content\/uploads\/2023\/07\/IMG-0736.jpg 1163w\" sizes=\"auto, (max-width: 625px) 100vw, 625px\" \/><\/p>\n<p class=\"p1\">O servi\u00e7o de apoio finalizou, mas o BUPi de Mon\u00e7\u00e3o continua em funcionamento no Museu Alvarinho, de segunda a sexta-feira, entre as 09h00 e as 17h00, mantendo-se a gratuitidade do servi\u00e7o.<\/p>\n<p class=\"p1\">Desta forma, para que n\u00e3o existam d\u00favidas sobre os limites das suas propriedades, \u00e9 fundamental a sua identifica\u00e7\u00e3o e registo.<\/p>\n","protected":false},"excerpt":{"rendered":"<p>O Balc\u00e3o \u00danico do Pr\u00e9dio (BUPi) \u00e9 uma plataforma online e um balc\u00e3o de atendimento presencial, onde os propriet\u00e1rios podem fazer a georreferencia\u00e7\u00e3o e o registo dos seus terrenos, garantindo a sua prote\u00e7\u00e3o e valoriza\u00e7\u00e3o, atrav\u00e9s de um melhor planeamento e uma gest\u00e3o sustent\u00e1vel do territ\u00f3rio. Iniciado em agosto de 2021, no Museu Alvarinho, o [&hellip;]<\/p>\n","protected":false},"author":28,"featured_media":85240,"comment_status":"closed","ping_status":"closed","sticky":false,"template":"","format":"standard","meta":{"_exactmetrics_skip_tracking":false,"_exactmetrics_sitenote_active":false,"_exactmetrics_sitenote_note":"","_exactmetrics_sitenote_category":0,"footnotes":""},"categories":[9],"tags":[27],"class_list":["post-94242","post","type-post","status-publish","format-standard","has-post-thumbnail","hentry","category-moncao","tag-sociedade"],"yoast_head":"<!-- This site is optimized with the Yoast SEO Premium plugin v27.5 (Yoast SEO v27.5) - https:\/\/yoast.com\/product\/yoast-seo-premium-wordpress\/ -->\n<title>Mon\u00e7\u00e3o \u00e9 o munic\u00edpio com mais registos no BUPi em junho<\/title>\n<meta name=\"description\" content=\"O Balc\u00e3o \u00danico do Pr\u00e9dio (BUPi) \u00e9 uma plataforma online e um balc\u00e3o de atendimento presencial, onde os propriet\u00e1rios podem fazer a georreferencia\u00e7\u00e3o e o registo dos seus terrenos, garantindo a sua prote\u00e7\u00e3o e valoriza\u00e7\u00e3o, atrav\u00e9s de um melhor planeamento e uma gest\u00e3o sustent\u00e1vel do territ\u00f3rio\" \/>\n<meta name=\"robots\" content=\"index, follow, max-snippet:-1, max-image-preview:large, max-video-preview:-1\" \/>\n<link rel=\"canonical\" href=\"https:\/\/www.altominho.tv\/site\/2023\/07\/11\/moncao-e-o-municipio-com-mais-registos-no-bupi-em-junho\/\" \/>\n<meta property=\"og:locale\" content=\"pt_PT\" \/>\n<meta property=\"og:type\" content=\"article\" \/>\n<meta property=\"og:title\" content=\"Mon\u00e7\u00e3o \u00e9 o munic\u00edpio com mais registos no BUPi em junho\" \/>\n<meta property=\"og:description\" content=\"O Balc\u00e3o \u00danico do Pr\u00e9dio (BUPi) \u00e9 uma plataforma online e um balc\u00e3o de atendimento presencial, onde os propriet\u00e1rios podem fazer a georreferencia\u00e7\u00e3o e o registo dos seus terrenos, garantindo a sua prote\u00e7\u00e3o e valoriza\u00e7\u00e3o, atrav\u00e9s de um melhor planeamento e uma gest\u00e3o sustent\u00e1vel do territ\u00f3rio\" \/>\n<meta property=\"og:url\" content=\"https:\/\/www.altominho.tv\/site\/2023\/07\/11\/moncao-e-o-municipio-com-mais-registos-no-bupi-em-junho\/\" \/>\n<meta property=\"og:site_name\" content=\"Altominho.tv\" \/>\n<meta property=\"article:publisher\" content=\"https:\/\/www.facebook.com\/altominhotv\" \/>\n<meta property=\"article:published_time\" content=\"2023-07-11T10:44:38+00:00\" \/>\n<meta property=\"article:modified_time\" content=\"2023-07-11T10:50:00+00:00\" \/>\n<meta property=\"og:image\" content=\"https:\/\/www.altominho.tv\/site\/wp-content\/uploads\/2022\/11\/merufe_moncao.png\" \/>\n\t<meta property=\"og:image:width\" content=\"1024\" \/>\n\t<meta property=\"og:image:height\" content=\"452\" \/>\n\t<meta property=\"og:image:type\" content=\"image\/png\" \/>\n<meta name=\"author\" content=\"Beatriz Lira\" \/>\n<meta name=\"twitter:card\" content=\"summary_large_image\" \/>\n<meta name=\"twitter:creator\" content=\"@altominhoTV\" \/>\n<meta name=\"twitter:site\" content=\"@altominhoTV\" \/>\n<meta name=\"twitter:label1\" content=\"Escrito por\" \/>\n\t<meta name=\"twitter:data1\" content=\"Beatriz Lira\" \/>\n\t<meta name=\"twitter:label2\" content=\"Tempo estimado de leitura\" \/>\n\t<meta name=\"twitter:data2\" content=\"2 minutos\" \/>\n<script type=\"application\/ld+json\" class=\"yoast-schema-graph\">{\"@context\":\"https:\\\/\\\/schema.org\",\"@graph\":[{\"@type\":\"Article\",\"@id\":\"https:\\\/\\\/www.altominho.tv\\\/site\\\/2023\\\/07\\\/11\\\/moncao-e-o-municipio-com-mais-registos-no-bupi-em-junho\\\/#article\",\"isPartOf\":{\"@id\":\"https:\\\/\\\/www.altominho.tv\\\/site\\\/2023\\\/07\\\/11\\\/moncao-e-o-municipio-com-mais-registos-no-bupi-em-junho\\\/\"},\"author\":{\"name\":\"Beatriz Lira\",\"@id\":\"https:\\\/\\\/www.altominho.tv\\\/site\\\/#\\\/schema\\\/person\\\/f95a2097796cf4462fe1e476cddc40e4\"},\"headline\":\"Mon\u00e7\u00e3o \u00e9 o munic\u00edpio com mais registos no BUPi em junho\",\"datePublished\":\"2023-07-11T10:44:38+00:00\",\"dateModified\":\"2023-07-11T10:50:00+00:00\",\"mainEntityOfPage\":{\"@id\":\"https:\\\/\\\/www.altominho.tv\\\/site\\\/2023\\\/07\\\/11\\\/moncao-e-o-municipio-com-mais-registos-no-bupi-em-junho\\\/\"},\"wordCount\":214,\"image\":{\"@id\":\"https:\\\/\\\/www.altominho.tv\\\/site\\\/2023\\\/07\\\/11\\\/moncao-e-o-municipio-com-mais-registos-no-bupi-em-junho\\\/#primaryimage\"},\"thumbnailUrl\":\"https:\\\/\\\/www.altominho.tv\\\/site\\\/wp-content\\\/uploads\\\/2022\\\/11\\\/merufe_moncao.png\",\"keywords\":[\"Sociedade\"],\"articleSection\":[\"Mon\u00e7\u00e3o\"],\"inLanguage\":\"pt-PT\",\"copyrightYear\":\"2023\",\"copyrightHolder\":{\"@id\":\"https:\\\/\\\/www.altominho.tv\\\/site\\\/#organization\"}},{\"@type\":\"WebPage\",\"@id\":\"https:\\\/\\\/www.altominho.tv\\\/site\\\/2023\\\/07\\\/11\\\/moncao-e-o-municipio-com-mais-registos-no-bupi-em-junho\\\/\",\"url\":\"https:\\\/\\\/www.altominho.tv\\\/site\\\/2023\\\/07\\\/11\\\/moncao-e-o-municipio-com-mais-registos-no-bupi-em-junho\\\/\",\"name\":\"Mon\u00e7\u00e3o \u00e9 o munic\u00edpio com mais registos no BUPi em junho\",\"isPartOf\":{\"@id\":\"https:\\\/\\\/www.altominho.tv\\\/site\\\/#website\"},\"primaryImageOfPage\":{\"@id\":\"https:\\\/\\\/www.altominho.tv\\\/site\\\/2023\\\/07\\\/11\\\/moncao-e-o-municipio-com-mais-registos-no-bupi-em-junho\\\/#primaryimage\"},\"image\":{\"@id\":\"https:\\\/\\\/www.altominho.tv\\\/site\\\/2023\\\/07\\\/11\\\/moncao-e-o-municipio-com-mais-registos-no-bupi-em-junho\\\/#primaryimage\"},\"thumbnailUrl\":\"https:\\\/\\\/www.altominho.tv\\\/site\\\/wp-content\\\/uploads\\\/2022\\\/11\\\/merufe_moncao.png\",\"datePublished\":\"2023-07-11T10:44:38+00:00\",\"dateModified\":\"2023-07-11T10:50:00+00:00\",\"author\":{\"@id\":\"https:\\\/\\\/www.altominho.tv\\\/site\\\/#\\\/schema\\\/person\\\/f95a2097796cf4462fe1e476cddc40e4\"},\"description\":\"O Balc\u00e3o \u00danico do Pr\u00e9dio (BUPi) \u00e9 uma plataforma online e um balc\u00e3o de atendimento presencial, onde os propriet\u00e1rios podem fazer a georreferencia\u00e7\u00e3o e o registo dos seus terrenos, garantindo a sua prote\u00e7\u00e3o e valoriza\u00e7\u00e3o, atrav\u00e9s de um melhor planeamento e uma gest\u00e3o sustent\u00e1vel do territ\u00f3rio\",\"breadcrumb\":{\"@id\":\"https:\\\/\\\/www.altominho.tv\\\/site\\\/2023\\\/07\\\/11\\\/moncao-e-o-municipio-com-mais-registos-no-bupi-em-junho\\\/#breadcrumb\"},\"inLanguage\":\"pt-PT\",\"potentialAction\":[{\"@type\":\"ReadAction\",\"target\":[\"https:\\\/\\\/www.altominho.tv\\\/site\\\/2023\\\/07\\\/11\\\/moncao-e-o-municipio-com-mais-registos-no-bupi-em-junho\\\/\"]}]},{\"@type\":\"ImageObject\",\"inLanguage\":\"pt-PT\",\"@id\":\"https:\\\/\\\/www.altominho.tv\\\/site\\\/2023\\\/07\\\/11\\\/moncao-e-o-municipio-com-mais-registos-no-bupi-em-junho\\\/#primaryimage\",\"url\":\"https:\\\/\\\/www.altominho.tv\\\/site\\\/wp-content\\\/uploads\\\/2022\\\/11\\\/merufe_moncao.png\",\"contentUrl\":\"https:\\\/\\\/www.altominho.tv\\\/site\\\/wp-content\\\/uploads\\\/2022\\\/11\\\/merufe_moncao.png\",\"width\":1024,\"height\":452},{\"@type\":\"BreadcrumbList\",\"@id\":\"https:\\\/\\\/www.altominho.tv\\\/site\\\/2023\\\/07\\\/11\\\/moncao-e-o-municipio-com-mais-registos-no-bupi-em-junho\\\/#breadcrumb\",\"itemListElement\":[{\"@type\":\"ListItem\",\"position\":1,\"name\":\"In\u00edcio\",\"item\":\"https:\\\/\\\/www.altominho.tv\\\/site\\\/\"},{\"@type\":\"ListItem\",\"position\":2,\"name\":\"Mon\u00e7\u00e3o \u00e9 o munic\u00edpio com mais registos no BUPi em junho\"}]},{\"@type\":\"WebSite\",\"@id\":\"https:\\\/\\\/www.altominho.tv\\\/site\\\/#website\",\"url\":\"https:\\\/\\\/www.altominho.tv\\\/site\\\/\",\"name\":\"Altominho.tv\",\"description\":\"A sua regi\u00e3o \u00e0 dist\u00e2ncia de um clique...\",\"potentialAction\":[{\"@type\":\"SearchAction\",\"target\":{\"@type\":\"EntryPoint\",\"urlTemplate\":\"https:\\\/\\\/www.altominho.tv\\\/site\\\/?s={search_term_string}\"},\"query-input\":{\"@type\":\"PropertyValueSpecification\",\"valueRequired\":true,\"valueName\":\"search_term_string\"}}],\"inLanguage\":\"pt-PT\"},{\"@type\":\"Person\",\"@id\":\"https:\\\/\\\/www.altominho.tv\\\/site\\\/#\\\/schema\\\/person\\\/f95a2097796cf4462fe1e476cddc40e4\",\"name\":\"Beatriz Lira\",\"image\":{\"@type\":\"ImageObject\",\"inLanguage\":\"pt-PT\",\"@id\":\"https:\\\/\\\/www.altominho.tv\\\/site\\\/wp-content\\\/uploads\\\/2023\\\/03\\\/Screenshot_20230306-141220_Photos-150x150.jpg\",\"url\":\"https:\\\/\\\/www.altominho.tv\\\/site\\\/wp-content\\\/uploads\\\/2023\\\/03\\\/Screenshot_20230306-141220_Photos-150x150.jpg\",\"contentUrl\":\"https:\\\/\\\/www.altominho.tv\\\/site\\\/wp-content\\\/uploads\\\/2023\\\/03\\\/Screenshot_20230306-141220_Photos-150x150.jpg\",\"caption\":\"Beatriz Lira\"},\"url\":\"https:\\\/\\\/www.altominho.tv\\\/site\\\/author\\\/beatriz\\\/\"}]}<\/script>\n<!-- \/ Yoast SEO Premium plugin. -->","yoast_head_json":{"title":"Mon\u00e7\u00e3o \u00e9 o munic\u00edpio com mais registos no BUPi em junho","description":"O Balc\u00e3o \u00danico do Pr\u00e9dio (BUPi) \u00e9 uma plataforma online e um balc\u00e3o de atendimento presencial, onde os propriet\u00e1rios podem fazer a georreferencia\u00e7\u00e3o e o registo dos seus terrenos, garantindo a sua prote\u00e7\u00e3o e valoriza\u00e7\u00e3o, atrav\u00e9s de um melhor planeamento e uma gest\u00e3o sustent\u00e1vel do territ\u00f3rio","robots":{"index":"index","follow":"follow","max-snippet":"max-snippet:-1","max-image-preview":"max-image-preview:large","max-video-preview":"max-video-preview:-1"},"canonical":"https:\/\/www.altominho.tv\/site\/2023\/07\/11\/moncao-e-o-municipio-com-mais-registos-no-bupi-em-junho\/","og_locale":"pt_PT","og_type":"article","og_title":"Mon\u00e7\u00e3o \u00e9 o munic\u00edpio com mais registos no BUPi em junho","og_description":"O Balc\u00e3o \u00danico do Pr\u00e9dio (BUPi) \u00e9 uma plataforma online e um balc\u00e3o de atendimento presencial, onde os propriet\u00e1rios podem fazer a georreferencia\u00e7\u00e3o e o registo dos seus terrenos, garantindo a sua prote\u00e7\u00e3o e valoriza\u00e7\u00e3o, atrav\u00e9s de um melhor planeamento e uma gest\u00e3o sustent\u00e1vel do territ\u00f3rio","og_url":"https:\/\/www.altominho.tv\/site\/2023\/07\/11\/moncao-e-o-municipio-com-mais-registos-no-bupi-em-junho\/","og_site_name":"Altominho.tv","article_publisher":"https:\/\/www.facebook.com\/altominhotv","article_published_time":"2023-07-11T10:44:38+00:00","article_modified_time":"2023-07-11T10:50:00+00:00","og_image":[{"width":1024,"height":452,"url":"https:\/\/www.altominho.tv\/site\/wp-content\/uploads\/2022\/11\/merufe_moncao.png","type":"image\/png"}],"author":"Beatriz Lira","twitter_card":"summary_large_image","twitter_creator":"@altominhoTV","twitter_site":"@altominhoTV","twitter_misc":{"Escrito por":"Beatriz Lira","Tempo estimado de leitura":"2 minutos"},"schema":{"@context":"https:\/\/schema.org","@graph":[{"@type":"Article","@id":"https:\/\/www.altominho.tv\/site\/2023\/07\/11\/moncao-e-o-municipio-com-mais-registos-no-bupi-em-junho\/#article","isPartOf":{"@id":"https:\/\/www.altominho.tv\/site\/2023\/07\/11\/moncao-e-o-municipio-com-mais-registos-no-bupi-em-junho\/"},"author":{"name":"Beatriz Lira","@id":"https:\/\/www.altominho.tv\/site\/#\/schema\/person\/f95a2097796cf4462fe1e476cddc40e4"},"headline":"Mon\u00e7\u00e3o \u00e9 o munic\u00edpio com mais registos no BUPi em junho","datePublished":"2023-07-11T10:44:38+00:00","dateModified":"2023-07-11T10:50:00+00:00","mainEntityOfPage":{"@id":"https:\/\/www.altominho.tv\/site\/2023\/07\/11\/moncao-e-o-municipio-com-mais-registos-no-bupi-em-junho\/"},"wordCount":214,"image":{"@id":"https:\/\/www.altominho.tv\/site\/2023\/07\/11\/moncao-e-o-municipio-com-mais-registos-no-bupi-em-junho\/#primaryimage"},"thumbnailUrl":"https:\/\/www.altominho.tv\/site\/wp-content\/uploads\/2022\/11\/merufe_moncao.png","keywords":["Sociedade"],"articleSection":["Mon\u00e7\u00e3o"],"inLanguage":"pt-PT","copyrightYear":"2023","copyrightHolder":{"@id":"https:\/\/www.altominho.tv\/site\/#organization"}},{"@type":"WebPage","@id":"https:\/\/www.altominho.tv\/site\/2023\/07\/11\/moncao-e-o-municipio-com-mais-registos-no-bupi-em-junho\/","url":"https:\/\/www.altominho.tv\/site\/2023\/07\/11\/moncao-e-o-municipio-com-mais-registos-no-bupi-em-junho\/","name":"Mon\u00e7\u00e3o \u00e9 o munic\u00edpio com mais registos no BUPi em junho","isPartOf":{"@id":"https:\/\/www.altominho.tv\/site\/#website"},"primaryImageOfPage":{"@id":"https:\/\/www.altominho.tv\/site\/2023\/07\/11\/moncao-e-o-municipio-com-mais-registos-no-bupi-em-junho\/#primaryimage"},"image":{"@id":"https:\/\/www.altominho.tv\/site\/2023\/07\/11\/moncao-e-o-municipio-com-mais-registos-no-bupi-em-junho\/#primaryimage"},"thumbnailUrl":"https:\/\/www.altominho.tv\/site\/wp-content\/uploads\/2022\/11\/merufe_moncao.png","datePublished":"2023-07-11T10:44:38+00:00","dateModified":"2023-07-11T10:50:00+00:00","author":{"@id":"https:\/\/www.altominho.tv\/site\/#\/schema\/person\/f95a2097796cf4462fe1e476cddc40e4"},"description":"O Balc\u00e3o \u00danico do Pr\u00e9dio (BUPi) \u00e9 uma plataforma online e um balc\u00e3o de atendimento presencial, onde os propriet\u00e1rios podem fazer a georreferencia\u00e7\u00e3o e o registo dos seus terrenos, garantindo a sua prote\u00e7\u00e3o e valoriza\u00e7\u00e3o, atrav\u00e9s de um melhor planeamento e uma gest\u00e3o sustent\u00e1vel do territ\u00f3rio","breadcrumb":{"@id":"https:\/\/www.altominho.tv\/site\/2023\/07\/11\/moncao-e-o-municipio-com-mais-registos-no-bupi-em-junho\/#breadcrumb"},"inLanguage":"pt-PT","potentialAction":[{"@type":"ReadAction","target":["https:\/\/www.altominho.tv\/site\/2023\/07\/11\/moncao-e-o-municipio-com-mais-registos-no-bupi-em-junho\/"]}]},{"@type":"ImageObject","inLanguage":"pt-PT","@id":"https:\/\/www.altominho.tv\/site\/2023\/07\/11\/moncao-e-o-municipio-com-mais-registos-no-bupi-em-junho\/#primaryimage","url":"https:\/\/www.altominho.tv\/site\/wp-content\/uploads\/2022\/11\/merufe_moncao.png","contentUrl":"https:\/\/www.altominho.tv\/site\/wp-content\/uploads\/2022\/11\/merufe_moncao.png","width":1024,"height":452},{"@type":"BreadcrumbList","@id":"https:\/\/www.altominho.tv\/site\/2023\/07\/11\/moncao-e-o-municipio-com-mais-registos-no-bupi-em-junho\/#breadcrumb","itemListElement":[{"@type":"ListItem","position":1,"name":"In\u00edcio","item":"https:\/\/www.altominho.tv\/site\/"},{"@type":"ListItem","position":2,"name":"Mon\u00e7\u00e3o \u00e9 o munic\u00edpio com mais registos no BUPi em junho"}]},{"@type":"WebSite","@id":"https:\/\/www.altominho.tv\/site\/#website","url":"https:\/\/www.altominho.tv\/site\/","name":"Altominho.tv","description":"A sua regi\u00e3o \u00e0 dist\u00e2ncia de um clique...","potentialAction":[{"@type":"SearchAction","target":{"@type":"EntryPoint","urlTemplate":"https:\/\/www.altominho.tv\/site\/?s={search_term_string}"},"query-input":{"@type":"PropertyValueSpecification","valueRequired":true,"valueName":"search_term_string"}}],"inLanguage":"pt-PT"},{"@type":"Person","@id":"https:\/\/www.altominho.tv\/site\/#\/schema\/person\/f95a2097796cf4462fe1e476cddc40e4","name":"Beatriz Lira","image":{"@type":"ImageObject","inLanguage":"pt-PT","@id":"https:\/\/www.altominho.tv\/site\/wp-content\/uploads\/2023\/03\/Screenshot_20230306-141220_Photos-150x150.jpg","url":"https:\/\/www.altominho.tv\/site\/wp-content\/uploads\/2023\/03\/Screenshot_20230306-141220_Photos-150x150.jpg","contentUrl":"https:\/\/www.altominho.tv\/site\/wp-content\/uploads\/2023\/03\/Screenshot_20230306-141220_Photos-150x150.jpg","caption":"Beatriz Lira"},"url":"https:\/\/www.altominho.tv\/site\/author\/beatriz\/"}]}},"_links":{"self":[{"href":"https:\/\/www.altominho.tv\/site\/wp-json\/wp\/v2\/posts\/94242","targetHints":{"allow":["GET"]}}],"collection":[{"href":"https:\/\/www.altominho.tv\/site\/wp-json\/wp\/v2\/posts"}],"about":[{"href":"https:\/\/www.altominho.tv\/site\/wp-json\/wp\/v2\/types\/post"}],"author":[{"embeddable":true,"href":"https:\/\/www.altominho.tv\/site\/wp-json\/wp\/v2\/users\/28"}],"replies":[{"embeddable":true,"href":"https:\/\/www.altominho.tv\/site\/wp-json\/wp\/v2\/comments?post=94242"}],"version-history":[{"count":2,"href":"https:\/\/www.altominho.tv\/site\/wp-json\/wp\/v2\/posts\/94242\/revisions"}],"predecessor-version":[{"id":94248,"href":"https:\/\/www.altominho.tv\/site\/wp-json\/wp\/v2\/posts\/94242\/revisions\/94248"}],"wp:featuredmedia":[{"embeddable":true,"href":"https:\/\/www.altominho.tv\/site\/wp-json\/wp\/v2\/media\/85240"}],"wp:attachment":[{"href":"https:\/\/www.altominho.tv\/site\/wp-json\/wp\/v2\/media?parent=94242"}],"wp:term":[{"taxonomy":"category","embeddable":true,"href":"https:\/\/www.altominho.tv\/site\/wp-json\/wp\/v2\/categories?post=94242"},{"taxonomy":"post_tag","embeddable":true,"href":"https:\/\/www.altominho.tv\/site\/wp-json\/wp\/v2\/tags?post=94242"}],"curies":[{"name":"wp","href":"https:\/\/api.w.org\/{rel}","templated":true}]}}